{"id":6144,"date":"2022-07-03T18:06:35","date_gmt":"2022-07-03T23:06:35","guid":{"rendered":"https:\/\/puntodincontro.mx\/?p=6144"},"modified":"2022-07-03T18:34:59","modified_gmt":"2022-07-03T23:34:59","slug":"italia-italianos-e-italianidad-en-mexico-costa-rica-y-republica-dominicana2","status":"publish","type":"post","link":"https:\/\/puntodincontro.mx\/es\/2022\/07\/03\/italia-italiani-e-italianita-in-messico-costa-rica-e-repubblica-dominicana2\/","title":{"rendered":"Italia, italianos e italianidad en M\u00e9xico, Costa Rica y Rep\u00fablica Dominicana"},"content":{"rendered":"<p class=\"translation-block\"><strong>17:36 hrs.<\/strong> - M\u00e9xico, Costa Rica y la Rep\u00fablica Dominicana presentan oportunidades econ\u00f3micas y culturales para los italianos.<\/p>\n\n\n\n<p class=\"translation-block\">La Embajada de Italia en M\u00e9xico y Cassa Depositi e Prestiti \u2014instituci\u00f3n financiera controlada por el Ministerio de Econom\u00eda y Finanzas de Italia\u2014 organizaron un webinar para presentar <em>CDP Business Matching<\/em>, la nueva plataforma digital gratuita destinada a desarrollar relaciones comerciales entre empresas mexicanas e italianas, especialmente las pymes.<\/p>\n\n\n\n<p>El evento se llevar\u00e1 a cabo en l\u00ednea el mi\u00e9rcoles 6 de julio de 2022 a partir de las 16:00 hora italiana (las 9:00 hrs. en el centro de M\u00e9xico). Los representantes de las principales entidades locales y del Sistema Italia en M\u00e9xico hablar\u00e1n como ponentes, entre ellos: el ICE de la Ciudad de M\u00e9xico, la Embajada de Italia en M\u00e9xico, la C\u00e1mara de Comercio de Italia en M\u00e9xico, SACE y SIMEST.<\/p>\n\n\n\n<p>El registro en la plataforma y la participaci\u00f3n en el webinar son gratuitos. Ser\u00e1 posible seguir el evento tanto en italiano como en espa\u00f1ol.<\/p>\n\n\n\n<p><strong><a href=\"https:\/\/businessmatching.cdp.it\/es\/dashboard\/events\/webinar-business-matching-mexico?id=30\" target=\"_blank\" rel=\"noreferrer noopener\">Inscripciones: aqu\u00ed<\/a>.<\/strong><\/p>\n\n\n\n<p>Se espera la llegada a Costa Rica del nuevo Embajador de Italia, Alberto Colella, quien ya ha manifestado su compromiso de fortalecer la cooperaci\u00f3n econ\u00f3mica entre Italia y Costa Rica, con especial atenci\u00f3n a los sectores de las energ\u00edas renovables y de la protecci\u00f3n del medio ambiente. Napolitano, nacido en 1962, licenciado en Derecho, Colella empez\u00f3 su carrera diplom\u00e1tica en 1987. Desde entonces, ha trabajado en Belo Horizonte, Nueva York, Roma, Brasilia y Ginebra. De 2018 a 2022 fue Embajador de Italia en Noruega e Islandia.<\/p>\n\n\n\n<p class=\"translation-block\"><em><a href=\"https:\/\/www.allemandi.com\/libro\/9788842225249\" target=\"_blank\" rel=\"noreferrer noopener\">L\u2019eredit\u00e0 italiana nella Repubblica Dominicana: Storia, Architettura, Economia e Societ\u00e0<\/a><\/em><\/em> es el t\u00edtulo del libro del embajador italiano Andrea Canepari (editorial Allemandi, 2021) que ser\u00e1 presentado en Roma el martes 5 de julio de 2022 a las 11 horas en la Sala <em>Caduti di Nassirya<\/em> del Senado de la Rep\u00fablica. Los ponentes ser\u00e1n el Senador Francesco Giacobbe (PD), la Secretaria General del IILA Antonella Cavallari, el Embajador de la Rep\u00fablica Dominicana en Italia, Tony Raful Tejada, el Senador Fabio Porta (PD), la Diputada Fucsia Nissoli-Fitzgerald (Forza Italia) e Iolanda Di Stasio, Presidente del Grupo Parlamentario de Amistad Italia-Santo Domingo. Coordinar\u00e1 el encuentro la periodista Isabella Liberatori.<\/p>\n\n\n\n<p>\u00abGrazie al lavoro dei quarantacinque autori di questo libro sono state riportate alla luce tante vicende sulla ricchezza e profondit\u00e0 della storia di amicizia e dei legami tra Italia e Repubblica Dominicana ed io mi sono sentito come un archeologo di fronte a testimonianze meravigliose ed intatte, bench\u00e9 celate dal passare del tempo, che andavano riscoperte e portate alla luce\u00bb, ha affermato l\u2019ambasciatore&nbsp;Canepari (Gabriele Caramellino, Il Sole 24 Ore).<\/p>\n\n\n\n<div style=\"height:12px\" aria-hidden=\"true\" class=\"wp-block-spacer\"><\/div>\n\n\n<!-- Ad space powered by WP AdCenter v2.5.7 - https:\/\/wpadcenter.com\/ --><div class=\"wpadcenter-adgroup\" ><div class=\"wpadcenter-adgroup__row wpadcenter-aligncenter\"><div class=\"wpadcenter-ad-container\" ><div id=\"wpadcenter-ad-18464\" class=\"ad-placement\"><div class=\"wpadcenter-ad-inner\" ><a id=\"wpadcenter_ad\" data-value=\"18464\" data-placement=\"\" href=\"https:\/\/www.productosremo.com\/\" target=\"_blank\" class=\"wpadcenter-ad-inner__item\" ><img decoding=\"async\"   src=\"https:\/\/puntodincontro.mx\/wp-content\/uploads\/2021\/08\/remobanner.jpg\" class=\"attachment-post-thumbnail size-post-thumbnail wp-post-image\" alt=\"\" srcset=\"https:\/\/puntodincontro.mx\/wp-content\/uploads\/2021\/08\/remobanner.jpg 200w, https:\/\/puntodincontro.mx\/wp-content\/uploads\/2021\/08\/remobanner-16x5.jpg 16w\" sizes=\"(max-width: 200px) 100vw, 200px\" \/><\/a><\/div><\/div><\/div><div class=\"wpadcenter-ad-container\" ><div id=\"wpadcenter-ad-5305\" class=\"ad-placement\"><div class=\"wpadcenter-ad-inner\" ><a id=\"wpadcenter_ad\" data-value=\"5305\" data-placement=\"\" href=\"https:\/\/faitalia.com.mx\/\" target=\"_blank\" class=\"wpadcenter-ad-inner__item\" ><img decoding=\"async\"   src=\"https:\/\/puntodincontro.mx\/wp-content\/uploads\/2022\/05\/gruppodino.jpg\" class=\"attachment-post-thumbnail size-post-thumbnail wp-post-image\" alt=\"\" srcset=\"https:\/\/puntodincontro.mx\/wp-content\/uploads\/2022\/05\/gruppodino.jpg 200w, https:\/\/puntodincontro.mx\/wp-content\/uploads\/2022\/05\/gruppodino-18x5.jpg 18w\" sizes=\"(max-width: 200px) 100vw, 200px\" \/><\/a><\/div><\/div><\/div><div class=\"wpadcenter-ad-container\" ><div id=\"wpadcenter-ad-3781\" class=\"ad-placement\"><div class=\"wpadcenter-ad-inner\" ><a id=\"wpadcenter_ad\" data-value=\"3781\" data-placement=\"\" href=\"https:\/\/cannizzo.com.mx\/\" target=\"_blank\" class=\"wpadcenter-ad-inner__item\" ><img decoding=\"async\"   src=\"https:\/\/puntodincontro.mx\/wp-content\/uploads\/2022\/03\/cannizzo2.jpg\" class=\"attachment-post-thumbnail size-post-thumbnail wp-post-image\" alt=\"\" srcset=\"https:\/\/puntodincontro.mx\/wp-content\/uploads\/2022\/03\/cannizzo2.jpg 200w, https:\/\/puntodincontro.mx\/wp-content\/uploads\/2022\/03\/cannizzo2-18x5.jpg 18w\" sizes=\"(max-width: 200px) 100vw, 200px\" \/><\/a><\/div><\/div><\/div><\/div><div class=\"wpadcenter-adgroup__row wpadcenter-aligncenter\"><div class=\"wpadcenter-ad-container\" ><div id=\"wpadcenter-ad-1704\" class=\"ad-placement\"><div class=\"wpadcenter-ad-inner\" ><a id=\"wpadcenter_ad\" data-value=\"1704\" data-placement=\"\" href=\"https:\/\/puntodincontro.mx\/es\/2021\/12\/24\/inps-verificacion-de-supervivencia-de-los-pensionados-en-el-extranjero\/\" target=\"_blank\" class=\"wpadcenter-ad-inner__item\" ><img decoding=\"async\"   src=\"https:\/\/puntodincontro.mx\/wp-content\/uploads\/2021\/11\/logo-ital.jpg\" class=\"attachment-post-thumbnail size-post-thumbnail wp-post-image\" alt=\"Patronato ITAL Messico\" srcset=\"https:\/\/puntodincontro.mx\/wp-content\/uploads\/2021\/11\/logo-ital.jpg 200w, https:\/\/puntodincontro.mx\/wp-content\/uploads\/2021\/11\/logo-ital-16x5.jpg 16w\" sizes=\"(max-width: 200px) 100vw, 200px\" \/><\/a><\/div><\/div><\/div><div class=\"wpadcenter-ad-container\" ><div id=\"wpadcenter-ad-1538\" class=\"ad-placement\"><div class=\"wpadcenter-ad-inner\" ><a id=\"wpadcenter_ad\" data-value=\"1538\" data-placement=\"\" href=\"https:\/\/asociacionitaliana.org\/\" target=\"_blank\" class=\"wpadcenter-ad-inner__item\" ><img decoding=\"async\"   src=\"https:\/\/puntodincontro.mx\/wp-content\/uploads\/2021\/11\/aialogo.jpg\" class=\"attachment-post-thumbnail size-post-thumbnail wp-post-image\" alt=\"Associazione Italiana di Assistenza IAP\" srcset=\"https:\/\/puntodincontro.mx\/wp-content\/uploads\/2021\/11\/aialogo.jpg 200w, https:\/\/puntodincontro.mx\/wp-content\/uploads\/2021\/11\/aialogo-18x5.jpg 18w\" sizes=\"(max-width: 200px) 100vw, 200px\" \/><\/a><\/div><\/div><\/div><div class=\"wpadcenter-ad-container\" ><div id=\"wpadcenter-ad-1513\" class=\"ad-placement\"><div class=\"wpadcenter-ad-inner\" ><a id=\"wpadcenter_ad\" data-value=\"1513\" data-placement=\"\" href=\"https:\/\/gcinmuebles.mx\" target=\"_blank\" class=\"wpadcenter-ad-inner__item\" ><img decoding=\"async\"   src=\"https:\/\/puntodincontro.mx\/wp-content\/uploads\/2021\/10\/gcinmuebleslogopunto-1.jpg\" class=\"attachment-post-thumbnail size-post-thumbnail wp-post-image\" alt=\"\" srcset=\"https:\/\/puntodincontro.mx\/wp-content\/uploads\/2021\/10\/gcinmuebleslogopunto-1.jpg 200w, https:\/\/puntodincontro.mx\/wp-content\/uploads\/2021\/10\/gcinmuebleslogopunto-1-18x5.jpg 18w\" sizes=\"(max-width: 200px) 100vw, 200px\" \/><\/a><\/div><\/div><\/div><\/div><div class=\"wpadcenter-adgroup__row wpadcenter-aligncenter\"><div class=\"wpadcenter-ad-container\" ><div id=\"wpadcenter-ad-1374\" class=\"ad-placement\"><div class=\"wpadcenter-ad-inner\" ><a id=\"wpadcenter_ad\" data-value=\"1374\" data-placement=\"\" href=\"https:\/\/www.9colonne.it\/\" target=\"_blank\" class=\"wpadcenter-ad-inner__item\" ><img decoding=\"async\"   src=\"https:\/\/puntodincontro.mx\/wp-content\/uploads\/2021\/10\/Banner9colonne.gif\" class=\"attachment-post-thumbnail size-post-thumbnail wp-post-image\" alt=\"\" \/><\/a><\/div><\/div><\/div><div class=\"wpadcenter-ad-container\" ><div id=\"wpadcenter-ad-276\" class=\"ad-placement\"><div class=\"wpadcenter-ad-inner\" ><a id=\"wpadcenter_ad\" data-value=\"276\" data-placement=\"\" href=\"http:\/\/www.camaraitaliana.mx\/\" target=\"_blank\" class=\"wpadcenter-ad-inner__item\" ><img decoding=\"async\"   src=\"https:\/\/puntodincontro.mx\/wp-content\/uploads\/2021\/08\/ccimnuovo.jpg\" class=\"attachment-post-thumbnail size-post-thumbnail wp-post-image\" alt=\"\" srcset=\"https:\/\/puntodincontro.mx\/wp-content\/uploads\/2021\/08\/ccimnuovo.jpg 200w, https:\/\/puntodincontro.mx\/wp-content\/uploads\/2021\/08\/ccimnuovo-18x5.jpg 18w\" sizes=\"(max-width: 200px) 100vw, 200px\" \/><\/a><\/div><\/div><\/div><div class=\"wpadcenter-ad-container\" ><div id=\"wpadcenter-ad-272\" class=\"ad-placement\"><div class=\"wpadcenter-ad-inner\" ><a id=\"wpadcenter_ad\" data-value=\"272\" data-placement=\"\" href=\"http:\/\/corix.us\/\" target=\"_blank\" class=\"wpadcenter-ad-inner__item\" ><img decoding=\"async\"   src=\"https:\/\/puntodincontro.mx\/wp-content\/uploads\/2021\/08\/corixbanner-1.jpg\" class=\"attachment-post-thumbnail size-post-thumbnail wp-post-image\" alt=\"\" srcset=\"https:\/\/puntodincontro.mx\/wp-content\/uploads\/2021\/08\/corixbanner-1.jpg 200w, https:\/\/puntodincontro.mx\/wp-content\/uploads\/2021\/08\/corixbanner-1-16x5.jpg 16w\" sizes=\"(max-width: 200px) 100vw, 200px\" \/><\/a><\/div><\/div><\/div><\/div><div class=\"wpadcenter-adgroup__row wpadcenter-aligncenter\"><div class=\"wpadcenter-ad-container\" ><div id=\"wpadcenter-ad-266\" class=\"ad-placement\"><div class=\"wpadcenter-ad-inner\" ><a id=\"wpadcenter_ad\" data-value=\"266\" data-placement=\"\" href=\"https:\/\/www.prinsel.com.mx\/\" target=\"_blank\" class=\"wpadcenter-ad-inner__item\" ><img decoding=\"async\"   src=\"https:\/\/puntodincontro.mx\/wp-content\/uploads\/2021\/08\/prinselbanner-1.jpg\" class=\"attachment-post-thumbnail size-post-thumbnail wp-post-image\" alt=\"\" srcset=\"https:\/\/puntodincontro.mx\/wp-content\/uploads\/2021\/08\/prinselbanner-1.jpg 200w, https:\/\/puntodincontro.mx\/wp-content\/uploads\/2021\/08\/prinselbanner-1-16x5.jpg 16w\" sizes=\"(max-width: 200px) 100vw, 200px\" \/><\/a><\/div><\/div><\/div><div class=\"wpadcenter-ad-container\" ><div id=\"wpadcenter-ad-261\" class=\"ad-placement\"><div class=\"wpadcenter-ad-inner\" ><a id=\"wpadcenter_ad\" data-value=\"261\" data-placement=\"\" href=\"https:\/\/ambcittadelmessico.esteri.it\/ambasciata_cittadelmessico\/it\/\" target=\"_blank\" class=\"wpadcenter-ad-inner__item\" ><img decoding=\"async\"   src=\"https:\/\/puntodincontro.mx\/wp-content\/uploads\/2021\/08\/ambasciatabanner-1.jpg\" class=\"attachment-post-thumbnail size-post-thumbnail wp-post-image\" alt=\"\" srcset=\"https:\/\/puntodincontro.mx\/wp-content\/uploads\/2021\/08\/ambasciatabanner-1.jpg 200w, https:\/\/puntodincontro.mx\/wp-content\/uploads\/2021\/08\/ambasciatabanner-1-16x5.jpg 16w\" sizes=\"(max-width: 200px) 100vw, 200px\" \/><\/a><\/div><\/div><\/div><\/div><\/div>\n\n\n<div style=\"height:12px\" aria-hidden=\"true\" class=\"wp-block-spacer\"><\/div>","protected":false},"excerpt":{"rendered":"<p>Ore 17.36 &#8211; Il&nbsp;Messico, la&nbsp;Costa Rica&nbsp;e la&nbsp;Repubblica Dominicana&nbsp;presentano opportunit\u00e0 economiche e culturali per gli italiani. L\u2019Ambasciata d\u2019Italia in Messico e Cassa Depositi e Prestiti \u2014 istituzione finanziaria controllata dal Ministero italiano dell&#8217;economia e delle finanze\u2014 hanno organizzato un webinar per presentare&nbsp;CDP Business Matching, la nuova piattaforma digitale e gratuita mirata allo sviluppo di relazioni commerciali tra imprese messicane e italiane, in particolare PMI. L\u2019evento si terr\u00e0&nbsp;online mercoled\u00ec 6 luglio 2022 a partire dalle 16:00 ora italiana (9:00 ora messicana). Interverranno come speaker i referenti dei principali partner locali e del Sistema Italia presenti in Messico tra cui: ICE Citt\u00e0 del&#8230; <\/p>","protected":false},"author":2,"featured_media":6156,"comment_status":"open","ping_status":"open","sticky":false,"template":"","format":"standard","meta":{"_monsterinsights_skip_tracking":false,"_monsterinsights_sitenote_active":false,"_monsterinsights_sitenote_note":"","_monsterinsights_sitenote_category":0,"footnotes":""},"categories":[5],"tags":[],"class_list":["post-6144","post","type-post","status-publish","format-standard","has-post-thumbnail","hentry","category-italia-nel-mondo"],"yoast_head":"<!-- This site is optimized with the Yoast SEO Premium plugin v18.4 (Yoast SEO v25.6) - https:\/\/yoast.com\/wordpress\/plugins\/seo\/ -->\n<title>Italia, italiani e italianit\u00e0 in Messico, Costa Rica e Repubblica Dominicana Puntodincontro<\/title>\n<meta name=\"description\" content=\"Il\u00a0Messico, la\u00a0Costa Rica\u00a0e la\u00a0Repubblica Dominicana\u00a0presentano opportunit\u00e0 economiche e culturali per gli italiani.\" \/>\n<meta name=\"robots\" content=\"index, follow, max-snippet:-1, max-image-preview:large, max-video-preview:-1\" \/>\n<link rel=\"canonical\" href=\"https:\/\/puntodincontro.mx\/es\/2022\/07\/03\/italia-italianos-e-italianidad-en-mexico-costa-rica-y-republica-dominicana2\/\" \/>\n<meta property=\"og:locale\" content=\"es_MX\" \/>\n<meta property=\"og:type\" content=\"article\" \/>\n<meta property=\"og:title\" content=\"Italia, italiani e italianit\u00e0 in Messico, Costa Rica e Repubblica Dominicana\" \/>\n<meta property=\"og:description\" content=\"Il\u00a0Messico, la\u00a0Costa Rica\u00a0e la\u00a0Repubblica Dominicana\u00a0presentano opportunit\u00e0 economiche e culturali per gli italiani.\" \/>\n<meta property=\"og:url\" content=\"https:\/\/puntodincontro.mx\/es\/2022\/07\/03\/italia-italianos-e-italianidad-en-mexico-costa-rica-y-republica-dominicana2\/\" \/>\n<meta property=\"og:site_name\" content=\"Puntodincontro\" \/>\n<meta property=\"article:publisher\" content=\"https:\/\/www.facebook.com\/puntodincontro.mx\" \/>\n<meta property=\"article:published_time\" content=\"2022-07-03T23:06:35+00:00\" \/>\n<meta property=\"article:modified_time\" content=\"2022-07-03T23:34:59+00:00\" \/>\n<meta property=\"og:image\" content=\"https:\/\/puntodincontro.mx\/wp-content\/uploads\/2022\/07\/3paesivert.webp\" \/>\n\t<meta property=\"og:image:width\" content=\"423\" \/>\n\t<meta property=\"og:image:height\" content=\"488\" \/>\n\t<meta property=\"og:image:type\" content=\"image\/webp\" \/>\n<meta name=\"author\" content=\"Puntodincontro\" \/>\n<meta name=\"twitter:card\" content=\"summary_large_image\" \/>\n<meta name=\"twitter:creator\" content=\"@puntodincontro\" \/>\n<meta name=\"twitter:site\" content=\"@puntodincontro\" \/>\n<meta name=\"twitter:label1\" content=\"Escrito por\" \/>\n\t<meta name=\"twitter:data1\" content=\"Puntodincontro\" \/>\n\t<meta name=\"twitter:label2\" content=\"Tiempo de lectura\" \/>\n\t<meta name=\"twitter:data2\" content=\"3 minutos\" \/>\n<script type=\"application\/ld+json\" class=\"yoast-schema-graph\">{\"@context\":\"https:\/\/schema.org\",\"@graph\":[{\"@type\":\"NewsArticle\",\"@id\":\"https:\/\/puntodincontro.mx\/2022\/07\/03\/italia-italiani-e-italianita-in-messico-costa-rica-e-repubblica-dominicana2\/#article\",\"isPartOf\":{\"@id\":\"https:\/\/puntodincontro.mx\/2022\/07\/03\/italia-italiani-e-italianita-in-messico-costa-rica-e-repubblica-dominicana2\/\"},\"author\":{\"name\":\"Puntodincontro\",\"@id\":\"https:\/\/puntodincontro.mx\/#\/schema\/person\/d3066d18a16259cbb0c29b0d0e93b556\"},\"headline\":\"Italia, italiani e italianit\u00e0 in Messico, Costa Rica e Repubblica Dominicana\",\"datePublished\":\"2022-07-03T23:06:35+00:00\",\"dateModified\":\"2022-07-03T23:34:59+00:00\",\"mainEntityOfPage\":{\"@id\":\"https:\/\/puntodincontro.mx\/2022\/07\/03\/italia-italiani-e-italianita-in-messico-costa-rica-e-repubblica-dominicana2\/\"},\"wordCount\":412,\"commentCount\":0,\"publisher\":{\"@id\":\"https:\/\/puntodincontro.mx\/#organization\"},\"image\":{\"@id\":\"https:\/\/puntodincontro.mx\/2022\/07\/03\/italia-italiani-e-italianita-in-messico-costa-rica-e-repubblica-dominicana2\/#primaryimage\"},\"thumbnailUrl\":\"https:\/\/puntodincontro.mx\/wp-content\/uploads\/2022\/07\/3paesivert.webp\",\"articleSection\":[\"Italia nel mondo\"],\"inLanguage\":\"es\",\"potentialAction\":[{\"@type\":\"CommentAction\",\"name\":\"Comment\",\"target\":[\"https:\/\/puntodincontro.mx\/2022\/07\/03\/italia-italiani-e-italianita-in-messico-costa-rica-e-repubblica-dominicana2\/#respond\"]}]},{\"@type\":\"WebPage\",\"@id\":\"https:\/\/puntodincontro.mx\/2022\/07\/03\/italia-italiani-e-italianita-in-messico-costa-rica-e-repubblica-dominicana2\/\",\"url\":\"https:\/\/puntodincontro.mx\/2022\/07\/03\/italia-italiani-e-italianita-in-messico-costa-rica-e-repubblica-dominicana2\/\",\"name\":\"Italia, italiani e italianit\u00e0 in Messico, Costa Rica e Repubblica Dominicana Puntodincontro\",\"isPartOf\":{\"@id\":\"https:\/\/puntodincontro.mx\/#website\"},\"primaryImageOfPage\":{\"@id\":\"https:\/\/puntodincontro.mx\/2022\/07\/03\/italia-italiani-e-italianita-in-messico-costa-rica-e-repubblica-dominicana2\/#primaryimage\"},\"image\":{\"@id\":\"https:\/\/puntodincontro.mx\/2022\/07\/03\/italia-italiani-e-italianita-in-messico-costa-rica-e-repubblica-dominicana2\/#primaryimage\"},\"thumbnailUrl\":\"https:\/\/puntodincontro.mx\/wp-content\/uploads\/2022\/07\/3paesivert.webp\",\"datePublished\":\"2022-07-03T23:06:35+00:00\",\"dateModified\":\"2022-07-03T23:34:59+00:00\",\"description\":\"Il\u00a0Messico, la\u00a0Costa Rica\u00a0e la\u00a0Repubblica Dominicana\u00a0presentano opportunit\u00e0 economiche e culturali per gli italiani.\",\"breadcrumb\":{\"@id\":\"https:\/\/puntodincontro.mx\/2022\/07\/03\/italia-italiani-e-italianita-in-messico-costa-rica-e-repubblica-dominicana2\/#breadcrumb\"},\"inLanguage\":\"es\",\"potentialAction\":[{\"@type\":\"ReadAction\",\"target\":[\"https:\/\/puntodincontro.mx\/2022\/07\/03\/italia-italiani-e-italianita-in-messico-costa-rica-e-repubblica-dominicana2\/\"]}]},{\"@type\":\"ImageObject\",\"inLanguage\":\"es\",\"@id\":\"https:\/\/puntodincontro.mx\/2022\/07\/03\/italia-italiani-e-italianita-in-messico-costa-rica-e-repubblica-dominicana2\/#primaryimage\",\"url\":\"https:\/\/puntodincontro.mx\/wp-content\/uploads\/2022\/07\/3paesivert.webp\",\"contentUrl\":\"https:\/\/puntodincontro.mx\/wp-content\/uploads\/2022\/07\/3paesivert.webp\",\"width\":423,\"height\":488,\"caption\":\"Italia, italiani e italianit\u00e0 in Messico, Costa Rica e Repubblica Dominicana\"},{\"@type\":\"BreadcrumbList\",\"@id\":\"https:\/\/puntodincontro.mx\/2022\/07\/03\/italia-italiani-e-italianita-in-messico-costa-rica-e-repubblica-dominicana2\/#breadcrumb\",\"itemListElement\":[{\"@type\":\"ListItem\",\"position\":1,\"name\":\"Home\",\"item\":\"https:\/\/puntodincontro.mx\/\"},{\"@type\":\"ListItem\",\"position\":2,\"name\":\"Italia, italiani e italianit\u00e0 in Messico, Costa Rica e Repubblica Dominicana\"}]},{\"@type\":\"WebSite\",\"@id\":\"https:\/\/puntodincontro.mx\/#website\",\"url\":\"https:\/\/puntodincontro.mx\/\",\"name\":\"Puntodincontro\",\"description\":\"Dal 2006 notizie sui rapporti Italia-Messico \/ Desde 2006 noticias sobre las relaciones entre Italia y M\u00e9xico\",\"publisher\":{\"@id\":\"https:\/\/puntodincontro.mx\/#organization\"},\"potentialAction\":[{\"@type\":\"SearchAction\",\"target\":{\"@type\":\"EntryPoint\",\"urlTemplate\":\"https:\/\/puntodincontro.mx\/?s={search_term_string}\"},\"query-input\":{\"@type\":\"PropertyValueSpecification\",\"valueRequired\":true,\"valueName\":\"search_term_string\"}}],\"inLanguage\":\"es\"},{\"@type\":\"Organization\",\"@id\":\"https:\/\/puntodincontro.mx\/#organization\",\"name\":\"Puntodincontro\",\"url\":\"https:\/\/puntodincontro.mx\/\",\"logo\":{\"@type\":\"ImageObject\",\"inLanguage\":\"es\",\"@id\":\"https:\/\/puntodincontro.mx\/#\/schema\/logo\/image\/\",\"url\":\"https:\/\/puntodincontro.mx\/wp-content\/uploads\/2021\/08\/Default-image-for-open-graph-settings.jpg\",\"contentUrl\":\"https:\/\/puntodincontro.mx\/wp-content\/uploads\/2021\/08\/Default-image-for-open-graph-settings.jpg\",\"width\":1200,\"height\":630,\"caption\":\"Puntodincontro\"},\"image\":{\"@id\":\"https:\/\/puntodincontro.mx\/#\/schema\/logo\/image\/\"},\"sameAs\":[\"https:\/\/www.facebook.com\/puntodincontro.mx\",\"https:\/\/x.com\/puntodincontro\",\"https:\/\/www.instagram.com\/puntodincontro.mx\/\",\"https:\/\/www.linkedin.com\/company\/puntodincontro\/\",\"https:\/\/www.youtube.com\/c\/puntodincontromessico\",\"https:\/\/www.patreon.com\/puntodincontro\",\"https:\/\/www.threads.net\/@puntodincontro.mx\"]},{\"@type\":\"Person\",\"@id\":\"https:\/\/puntodincontro.mx\/#\/schema\/person\/d3066d18a16259cbb0c29b0d0e93b556\",\"name\":\"Puntodincontro\",\"image\":{\"@type\":\"ImageObject\",\"inLanguage\":\"es\",\"@id\":\"https:\/\/puntodincontro.mx\/#\/schema\/person\/image\/\",\"url\":\"https:\/\/secure.gravatar.com\/avatar\/0e85b4b3b5e9d6bfcec6a4956d8cc63a?s=96&d=mm&r=g\",\"contentUrl\":\"https:\/\/secure.gravatar.com\/avatar\/0e85b4b3b5e9d6bfcec6a4956d8cc63a?s=96&d=mm&r=g\",\"caption\":\"Puntodincontro\"},\"url\":\"https:\/\/puntodincontro.mx\/es\/author\/puntodincontro\/\"}]}<\/script>\n<!-- \/ Yoast SEO Premium plugin. -->","yoast_head_json":{"title":"Italia, italiani e italianit\u00e0 in Messico, Costa Rica e Repubblica Dominicana Puntodincontro","description":"M\u00e9xico, Costa Rica y la Rep\u00fablica Dominicana presentan oportunidades econ\u00f3micas y culturales para los italianos.","robots":{"index":"index","follow":"follow","max-snippet":"max-snippet:-1","max-image-preview":"max-image-preview:large","max-video-preview":"max-video-preview:-1"},"canonical":"https:\/\/puntodincontro.mx\/es\/2022\/07\/03\/italia-italianos-e-italianidad-en-mexico-costa-rica-y-republica-dominicana2\/","og_locale":"es_MX","og_type":"article","og_title":"Italia, italiani e italianit\u00e0 in Messico, Costa Rica e Repubblica Dominicana","og_description":"Il\u00a0Messico, la\u00a0Costa Rica\u00a0e la\u00a0Repubblica Dominicana\u00a0presentano opportunit\u00e0 economiche e culturali per gli italiani.","og_url":"https:\/\/puntodincontro.mx\/es\/2022\/07\/03\/italia-italianos-e-italianidad-en-mexico-costa-rica-y-republica-dominicana2\/","og_site_name":"Puntodincontro","article_publisher":"https:\/\/www.facebook.com\/puntodincontro.mx","article_published_time":"2022-07-03T23:06:35+00:00","article_modified_time":"2022-07-03T23:34:59+00:00","og_image":[{"width":423,"height":488,"url":"https:\/\/puntodincontro.mx\/wp-content\/uploads\/2022\/07\/3paesivert.webp","type":"image\/webp"}],"author":"Puntodincontro","twitter_card":"summary_large_image","twitter_creator":"@puntodincontro","twitter_site":"@puntodincontro","twitter_misc":{"Escrito por":"Puntodincontro","Tiempo de lectura":"3 minutos"},"schema":{"@context":"https:\/\/schema.org","@graph":[{"@type":"NewsArticle","@id":"https:\/\/puntodincontro.mx\/2022\/07\/03\/italia-italiani-e-italianita-in-messico-costa-rica-e-repubblica-dominicana2\/#article","isPartOf":{"@id":"https:\/\/puntodincontro.mx\/2022\/07\/03\/italia-italiani-e-italianita-in-messico-costa-rica-e-repubblica-dominicana2\/"},"author":{"name":"Puntodincontro","@id":"https:\/\/puntodincontro.mx\/#\/schema\/person\/d3066d18a16259cbb0c29b0d0e93b556"},"headline":"Italia, italiani e italianit\u00e0 in Messico, Costa Rica e Repubblica Dominicana","datePublished":"2022-07-03T23:06:35+00:00","dateModified":"2022-07-03T23:34:59+00:00","mainEntityOfPage":{"@id":"https:\/\/puntodincontro.mx\/2022\/07\/03\/italia-italiani-e-italianita-in-messico-costa-rica-e-repubblica-dominicana2\/"},"wordCount":412,"commentCount":0,"publisher":{"@id":"https:\/\/puntodincontro.mx\/#organization"},"image":{"@id":"https:\/\/puntodincontro.mx\/2022\/07\/03\/italia-italiani-e-italianita-in-messico-costa-rica-e-repubblica-dominicana2\/#primaryimage"},"thumbnailUrl":"https:\/\/puntodincontro.mx\/wp-content\/uploads\/2022\/07\/3paesivert.webp","articleSection":["Italia nel mondo"],"inLanguage":"es","potentialAction":[{"@type":"CommentAction","name":"Comment","target":["https:\/\/puntodincontro.mx\/2022\/07\/03\/italia-italiani-e-italianita-in-messico-costa-rica-e-repubblica-dominicana2\/#respond"]}]},{"@type":"WebPage","@id":"https:\/\/puntodincontro.mx\/2022\/07\/03\/italia-italiani-e-italianita-in-messico-costa-rica-e-repubblica-dominicana2\/","url":"https:\/\/puntodincontro.mx\/2022\/07\/03\/italia-italiani-e-italianita-in-messico-costa-rica-e-repubblica-dominicana2\/","name":"Italia, italiani e italianit\u00e0 in Messico, Costa Rica e Repubblica Dominicana Puntodincontro","isPartOf":{"@id":"https:\/\/puntodincontro.mx\/#website"},"primaryImageOfPage":{"@id":"https:\/\/puntodincontro.mx\/2022\/07\/03\/italia-italiani-e-italianita-in-messico-costa-rica-e-repubblica-dominicana2\/#primaryimage"},"image":{"@id":"https:\/\/puntodincontro.mx\/2022\/07\/03\/italia-italiani-e-italianita-in-messico-costa-rica-e-repubblica-dominicana2\/#primaryimage"},"thumbnailUrl":"https:\/\/puntodincontro.mx\/wp-content\/uploads\/2022\/07\/3paesivert.webp","datePublished":"2022-07-03T23:06:35+00:00","dateModified":"2022-07-03T23:34:59+00:00","description":"M\u00e9xico, Costa Rica y la Rep\u00fablica Dominicana presentan oportunidades econ\u00f3micas y culturales para los italianos.","breadcrumb":{"@id":"https:\/\/puntodincontro.mx\/2022\/07\/03\/italia-italiani-e-italianita-in-messico-costa-rica-e-repubblica-dominicana2\/#breadcrumb"},"inLanguage":"es","potentialAction":[{"@type":"ReadAction","target":["https:\/\/puntodincontro.mx\/2022\/07\/03\/italia-italiani-e-italianita-in-messico-costa-rica-e-repubblica-dominicana2\/"]}]},{"@type":"ImageObject","inLanguage":"es","@id":"https:\/\/puntodincontro.mx\/2022\/07\/03\/italia-italiani-e-italianita-in-messico-costa-rica-e-repubblica-dominicana2\/#primaryimage","url":"https:\/\/puntodincontro.mx\/wp-content\/uploads\/2022\/07\/3paesivert.webp","contentUrl":"https:\/\/puntodincontro.mx\/wp-content\/uploads\/2022\/07\/3paesivert.webp","width":423,"height":488,"caption":"Italia, italiani e italianit\u00e0 in Messico, Costa Rica e Repubblica Dominicana"},{"@type":"BreadcrumbList","@id":"https:\/\/puntodincontro.mx\/2022\/07\/03\/italia-italiani-e-italianita-in-messico-costa-rica-e-repubblica-dominicana2\/#breadcrumb","itemListElement":[{"@type":"ListItem","position":1,"name":"Home","item":"https:\/\/puntodincontro.mx\/"},{"@type":"ListItem","position":2,"name":"Italia, italiani e italianit\u00e0 in Messico, Costa Rica e Repubblica Dominicana"}]},{"@type":"WebSite","@id":"https:\/\/puntodincontro.mx\/#website","url":"https:\/\/puntodincontro.mx\/","name":"Puntodincontro","description":"Desde el 2006 noticias sobre las relaciones entre Italia y M\u00e9xico \/ Dal 2006 notizie sui rapporti Italia-Messico","publisher":{"@id":"https:\/\/puntodincontro.mx\/#organization"},"potentialAction":[{"@type":"SearchAction","target":{"@type":"EntryPoint","urlTemplate":"https:\/\/puntodincontro.mx\/?s={search_term_string}"},"query-input":{"@type":"PropertyValueSpecification","valueRequired":true,"valueName":"search_term_string"}}],"inLanguage":"es"},{"@type":"Organization","@id":"https:\/\/puntodincontro.mx\/#organization","name":"Puntodincontro","url":"https:\/\/puntodincontro.mx\/","logo":{"@type":"ImageObject","inLanguage":"es","@id":"https:\/\/puntodincontro.mx\/#\/schema\/logo\/image\/","url":"https:\/\/puntodincontro.mx\/wp-content\/uploads\/2021\/08\/Default-image-for-open-graph-settings.jpg","contentUrl":"https:\/\/puntodincontro.mx\/wp-content\/uploads\/2021\/08\/Default-image-for-open-graph-settings.jpg","width":1200,"height":630,"caption":"Puntodincontro"},"image":{"@id":"https:\/\/puntodincontro.mx\/#\/schema\/logo\/image\/"},"sameAs":["https:\/\/www.facebook.com\/puntodincontro.mx","https:\/\/x.com\/puntodincontro","https:\/\/www.instagram.com\/puntodincontro.mx\/","https:\/\/www.linkedin.com\/company\/puntodincontro\/","https:\/\/www.youtube.com\/c\/puntodincontromessico","https:\/\/www.patreon.com\/puntodincontro","https:\/\/www.threads.net\/@puntodincontro.mx"]},{"@type":"Person","@id":"https:\/\/puntodincontro.mx\/#\/schema\/person\/d3066d18a16259cbb0c29b0d0e93b556","name":"Puntodincontro","image":{"@type":"ImageObject","inLanguage":"es","@id":"https:\/\/puntodincontro.mx\/#\/schema\/person\/image\/","url":"https:\/\/secure.gravatar.com\/avatar\/0e85b4b3b5e9d6bfcec6a4956d8cc63a?s=96&d=mm&r=g","contentUrl":"https:\/\/secure.gravatar.com\/avatar\/0e85b4b3b5e9d6bfcec6a4956d8cc63a?s=96&d=mm&r=g","caption":"Puntodincontro"},"url":"https:\/\/puntodincontro.mx\/es\/author\/puntodincontro\/"}]}},"_links":{"self":[{"href":"https:\/\/puntodincontro.mx\/es\/wp-json\/wp\/v2\/posts\/6144"}],"collection":[{"href":"https:\/\/puntodincontro.mx\/es\/wp-json\/wp\/v2\/posts"}],"about":[{"href":"https:\/\/puntodincontro.mx\/es\/wp-json\/wp\/v2\/types\/post"}],"author":[{"embeddable":true,"href":"https:\/\/puntodincontro.mx\/es\/wp-json\/wp\/v2\/users\/2"}],"replies":[{"embeddable":true,"href":"https:\/\/puntodincontro.mx\/es\/wp-json\/wp\/v2\/comments?post=6144"}],"version-history":[{"count":13,"href":"https:\/\/puntodincontro.mx\/es\/wp-json\/wp\/v2\/posts\/6144\/revisions"}],"predecessor-version":[{"id":6162,"href":"https:\/\/puntodincontro.mx\/es\/wp-json\/wp\/v2\/posts\/6144\/revisions\/6162"}],"wp:featuredmedia":[{"embeddable":true,"href":"https:\/\/puntodincontro.mx\/es\/wp-json\/wp\/v2\/media\/6156"}],"wp:attachment":[{"href":"https:\/\/puntodincontro.mx\/es\/wp-json\/wp\/v2\/media?parent=6144"}],"wp:term":[{"taxonomy":"category","embeddable":true,"href":"https:\/\/puntodincontro.mx\/es\/wp-json\/wp\/v2\/categories?post=6144"},{"taxonomy":"post_tag","embeddable":true,"href":"https:\/\/puntodincontro.mx\/es\/wp-json\/wp\/v2\/tags?post=6144"}],"curies":[{"name":"wp","href":"https:\/\/api.w.org\/{rel}","templated":true}]}}