{"id":6184,"date":"2022-07-04T19:26:20","date_gmt":"2022-07-05T00:26:20","guid":{"rendered":"https:\/\/puntodincontro.mx\/?p=6184"},"modified":"2022-07-04T19:26:21","modified_gmt":"2022-07-05T00:26:21","slug":"abre-en-florencia-el-museo-nacional-del-italiano","status":"publish","type":"post","link":"https:\/\/puntodincontro.mx\/es\/2022\/07\/04\/apre-a-firenze-il-museo-nazionale-dellitaliano\/","title":{"rendered":"Abre en Florencia el Museo Nacional del Italiano"},"content":{"rendered":"<p class=\"translation-block\"><strong>19:09 hrs.<\/strong> - Ser\u00e1 inaugurada el 6 de julio en Florencia \u2014en el antiguo monasterio de la Santissima Concezione, dentro del complejo de Santa Maria Novella\u2014 la primera secci\u00f3n del Museo Nacional del Italiano (MUNDI): dos salas permitir\u00e1n descubrir el origen y la evoluci\u00f3n de una de las lenguas m\u00e1s populares en el mundo, comenzando por algunas inscripciones del Museo Nacional Romano, el Parque Arqueol\u00f3gico de Pompeya y el Museo de las Civilizaciones, pasando por los primeros testimonios en lengua vern\u00e1cula como \u201cPlacito capuano\u201d, hasta la obra de Dante, que fija el lenguaje del \u201cs\u00ec\u201d, hasta el manual culinario de Pellegrino Artusi.<\/p>\n\n\n\n<p>La muestra \u2014que llegar\u00e1 a ocupar m\u00e1s de 2,000 metros cuadrados de exposici\u00f3n\u2014 ilustra la relaci\u00f3n del italiano actual con los dialectos y las minor\u00edas ling\u00fc\u00edsticas, as\u00ed como la difusi\u00f3n de la lengua de Dante en el mundo, transmitida por la emigraci\u00f3n y por un imaginario de simpat\u00eda que la envuelve.<\/p>\n\n\n\n<p>El proyecto \u2014financiado por el Ministerio de Cultura\u2014 es impulsado por la Accademia della Crusca, la Accademia dei Lincei, el Instituto de la Enciclopedia Italiana Treccani, ASLI (Asociaci\u00f3n para la Historia de la Lengua Italiana) y la Sociedad Dante Alighieri.<\/p>\n\n\n\n<p>Se trata de un elemento fundamental dentro de un camino que ha estado en marcha desde hace tiempo: en 2003, la gran exposici\u00f3n \u201cDove il s\u00ec suona\u201d fue organizada por la Sociedad Dante Alighieri, inaugurada en los Uffizi por el presidente de la Rep\u00fablica Carlo Azeglio Ciampi y a\u00fan sigue siendo reproducida en varios pa\u00edses del mundo.<\/p>\n\n\n\n<p>El acr\u00f3nimo MUNDI destaca la relaci\u00f3n con el lat\u00edn, lengua materna, pero al mismo tiempo se refiere al italiano como idioma del mundo, recordando que el patrimonio ling\u00fc\u00edstico del Bel Paese es considerado un bien cultural de inter\u00e9s internacional.<\/p>\n\n\n\n<p>El Comit\u00e9 Cient\u00edfico es coordinado por Luca Serianni y est\u00e1 compuesto por Giuseppe Antonelli, Francesco Bruni, Michele Cortelazzo, Paolo D\u2019Achille, Nicoletta Maraschio, Marco Mancini y Lucilla Pizzoli (Aise).<\/p>\n\n\n\n<div style=\"height:12px\" aria-hidden=\"true\" class=\"wp-block-spacer\"><\/div>\n\n\n<!-- Ad space powered by WP AdCenter v2.5.7 - https:\/\/wpadcenter.com\/ --><div class=\"wpadcenter-adgroup\" ><div class=\"wpadcenter-adgroup__row wpadcenter-aligncenter\"><div class=\"wpadcenter-ad-container\" ><div id=\"wpadcenter-ad-18464\" class=\"ad-placement\"><div class=\"wpadcenter-ad-inner\" ><a id=\"wpadcenter_ad\" data-value=\"18464\" data-placement=\"\" href=\"https:\/\/www.productosremo.com\/\" target=\"_blank\" class=\"wpadcenter-ad-inner__item\" ><img decoding=\"async\"   src=\"https:\/\/puntodincontro.mx\/wp-content\/uploads\/2021\/08\/remobanner.jpg\" class=\"attachment-post-thumbnail size-post-thumbnail wp-post-image\" alt=\"\" srcset=\"https:\/\/puntodincontro.mx\/wp-content\/uploads\/2021\/08\/remobanner.jpg 200w, https:\/\/puntodincontro.mx\/wp-content\/uploads\/2021\/08\/remobanner-16x5.jpg 16w\" sizes=\"(max-width: 200px) 100vw, 200px\" \/><\/a><\/div><\/div><\/div><div class=\"wpadcenter-ad-container\" ><div id=\"wpadcenter-ad-5305\" class=\"ad-placement\"><div class=\"wpadcenter-ad-inner\" ><a id=\"wpadcenter_ad\" data-value=\"5305\" data-placement=\"\" href=\"https:\/\/faitalia.com.mx\/\" target=\"_blank\" class=\"wpadcenter-ad-inner__item\" ><img decoding=\"async\"   src=\"https:\/\/puntodincontro.mx\/wp-content\/uploads\/2022\/05\/gruppodino.jpg\" class=\"attachment-post-thumbnail size-post-thumbnail wp-post-image\" alt=\"\" srcset=\"https:\/\/puntodincontro.mx\/wp-content\/uploads\/2022\/05\/gruppodino.jpg 200w, https:\/\/puntodincontro.mx\/wp-content\/uploads\/2022\/05\/gruppodino-18x5.jpg 18w\" sizes=\"(max-width: 200px) 100vw, 200px\" \/><\/a><\/div><\/div><\/div><div class=\"wpadcenter-ad-container\" ><div id=\"wpadcenter-ad-3781\" class=\"ad-placement\"><div class=\"wpadcenter-ad-inner\" ><a id=\"wpadcenter_ad\" data-value=\"3781\" data-placement=\"\" href=\"https:\/\/cannizzo.com.mx\/\" target=\"_blank\" class=\"wpadcenter-ad-inner__item\" ><img decoding=\"async\"   src=\"https:\/\/puntodincontro.mx\/wp-content\/uploads\/2022\/03\/cannizzo2.jpg\" class=\"attachment-post-thumbnail size-post-thumbnail wp-post-image\" alt=\"\" srcset=\"https:\/\/puntodincontro.mx\/wp-content\/uploads\/2022\/03\/cannizzo2.jpg 200w, https:\/\/puntodincontro.mx\/wp-content\/uploads\/2022\/03\/cannizzo2-18x5.jpg 18w\" sizes=\"(max-width: 200px) 100vw, 200px\" \/><\/a><\/div><\/div><\/div><\/div><div class=\"wpadcenter-adgroup__row wpadcenter-aligncenter\"><div class=\"wpadcenter-ad-container\" ><div id=\"wpadcenter-ad-1704\" class=\"ad-placement\"><div class=\"wpadcenter-ad-inner\" ><a id=\"wpadcenter_ad\" data-value=\"1704\" data-placement=\"\" href=\"https:\/\/puntodincontro.mx\/es\/2021\/12\/24\/inps-verificacion-de-supervivencia-de-los-pensionados-en-el-extranjero\/\" target=\"_blank\" class=\"wpadcenter-ad-inner__item\" ><img decoding=\"async\"   src=\"https:\/\/puntodincontro.mx\/wp-content\/uploads\/2021\/11\/logo-ital.jpg\" class=\"attachment-post-thumbnail size-post-thumbnail wp-post-image\" alt=\"Patronato ITAL Messico\" srcset=\"https:\/\/puntodincontro.mx\/wp-content\/uploads\/2021\/11\/logo-ital.jpg 200w, https:\/\/puntodincontro.mx\/wp-content\/uploads\/2021\/11\/logo-ital-16x5.jpg 16w\" sizes=\"(max-width: 200px) 100vw, 200px\" \/><\/a><\/div><\/div><\/div><div class=\"wpadcenter-ad-container\" ><div id=\"wpadcenter-ad-1538\" class=\"ad-placement\"><div class=\"wpadcenter-ad-inner\" ><a id=\"wpadcenter_ad\" data-value=\"1538\" data-placement=\"\" href=\"https:\/\/asociacionitaliana.org\/\" target=\"_blank\" class=\"wpadcenter-ad-inner__item\" ><img decoding=\"async\"   src=\"https:\/\/puntodincontro.mx\/wp-content\/uploads\/2021\/11\/aialogo.jpg\" class=\"attachment-post-thumbnail size-post-thumbnail wp-post-image\" alt=\"Associazione Italiana di Assistenza IAP\" srcset=\"https:\/\/puntodincontro.mx\/wp-content\/uploads\/2021\/11\/aialogo.jpg 200w, https:\/\/puntodincontro.mx\/wp-content\/uploads\/2021\/11\/aialogo-18x5.jpg 18w\" sizes=\"(max-width: 200px) 100vw, 200px\" \/><\/a><\/div><\/div><\/div><div class=\"wpadcenter-ad-container\" ><div id=\"wpadcenter-ad-1513\" class=\"ad-placement\"><div class=\"wpadcenter-ad-inner\" ><a id=\"wpadcenter_ad\" data-value=\"1513\" data-placement=\"\" href=\"https:\/\/gcinmuebles.mx\" target=\"_blank\" class=\"wpadcenter-ad-inner__item\" ><img decoding=\"async\"   src=\"https:\/\/puntodincontro.mx\/wp-content\/uploads\/2021\/10\/gcinmuebleslogopunto-1.jpg\" class=\"attachment-post-thumbnail size-post-thumbnail wp-post-image\" alt=\"\" srcset=\"https:\/\/puntodincontro.mx\/wp-content\/uploads\/2021\/10\/gcinmuebleslogopunto-1.jpg 200w, https:\/\/puntodincontro.mx\/wp-content\/uploads\/2021\/10\/gcinmuebleslogopunto-1-18x5.jpg 18w\" sizes=\"(max-width: 200px) 100vw, 200px\" \/><\/a><\/div><\/div><\/div><\/div><div class=\"wpadcenter-adgroup__row wpadcenter-aligncenter\"><div class=\"wpadcenter-ad-container\" ><div id=\"wpadcenter-ad-1374\" class=\"ad-placement\"><div class=\"wpadcenter-ad-inner\" ><a id=\"wpadcenter_ad\" data-value=\"1374\" data-placement=\"\" href=\"https:\/\/www.9colonne.it\/\" target=\"_blank\" class=\"wpadcenter-ad-inner__item\" ><img decoding=\"async\"   src=\"https:\/\/puntodincontro.mx\/wp-content\/uploads\/2021\/10\/Banner9colonne.gif\" class=\"attachment-post-thumbnail size-post-thumbnail wp-post-image\" alt=\"\" \/><\/a><\/div><\/div><\/div><div class=\"wpadcenter-ad-container\" ><div id=\"wpadcenter-ad-276\" class=\"ad-placement\"><div class=\"wpadcenter-ad-inner\" ><a id=\"wpadcenter_ad\" data-value=\"276\" data-placement=\"\" href=\"http:\/\/www.camaraitaliana.mx\/\" target=\"_blank\" class=\"wpadcenter-ad-inner__item\" ><img decoding=\"async\"   src=\"https:\/\/puntodincontro.mx\/wp-content\/uploads\/2021\/08\/ccimnuovo.jpg\" class=\"attachment-post-thumbnail size-post-thumbnail wp-post-image\" alt=\"\" srcset=\"https:\/\/puntodincontro.mx\/wp-content\/uploads\/2021\/08\/ccimnuovo.jpg 200w, https:\/\/puntodincontro.mx\/wp-content\/uploads\/2021\/08\/ccimnuovo-18x5.jpg 18w\" sizes=\"(max-width: 200px) 100vw, 200px\" \/><\/a><\/div><\/div><\/div><div class=\"wpadcenter-ad-container\" ><div id=\"wpadcenter-ad-272\" class=\"ad-placement\"><div class=\"wpadcenter-ad-inner\" ><a id=\"wpadcenter_ad\" data-value=\"272\" data-placement=\"\" href=\"http:\/\/corix.us\/\" target=\"_blank\" class=\"wpadcenter-ad-inner__item\" ><img decoding=\"async\"   src=\"https:\/\/puntodincontro.mx\/wp-content\/uploads\/2021\/08\/corixbanner-1.jpg\" class=\"attachment-post-thumbnail size-post-thumbnail wp-post-image\" alt=\"\" srcset=\"https:\/\/puntodincontro.mx\/wp-content\/uploads\/2021\/08\/corixbanner-1.jpg 200w, https:\/\/puntodincontro.mx\/wp-content\/uploads\/2021\/08\/corixbanner-1-16x5.jpg 16w\" sizes=\"(max-width: 200px) 100vw, 200px\" \/><\/a><\/div><\/div><\/div><\/div><div class=\"wpadcenter-adgroup__row wpadcenter-aligncenter\"><div class=\"wpadcenter-ad-container\" ><div id=\"wpadcenter-ad-266\" class=\"ad-placement\"><div class=\"wpadcenter-ad-inner\" ><a id=\"wpadcenter_ad\" data-value=\"266\" data-placement=\"\" href=\"https:\/\/www.prinsel.com.mx\/\" target=\"_blank\" class=\"wpadcenter-ad-inner__item\" ><img decoding=\"async\"   src=\"https:\/\/puntodincontro.mx\/wp-content\/uploads\/2021\/08\/prinselbanner-1.jpg\" class=\"attachment-post-thumbnail size-post-thumbnail wp-post-image\" alt=\"\" srcset=\"https:\/\/puntodincontro.mx\/wp-content\/uploads\/2021\/08\/prinselbanner-1.jpg 200w, https:\/\/puntodincontro.mx\/wp-content\/uploads\/2021\/08\/prinselbanner-1-16x5.jpg 16w\" sizes=\"(max-width: 200px) 100vw, 200px\" \/><\/a><\/div><\/div><\/div><div class=\"wpadcenter-ad-container\" ><div id=\"wpadcenter-ad-261\" class=\"ad-placement\"><div class=\"wpadcenter-ad-inner\" ><a id=\"wpadcenter_ad\" data-value=\"261\" data-placement=\"\" href=\"https:\/\/ambcittadelmessico.esteri.it\/ambasciata_cittadelmessico\/it\/\" target=\"_blank\" class=\"wpadcenter-ad-inner__item\" ><img decoding=\"async\"   src=\"https:\/\/puntodincontro.mx\/wp-content\/uploads\/2021\/08\/ambasciatabanner-1.jpg\" class=\"attachment-post-thumbnail size-post-thumbnail wp-post-image\" alt=\"\" srcset=\"https:\/\/puntodincontro.mx\/wp-content\/uploads\/2021\/08\/ambasciatabanner-1.jpg 200w, https:\/\/puntodincontro.mx\/wp-content\/uploads\/2021\/08\/ambasciatabanner-1-16x5.jpg 16w\" sizes=\"(max-width: 200px) 100vw, 200px\" \/><\/a><\/div><\/div><\/div><\/div><\/div>\n\n\n<div style=\"height:12px\" aria-hidden=\"true\" class=\"wp-block-spacer\"><\/div>","protected":false},"excerpt":{"rendered":"<p>Ore 19.09 &#8211; Sar\u00e0 inaugurata il prossimo 6 luglio a Firenze \u2014presso l\u2019ex monastero della Santissima Concezione, all\u2019interno del complesso di Santa Maria Novella\u2014 la prima sezione del Museo Nazionale dell\u2019Italiano (MUNDI): due sale permetteranno di scoprire l\u2019origine e l\u2019evoluzione di una delle lingue pi\u00f9 amate al mondo, a partire da alcune iscrizioni provenienti dal Museo Nazionale Romano, dal Parco Archeologico di Pompei e dal Museo delle Civilt\u00e0, passando dalle prime testimonianze in volgare come il \u201cPlacito capuano\u201d, all\u2019opera di Dante, che fissa la lingua del \u201cs\u00ec\u201d, fino al manuale culinario di Pellegrino Artusi. L\u2019allestimento \u2014che arriver\u00e0 a coprire oltre&#8230; <\/p>","protected":false},"author":2,"featured_media":6189,"comment_status":"open","ping_status":"open","sticky":false,"template":"","format":"standard","meta":{"_monsterinsights_skip_tracking":false,"_monsterinsights_sitenote_active":false,"_monsterinsights_sitenote_note":"","_monsterinsights_sitenote_category":0,"footnotes":""},"categories":[25],"tags":[],"class_list":["post-6184","post","type-post","status-publish","format-standard","has-post-thumbnail","hentry","category-cultura"],"yoast_head":"<!-- This site is optimized with the Yoast SEO Premium plugin v18.4 (Yoast SEO v25.6) - https:\/\/yoast.com\/wordpress\/plugins\/seo\/ -->\n<title>Apre a Firenze il Museo Nazionale dell&#039;Italiano Puntodincontro<\/title>\n<meta name=\"description\" content=\"Sar\u00e0 inaugurata il prossimo 6 luglio a Firenze \u2014presso l\u2019ex monastero della Santissima Concezione, all\u2019interno del complesso di Santa Maria Novella\u2014 la prima sezione del Museo Nazionale dell\u2019Italiano (MUNDI): due sale permetteranno di scoprire l\u2019origine e l\u2019evoluzione di una delle lingue pi\u00f9 amate al mondo, a partire da alcune iscrizioni provenienti dal Museo Nazionale Romano, dal Parco Archeologico di Pompei e dal Museo delle Civilt\u00e0, passando dalle prime testimonianze in volgare come il \u201cPlacito capuano\u201d, all\u2019opera di Dante, che fissa la lingua del \u201cs\u00ec\u201d, fino al manuale culinario di Pellegrino Artusi.\" \/>\n<meta name=\"robots\" content=\"index, follow, max-snippet:-1, max-image-preview:large, max-video-preview:-1\" \/>\n<link rel=\"canonical\" href=\"https:\/\/puntodincontro.mx\/es\/2022\/07\/04\/abre-en-florencia-el-museo-nacional-del-italiano\/\" \/>\n<meta property=\"og:locale\" content=\"es_MX\" \/>\n<meta property=\"og:type\" content=\"article\" \/>\n<meta property=\"og:title\" content=\"Apre a Firenze il Museo Nazionale dell&#039;Italiano\" \/>\n<meta property=\"og:description\" content=\"Sar\u00e0 inaugurata il prossimo 6 luglio a Firenze \u2014presso l\u2019ex monastero della Santissima Concezione, all\u2019interno del complesso di Santa Maria Novella\u2014 la prima sezione del Museo Nazionale dell\u2019Italiano (MUNDI): due sale permetteranno di scoprire l\u2019origine e l\u2019evoluzione di una delle lingue pi\u00f9 amate al mondo, a partire da alcune iscrizioni provenienti dal Museo Nazionale Romano, dal Parco Archeologico di Pompei e dal Museo delle Civilt\u00e0, passando dalle prime testimonianze in volgare come il \u201cPlacito capuano\u201d, all\u2019opera di Dante, che fissa la lingua del \u201cs\u00ec\u201d, fino al manuale culinario di Pellegrino Artusi.\" \/>\n<meta property=\"og:url\" content=\"https:\/\/puntodincontro.mx\/es\/2022\/07\/04\/abre-en-florencia-el-museo-nacional-del-italiano\/\" \/>\n<meta property=\"og:site_name\" content=\"Puntodincontro\" \/>\n<meta property=\"article:publisher\" content=\"https:\/\/www.facebook.com\/puntodincontro.mx\" \/>\n<meta property=\"article:published_time\" content=\"2022-07-05T00:26:20+00:00\" \/>\n<meta property=\"article:modified_time\" content=\"2022-07-05T00:26:21+00:00\" \/>\n<meta property=\"og:image\" content=\"https:\/\/puntodincontro.mx\/wp-content\/uploads\/2022\/07\/museodellitalianovert.webp\" \/>\n\t<meta property=\"og:image:width\" content=\"423\" \/>\n\t<meta property=\"og:image:height\" content=\"488\" \/>\n\t<meta property=\"og:image:type\" content=\"image\/webp\" \/>\n<meta name=\"author\" content=\"Puntodincontro\" \/>\n<meta name=\"twitter:card\" content=\"summary_large_image\" \/>\n<meta name=\"twitter:creator\" content=\"@puntodincontro\" \/>\n<meta name=\"twitter:site\" content=\"@puntodincontro\" \/>\n<meta name=\"twitter:label1\" content=\"Escrito por\" \/>\n\t<meta name=\"twitter:data1\" content=\"Puntodincontro\" \/>\n\t<meta name=\"twitter:label2\" content=\"Tiempo de lectura\" \/>\n\t<meta name=\"twitter:data2\" content=\"2 minutos\" \/>\n<script type=\"application\/ld+json\" class=\"yoast-schema-graph\">{\"@context\":\"https:\/\/schema.org\",\"@graph\":[{\"@type\":\"NewsArticle\",\"@id\":\"https:\/\/puntodincontro.mx\/2022\/07\/04\/apre-a-firenze-il-museo-nazionale-dellitaliano\/#article\",\"isPartOf\":{\"@id\":\"https:\/\/puntodincontro.mx\/2022\/07\/04\/apre-a-firenze-il-museo-nazionale-dellitaliano\/\"},\"author\":{\"name\":\"Puntodincontro\",\"@id\":\"https:\/\/puntodincontro.mx\/#\/schema\/person\/d3066d18a16259cbb0c29b0d0e93b556\"},\"headline\":\"Apre a Firenze il Museo Nazionale dell&#8217;Italiano\",\"datePublished\":\"2022-07-05T00:26:20+00:00\",\"dateModified\":\"2022-07-05T00:26:21+00:00\",\"mainEntityOfPage\":{\"@id\":\"https:\/\/puntodincontro.mx\/2022\/07\/04\/apre-a-firenze-il-museo-nazionale-dellitaliano\/\"},\"wordCount\":301,\"commentCount\":1,\"publisher\":{\"@id\":\"https:\/\/puntodincontro.mx\/#organization\"},\"image\":{\"@id\":\"https:\/\/puntodincontro.mx\/2022\/07\/04\/apre-a-firenze-il-museo-nazionale-dellitaliano\/#primaryimage\"},\"thumbnailUrl\":\"https:\/\/puntodincontro.mx\/wp-content\/uploads\/2022\/07\/museodellitalianovert.webp\",\"articleSection\":[\"Cultura\"],\"inLanguage\":\"es\",\"potentialAction\":[{\"@type\":\"CommentAction\",\"name\":\"Comment\",\"target\":[\"https:\/\/puntodincontro.mx\/2022\/07\/04\/apre-a-firenze-il-museo-nazionale-dellitaliano\/#respond\"]}]},{\"@type\":\"WebPage\",\"@id\":\"https:\/\/puntodincontro.mx\/2022\/07\/04\/apre-a-firenze-il-museo-nazionale-dellitaliano\/\",\"url\":\"https:\/\/puntodincontro.mx\/2022\/07\/04\/apre-a-firenze-il-museo-nazionale-dellitaliano\/\",\"name\":\"Apre a Firenze il Museo Nazionale dell'Italiano Puntodincontro\",\"isPartOf\":{\"@id\":\"https:\/\/puntodincontro.mx\/#website\"},\"primaryImageOfPage\":{\"@id\":\"https:\/\/puntodincontro.mx\/2022\/07\/04\/apre-a-firenze-il-museo-nazionale-dellitaliano\/#primaryimage\"},\"image\":{\"@id\":\"https:\/\/puntodincontro.mx\/2022\/07\/04\/apre-a-firenze-il-museo-nazionale-dellitaliano\/#primaryimage\"},\"thumbnailUrl\":\"https:\/\/puntodincontro.mx\/wp-content\/uploads\/2022\/07\/museodellitalianovert.webp\",\"datePublished\":\"2022-07-05T00:26:20+00:00\",\"dateModified\":\"2022-07-05T00:26:21+00:00\",\"description\":\"Sar\u00e0 inaugurata il prossimo 6 luglio a Firenze \u2014presso l\u2019ex monastero della Santissima Concezione, all\u2019interno del complesso di Santa Maria Novella\u2014 la prima sezione del Museo Nazionale dell\u2019Italiano (MUNDI): due sale permetteranno di scoprire l\u2019origine e l\u2019evoluzione di una delle lingue pi\u00f9 amate al mondo, a partire da alcune iscrizioni provenienti dal Museo Nazionale Romano, dal Parco Archeologico di Pompei e dal Museo delle Civilt\u00e0, passando dalle prime testimonianze in volgare come il \u201cPlacito capuano\u201d, all\u2019opera di Dante, che fissa la lingua del \u201cs\u00ec\u201d, fino al manuale culinario di Pellegrino Artusi.\",\"breadcrumb\":{\"@id\":\"https:\/\/puntodincontro.mx\/2022\/07\/04\/apre-a-firenze-il-museo-nazionale-dellitaliano\/#breadcrumb\"},\"inLanguage\":\"es\",\"potentialAction\":[{\"@type\":\"ReadAction\",\"target\":[\"https:\/\/puntodincontro.mx\/2022\/07\/04\/apre-a-firenze-il-museo-nazionale-dellitaliano\/\"]}]},{\"@type\":\"ImageObject\",\"inLanguage\":\"es\",\"@id\":\"https:\/\/puntodincontro.mx\/2022\/07\/04\/apre-a-firenze-il-museo-nazionale-dellitaliano\/#primaryimage\",\"url\":\"https:\/\/puntodincontro.mx\/wp-content\/uploads\/2022\/07\/museodellitalianovert.webp\",\"contentUrl\":\"https:\/\/puntodincontro.mx\/wp-content\/uploads\/2022\/07\/museodellitalianovert.webp\",\"width\":423,\"height\":488,\"caption\":\"Apre a Firenze il Museo Nazionale dell'Italiano\"},{\"@type\":\"BreadcrumbList\",\"@id\":\"https:\/\/puntodincontro.mx\/2022\/07\/04\/apre-a-firenze-il-museo-nazionale-dellitaliano\/#breadcrumb\",\"itemListElement\":[{\"@type\":\"ListItem\",\"position\":1,\"name\":\"Home\",\"item\":\"https:\/\/puntodincontro.mx\/\"},{\"@type\":\"ListItem\",\"position\":2,\"name\":\"Apre a Firenze il Museo Nazionale dell&#8217;Italiano\"}]},{\"@type\":\"WebSite\",\"@id\":\"https:\/\/puntodincontro.mx\/#website\",\"url\":\"https:\/\/puntodincontro.mx\/\",\"name\":\"Puntodincontro\",\"description\":\"Dal 2006 notizie sui rapporti Italia-Messico \/ Desde 2006 noticias sobre las relaciones entre Italia y M\u00e9xico\",\"publisher\":{\"@id\":\"https:\/\/puntodincontro.mx\/#organization\"},\"potentialAction\":[{\"@type\":\"SearchAction\",\"target\":{\"@type\":\"EntryPoint\",\"urlTemplate\":\"https:\/\/puntodincontro.mx\/?s={search_term_string}\"},\"query-input\":{\"@type\":\"PropertyValueSpecification\",\"valueRequired\":true,\"valueName\":\"search_term_string\"}}],\"inLanguage\":\"es\"},{\"@type\":\"Organization\",\"@id\":\"https:\/\/puntodincontro.mx\/#organization\",\"name\":\"Puntodincontro\",\"url\":\"https:\/\/puntodincontro.mx\/\",\"logo\":{\"@type\":\"ImageObject\",\"inLanguage\":\"es\",\"@id\":\"https:\/\/puntodincontro.mx\/#\/schema\/logo\/image\/\",\"url\":\"https:\/\/puntodincontro.mx\/wp-content\/uploads\/2021\/08\/Default-image-for-open-graph-settings.jpg\",\"contentUrl\":\"https:\/\/puntodincontro.mx\/wp-content\/uploads\/2021\/08\/Default-image-for-open-graph-settings.jpg\",\"width\":1200,\"height\":630,\"caption\":\"Puntodincontro\"},\"image\":{\"@id\":\"https:\/\/puntodincontro.mx\/#\/schema\/logo\/image\/\"},\"sameAs\":[\"https:\/\/www.facebook.com\/puntodincontro.mx\",\"https:\/\/x.com\/puntodincontro\",\"https:\/\/www.instagram.com\/puntodincontro.mx\/\",\"https:\/\/www.linkedin.com\/company\/puntodincontro\/\",\"https:\/\/www.youtube.com\/c\/puntodincontromessico\",\"https:\/\/www.patreon.com\/puntodincontro\",\"https:\/\/www.threads.net\/@puntodincontro.mx\"]},{\"@type\":\"Person\",\"@id\":\"https:\/\/puntodincontro.mx\/#\/schema\/person\/d3066d18a16259cbb0c29b0d0e93b556\",\"name\":\"Puntodincontro\",\"image\":{\"@type\":\"ImageObject\",\"inLanguage\":\"es\",\"@id\":\"https:\/\/puntodincontro.mx\/#\/schema\/person\/image\/\",\"url\":\"https:\/\/secure.gravatar.com\/avatar\/0e85b4b3b5e9d6bfcec6a4956d8cc63a?s=96&d=mm&r=g\",\"contentUrl\":\"https:\/\/secure.gravatar.com\/avatar\/0e85b4b3b5e9d6bfcec6a4956d8cc63a?s=96&d=mm&r=g\",\"caption\":\"Puntodincontro\"},\"url\":\"https:\/\/puntodincontro.mx\/es\/author\/puntodincontro\/\"}]}<\/script>\n<!-- \/ Yoast SEO Premium plugin. -->","yoast_head_json":{"title":"Apre a Firenze il Museo Nazionale dell'Italiano Puntodincontro","description":"Ser\u00e1 inaugurada el 6 de julio en Florencia \u2014en el antiguo monasterio de la Santissima Concezione, dentro del complejo de Santa Maria Novella\u2014 la primera secci\u00f3n del Museo Nacional del Italiano (MUNDI): dos salas permitir\u00e1n descubrir el origen y la evoluci\u00f3n de una de las lenguas m\u00e1s populares en el mundo, comenzando por algunas inscripciones del Museo Nacional Romano, el Parque Arqueol\u00f3gico de Pompeya y el Museo de las Civilizaciones, pasando por los primeros testimonios en lengua vern\u00e1cula como \u201cPlacito capuano\u201d, hasta la obra de Dante, que fija el lenguaje del \u201cs\u00ec\u201d, hasta el manual culinario de Pellegrino Artusi.","robots":{"index":"index","follow":"follow","max-snippet":"max-snippet:-1","max-image-preview":"max-image-preview:large","max-video-preview":"max-video-preview:-1"},"canonical":"https:\/\/puntodincontro.mx\/es\/2022\/07\/04\/abre-en-florencia-el-museo-nacional-del-italiano\/","og_locale":"es_MX","og_type":"article","og_title":"Apre a Firenze il Museo Nazionale dell'Italiano","og_description":"Sar\u00e0 inaugurata il prossimo 6 luglio a Firenze \u2014presso l\u2019ex monastero della Santissima Concezione, all\u2019interno del complesso di Santa Maria Novella\u2014 la prima sezione del Museo Nazionale dell\u2019Italiano (MUNDI): due sale permetteranno di scoprire l\u2019origine e l\u2019evoluzione di una delle lingue pi\u00f9 amate al mondo, a partire da alcune iscrizioni provenienti dal Museo Nazionale Romano, dal Parco Archeologico di Pompei e dal Museo delle Civilt\u00e0, passando dalle prime testimonianze in volgare come il \u201cPlacito capuano\u201d, all\u2019opera di Dante, che fissa la lingua del \u201cs\u00ec\u201d, fino al manuale culinario di Pellegrino Artusi.","og_url":"https:\/\/puntodincontro.mx\/es\/2022\/07\/04\/abre-en-florencia-el-museo-nacional-del-italiano\/","og_site_name":"Puntodincontro","article_publisher":"https:\/\/www.facebook.com\/puntodincontro.mx","article_published_time":"2022-07-05T00:26:20+00:00","article_modified_time":"2022-07-05T00:26:21+00:00","og_image":[{"width":423,"height":488,"url":"https:\/\/puntodincontro.mx\/wp-content\/uploads\/2022\/07\/museodellitalianovert.webp","type":"image\/webp"}],"author":"Puntodincontro","twitter_card":"summary_large_image","twitter_creator":"@puntodincontro","twitter_site":"@puntodincontro","twitter_misc":{"Escrito por":"Puntodincontro","Tiempo de lectura":"2 minutos"},"schema":{"@context":"https:\/\/schema.org","@graph":[{"@type":"NewsArticle","@id":"https:\/\/puntodincontro.mx\/2022\/07\/04\/apre-a-firenze-il-museo-nazionale-dellitaliano\/#article","isPartOf":{"@id":"https:\/\/puntodincontro.mx\/2022\/07\/04\/apre-a-firenze-il-museo-nazionale-dellitaliano\/"},"author":{"name":"Puntodincontro","@id":"https:\/\/puntodincontro.mx\/#\/schema\/person\/d3066d18a16259cbb0c29b0d0e93b556"},"headline":"Apre a Firenze il Museo Nazionale dell&#8217;Italiano","datePublished":"2022-07-05T00:26:20+00:00","dateModified":"2022-07-05T00:26:21+00:00","mainEntityOfPage":{"@id":"https:\/\/puntodincontro.mx\/2022\/07\/04\/apre-a-firenze-il-museo-nazionale-dellitaliano\/"},"wordCount":301,"commentCount":1,"publisher":{"@id":"https:\/\/puntodincontro.mx\/#organization"},"image":{"@id":"https:\/\/puntodincontro.mx\/2022\/07\/04\/apre-a-firenze-il-museo-nazionale-dellitaliano\/#primaryimage"},"thumbnailUrl":"https:\/\/puntodincontro.mx\/wp-content\/uploads\/2022\/07\/museodellitalianovert.webp","articleSection":["Cultura"],"inLanguage":"es","potentialAction":[{"@type":"CommentAction","name":"Comment","target":["https:\/\/puntodincontro.mx\/2022\/07\/04\/apre-a-firenze-il-museo-nazionale-dellitaliano\/#respond"]}]},{"@type":"WebPage","@id":"https:\/\/puntodincontro.mx\/2022\/07\/04\/apre-a-firenze-il-museo-nazionale-dellitaliano\/","url":"https:\/\/puntodincontro.mx\/2022\/07\/04\/apre-a-firenze-il-museo-nazionale-dellitaliano\/","name":"Apre a Firenze il Museo Nazionale dell'Italiano Puntodincontro","isPartOf":{"@id":"https:\/\/puntodincontro.mx\/#website"},"primaryImageOfPage":{"@id":"https:\/\/puntodincontro.mx\/2022\/07\/04\/apre-a-firenze-il-museo-nazionale-dellitaliano\/#primaryimage"},"image":{"@id":"https:\/\/puntodincontro.mx\/2022\/07\/04\/apre-a-firenze-il-museo-nazionale-dellitaliano\/#primaryimage"},"thumbnailUrl":"https:\/\/puntodincontro.mx\/wp-content\/uploads\/2022\/07\/museodellitalianovert.webp","datePublished":"2022-07-05T00:26:20+00:00","dateModified":"2022-07-05T00:26:21+00:00","description":"Ser\u00e1 inaugurada el 6 de julio en Florencia \u2014en el antiguo monasterio de la Santissima Concezione, dentro del complejo de Santa Maria Novella\u2014 la primera secci\u00f3n del Museo Nacional del Italiano (MUNDI): dos salas permitir\u00e1n descubrir el origen y la evoluci\u00f3n de una de las lenguas m\u00e1s populares en el mundo, comenzando por algunas inscripciones del Museo Nacional Romano, el Parque Arqueol\u00f3gico de Pompeya y el Museo de las Civilizaciones, pasando por los primeros testimonios en lengua vern\u00e1cula como \u201cPlacito capuano\u201d, hasta la obra de Dante, que fija el lenguaje del \u201cs\u00ec\u201d, hasta el manual culinario de Pellegrino Artusi.","breadcrumb":{"@id":"https:\/\/puntodincontro.mx\/2022\/07\/04\/apre-a-firenze-il-museo-nazionale-dellitaliano\/#breadcrumb"},"inLanguage":"es","potentialAction":[{"@type":"ReadAction","target":["https:\/\/puntodincontro.mx\/2022\/07\/04\/apre-a-firenze-il-museo-nazionale-dellitaliano\/"]}]},{"@type":"ImageObject","inLanguage":"es","@id":"https:\/\/puntodincontro.mx\/2022\/07\/04\/apre-a-firenze-il-museo-nazionale-dellitaliano\/#primaryimage","url":"https:\/\/puntodincontro.mx\/wp-content\/uploads\/2022\/07\/museodellitalianovert.webp","contentUrl":"https:\/\/puntodincontro.mx\/wp-content\/uploads\/2022\/07\/museodellitalianovert.webp","width":423,"height":488,"caption":"Apre a Firenze il Museo Nazionale dell'Italiano"},{"@type":"BreadcrumbList","@id":"https:\/\/puntodincontro.mx\/2022\/07\/04\/apre-a-firenze-il-museo-nazionale-dellitaliano\/#breadcrumb","itemListElement":[{"@type":"ListItem","position":1,"name":"Home","item":"https:\/\/puntodincontro.mx\/"},{"@type":"ListItem","position":2,"name":"Apre a Firenze il Museo Nazionale dell&#8217;Italiano"}]},{"@type":"WebSite","@id":"https:\/\/puntodincontro.mx\/#website","url":"https:\/\/puntodincontro.mx\/","name":"Puntodincontro","description":"Desde el 2006 noticias sobre las relaciones entre Italia y M\u00e9xico \/ Dal 2006 notizie sui rapporti Italia-Messico","publisher":{"@id":"https:\/\/puntodincontro.mx\/#organization"},"potentialAction":[{"@type":"SearchAction","target":{"@type":"EntryPoint","urlTemplate":"https:\/\/puntodincontro.mx\/?s={search_term_string}"},"query-input":{"@type":"PropertyValueSpecification","valueRequired":true,"valueName":"search_term_string"}}],"inLanguage":"es"},{"@type":"Organization","@id":"https:\/\/puntodincontro.mx\/#organization","name":"Puntodincontro","url":"https:\/\/puntodincontro.mx\/","logo":{"@type":"ImageObject","inLanguage":"es","@id":"https:\/\/puntodincontro.mx\/#\/schema\/logo\/image\/","url":"https:\/\/puntodincontro.mx\/wp-content\/uploads\/2021\/08\/Default-image-for-open-graph-settings.jpg","contentUrl":"https:\/\/puntodincontro.mx\/wp-content\/uploads\/2021\/08\/Default-image-for-open-graph-settings.jpg","width":1200,"height":630,"caption":"Puntodincontro"},"image":{"@id":"https:\/\/puntodincontro.mx\/#\/schema\/logo\/image\/"},"sameAs":["https:\/\/www.facebook.com\/puntodincontro.mx","https:\/\/x.com\/puntodincontro","https:\/\/www.instagram.com\/puntodincontro.mx\/","https:\/\/www.linkedin.com\/company\/puntodincontro\/","https:\/\/www.youtube.com\/c\/puntodincontromessico","https:\/\/www.patreon.com\/puntodincontro","https:\/\/www.threads.net\/@puntodincontro.mx"]},{"@type":"Person","@id":"https:\/\/puntodincontro.mx\/#\/schema\/person\/d3066d18a16259cbb0c29b0d0e93b556","name":"Puntodincontro","image":{"@type":"ImageObject","inLanguage":"es","@id":"https:\/\/puntodincontro.mx\/#\/schema\/person\/image\/","url":"https:\/\/secure.gravatar.com\/avatar\/0e85b4b3b5e9d6bfcec6a4956d8cc63a?s=96&d=mm&r=g","contentUrl":"https:\/\/secure.gravatar.com\/avatar\/0e85b4b3b5e9d6bfcec6a4956d8cc63a?s=96&d=mm&r=g","caption":"Puntodincontro"},"url":"https:\/\/puntodincontro.mx\/es\/author\/puntodincontro\/"}]}},"_links":{"self":[{"href":"https:\/\/puntodincontro.mx\/es\/wp-json\/wp\/v2\/posts\/6184"}],"collection":[{"href":"https:\/\/puntodincontro.mx\/es\/wp-json\/wp\/v2\/posts"}],"about":[{"href":"https:\/\/puntodincontro.mx\/es\/wp-json\/wp\/v2\/types\/post"}],"author":[{"embeddable":true,"href":"https:\/\/puntodincontro.mx\/es\/wp-json\/wp\/v2\/users\/2"}],"replies":[{"embeddable":true,"href":"https:\/\/puntodincontro.mx\/es\/wp-json\/wp\/v2\/comments?post=6184"}],"version-history":[{"count":4,"href":"https:\/\/puntodincontro.mx\/es\/wp-json\/wp\/v2\/posts\/6184\/revisions"}],"predecessor-version":[{"id":6191,"href":"https:\/\/puntodincontro.mx\/es\/wp-json\/wp\/v2\/posts\/6184\/revisions\/6191"}],"wp:featuredmedia":[{"embeddable":true,"href":"https:\/\/puntodincontro.mx\/es\/wp-json\/wp\/v2\/media\/6189"}],"wp:attachment":[{"href":"https:\/\/puntodincontro.mx\/es\/wp-json\/wp\/v2\/media?parent=6184"}],"wp:term":[{"taxonomy":"category","embeddable":true,"href":"https:\/\/puntodincontro.mx\/es\/wp-json\/wp\/v2\/categories?post=6184"},{"taxonomy":"post_tag","embeddable":true,"href":"https:\/\/puntodincontro.mx\/es\/wp-json\/wp\/v2\/tags?post=6184"}],"curies":[{"name":"wp","href":"https:\/\/api.w.org\/{rel}","templated":true}]}}