{"id":6254,"date":"2022-07-11T18:31:02","date_gmt":"2022-07-11T23:31:02","guid":{"rendered":"https:\/\/puntodincontro.mx\/?p=6254"},"modified":"2022-07-11T19:24:37","modified_gmt":"2022-07-12T00:24:37","slug":"apre-a-leon-la-prima-edizione-di-ecomondo-mexico","status":"publish","type":"post","link":"https:\/\/puntodincontro.mx\/es\/2022\/07\/11\/apre-a-leon-la-prima-edizione-di-ecomondo-mexico\/","title":{"rendered":"Abre en Le\u00f3n la primera edici\u00f3n de Ecomondo M\u00e9xico"},"content":{"rendered":"<p class=\"translation-block\"><strong>18:20 hrs.<\/strong> - Del 12 al 14 de julio se llevar\u00e1 a cabo en el centro de congresos y exposiciones Poliforum de la ciudad de Le\u00f3n, en el Estado de Guanajuato, la feria Ecomondo M\u00e9xico, primera edici\u00f3n en el pa\u00eds del evento l\u00edder en Europa dedicado a las tecnolog\u00edas para la transici\u00f3n ecol\u00f3gica y la econom\u00eda circular.<\/p>\n\n\n\n<p>Participar\u00e1n expositores enfocados en todas las tecnolog\u00edas y soluciones de los segmentos que impulsan el desarrollo sostenible y el cuidado de los recursos naturales.<\/p>\n\n\n\n<p>La manifestaci\u00f3n, organizada por Deutsche Messe e Italian Exhibition Group con la colaboraci\u00f3n del gobierno del Estado de Guanajuato, permitir\u00e1 a los asistentes analizar las oportunidades de mercado y abordar\u00e1 las posibilidades de administraci\u00f3n de un entorno empresarial y de responsabilidad social cada vez m\u00e1s complejo.<\/p>\n\n\n\n<p class=\"translation-block\">El <a href=\"https:\/\/ecomondomessico.digital.ice.it\/ricerca\" target=\"_blank\" rel=\"noreferrer noopener\">Pabell\u00f3n Italia<\/a>, coordinado por la Agencia ICE, ver\u00e1 la participaci\u00f3n de 20 empresas del pa\u00eds de la bota que operan en los sectores de la construcci\u00f3n, limpieza del aire, tratamiento y purificaci\u00f3n del agua, reciclaje y manejo de materiales, certificaci\u00f3n de proyectos y procesos e ingenier\u00eda ambiental, entre otros.<\/p>\n\n\n\n<p class=\"translation-block\">Durante los tres d\u00edas est\u00e1n programadas <a href=\"https:\/\/hfmexico.mx\/ecomondo\/conference-program-eco-2022\/#rdv-calendar\" target=\"_blank\" rel=\"noreferrer noopener\">conferencias y mesas redondas<\/a> con la participaci\u00f3n de Mario L\u00f3pez (Instituto Mexicano de Tecnolog\u00eda del Agua); Alejandra Reynoso (Senado de la R\u00e9publica); Francisco Vaqueiro (consejero delegado del TMEC de Coparmex Nacional); H\u00e9ctor L\u00f3pez Santillana (director de Puerto Interior); Julieta Leo (Centro Mario Molina); Marco Ricci (Asociaci\u00f3n Italiana de Compostaje y miembro de Comit\u00e9 t\u00e9cnico-cient\u00edfico de Ecomondo); Gustavo Solorzano (consultor); Marco Giovanard (Ecologia Soluzione Ambiente Spa); Linda Lolli (Easy Srl ); Humberto Ra\u00fal Jim\u00e9nez Grajales (Instituto Nacional de Electricidad y Energ\u00edas limpias); Daniel Mart\u00ednez Baz\u00faa (Asociaci\u00f3n Mexicana de Hidr\u00e1ulica); Alejandra Guti\u00e9rrez (alcaldesa de Le\u00f3n); Daniela Correa Sandoval (SinCarbono.io); Rita Col\u00f3n (BlauCorp); Daniel S\u00e1nchez (Elica Avante); Francisco Alejandro Contreras del Valle (DTC M\u00e9xico); Francesco Fatone (miembro de la Asociaci\u00f3n Internacional del Agua y profesor de la Universidad Polit\u00e9cnica de las Marcas); Luis Alberto Arellano Garc\u00eda (Ciatej); Alejandra Herrera (subdirectora de proyectos especiales e innovaci\u00f3n de SAPAL); Oriana Landa Cansigno (investigadora del CIATEC); Frinee Kathia Cano Robles (directora de sostenibilidad e iniciativas ambientales de C&amp;A M\u00e9xico) y Luisa Sierra (Directora de energ\u00eda ICM).<\/p>\n\n\n\n<div style=\"height:12px\" aria-hidden=\"true\" class=\"wp-block-spacer\"><\/div>\n\n\n<!-- Ad space powered by WP AdCenter v2.5.7 - https:\/\/wpadcenter.com\/ --><div class=\"wpadcenter-adgroup\" ><div class=\"wpadcenter-adgroup__row wpadcenter-aligncenter\"><div class=\"wpadcenter-ad-container\" ><div id=\"wpadcenter-ad-18464\" class=\"ad-placement\"><div class=\"wpadcenter-ad-inner\" ><a id=\"wpadcenter_ad\" data-value=\"18464\" data-placement=\"\" href=\"https:\/\/www.productosremo.com\/\" target=\"_blank\" class=\"wpadcenter-ad-inner__item\" ><img decoding=\"async\"   src=\"https:\/\/puntodincontro.mx\/wp-content\/uploads\/2021\/08\/remobanner.jpg\" class=\"attachment-post-thumbnail size-post-thumbnail wp-post-image\" alt=\"\" srcset=\"https:\/\/puntodincontro.mx\/wp-content\/uploads\/2021\/08\/remobanner.jpg 200w, https:\/\/puntodincontro.mx\/wp-content\/uploads\/2021\/08\/remobanner-16x5.jpg 16w\" sizes=\"(max-width: 200px) 100vw, 200px\" \/><\/a><\/div><\/div><\/div><div class=\"wpadcenter-ad-container\" ><div id=\"wpadcenter-ad-5305\" class=\"ad-placement\"><div class=\"wpadcenter-ad-inner\" ><a id=\"wpadcenter_ad\" data-value=\"5305\" data-placement=\"\" href=\"https:\/\/ambcittadelmessico.esteri.it\/ambasciata_cittadelmessico\/it\/\" target=\"_blank\" class=\"wpadcenter-ad-inner__item\" ><img decoding=\"async\"   src=\"https:\/\/puntodincontro.mx\/wp-content\/uploads\/2022\/05\/Ambasciata.jpg\" class=\"attachment-post-thumbnail size-post-thumbnail wp-post-image\" alt=\"\" srcset=\"https:\/\/puntodincontro.mx\/wp-content\/uploads\/2022\/05\/Ambasciata.jpg 200w, https:\/\/puntodincontro.mx\/wp-content\/uploads\/2022\/05\/Ambasciata-18x5.jpg 18w\" sizes=\"(max-width: 200px) 100vw, 200px\" \/><\/a><\/div><\/div><\/div><div class=\"wpadcenter-ad-container\" ><div id=\"wpadcenter-ad-3781\" class=\"ad-placement\"><div class=\"wpadcenter-ad-inner\" ><a id=\"wpadcenter_ad\" data-value=\"3781\" data-placement=\"\" href=\"https:\/\/cannizzo.com.mx\/\" target=\"_blank\" class=\"wpadcenter-ad-inner__item\" ><img decoding=\"async\"   src=\"https:\/\/puntodincontro.mx\/wp-content\/uploads\/2022\/03\/cannizzo2.jpg\" class=\"attachment-post-thumbnail size-post-thumbnail wp-post-image\" alt=\"\" srcset=\"https:\/\/puntodincontro.mx\/wp-content\/uploads\/2022\/03\/cannizzo2.jpg 200w, https:\/\/puntodincontro.mx\/wp-content\/uploads\/2022\/03\/cannizzo2-18x5.jpg 18w\" sizes=\"(max-width: 200px) 100vw, 200px\" \/><\/a><\/div><\/div><\/div><\/div><div class=\"wpadcenter-adgroup__row wpadcenter-aligncenter\"><div class=\"wpadcenter-ad-container\" ><div id=\"wpadcenter-ad-1704\" class=\"ad-placement\"><div class=\"wpadcenter-ad-inner\" ><a id=\"wpadcenter_ad\" data-value=\"1704\" data-placement=\"\" href=\"https:\/\/puntodincontro.mx\/es\/2021\/12\/24\/inps-verificacion-de-supervivencia-de-los-pensionados-en-el-extranjero\/\" target=\"_blank\" class=\"wpadcenter-ad-inner__item\" ><img decoding=\"async\"   src=\"https:\/\/puntodincontro.mx\/wp-content\/uploads\/2021\/11\/logo-ital.jpg\" class=\"attachment-post-thumbnail size-post-thumbnail wp-post-image\" alt=\"Patronato ITAL Messico\" srcset=\"https:\/\/puntodincontro.mx\/wp-content\/uploads\/2021\/11\/logo-ital.jpg 200w, https:\/\/puntodincontro.mx\/wp-content\/uploads\/2021\/11\/logo-ital-16x5.jpg 16w\" sizes=\"(max-width: 200px) 100vw, 200px\" \/><\/a><\/div><\/div><\/div><div class=\"wpadcenter-ad-container\" ><div id=\"wpadcenter-ad-1538\" class=\"ad-placement\"><div class=\"wpadcenter-ad-inner\" ><a id=\"wpadcenter_ad\" data-value=\"1538\" data-placement=\"\" href=\"https:\/\/asociacionitaliana.org\/\" target=\"_blank\" class=\"wpadcenter-ad-inner__item\" ><img decoding=\"async\"   src=\"https:\/\/puntodincontro.mx\/wp-content\/uploads\/2021\/11\/aialogo.jpg\" class=\"attachment-post-thumbnail size-post-thumbnail wp-post-image\" alt=\"Associazione Italiana di Assistenza IAP\" srcset=\"https:\/\/puntodincontro.mx\/wp-content\/uploads\/2021\/11\/aialogo.jpg 200w, https:\/\/puntodincontro.mx\/wp-content\/uploads\/2021\/11\/aialogo-18x5.jpg 18w\" sizes=\"(max-width: 200px) 100vw, 200px\" \/><\/a><\/div><\/div><\/div><div class=\"wpadcenter-ad-container\" ><div id=\"wpadcenter-ad-1513\" class=\"ad-placement\"><div class=\"wpadcenter-ad-inner\" ><a id=\"wpadcenter_ad\" data-value=\"1513\" data-placement=\"\" href=\"https:\/\/gcinmuebles.mx\" target=\"_blank\" class=\"wpadcenter-ad-inner__item\" ><img decoding=\"async\"   src=\"https:\/\/puntodincontro.mx\/wp-content\/uploads\/2021\/10\/gcinmuebleslogopunto-1.jpg\" class=\"attachment-post-thumbnail size-post-thumbnail wp-post-image\" alt=\"\" srcset=\"https:\/\/puntodincontro.mx\/wp-content\/uploads\/2021\/10\/gcinmuebleslogopunto-1.jpg 200w, https:\/\/puntodincontro.mx\/wp-content\/uploads\/2021\/10\/gcinmuebleslogopunto-1-18x5.jpg 18w\" sizes=\"(max-width: 200px) 100vw, 200px\" \/><\/a><\/div><\/div><\/div><\/div><div class=\"wpadcenter-adgroup__row wpadcenter-aligncenter\"><div class=\"wpadcenter-ad-container\" ><div id=\"wpadcenter-ad-1374\" class=\"ad-placement\"><div class=\"wpadcenter-ad-inner\" ><a id=\"wpadcenter_ad\" data-value=\"1374\" data-placement=\"\" href=\"https:\/\/www.9colonne.it\/\" target=\"_blank\" class=\"wpadcenter-ad-inner__item\" ><img decoding=\"async\"   src=\"https:\/\/puntodincontro.mx\/wp-content\/uploads\/2021\/10\/Banner9colonne.gif\" class=\"attachment-post-thumbnail size-post-thumbnail wp-post-image\" alt=\"\" \/><\/a><\/div><\/div><\/div><div class=\"wpadcenter-ad-container\" ><div id=\"wpadcenter-ad-276\" class=\"ad-placement\"><div class=\"wpadcenter-ad-inner\" ><a id=\"wpadcenter_ad\" data-value=\"276\" data-placement=\"\" href=\"http:\/\/www.camaraitaliana.mx\/\" target=\"_blank\" class=\"wpadcenter-ad-inner__item\" ><img decoding=\"async\"   src=\"https:\/\/puntodincontro.mx\/wp-content\/uploads\/2021\/08\/ccimnuovo.jpg\" class=\"attachment-post-thumbnail size-post-thumbnail wp-post-image\" alt=\"\" srcset=\"https:\/\/puntodincontro.mx\/wp-content\/uploads\/2021\/08\/ccimnuovo.jpg 200w, https:\/\/puntodincontro.mx\/wp-content\/uploads\/2021\/08\/ccimnuovo-18x5.jpg 18w\" sizes=\"(max-width: 200px) 100vw, 200px\" \/><\/a><\/div><\/div><\/div><div class=\"wpadcenter-ad-container\" ><div id=\"wpadcenter-ad-272\" class=\"ad-placement\"><div class=\"wpadcenter-ad-inner\" ><a id=\"wpadcenter_ad\" data-value=\"272\" data-placement=\"\" href=\"http:\/\/corix.us\/\" target=\"_blank\" class=\"wpadcenter-ad-inner__item\" ><img decoding=\"async\"   src=\"https:\/\/puntodincontro.mx\/wp-content\/uploads\/2021\/08\/corixbanner-1.jpg\" class=\"attachment-post-thumbnail size-post-thumbnail wp-post-image\" alt=\"\" srcset=\"https:\/\/puntodincontro.mx\/wp-content\/uploads\/2021\/08\/corixbanner-1.jpg 200w, https:\/\/puntodincontro.mx\/wp-content\/uploads\/2021\/08\/corixbanner-1-16x5.jpg 16w\" sizes=\"(max-width: 200px) 100vw, 200px\" \/><\/a><\/div><\/div><\/div><\/div><div class=\"wpadcenter-adgroup__row wpadcenter-aligncenter\"><div class=\"wpadcenter-ad-container\" ><div id=\"wpadcenter-ad-266\" class=\"ad-placement\"><div class=\"wpadcenter-ad-inner\" ><a id=\"wpadcenter_ad\" data-value=\"266\" data-placement=\"\" href=\"https:\/\/www.prinsel.com.mx\/\" target=\"_blank\" class=\"wpadcenter-ad-inner__item\" ><img decoding=\"async\"   src=\"https:\/\/puntodincontro.mx\/wp-content\/uploads\/2021\/08\/prinselbanner-1.jpg\" class=\"attachment-post-thumbnail size-post-thumbnail wp-post-image\" alt=\"\" srcset=\"https:\/\/puntodincontro.mx\/wp-content\/uploads\/2021\/08\/prinselbanner-1.jpg 200w, https:\/\/puntodincontro.mx\/wp-content\/uploads\/2021\/08\/prinselbanner-1-16x5.jpg 16w\" sizes=\"(max-width: 200px) 100vw, 200px\" \/><\/a><\/div><\/div><\/div><div class=\"wpadcenter-ad-container\" ><div id=\"wpadcenter-ad-261\" class=\"ad-placement\"><div class=\"wpadcenter-ad-inner\" ><a id=\"wpadcenter_ad\" data-value=\"261\" data-placement=\"\" href=\"https:\/\/faitalia.com.mx\/\" target=\"_blank\" class=\"wpadcenter-ad-inner__item\" ><img decoding=\"async\"   src=\"https:\/\/puntodincontro.mx\/wp-content\/uploads\/2021\/08\/gruppodino.jpg\" class=\"attachment-post-thumbnail size-post-thumbnail wp-post-image\" alt=\"\" srcset=\"https:\/\/puntodincontro.mx\/wp-content\/uploads\/2021\/08\/gruppodino.jpg 200w, https:\/\/puntodincontro.mx\/wp-content\/uploads\/2021\/08\/gruppodino-18x5.jpg 18w\" sizes=\"(max-width: 200px) 100vw, 200px\" \/><\/a><\/div><\/div><\/div><\/div><\/div>\n\n\n<div style=\"height:12px\" aria-hidden=\"true\" class=\"wp-block-spacer\"><\/div>","protected":false},"excerpt":{"rendered":"<p>Ore 18.20 &#8211; Si svolger\u00e0 dal 12 al 14 luglio presso il centro congressi ed esposizioni Poliforum della citt\u00e0 di Le\u00f3n, nello Stato di Guanajuato, la fiera Ecomondo M\u00e9xico, prima edizione nel Paese dell&#8217;evento leader in Europa dedicato alle tecnologie per la transizione ecologica e l&#8217;economia circolare. Parteciperanno espositori focalizzati su tutte le tecnologie e soluzioni dei segmenti che promuovono lo sviluppo sostenibile e la cura delle risorse naturali. L&#8217;evento, organizzato da Deutsche Messe e Italian Exhibition Group con la collaborazione del governo dello Stato di Guanajuato, consentir\u00e0 ai partecipanti di analizzare le opportunit\u00e0 di mercato e affrontare le possibilit\u00e0&#8230; <\/p>","protected":false},"author":2,"featured_media":6257,"comment_status":"open","ping_status":"open","sticky":false,"template":"","format":"standard","meta":{"_monsterinsights_skip_tracking":false,"_monsterinsights_sitenote_active":false,"_monsterinsights_sitenote_note":"","_monsterinsights_sitenote_category":0,"footnotes":""},"categories":[18],"tags":[],"class_list":["post-6254","post","type-post","status-publish","format-standard","has-post-thumbnail","hentry","category-cronaca"],"yoast_head":"<!-- This site is optimized with the Yoast SEO Premium plugin v18.4 (Yoast SEO v25.6) - https:\/\/yoast.com\/wordpress\/plugins\/seo\/ -->\n<title>Apre a Le\u00f3n la prima edizione di Ecomondo M\u00e9xico Puntodincontro<\/title>\n<meta name=\"description\" content=\"Si svolger\u00e0 dal 12 al 14 luglio presso il centro congressi ed esposizioni Poliforum della citt\u00e0 di Le\u00f3n, nello Stato di Guanajuato, la fiera Ecomondo M\u00e9xico, prima edizione nel Paese dell&#039;evento leader in Europa dedicato alle tecnologie per la transizione ecologica e l&#039;economia circolare.\" \/>\n<meta name=\"robots\" content=\"index, follow, max-snippet:-1, max-image-preview:large, max-video-preview:-1\" \/>\n<link rel=\"canonical\" href=\"https:\/\/puntodincontro.mx\/es\/2022\/07\/11\/apre-a-leon-la-prima-edizione-di-ecomondo-mexico\/\" \/>\n<meta property=\"og:locale\" content=\"es_MX\" \/>\n<meta property=\"og:type\" content=\"article\" \/>\n<meta property=\"og:title\" content=\"Apre a Le\u00f3n la prima edizione di Ecomondo M\u00e9xico\" \/>\n<meta property=\"og:description\" content=\"Si svolger\u00e0 dal 12 al 14 luglio presso il centro congressi ed esposizioni Poliforum della citt\u00e0 di Le\u00f3n, nello Stato di Guanajuato, la fiera Ecomondo M\u00e9xico, prima edizione nel Paese dell&#039;evento leader in Europa dedicato alle tecnologie per la transizione ecologica e l&#039;economia circolare.\" \/>\n<meta property=\"og:url\" content=\"https:\/\/puntodincontro.mx\/es\/2022\/07\/11\/apre-a-leon-la-prima-edizione-di-ecomondo-mexico\/\" \/>\n<meta property=\"og:site_name\" content=\"Puntodincontro\" \/>\n<meta property=\"article:publisher\" content=\"https:\/\/www.facebook.com\/puntodincontro.mx\" \/>\n<meta property=\"article:published_time\" content=\"2022-07-11T23:31:02+00:00\" \/>\n<meta property=\"article:modified_time\" content=\"2022-07-12T00:24:37+00:00\" \/>\n<meta property=\"og:image\" content=\"https:\/\/puntodincontro.mx\/wp-content\/uploads\/2022\/07\/ecomondomessicovert.webp\" \/>\n\t<meta property=\"og:image:width\" content=\"423\" \/>\n\t<meta property=\"og:image:height\" content=\"488\" \/>\n\t<meta property=\"og:image:type\" content=\"image\/webp\" \/>\n<meta name=\"author\" content=\"Puntodincontro\" \/>\n<meta name=\"twitter:card\" content=\"summary_large_image\" \/>\n<meta name=\"twitter:creator\" content=\"@puntodincontro\" \/>\n<meta name=\"twitter:site\" content=\"@puntodincontro\" \/>\n<meta name=\"twitter:label1\" content=\"Escrito por\" \/>\n\t<meta name=\"twitter:data1\" content=\"Puntodincontro\" \/>\n\t<meta name=\"twitter:label2\" content=\"Tiempo de lectura\" \/>\n\t<meta name=\"twitter:data2\" content=\"2 minutos\" \/>\n<script type=\"application\/ld+json\" class=\"yoast-schema-graph\">{\"@context\":\"https:\/\/schema.org\",\"@graph\":[{\"@type\":\"NewsArticle\",\"@id\":\"https:\/\/puntodincontro.mx\/2022\/07\/11\/apre-a-leon-la-prima-edizione-di-ecomondo-mexico\/#article\",\"isPartOf\":{\"@id\":\"https:\/\/puntodincontro.mx\/2022\/07\/11\/apre-a-leon-la-prima-edizione-di-ecomondo-mexico\/\"},\"author\":{\"name\":\"Puntodincontro\",\"@id\":\"https:\/\/puntodincontro.mx\/#\/schema\/person\/d3066d18a16259cbb0c29b0d0e93b556\"},\"headline\":\"Apre a Le\u00f3n la prima edizione di Ecomondo M\u00e9xico\",\"datePublished\":\"2022-07-11T23:31:02+00:00\",\"dateModified\":\"2022-07-12T00:24:37+00:00\",\"mainEntityOfPage\":{\"@id\":\"https:\/\/puntodincontro.mx\/2022\/07\/11\/apre-a-leon-la-prima-edizione-di-ecomondo-mexico\/\"},\"wordCount\":361,\"commentCount\":0,\"publisher\":{\"@id\":\"https:\/\/puntodincontro.mx\/#organization\"},\"image\":{\"@id\":\"https:\/\/puntodincontro.mx\/2022\/07\/11\/apre-a-leon-la-prima-edizione-di-ecomondo-mexico\/#primaryimage\"},\"thumbnailUrl\":\"https:\/\/puntodincontro.mx\/wp-content\/uploads\/2022\/07\/ecomondomessicovert.webp\",\"articleSection\":[\"Cronaca\"],\"inLanguage\":\"es\",\"potentialAction\":[{\"@type\":\"CommentAction\",\"name\":\"Comment\",\"target\":[\"https:\/\/puntodincontro.mx\/2022\/07\/11\/apre-a-leon-la-prima-edizione-di-ecomondo-mexico\/#respond\"]}]},{\"@type\":\"WebPage\",\"@id\":\"https:\/\/puntodincontro.mx\/2022\/07\/11\/apre-a-leon-la-prima-edizione-di-ecomondo-mexico\/\",\"url\":\"https:\/\/puntodincontro.mx\/2022\/07\/11\/apre-a-leon-la-prima-edizione-di-ecomondo-mexico\/\",\"name\":\"Apre a Le\u00f3n la prima edizione di Ecomondo M\u00e9xico Puntodincontro\",\"isPartOf\":{\"@id\":\"https:\/\/puntodincontro.mx\/#website\"},\"primaryImageOfPage\":{\"@id\":\"https:\/\/puntodincontro.mx\/2022\/07\/11\/apre-a-leon-la-prima-edizione-di-ecomondo-mexico\/#primaryimage\"},\"image\":{\"@id\":\"https:\/\/puntodincontro.mx\/2022\/07\/11\/apre-a-leon-la-prima-edizione-di-ecomondo-mexico\/#primaryimage\"},\"thumbnailUrl\":\"https:\/\/puntodincontro.mx\/wp-content\/uploads\/2022\/07\/ecomondomessicovert.webp\",\"datePublished\":\"2022-07-11T23:31:02+00:00\",\"dateModified\":\"2022-07-12T00:24:37+00:00\",\"description\":\"Si svolger\u00e0 dal 12 al 14 luglio presso il centro congressi ed esposizioni Poliforum della citt\u00e0 di Le\u00f3n, nello Stato di Guanajuato, la fiera Ecomondo M\u00e9xico, prima edizione nel Paese dell'evento leader in Europa dedicato alle tecnologie per la transizione ecologica e l'economia circolare.\",\"breadcrumb\":{\"@id\":\"https:\/\/puntodincontro.mx\/2022\/07\/11\/apre-a-leon-la-prima-edizione-di-ecomondo-mexico\/#breadcrumb\"},\"inLanguage\":\"es\",\"potentialAction\":[{\"@type\":\"ReadAction\",\"target\":[\"https:\/\/puntodincontro.mx\/2022\/07\/11\/apre-a-leon-la-prima-edizione-di-ecomondo-mexico\/\"]}]},{\"@type\":\"ImageObject\",\"inLanguage\":\"es\",\"@id\":\"https:\/\/puntodincontro.mx\/2022\/07\/11\/apre-a-leon-la-prima-edizione-di-ecomondo-mexico\/#primaryimage\",\"url\":\"https:\/\/puntodincontro.mx\/wp-content\/uploads\/2022\/07\/ecomondomessicovert.webp\",\"contentUrl\":\"https:\/\/puntodincontro.mx\/wp-content\/uploads\/2022\/07\/ecomondomessicovert.webp\",\"width\":423,\"height\":488,\"caption\":\"Apre a Le\u00f3n la prima edizione di Ecomondo M\u00e9xico\"},{\"@type\":\"BreadcrumbList\",\"@id\":\"https:\/\/puntodincontro.mx\/2022\/07\/11\/apre-a-leon-la-prima-edizione-di-ecomondo-mexico\/#breadcrumb\",\"itemListElement\":[{\"@type\":\"ListItem\",\"position\":1,\"name\":\"Home\",\"item\":\"https:\/\/puntodincontro.mx\/\"},{\"@type\":\"ListItem\",\"position\":2,\"name\":\"Apre a Le\u00f3n la prima edizione di Ecomondo M\u00e9xico\"}]},{\"@type\":\"WebSite\",\"@id\":\"https:\/\/puntodincontro.mx\/#website\",\"url\":\"https:\/\/puntodincontro.mx\/\",\"name\":\"Puntodincontro\",\"description\":\"Dal 2006 notizie sui rapporti Italia-Messico \/ Desde 2006 noticias sobre las relaciones entre Italia y M\u00e9xico\",\"publisher\":{\"@id\":\"https:\/\/puntodincontro.mx\/#organization\"},\"potentialAction\":[{\"@type\":\"SearchAction\",\"target\":{\"@type\":\"EntryPoint\",\"urlTemplate\":\"https:\/\/puntodincontro.mx\/?s={search_term_string}\"},\"query-input\":{\"@type\":\"PropertyValueSpecification\",\"valueRequired\":true,\"valueName\":\"search_term_string\"}}],\"inLanguage\":\"es\"},{\"@type\":\"Organization\",\"@id\":\"https:\/\/puntodincontro.mx\/#organization\",\"name\":\"Puntodincontro\",\"url\":\"https:\/\/puntodincontro.mx\/\",\"logo\":{\"@type\":\"ImageObject\",\"inLanguage\":\"es\",\"@id\":\"https:\/\/puntodincontro.mx\/#\/schema\/logo\/image\/\",\"url\":\"https:\/\/puntodincontro.mx\/wp-content\/uploads\/2021\/08\/Default-image-for-open-graph-settings.jpg\",\"contentUrl\":\"https:\/\/puntodincontro.mx\/wp-content\/uploads\/2021\/08\/Default-image-for-open-graph-settings.jpg\",\"width\":1200,\"height\":630,\"caption\":\"Puntodincontro\"},\"image\":{\"@id\":\"https:\/\/puntodincontro.mx\/#\/schema\/logo\/image\/\"},\"sameAs\":[\"https:\/\/www.facebook.com\/puntodincontro.mx\",\"https:\/\/x.com\/puntodincontro\",\"https:\/\/www.instagram.com\/puntodincontro.mx\/\",\"https:\/\/www.linkedin.com\/company\/puntodincontro\/\",\"https:\/\/www.youtube.com\/c\/puntodincontromessico\",\"https:\/\/www.patreon.com\/puntodincontro\",\"https:\/\/www.threads.net\/@puntodincontro.mx\"]},{\"@type\":\"Person\",\"@id\":\"https:\/\/puntodincontro.mx\/#\/schema\/person\/d3066d18a16259cbb0c29b0d0e93b556\",\"name\":\"Puntodincontro\",\"image\":{\"@type\":\"ImageObject\",\"inLanguage\":\"es\",\"@id\":\"https:\/\/puntodincontro.mx\/#\/schema\/person\/image\/\",\"url\":\"https:\/\/secure.gravatar.com\/avatar\/0e85b4b3b5e9d6bfcec6a4956d8cc63a?s=96&d=mm&r=g\",\"contentUrl\":\"https:\/\/secure.gravatar.com\/avatar\/0e85b4b3b5e9d6bfcec6a4956d8cc63a?s=96&d=mm&r=g\",\"caption\":\"Puntodincontro\"},\"url\":\"https:\/\/puntodincontro.mx\/es\/author\/puntodincontro\/\"}]}<\/script>\n<!-- \/ Yoast SEO Premium plugin. -->","yoast_head_json":{"title":"Apre a Le\u00f3n la prima edizione di Ecomondo M\u00e9xico Puntodincontro","description":"Si svolger\u00e0 dal 12 al 14 luglio presso il centro congressi ed esposizioni Poliforum della citt\u00e0 di Le\u00f3n, nello Stato di Guanajuato, la fiera Ecomondo M\u00e9xico, prima edizione nel Paese dell'evento leader in Europa dedicato alle tecnologie per la transizione ecologica e l'economia circolare.","robots":{"index":"index","follow":"follow","max-snippet":"max-snippet:-1","max-image-preview":"max-image-preview:large","max-video-preview":"max-video-preview:-1"},"canonical":"https:\/\/puntodincontro.mx\/es\/2022\/07\/11\/apre-a-leon-la-prima-edizione-di-ecomondo-mexico\/","og_locale":"es_MX","og_type":"article","og_title":"Apre a Le\u00f3n la prima edizione di Ecomondo M\u00e9xico","og_description":"Si svolger\u00e0 dal 12 al 14 luglio presso il centro congressi ed esposizioni Poliforum della citt\u00e0 di Le\u00f3n, nello Stato di Guanajuato, la fiera Ecomondo M\u00e9xico, prima edizione nel Paese dell'evento leader in Europa dedicato alle tecnologie per la transizione ecologica e l'economia circolare.","og_url":"https:\/\/puntodincontro.mx\/es\/2022\/07\/11\/apre-a-leon-la-prima-edizione-di-ecomondo-mexico\/","og_site_name":"Puntodincontro","article_publisher":"https:\/\/www.facebook.com\/puntodincontro.mx","article_published_time":"2022-07-11T23:31:02+00:00","article_modified_time":"2022-07-12T00:24:37+00:00","og_image":[{"width":423,"height":488,"url":"https:\/\/puntodincontro.mx\/wp-content\/uploads\/2022\/07\/ecomondomessicovert.webp","type":"image\/webp"}],"author":"Puntodincontro","twitter_card":"summary_large_image","twitter_creator":"@puntodincontro","twitter_site":"@puntodincontro","twitter_misc":{"Escrito por":"Puntodincontro","Tiempo de lectura":"2 minutos"},"schema":{"@context":"https:\/\/schema.org","@graph":[{"@type":"NewsArticle","@id":"https:\/\/puntodincontro.mx\/2022\/07\/11\/apre-a-leon-la-prima-edizione-di-ecomondo-mexico\/#article","isPartOf":{"@id":"https:\/\/puntodincontro.mx\/2022\/07\/11\/apre-a-leon-la-prima-edizione-di-ecomondo-mexico\/"},"author":{"name":"Puntodincontro","@id":"https:\/\/puntodincontro.mx\/#\/schema\/person\/d3066d18a16259cbb0c29b0d0e93b556"},"headline":"Apre a Le\u00f3n la prima edizione di Ecomondo M\u00e9xico","datePublished":"2022-07-11T23:31:02+00:00","dateModified":"2022-07-12T00:24:37+00:00","mainEntityOfPage":{"@id":"https:\/\/puntodincontro.mx\/2022\/07\/11\/apre-a-leon-la-prima-edizione-di-ecomondo-mexico\/"},"wordCount":361,"commentCount":0,"publisher":{"@id":"https:\/\/puntodincontro.mx\/#organization"},"image":{"@id":"https:\/\/puntodincontro.mx\/2022\/07\/11\/apre-a-leon-la-prima-edizione-di-ecomondo-mexico\/#primaryimage"},"thumbnailUrl":"https:\/\/puntodincontro.mx\/wp-content\/uploads\/2022\/07\/ecomondomessicovert.webp","articleSection":["Cronaca"],"inLanguage":"es","potentialAction":[{"@type":"CommentAction","name":"Comment","target":["https:\/\/puntodincontro.mx\/2022\/07\/11\/apre-a-leon-la-prima-edizione-di-ecomondo-mexico\/#respond"]}]},{"@type":"WebPage","@id":"https:\/\/puntodincontro.mx\/2022\/07\/11\/apre-a-leon-la-prima-edizione-di-ecomondo-mexico\/","url":"https:\/\/puntodincontro.mx\/2022\/07\/11\/apre-a-leon-la-prima-edizione-di-ecomondo-mexico\/","name":"Apre a Le\u00f3n la prima edizione di Ecomondo M\u00e9xico Puntodincontro","isPartOf":{"@id":"https:\/\/puntodincontro.mx\/#website"},"primaryImageOfPage":{"@id":"https:\/\/puntodincontro.mx\/2022\/07\/11\/apre-a-leon-la-prima-edizione-di-ecomondo-mexico\/#primaryimage"},"image":{"@id":"https:\/\/puntodincontro.mx\/2022\/07\/11\/apre-a-leon-la-prima-edizione-di-ecomondo-mexico\/#primaryimage"},"thumbnailUrl":"https:\/\/puntodincontro.mx\/wp-content\/uploads\/2022\/07\/ecomondomessicovert.webp","datePublished":"2022-07-11T23:31:02+00:00","dateModified":"2022-07-12T00:24:37+00:00","description":"Si svolger\u00e0 dal 12 al 14 luglio presso il centro congressi ed esposizioni Poliforum della citt\u00e0 di Le\u00f3n, nello Stato di Guanajuato, la fiera Ecomondo M\u00e9xico, prima edizione nel Paese dell'evento leader in Europa dedicato alle tecnologie per la transizione ecologica e l'economia circolare.","breadcrumb":{"@id":"https:\/\/puntodincontro.mx\/2022\/07\/11\/apre-a-leon-la-prima-edizione-di-ecomondo-mexico\/#breadcrumb"},"inLanguage":"es","potentialAction":[{"@type":"ReadAction","target":["https:\/\/puntodincontro.mx\/2022\/07\/11\/apre-a-leon-la-prima-edizione-di-ecomondo-mexico\/"]}]},{"@type":"ImageObject","inLanguage":"es","@id":"https:\/\/puntodincontro.mx\/2022\/07\/11\/apre-a-leon-la-prima-edizione-di-ecomondo-mexico\/#primaryimage","url":"https:\/\/puntodincontro.mx\/wp-content\/uploads\/2022\/07\/ecomondomessicovert.webp","contentUrl":"https:\/\/puntodincontro.mx\/wp-content\/uploads\/2022\/07\/ecomondomessicovert.webp","width":423,"height":488,"caption":"Apre a Le\u00f3n la prima edizione di Ecomondo M\u00e9xico"},{"@type":"BreadcrumbList","@id":"https:\/\/puntodincontro.mx\/2022\/07\/11\/apre-a-leon-la-prima-edizione-di-ecomondo-mexico\/#breadcrumb","itemListElement":[{"@type":"ListItem","position":1,"name":"Home","item":"https:\/\/puntodincontro.mx\/"},{"@type":"ListItem","position":2,"name":"Apre a Le\u00f3n la prima edizione di Ecomondo M\u00e9xico"}]},{"@type":"WebSite","@id":"https:\/\/puntodincontro.mx\/#website","url":"https:\/\/puntodincontro.mx\/","name":"Puntodincontro","description":"Desde el 2006 noticias sobre las relaciones entre Italia y M\u00e9xico \/ Dal 2006 notizie sui rapporti Italia-Messico","publisher":{"@id":"https:\/\/puntodincontro.mx\/#organization"},"potentialAction":[{"@type":"SearchAction","target":{"@type":"EntryPoint","urlTemplate":"https:\/\/puntodincontro.mx\/?s={search_term_string}"},"query-input":{"@type":"PropertyValueSpecification","valueRequired":true,"valueName":"search_term_string"}}],"inLanguage":"es"},{"@type":"Organization","@id":"https:\/\/puntodincontro.mx\/#organization","name":"Puntodincontro","url":"https:\/\/puntodincontro.mx\/","logo":{"@type":"ImageObject","inLanguage":"es","@id":"https:\/\/puntodincontro.mx\/#\/schema\/logo\/image\/","url":"https:\/\/puntodincontro.mx\/wp-content\/uploads\/2021\/08\/Default-image-for-open-graph-settings.jpg","contentUrl":"https:\/\/puntodincontro.mx\/wp-content\/uploads\/2021\/08\/Default-image-for-open-graph-settings.jpg","width":1200,"height":630,"caption":"Puntodincontro"},"image":{"@id":"https:\/\/puntodincontro.mx\/#\/schema\/logo\/image\/"},"sameAs":["https:\/\/www.facebook.com\/puntodincontro.mx","https:\/\/x.com\/puntodincontro","https:\/\/www.instagram.com\/puntodincontro.mx\/","https:\/\/www.linkedin.com\/company\/puntodincontro\/","https:\/\/www.youtube.com\/c\/puntodincontromessico","https:\/\/www.patreon.com\/puntodincontro","https:\/\/www.threads.net\/@puntodincontro.mx"]},{"@type":"Person","@id":"https:\/\/puntodincontro.mx\/#\/schema\/person\/d3066d18a16259cbb0c29b0d0e93b556","name":"Puntodincontro","image":{"@type":"ImageObject","inLanguage":"es","@id":"https:\/\/puntodincontro.mx\/#\/schema\/person\/image\/","url":"https:\/\/secure.gravatar.com\/avatar\/0e85b4b3b5e9d6bfcec6a4956d8cc63a?s=96&d=mm&r=g","contentUrl":"https:\/\/secure.gravatar.com\/avatar\/0e85b4b3b5e9d6bfcec6a4956d8cc63a?s=96&d=mm&r=g","caption":"Puntodincontro"},"url":"https:\/\/puntodincontro.mx\/es\/author\/puntodincontro\/"}]}},"_links":{"self":[{"href":"https:\/\/puntodincontro.mx\/es\/wp-json\/wp\/v2\/posts\/6254"}],"collection":[{"href":"https:\/\/puntodincontro.mx\/es\/wp-json\/wp\/v2\/posts"}],"about":[{"href":"https:\/\/puntodincontro.mx\/es\/wp-json\/wp\/v2\/types\/post"}],"author":[{"embeddable":true,"href":"https:\/\/puntodincontro.mx\/es\/wp-json\/wp\/v2\/users\/2"}],"replies":[{"embeddable":true,"href":"https:\/\/puntodincontro.mx\/es\/wp-json\/wp\/v2\/comments?post=6254"}],"version-history":[{"count":5,"href":"https:\/\/puntodincontro.mx\/es\/wp-json\/wp\/v2\/posts\/6254\/revisions"}],"predecessor-version":[{"id":6263,"href":"https:\/\/puntodincontro.mx\/es\/wp-json\/wp\/v2\/posts\/6254\/revisions\/6263"}],"wp:featuredmedia":[{"embeddable":true,"href":"https:\/\/puntodincontro.mx\/es\/wp-json\/wp\/v2\/media\/6257"}],"wp:attachment":[{"href":"https:\/\/puntodincontro.mx\/es\/wp-json\/wp\/v2\/media?parent=6254"}],"wp:term":[{"taxonomy":"category","embeddable":true,"href":"https:\/\/puntodincontro.mx\/es\/wp-json\/wp\/v2\/categories?post=6254"},{"taxonomy":"post_tag","embeddable":true,"href":"https:\/\/puntodincontro.mx\/es\/wp-json\/wp\/v2\/tags?post=6254"}],"curies":[{"name":"wp","href":"https:\/\/api.w.org\/{rel}","templated":true}]}}