{"id":627,"date":"2021-09-12T16:19:36","date_gmt":"2021-09-12T21:19:36","guid":{"rendered":"https:\/\/puntodincontro.mx\/?p=627"},"modified":"2021-09-24T11:03:41","modified_gmt":"2021-09-24T16:03:41","slug":"inauguran-en-napoles-la-muestra-dedicada-a-frida-kahlo","status":"publish","type":"post","link":"https:\/\/puntodincontro.mx\/es\/2021\/09\/12\/inaugurata-a-napoli-la-mostra-dedicata-a-frida-kahlo\/","title":{"rendered":"Inauguran en N\u00e1poles la muestra dedicada a Frida Kahlo"},"content":{"rendered":"<p class=\"translation-block\"><strong>15.50 hrs.<\/strong> \u2013 Fue inaugurada en el Palazzo Fondi de N\u00e1poles, Italia (v\u00eda Medina 24), la exposici\u00f3n \u201cFrida Kahlo \u2013 Il caos dentro\u201d . La muestra, creada por la empresa Navigare y patrocinada por el Ayuntamiento de N\u00e1poles, recibir\u00e1 a los visitantes todos los d\u00edas de 9.30 a 20.00 hrs. a un costo de 12 euros, mientras que los fines de semana el horario se extender\u00e1 hasta las 21 y el boleto costar\u00e1 2 euros m\u00e1s (14).<\/p>\n\n\n\n<p>\u00abEsta exposici\u00f3n, que ya fue presentada en Roma y Mil\u00e1n\u00bb \u2014afirm\u00f3 el organizador, Salvatore Lacagnina\u2014 \u00abpretende rendir homenaje a la figura hist\u00f3rica de la artista mexicana que es un icono en el mundo y hacer que su ejemplo le hable a todo el planeta\u00bb. Est\u00e1 especialmente dedicada a \u00ablas mujeres comprometidas en la lucha diaria por su salud e independencia, con especial atenci\u00f3n a su condici\u00f3n en Afganist\u00e1n\u00bb.<\/p>\n\n\n\n<p>La exposici\u00f3n, que podr\u00e1 ser visitada hasta el 9 de enero de 2022, cobra vida en los m\u00e1s de 700 metros cuadrados del monumental Palazzo Fondi, que alberga reproducciones a tama\u00f1o real de los ambientes cotidianos de la Casa Azul, la residencia \u2014ahora transformada en museo\u2014 en el barrio de Coyoac\u00e1n de la Ciudad de M\u00e9xico donde Frida vivi\u00f3 hasta su muerte.<\/p>\n\n\n\n<p>Ropa, accesorios y objetos amados y utilizados por la artista introducir\u00e1n al p\u00fablico en el clima cultural, pol\u00edtico y familiar mexicano de la primera mitad del siglo XX. La expresi\u00f3n de ese mundo interiorizado mezclado con su sensibilidad \u2014herida, pero apasionada\u2014 encuentra representaci\u00f3n en las pinturas expuestas: el original \u201cPiden aeroplanos y les dan alas de petate\u201d, un \u00f3leo sobre cart\u00f3n de 1938 perteneciente a una colecci\u00f3n privada de Madrid, y 15 famosos autorretratos reproducidos en formato digital con t\u00e9cnica modlight y animados.<\/p>\n\n\n\n<p>La exposici\u00f3n \u2014inaugurada con la participaci\u00f3n de las secretarias del Ayuntamiento de N\u00e1poles Annamaria Palmieri (Cultura y educaci\u00f3n) y Donatella Chiodo (Pol\u00edticas sociales) junto con H\u00e9ctor Alc\u00e1ntara, agregado cultural de la Embajada de M\u00e9xico en Italia, concluye con la proyecci\u00f3n de la pel\u00edcula de animaci\u00f3n tridimensional \u201cFrida Kahlo - Il Viaggio\u201d, creada especialmente para la muestra y proyectada en una sala 10D, con efectos multisensoriales.<\/p>\n\n\n\n<div style=\"height:12px\" aria-hidden=\"true\" class=\"wp-block-spacer\"><\/div>\n\n\n\n\n\n<div style=\"height:12px\" aria-hidden=\"true\" class=\"wp-block-spacer\"><\/div>","protected":false},"excerpt":{"rendered":"<p>Ore 15.50 &#8211; \u00c8 stata inaugurata a Palazzo Fondi a Napoli (via Medina 24) la mostra \u201cFrida Kahlo \u2013 Il caos dentro\u201d. L\u2019esposizione, realizzata dalla societ\u00e0 Navigare e patrocinata dal Comune di Napoli, accoglier\u00e0 i visitatori tutti i giorni dalle 9.30 alle 20.00 al costo di 12 euro, mentre nei fine settimana l\u2019orario sar\u00e0 prolungato alle ore 21 ed il biglietto coster\u00e0 2 euro in pi\u00f9 (14). \u00abQuesta mostra, che ha gi\u00e0 avuto luogo a Roma e Milano\u00bb \u2014ha dichiarato l\u2019organizzatore, Salvatore Lacagnina\u2014 \u00abintende omaggiare la figura storica dell\u2019artista messicana icona nel mondo e far s\u00ec che il suo esempio&#8230; <\/p>","protected":false},"author":2,"featured_media":630,"comment_status":"open","ping_status":"open","sticky":false,"template":"","format":"standard","meta":{"_monsterinsights_skip_tracking":false,"_monsterinsights_sitenote_active":false,"_monsterinsights_sitenote_note":"","_monsterinsights_sitenote_category":0,"footnotes":""},"categories":[6],"tags":[],"class_list":["post-627","post","type-post","status-publish","format-standard","has-post-thumbnail","hentry","category-messico-in-italia"],"yoast_head":"<!-- This site is optimized with the Yoast SEO Premium plugin v18.4 (Yoast SEO v25.6) - https:\/\/yoast.com\/wordpress\/plugins\/seo\/ -->\n<title>Inaugurata a Napoli la mostra dedicata a Frida Kahlo Puntodincontro<\/title>\n<meta name=\"description\" content=\"\u00c8 stata inaugurata a Palazzo Fondi a Napoli la mostra \u201cFrida Kahlo \u2013 Il caos dentro\u201d. Accoglier\u00e0 i visitatori tutti i giorni dalle 9.30 alle 20.00 al costo di 12 euro (fine settimana 14 euro)\" \/>\n<meta name=\"robots\" content=\"index, follow, max-snippet:-1, max-image-preview:large, max-video-preview:-1\" \/>\n<link rel=\"canonical\" href=\"https:\/\/puntodincontro.mx\/es\/2021\/09\/12\/inauguran-en-napoles-la-muestra-dedicada-a-frida-kahlo\/\" \/>\n<meta property=\"og:locale\" content=\"es_MX\" \/>\n<meta property=\"og:type\" content=\"article\" \/>\n<meta property=\"og:title\" content=\"Inaugurata a Napoli la mostra dedicata a Frida Kahlo\" \/>\n<meta property=\"og:description\" content=\"\u00c8 stata inaugurata a Palazzo Fondi a Napoli la mostra \u201cFrida Kahlo \u2013 Il caos dentro\u201d. Accoglier\u00e0 i visitatori tutti i giorni dalle 9.30 alle 20.00 al costo di 12 euro (fine settimana 14 euro)\" \/>\n<meta property=\"og:url\" content=\"https:\/\/puntodincontro.mx\/es\/2021\/09\/12\/inauguran-en-napoles-la-muestra-dedicada-a-frida-kahlo\/\" \/>\n<meta property=\"og:site_name\" content=\"Puntodincontro\" \/>\n<meta property=\"article:publisher\" content=\"https:\/\/www.facebook.com\/puntodincontro.mx\" \/>\n<meta property=\"article:published_time\" content=\"2021-09-12T21:19:36+00:00\" \/>\n<meta property=\"article:modified_time\" content=\"2021-09-24T16:03:41+00:00\" \/>\n<meta property=\"og:image\" content=\"https:\/\/puntodincontro.mx\/wp-content\/uploads\/2021\/09\/fridakahlonapolivert.webp\" \/>\n\t<meta property=\"og:image:width\" content=\"423\" \/>\n\t<meta property=\"og:image:height\" content=\"488\" \/>\n\t<meta property=\"og:image:type\" content=\"image\/webp\" \/>\n<meta name=\"author\" content=\"Puntodincontro\" \/>\n<meta name=\"twitter:card\" content=\"summary_large_image\" \/>\n<meta name=\"twitter:creator\" content=\"@puntodincontro\" \/>\n<meta name=\"twitter:site\" content=\"@puntodincontro\" \/>\n<meta name=\"twitter:label1\" content=\"Escrito por\" \/>\n\t<meta name=\"twitter:data1\" content=\"Puntodincontro\" \/>\n\t<meta name=\"twitter:label2\" content=\"Tiempo de lectura\" \/>\n\t<meta name=\"twitter:data2\" content=\"2 minutos\" \/>\n<script type=\"application\/ld+json\" class=\"yoast-schema-graph\">{\"@context\":\"https:\/\/schema.org\",\"@graph\":[{\"@type\":\"NewsArticle\",\"@id\":\"https:\/\/puntodincontro.mx\/2021\/09\/12\/inaugurata-a-napoli-la-mostra-dedicata-a-frida-kahlo\/#article\",\"isPartOf\":{\"@id\":\"https:\/\/puntodincontro.mx\/2021\/09\/12\/inaugurata-a-napoli-la-mostra-dedicata-a-frida-kahlo\/\"},\"author\":{\"name\":\"Puntodincontro\",\"@id\":\"https:\/\/puntodincontro.mx\/#\/schema\/person\/d3066d18a16259cbb0c29b0d0e93b556\"},\"headline\":\"Inaugurata a Napoli la mostra dedicata a Frida Kahlo\",\"datePublished\":\"2021-09-12T21:19:36+00:00\",\"dateModified\":\"2021-09-24T16:03:41+00:00\",\"mainEntityOfPage\":{\"@id\":\"https:\/\/puntodincontro.mx\/2021\/09\/12\/inaugurata-a-napoli-la-mostra-dedicata-a-frida-kahlo\/\"},\"wordCount\":322,\"commentCount\":2,\"publisher\":{\"@id\":\"https:\/\/puntodincontro.mx\/#organization\"},\"image\":{\"@id\":\"https:\/\/puntodincontro.mx\/2021\/09\/12\/inaugurata-a-napoli-la-mostra-dedicata-a-frida-kahlo\/#primaryimage\"},\"thumbnailUrl\":\"https:\/\/puntodincontro.mx\/wp-content\/uploads\/2021\/09\/fridakahlonapolivert.webp\",\"articleSection\":[\"Messico in Italia\"],\"inLanguage\":\"es\",\"potentialAction\":[{\"@type\":\"CommentAction\",\"name\":\"Comment\",\"target\":[\"https:\/\/puntodincontro.mx\/2021\/09\/12\/inaugurata-a-napoli-la-mostra-dedicata-a-frida-kahlo\/#respond\"]}]},{\"@type\":\"WebPage\",\"@id\":\"https:\/\/puntodincontro.mx\/2021\/09\/12\/inaugurata-a-napoli-la-mostra-dedicata-a-frida-kahlo\/\",\"url\":\"https:\/\/puntodincontro.mx\/2021\/09\/12\/inaugurata-a-napoli-la-mostra-dedicata-a-frida-kahlo\/\",\"name\":\"Inaugurata a Napoli la mostra dedicata a Frida Kahlo Puntodincontro\",\"isPartOf\":{\"@id\":\"https:\/\/puntodincontro.mx\/#website\"},\"primaryImageOfPage\":{\"@id\":\"https:\/\/puntodincontro.mx\/2021\/09\/12\/inaugurata-a-napoli-la-mostra-dedicata-a-frida-kahlo\/#primaryimage\"},\"image\":{\"@id\":\"https:\/\/puntodincontro.mx\/2021\/09\/12\/inaugurata-a-napoli-la-mostra-dedicata-a-frida-kahlo\/#primaryimage\"},\"thumbnailUrl\":\"https:\/\/puntodincontro.mx\/wp-content\/uploads\/2021\/09\/fridakahlonapolivert.webp\",\"datePublished\":\"2021-09-12T21:19:36+00:00\",\"dateModified\":\"2021-09-24T16:03:41+00:00\",\"description\":\"\u00c8 stata inaugurata a Palazzo Fondi a Napoli la mostra \u201cFrida Kahlo \u2013 Il caos dentro\u201d. Accoglier\u00e0 i visitatori tutti i giorni dalle 9.30 alle 20.00 al costo di 12 euro (fine settimana 14 euro)\",\"breadcrumb\":{\"@id\":\"https:\/\/puntodincontro.mx\/2021\/09\/12\/inaugurata-a-napoli-la-mostra-dedicata-a-frida-kahlo\/#breadcrumb\"},\"inLanguage\":\"es\",\"potentialAction\":[{\"@type\":\"ReadAction\",\"target\":[\"https:\/\/puntodincontro.mx\/2021\/09\/12\/inaugurata-a-napoli-la-mostra-dedicata-a-frida-kahlo\/\"]}]},{\"@type\":\"ImageObject\",\"inLanguage\":\"es\",\"@id\":\"https:\/\/puntodincontro.mx\/2021\/09\/12\/inaugurata-a-napoli-la-mostra-dedicata-a-frida-kahlo\/#primaryimage\",\"url\":\"https:\/\/puntodincontro.mx\/wp-content\/uploads\/2021\/09\/fridakahlonapolivert.webp\",\"contentUrl\":\"https:\/\/puntodincontro.mx\/wp-content\/uploads\/2021\/09\/fridakahlonapolivert.webp\",\"width\":423,\"height\":488},{\"@type\":\"BreadcrumbList\",\"@id\":\"https:\/\/puntodincontro.mx\/2021\/09\/12\/inaugurata-a-napoli-la-mostra-dedicata-a-frida-kahlo\/#breadcrumb\",\"itemListElement\":[{\"@type\":\"ListItem\",\"position\":1,\"name\":\"Home\",\"item\":\"https:\/\/puntodincontro.mx\/\"},{\"@type\":\"ListItem\",\"position\":2,\"name\":\"Inaugurata a Napoli la mostra dedicata a Frida Kahlo\"}]},{\"@type\":\"WebSite\",\"@id\":\"https:\/\/puntodincontro.mx\/#website\",\"url\":\"https:\/\/puntodincontro.mx\/\",\"name\":\"Puntodincontro\",\"description\":\"Dal 2006 notizie sui rapporti Italia-Messico \/ Desde 2006 noticias sobre las relaciones entre Italia y M\u00e9xico\",\"publisher\":{\"@id\":\"https:\/\/puntodincontro.mx\/#organization\"},\"potentialAction\":[{\"@type\":\"SearchAction\",\"target\":{\"@type\":\"EntryPoint\",\"urlTemplate\":\"https:\/\/puntodincontro.mx\/?s={search_term_string}\"},\"query-input\":{\"@type\":\"PropertyValueSpecification\",\"valueRequired\":true,\"valueName\":\"search_term_string\"}}],\"inLanguage\":\"es\"},{\"@type\":\"Organization\",\"@id\":\"https:\/\/puntodincontro.mx\/#organization\",\"name\":\"Puntodincontro\",\"url\":\"https:\/\/puntodincontro.mx\/\",\"logo\":{\"@type\":\"ImageObject\",\"inLanguage\":\"es\",\"@id\":\"https:\/\/puntodincontro.mx\/#\/schema\/logo\/image\/\",\"url\":\"https:\/\/puntodincontro.mx\/wp-content\/uploads\/2021\/08\/Default-image-for-open-graph-settings.jpg\",\"contentUrl\":\"https:\/\/puntodincontro.mx\/wp-content\/uploads\/2021\/08\/Default-image-for-open-graph-settings.jpg\",\"width\":1200,\"height\":630,\"caption\":\"Puntodincontro\"},\"image\":{\"@id\":\"https:\/\/puntodincontro.mx\/#\/schema\/logo\/image\/\"},\"sameAs\":[\"https:\/\/www.facebook.com\/puntodincontro.mx\",\"https:\/\/x.com\/puntodincontro\",\"https:\/\/www.instagram.com\/puntodincontro.mx\/\",\"https:\/\/www.linkedin.com\/company\/puntodincontro\/\",\"https:\/\/www.youtube.com\/c\/puntodincontromessico\",\"https:\/\/www.patreon.com\/puntodincontro\",\"https:\/\/www.threads.net\/@puntodincontro.mx\"]},{\"@type\":\"Person\",\"@id\":\"https:\/\/puntodincontro.mx\/#\/schema\/person\/d3066d18a16259cbb0c29b0d0e93b556\",\"name\":\"Puntodincontro\",\"image\":{\"@type\":\"ImageObject\",\"inLanguage\":\"es\",\"@id\":\"https:\/\/puntodincontro.mx\/#\/schema\/person\/image\/\",\"url\":\"https:\/\/secure.gravatar.com\/avatar\/0e85b4b3b5e9d6bfcec6a4956d8cc63a?s=96&d=mm&r=g\",\"contentUrl\":\"https:\/\/secure.gravatar.com\/avatar\/0e85b4b3b5e9d6bfcec6a4956d8cc63a?s=96&d=mm&r=g\",\"caption\":\"Puntodincontro\"},\"url\":\"https:\/\/puntodincontro.mx\/es\/author\/puntodincontro\/\"}]}<\/script>\n<!-- \/ Yoast SEO Premium plugin. -->","yoast_head_json":{"title":"Inaugurata a Napoli la mostra dedicata a Frida Kahlo Puntodincontro","description":"Fue inaugurada en el Palazzo fondi de N\u00e1poles la exposici\u00f3n \u201cFrida Kahlo \u2013 Il caos dentro\u201d. Recibir\u00e1 visitantes todos los d\u00edas de 9.30 a 20.00 a un costo de 12 euros (fines de semana 14 euros)","robots":{"index":"index","follow":"follow","max-snippet":"max-snippet:-1","max-image-preview":"max-image-preview:large","max-video-preview":"max-video-preview:-1"},"canonical":"https:\/\/puntodincontro.mx\/es\/2021\/09\/12\/inauguran-en-napoles-la-muestra-dedicada-a-frida-kahlo\/","og_locale":"es_MX","og_type":"article","og_title":"Inaugurata a Napoli la mostra dedicata a Frida Kahlo","og_description":"\u00c8 stata inaugurata a Palazzo Fondi a Napoli la mostra \u201cFrida Kahlo \u2013 Il caos dentro\u201d. Accoglier\u00e0 i visitatori tutti i giorni dalle 9.30 alle 20.00 al costo di 12 euro (fine settimana 14 euro)","og_url":"https:\/\/puntodincontro.mx\/es\/2021\/09\/12\/inauguran-en-napoles-la-muestra-dedicada-a-frida-kahlo\/","og_site_name":"Puntodincontro","article_publisher":"https:\/\/www.facebook.com\/puntodincontro.mx","article_published_time":"2021-09-12T21:19:36+00:00","article_modified_time":"2021-09-24T16:03:41+00:00","og_image":[{"width":423,"height":488,"url":"https:\/\/puntodincontro.mx\/wp-content\/uploads\/2021\/09\/fridakahlonapolivert.webp","type":"image\/webp"}],"author":"Puntodincontro","twitter_card":"summary_large_image","twitter_creator":"@puntodincontro","twitter_site":"@puntodincontro","twitter_misc":{"Escrito por":"Puntodincontro","Tiempo de lectura":"2 minutos"},"schema":{"@context":"https:\/\/schema.org","@graph":[{"@type":"NewsArticle","@id":"https:\/\/puntodincontro.mx\/2021\/09\/12\/inaugurata-a-napoli-la-mostra-dedicata-a-frida-kahlo\/#article","isPartOf":{"@id":"https:\/\/puntodincontro.mx\/2021\/09\/12\/inaugurata-a-napoli-la-mostra-dedicata-a-frida-kahlo\/"},"author":{"name":"Puntodincontro","@id":"https:\/\/puntodincontro.mx\/#\/schema\/person\/d3066d18a16259cbb0c29b0d0e93b556"},"headline":"Inaugurata a Napoli la mostra dedicata a Frida Kahlo","datePublished":"2021-09-12T21:19:36+00:00","dateModified":"2021-09-24T16:03:41+00:00","mainEntityOfPage":{"@id":"https:\/\/puntodincontro.mx\/2021\/09\/12\/inaugurata-a-napoli-la-mostra-dedicata-a-frida-kahlo\/"},"wordCount":322,"commentCount":2,"publisher":{"@id":"https:\/\/puntodincontro.mx\/#organization"},"image":{"@id":"https:\/\/puntodincontro.mx\/2021\/09\/12\/inaugurata-a-napoli-la-mostra-dedicata-a-frida-kahlo\/#primaryimage"},"thumbnailUrl":"https:\/\/puntodincontro.mx\/wp-content\/uploads\/2021\/09\/fridakahlonapolivert.webp","articleSection":["Messico in Italia"],"inLanguage":"es","potentialAction":[{"@type":"CommentAction","name":"Comment","target":["https:\/\/puntodincontro.mx\/2021\/09\/12\/inaugurata-a-napoli-la-mostra-dedicata-a-frida-kahlo\/#respond"]}]},{"@type":"WebPage","@id":"https:\/\/puntodincontro.mx\/2021\/09\/12\/inaugurata-a-napoli-la-mostra-dedicata-a-frida-kahlo\/","url":"https:\/\/puntodincontro.mx\/2021\/09\/12\/inaugurata-a-napoli-la-mostra-dedicata-a-frida-kahlo\/","name":"Inaugurata a Napoli la mostra dedicata a Frida Kahlo Puntodincontro","isPartOf":{"@id":"https:\/\/puntodincontro.mx\/#website"},"primaryImageOfPage":{"@id":"https:\/\/puntodincontro.mx\/2021\/09\/12\/inaugurata-a-napoli-la-mostra-dedicata-a-frida-kahlo\/#primaryimage"},"image":{"@id":"https:\/\/puntodincontro.mx\/2021\/09\/12\/inaugurata-a-napoli-la-mostra-dedicata-a-frida-kahlo\/#primaryimage"},"thumbnailUrl":"https:\/\/puntodincontro.mx\/wp-content\/uploads\/2021\/09\/fridakahlonapolivert.webp","datePublished":"2021-09-12T21:19:36+00:00","dateModified":"2021-09-24T16:03:41+00:00","description":"Fue inaugurada en el Palazzo fondi de N\u00e1poles la exposici\u00f3n \u201cFrida Kahlo \u2013 Il caos dentro\u201d. Recibir\u00e1 visitantes todos los d\u00edas de 9.30 a 20.00 a un costo de 12 euros (fines de semana 14 euros)","breadcrumb":{"@id":"https:\/\/puntodincontro.mx\/2021\/09\/12\/inaugurata-a-napoli-la-mostra-dedicata-a-frida-kahlo\/#breadcrumb"},"inLanguage":"es","potentialAction":[{"@type":"ReadAction","target":["https:\/\/puntodincontro.mx\/2021\/09\/12\/inaugurata-a-napoli-la-mostra-dedicata-a-frida-kahlo\/"]}]},{"@type":"ImageObject","inLanguage":"es","@id":"https:\/\/puntodincontro.mx\/2021\/09\/12\/inaugurata-a-napoli-la-mostra-dedicata-a-frida-kahlo\/#primaryimage","url":"https:\/\/puntodincontro.mx\/wp-content\/uploads\/2021\/09\/fridakahlonapolivert.webp","contentUrl":"https:\/\/puntodincontro.mx\/wp-content\/uploads\/2021\/09\/fridakahlonapolivert.webp","width":423,"height":488},{"@type":"BreadcrumbList","@id":"https:\/\/puntodincontro.mx\/2021\/09\/12\/inaugurata-a-napoli-la-mostra-dedicata-a-frida-kahlo\/#breadcrumb","itemListElement":[{"@type":"ListItem","position":1,"name":"Home","item":"https:\/\/puntodincontro.mx\/"},{"@type":"ListItem","position":2,"name":"Inaugurata a Napoli la mostra dedicata a Frida Kahlo"}]},{"@type":"WebSite","@id":"https:\/\/puntodincontro.mx\/#website","url":"https:\/\/puntodincontro.mx\/","name":"Puntodincontro","description":"Desde el 2006 noticias sobre las relaciones entre Italia y M\u00e9xico \/ Dal 2006 notizie sui rapporti Italia-Messico","publisher":{"@id":"https:\/\/puntodincontro.mx\/#organization"},"potentialAction":[{"@type":"SearchAction","target":{"@type":"EntryPoint","urlTemplate":"https:\/\/puntodincontro.mx\/?s={search_term_string}"},"query-input":{"@type":"PropertyValueSpecification","valueRequired":true,"valueName":"search_term_string"}}],"inLanguage":"es"},{"@type":"Organization","@id":"https:\/\/puntodincontro.mx\/#organization","name":"Puntodincontro","url":"https:\/\/puntodincontro.mx\/","logo":{"@type":"ImageObject","inLanguage":"es","@id":"https:\/\/puntodincontro.mx\/#\/schema\/logo\/image\/","url":"https:\/\/puntodincontro.mx\/wp-content\/uploads\/2021\/08\/Default-image-for-open-graph-settings.jpg","contentUrl":"https:\/\/puntodincontro.mx\/wp-content\/uploads\/2021\/08\/Default-image-for-open-graph-settings.jpg","width":1200,"height":630,"caption":"Puntodincontro"},"image":{"@id":"https:\/\/puntodincontro.mx\/#\/schema\/logo\/image\/"},"sameAs":["https:\/\/www.facebook.com\/puntodincontro.mx","https:\/\/x.com\/puntodincontro","https:\/\/www.instagram.com\/puntodincontro.mx\/","https:\/\/www.linkedin.com\/company\/puntodincontro\/","https:\/\/www.youtube.com\/c\/puntodincontromessico","https:\/\/www.patreon.com\/puntodincontro","https:\/\/www.threads.net\/@puntodincontro.mx"]},{"@type":"Person","@id":"https:\/\/puntodincontro.mx\/#\/schema\/person\/d3066d18a16259cbb0c29b0d0e93b556","name":"Puntodincontro","image":{"@type":"ImageObject","inLanguage":"es","@id":"https:\/\/puntodincontro.mx\/#\/schema\/person\/image\/","url":"https:\/\/secure.gravatar.com\/avatar\/0e85b4b3b5e9d6bfcec6a4956d8cc63a?s=96&d=mm&r=g","contentUrl":"https:\/\/secure.gravatar.com\/avatar\/0e85b4b3b5e9d6bfcec6a4956d8cc63a?s=96&d=mm&r=g","caption":"Puntodincontro"},"url":"https:\/\/puntodincontro.mx\/es\/author\/puntodincontro\/"}]}},"_links":{"self":[{"href":"https:\/\/puntodincontro.mx\/es\/wp-json\/wp\/v2\/posts\/627"}],"collection":[{"href":"https:\/\/puntodincontro.mx\/es\/wp-json\/wp\/v2\/posts"}],"about":[{"href":"https:\/\/puntodincontro.mx\/es\/wp-json\/wp\/v2\/types\/post"}],"author":[{"embeddable":true,"href":"https:\/\/puntodincontro.mx\/es\/wp-json\/wp\/v2\/users\/2"}],"replies":[{"embeddable":true,"href":"https:\/\/puntodincontro.mx\/es\/wp-json\/wp\/v2\/comments?post=627"}],"version-history":[{"count":4,"href":"https:\/\/puntodincontro.mx\/es\/wp-json\/wp\/v2\/posts\/627\/revisions"}],"predecessor-version":[{"id":903,"href":"https:\/\/puntodincontro.mx\/es\/wp-json\/wp\/v2\/posts\/627\/revisions\/903"}],"wp:featuredmedia":[{"embeddable":true,"href":"https:\/\/puntodincontro.mx\/es\/wp-json\/wp\/v2\/media\/630"}],"wp:attachment":[{"href":"https:\/\/puntodincontro.mx\/es\/wp-json\/wp\/v2\/media?parent=627"}],"wp:term":[{"taxonomy":"category","embeddable":true,"href":"https:\/\/puntodincontro.mx\/es\/wp-json\/wp\/v2\/categories?post=627"},{"taxonomy":"post_tag","embeddable":true,"href":"https:\/\/puntodincontro.mx\/es\/wp-json\/wp\/v2\/tags?post=627"}],"curies":[{"name":"wp","href":"https:\/\/api.w.org\/{rel}","templated":true}]}}