{"id":6384,"date":"2022-07-18T02:01:21","date_gmt":"2022-07-18T07:01:21","guid":{"rendered":"https:\/\/puntodincontro.mx\/?p=6384"},"modified":"2022-07-21T04:56:37","modified_gmt":"2022-07-21T09:56:37","slug":"calici-di-stelle-el-evento-astronomico-italiano-dedicado-a-los-enoturistas","status":"publish","type":"post","link":"https:\/\/puntodincontro.mx\/es\/2022\/07\/18\/calici-di-stelle-levento-astronomico-italiano-dedicato-agli-enoturisti\/","title":{"rendered":"\u201cCalici di Stelle\u201d, el evento astron\u00f3mico italiano dedicado a los enoturistas"},"content":{"rendered":"<p class=\"translation-block\"><strong>02:01 hrs.<\/strong> - Del 29 de julio al 15 de agosto se llevar\u00e1 a cabo en los vi\u00f1edos, plazas y aldeas m\u00e1s bellas de Italia, el evento <em>Calici di Stelle<\/em> 2022, el eno-calendario astron\u00f3mico para los amantes del vino.<\/p>\n\n\n\n<p class=\"translation-block\">Tras el \u00e9xito de <em>Cantine Aperte<\/em> y la inauguraci\u00f3n de <em>Vigneti Aperti<\/em>, contin\u00faan las numerosas citas de temporada del Movimiento Tusrismo del Vino (MTV), que nuevamente este verano llenar\u00e1n de magia y momentos de celebraci\u00f3n los vi\u00f1edos y las plazas italianas.<\/p>\n\n\n\n<p>El evento, organizado por MTV y la Asociaci\u00f3n Citt\u00e0 del Vino, ser\u00e1 una oportunidad para caminar entre las hileras a la luz de la luna y disfrutar de los pueblos y las plazas con un cielo estrellado de fondo, siempre en compa\u00f1\u00eda de una buena copa de vino.<\/p>\n\n\n\n<p>\u00abEs uno de los eventos del verano m\u00e1s esperados por todos los amantes del vino y enoturistas italianos y del mundo\u00bb \u2014explica Nicola D'Auria, presidente de MTV\u2014 \u00aby tambi\u00e9n este a\u00f1o hemos preparado un programa lleno de iniciativas culturales, con m\u00fasica, espect\u00e1culos y exposiciones de arte. Todo ello encerrado en un cielo de estrellas que har\u00e1 que el ambiente sea a\u00fan m\u00e1s m\u00e1gico y agradable\u00bb.<\/p>\n\n\n\n<p>La Eno-Astronom\u00eda ser\u00e1 el tema de esta edici\u00f3n de <em>Calici di Stelle<\/em> en la que los cuerpos celestes dictar\u00e1n el rico calendario de citas con el vino.<\/p>\n\n\n\n<p>El programa inicia el 29 de julio con las \u201cEstrellas invitadas para la Noche de Apertura\u201d, cita protagonizada por la Luna, Marte y Urano que aparecer\u00e1n brillantes en el cielo y regalar\u00e1n momentos sugerentes a los participantes. Imperdible la \u201cNoche de San Lorenzo\u201d, el 10 de agosto, que iluminar\u00e1 las copas con una lluvia de meteoros que cada a\u00f1o hace que las catas de <em>Calici di Stelle<\/em> sean a\u00fan m\u00e1s m\u00e1gicas. La Luna se convertir\u00e1 entonces en \u201cs\u00faper\u201d el 12 de agosto: la <em>Superluna dello Storione<\/em> ser\u00e1 la \u00faltima oportunidad del a\u00f1o para admirar este extraordinario evento y no hay mejor manera de disfrutar de tan evocador espect\u00e1culo que sumergirse entre las hileras del vi\u00f1edo con una buena copa de vino. Nuestro sat\u00e9lite continuar\u00e1 iluminando las veladas de <em>Calici di Stelle<\/em> en las noches del 14 y 15 de agosto, cuando se alinear\u00e1 con Saturno y luego con J\u00fapiter, brindando a los enoturistas una verdadera experiencia \u201cestelar\u201d.<\/p>\n\n\n<div class=\"wp-block-image\">\n<figure class=\"aligncenter size-full\"><img loading=\"lazy\" decoding=\"async\" width=\"800\" height=\"450\" src=\"https:\/\/puntodincontro.mx\/wp-content\/uploads\/2022\/07\/calicidistellefabiogambina.webp\" alt=\"\" class=\"wp-image-6401\" srcset=\"https:\/\/puntodincontro.mx\/wp-content\/uploads\/2022\/07\/calicidistellefabiogambina.webp 800w, https:\/\/puntodincontro.mx\/wp-content\/uploads\/2022\/07\/calicidistellefabiogambina-300x169.webp 300w, https:\/\/puntodincontro.mx\/wp-content\/uploads\/2022\/07\/calicidistellefabiogambina-768x432.webp 768w, https:\/\/puntodincontro.mx\/wp-content\/uploads\/2022\/07\/calicidistellefabiogambina-16x9.webp 16w\" sizes=\"(max-width: 800px) 100vw, 800px\" \/><\/figure><\/div>\n\n\n<p>\u00abEl calendario astron\u00f3mico se convertir\u00e1 en eno-astron\u00f3mico\u00bb \u2014contin\u00faa D\u2019Auria\u2014 \u00aben una feliz uni\u00f3n que combinar\u00e1 los movimientos de las estrellas, de los planetas y de los sat\u00e9lites con catas de calidad ofrecidas directamente por las bodegas participantes. La intenci\u00f3n de MTV es siempre acercar al p\u00fablico, especialmente a los m\u00e1s j\u00f3venes, al mundo del vino con un enfoque cultural, responsable y consciente, en un esp\u00edritu de convivencia y de placer de estar juntos\u00bb.<\/p>\n\n\n<div class=\"wp-block-image\">\n<figure class=\"aligncenter size-full\"><img loading=\"lazy\" decoding=\"async\" width=\"800\" height=\"670\" src=\"https:\/\/puntodincontro.mx\/wp-content\/uploads\/2022\/07\/calicidistellemontepulciano.webp\" alt=\"\" class=\"wp-image-6403\" srcset=\"https:\/\/puntodincontro.mx\/wp-content\/uploads\/2022\/07\/calicidistellemontepulciano.webp 800w, https:\/\/puntodincontro.mx\/wp-content\/uploads\/2022\/07\/calicidistellemontepulciano-300x251.webp 300w, https:\/\/puntodincontro.mx\/wp-content\/uploads\/2022\/07\/calicidistellemontepulciano-768x643.webp 768w, https:\/\/puntodincontro.mx\/wp-content\/uploads\/2022\/07\/calicidistellemontepulciano-14x12.webp 14w\" sizes=\"(max-width: 800px) 100vw, 800px\" \/><\/figure><\/div>\n\n\n<p class=\"has-text-align-center has-small-font-size\">Calici di Stelle en Montepulciano<\/p>\n\n\n\n<p>Da anni Calici di Stelle rappresenta un evento di grande valore culturale per gli enoturisti, che hanno la possibilit\u00e0 di visitare cantine, vigneti e borghi nascosti in compagnia di aziende e produttori provenienti da tutti gli angoli del Paese, portatori di ricchezza produttiva e storica. La realizzazione dell\u2019evento \u00e8 possibile anche grazie all\u2019ormai consolidata collaborazione tra MTV e Citt\u00e0 del Vino, una sinergia tra due associazioni nazionali accomunate dallo stesso obiettivo: portare cultura intorno al mondo del vino italiano.\u00abSar\u00e0 senza dubbio una grande edizione\u00bb \u2014aggiunge Angelo Radica, presidente dell\u2019Associazione Nazionale Citt\u00e0 del Vino\u2014 \u00abe non vediamo l\u2019ora di iniziare. Ogni anno Calici di Stelle riesce ad attrarre moltissimo pubblico nelle piazze e nelle vigne italiane ed \u00e8 un piacere vedere una partecipazione sempre crescente da parte di ragazze e ragazzi genuinamente interessati a scoprire i segreti del mondo enologico. Le Citt\u00e0 del Vino sono pronte ad accogliere gli ospiti nei loro centri storici e borghi, un segnale importante per la definitiva ripresa di tutto il settore. Siamo orgogliosi della collaborazione con MTV, che non si limita solo alla realizzazione di Calici di Stelle, ma condivide valori e intenti per sostenere una filiera che produce ricchezza e valore\u00bb.<\/p>\n\n\n<div class=\"wp-block-image\">\n<figure class=\"aligncenter size-full\"><a href=\"https:\/\/www.italia.it\/es\/italia\/que-hacer\/eventos-para-descubrir-vino-en-italia\" target=\"_blank\" rel=\"noreferrer noopener\"><img loading=\"lazy\" decoding=\"async\" width=\"592\" height=\"139\" src=\"https:\/\/puntodincontro.mx\/wp-content\/uploads\/2022\/07\/viajarculturadelvino.webp\" alt=\"\" class=\"wp-image-6390\" srcset=\"https:\/\/puntodincontro.mx\/wp-content\/uploads\/2022\/07\/viajarculturadelvino.webp 592w, https:\/\/puntodincontro.mx\/wp-content\/uploads\/2022\/07\/viajarculturadelvino-300x70.webp 300w, https:\/\/puntodincontro.mx\/wp-content\/uploads\/2022\/07\/viajarculturadelvino-16x4.webp 16w\" sizes=\"(max-width: 592px) 100vw, 592px\" \/><\/a><\/figure><\/div>\n\n\n<p class=\"translation-block\">Numerosas ciudades del vino de toda Italia participan en <em>Calici di Stelle<\/em> 2022. Las reservaciones y los programas se actualizan constantemente y <a href=\"https:\/\/www.cittadelvino.it\/articolo.php?id=NzAyMA==\" target=\"_blank\" rel=\"noreferrer noopener\">pueden ser consultados aqu\u00ed<\/a>. \nA continuaci\u00f3n, tambi\u00e9n presentamos los programas regionales de MTV. Le recordamos que es necesario reservar.<\/p>\n\n\n\n<p>Riportiamo di seguito anche i programmi regionali di MTV. Ricordiamo che la prenotazione \u00e8 obbligatoria.<\/p>\n\n\n\n<p><strong>Apulia<\/strong><\/p>\n\n\n\n<p class=\"translation-block\">Mirvita Tor de 'Falchi, Cantina Sampietrana y Feudi Di Guagnano son las 3 empresas de Apulia que participan en esta edici\u00f3n de <em>Calici di Stelle<\/em>. En el programa, adem\u00e1s de las cl\u00e1sicas degustaciones bajo las estrellas, tambi\u00e9n se incluyen numerosas iniciativas en los vi\u00f1edos acompa\u00f1adas de <em>pizzica<\/em>  de Apulia, preparaciones a la parrilla y especialidades locales. Los programas a\u00fan se est\u00e1n actualizando y pueden ser consultados consultar en el enlace: <a href=\"https:\/\/bit.ly\/3O1lQPz\" target=\"_blank\" rel=\"noreferrer noopener\">https:\/\/bit.ly\/3O1lQPz<\/a><\/p>\n\n\n\n<p><strong>V\u00e9neto<\/strong><\/p>\n\n\n\n<p>\u201cCalici di Stelle Cortina\u201d es el evento protagonista del programa del V\u00e9neto, y se llevar\u00e1 a cabo el s\u00e1bado 6 de agosto. La cita en la simb\u00f3lica ciudad de los Dolomitas combinar\u00e1 el placer de una copa de excelente vino con el sabor de un platillo t\u00edpico de Ampezzo, todo en la encantadora terraza al aire libre del Hotel De la Poste en Corso Italia. El viernes 29 de julio ser\u00e1 el turno de Azienda Monteci con la cuarta edici\u00f3n de Wine&amp;Relax. La cata tendr\u00e1 como participantes principales a las etiquetas de la bodega maridadas con la paella firmada por La Paella Del Conte, adem\u00e1s de espect\u00e1culos, animaci\u00f3n y DJ sets.<\/p>\n\n\n\n<p class=\"translation-block\">El s\u00e1bado 20 de agosto tendr\u00e1 lugar el evento astron\u00f3mico de Tenuta Zai, que permitir\u00e1 al p\u00fablico degustar los productos de esta empresa durante una sesi\u00f3n de observaci\u00f3n de cuerpos celestes acompa\u00f1ada por un experto astr\u00f3nomo. Para informaci\u00f3n y actualizaciones: <a href=\"https:\/\/bit.ly\/3z4UKTt\" target=\"_blank\" rel=\"noreferrer noopener\">https:\/\/bit.ly\/3z4UKTt<\/a><\/p>\n\n\n\n<p><strong>Basilicata<\/strong><\/p>\n\n\n\n<p class=\"translation-block\">En la regi\u00f3n se iniciar\u00e1n a llenar las copas bajo las estrellas desde las 20.00 horas del 10 de agosto hasta bien entrada la noche. La ubicaci\u00f3n de este a\u00f1o es Lavello, en la provincia de Potenza, en la bodega Vitis in Vulture. Para informaci\u00f3n y reservas: <a href=\"mailto:mtvbasilicata@libero.it\" target=\"_blank\" rel=\"noreferrer noopener\">mtvbasilicata@libero.it<\/a>. El programa final se publicar\u00e1 pr\u00f3ximamente en: <a href=\"https:\/\/bit.ly\/3RyxWmb\" target=\"_blank\" rel=\"noreferrer noopener\">https:\/\/bit.ly\/3RyxWmb<\/a>.<\/p>\n\n\n\n<p><strong>Abruzos<\/strong><\/p>\n\n\n\n<p class=\"translation-block\">En los Abruzos, el evento se llevar\u00e1 a cabo, seg\u00fan el calendario nacional, del 29 de julio al 15 de agosto de 2022. El evento estelar ser\u00e1 la noche del mi\u00e9rcoles 3 de agosto en el Castillo Aragon\u00e9s de Ortona, uno de los lugares m\u00e1s fascinantes de toda la regi\u00f3n, donde ser\u00e1 posible degustar los productos de las 15 bodegas de Abruzzo bajo el cielo estrellado. Este a\u00f1o, la regi\u00f3n de los Abruzos tambi\u00e9n decidi\u00f3 replicar la iniciativa Cantine Aperte 2022, que cont\u00f3 con la participaci\u00f3n de personajes influyentes y entusiastas del mundo del vino a lo largo del evento. Para m\u00e1s informaci\u00f3n sobre el proyecto visita el enlace: <a href=\"https:\/\/bit.ly\/3cfcnH9\" target=\"_blank\" rel=\"noreferrer noopener\">https:\/\/bit.ly\/3cfcnH9<\/a>. Los programas se est\u00e1n finalizando y pronto estar\u00e1n disponibles aqu\u00ed: <a href=\"https:\/\/bit.ly\/3RqUDJ4\" target=\"_blank\" rel=\"noreferrer noopener\">https:\/\/bit.ly\/3RqUDJ4<\/a>.<\/p>\n\n\n\n<p><strong>Friul-Venecia Julia<\/strong><\/p>\n\n\n\n<p class=\"translation-block\">En Friul-Venecia Julia, la cita ser\u00e1 el viernes 12 y el s\u00e1bado 13 de agosto en la pintoresca presa Nazario Sauro en Grado. Por el momento son 20 las bodegas que participan en la iniciativa, que pueden ser consultadas en el enlace: <a href=\"https:\/\/bit.ly\/3PlpGUI\" target=\"_blank\" rel=\"noreferrer noopener\">https:\/\/bit.ly\/3PlpGUI<\/a>.<\/p>\n\n\n\n<p class=\"translation-block\">Tambi\u00e9n habr\u00e1 degustaciones dirigidas por productores, espect\u00e1culos musicales y maridajes comida \/ vino en el \u00e1mbito de <em>Calici di Stelle ... in Cantina<\/em>. Participar\u00e1n 7 bodegas, el programa de las veladas se est\u00e1 definiendo y pronto estar\u00e1 disponible aqu\u00ed: <a href=\"https:\/\/bit.ly\/3z2vSvA\" target=\"_blank\" rel=\"noreferrer noopener\">https:\/\/bit.ly\/3z2vSvA<\/a>.<\/p>\n\n\n\n<p><strong>Umbr\u00eda<\/strong><\/p>\n\n\n\n<p>15 bodegas participan en Calici di Stelle 2022 y los programas est\u00e1n llenos de iniciativas: observaci\u00f3n del cielo, cenas bajo las estrellas en compa\u00f1\u00eda de expertos astr\u00f3nomos, degustaciones y m\u00fasica, astrotour nocturno, picnics bajo la superluna y exposiciones sobre la historia milenaria del vino son s\u00f3lo algunas de las atracciones previstas en Umbr\u00eda. Destaca <em>La Notte Delle Stelle<\/em>, una iniciativa organizada por el Ayuntamiento de Montefalco, que llevar\u00e1 los vinos DOC y DOCG de Montefalco a uno de los pueblos m\u00e1s evocadores de Italia la noche de San Lorenzo, el 10 de agosto. Acompa\u00f1ar\u00e1n a las etiquetas los platillos de los restaurantes participantes, as\u00ed como m\u00fasica en vivo y paseos por el centro hist\u00f3rico para observar el cielo en la noche m\u00e1s estrellada del a\u00f1o. <em>La Notte Delle Stelle<\/em>, l\u2019iniziativa organizzata dal Comune di Montefalco, che porter\u00e0 in uno dei borghi pi\u00f9 suggestivi d\u2019Italia le DOC e le DOCG di Montefalco nella notte di San Lorenzo, il 10 agosto. Ad accompagnare le etichette saranno i piatti dei ristoranti aderenti, oltre a musica dal vivo e passeggiate nel centro storico per osservare il cielo nella notte pi\u00f9 stellata dell\u2019anno.<\/p>\n\n\n\n<p>Para informaci\u00f3n y actualizaciones: https:\/\/bit.ly\/3O6SwXZ <a href=\"https:\/\/bit.ly\/3O6SwXZ\" target=\"_blank\" rel=\"noreferrer noopener\">https:\/\/bit.ly\/3O6SwXZ<\/a>.<\/p>\n\n\n\n<p><strong>Sicilia<\/strong><\/p>\n\n\n\n<p class=\"translation-block\">En el programa de las 5 bodegas participantes \u2014Tenuta San Giaime, Cantine Gulino, Florio, Duca Di Salaparuta y Valdibella\u2014 mucha m\u00fasica en vivo acompa\u00f1ar\u00e1 los aperitivos, obviamente a base de excelentes vinos, antes de las sesiones de observaci\u00f3n del cielo estrellado con telescopios profesionales y la gu\u00eda de expertos astr\u00f3nomos. Para informaci\u00f3n y actualizaciones: <a href=\"https:\/\/bit.ly\/3z3kpvO\" target=\"_blank\" rel=\"noreferrer noopener\">https:\/\/bit.ly\/3z3kpvO<\/a>.<\/p>\n\n\n\n<p><strong>Cerde\u00f1a<\/strong><\/p>\n\n\n\n<p>Calici di Stelle en Cerde\u00f1a ser\u00e1 el protagonista de la velada del jueves 11 de agosto en las termas de Santa Maria Acquas de Sardara, con una noche de estrellas fugaces, comida callejera, entretenimiento y, por supuesto, muchos vinos excelentes. M\u00e1s de 120 etiquetas de 20 bodegas estar\u00e1n presentes en la iniciativa, pero el programa a\u00fan se est\u00e1 actualizando. Para informaci\u00f3n visita el enlace: <a href=\"https:\/\/bit.ly\/3O9Tpz0\" target=\"_blank\" rel=\"noreferrer noopener\">https:\/\/bit.ly\/3O9Tpz0<\/a><\/p>\n\n\n\n<p><strong>Toscana<\/strong><\/p>\n\n\n\n<p>Paseos por los vi\u00f1edos en plena naturaleza, cenas entre sus hileras a base de trufas y vino espumoso, as\u00ed como picnics en el vi\u00f1edo y en el olivar. Estas son solo algunas de las iniciativas organizadas por las 24 bodegas toscanas, a\u00fan en proceso de actualizaci\u00f3n, y disponibles en el enlace: <a href=\"https:\/\/bit.ly\/3ciqtYE\" target=\"_blank\" rel=\"noreferrer noopener\">https:\/\/bit.ly\/3ciqtYE<\/a>.<\/p>\n\n\n\n<p><strong>Lacio<\/strong><\/p>\n\n\n\n<p>Cantinamena ser\u00e1 la \u00fanica bodega de Lazio que participar\u00e1 en Calici di Stelle 2022 con la velada <em>A Piedi Nudi Sotto le Stelle<\/em>, los d\u00edas 13 y 20 de agosto. El acto se inaugurar\u00e1 con la observaci\u00f3n del cielo con telescopios acompa\u00f1ada por los relatos de astr\u00f3nomos aficionados, seguida de un paseo por el vi\u00f1edo y un abundante buffet acompa\u00f1ado de los vinos de la empresa. Para m\u00e1s informaci\u00f3n: <a href=\"https:\/\/bit.ly\/3aFR15x\" target=\"_blank\" rel=\"noreferrer noopener\">https:\/\/bit.ly\/3aFR15x<\/a> e <a href=\"https:\/\/bit.ly\/3Pnlqot\" target=\"_blank\" rel=\"noreferrer noopener\">https:\/\/bit.ly\/3Pnlqot<\/a>.<\/p>\n\n\n\n<p><strong>Lombard\u00eda<\/strong><\/p>\n\n\n\n<p class=\"translation-block\">Las bodegas lombardas iluminar\u00e1n las noches estrelladas del 29 de julio al 12 de agosto con paseos por los vi\u00f1edos, aperitivos a base de vino, cenas entre las hileras y mucho m\u00e1s. Informaci\u00f3n y actualizaciones en: <a href=\"https:\/\/bit.ly\/3P7taL0\" target=\"_blank\" rel=\"noreferrer noopener\">https:\/\/bit.ly\/3P7taL0<\/a> y <a href=\"https:\/\/bit.ly\/3z4ZNn6\" target=\"_blank\" rel=\"noreferrer noopener\">https:\/\/bit.ly\/3z4ZNn6<\/a>.<\/p>\n\n\n\n<p><strong>Piamonte<\/strong><\/p>\n\n\n\n<p class=\"translation-block\">Piamonte\nDel 19 de julio al 15 de agosto, las bodegas piamontesas ofrecer\u00e1n al p\u00fablico veladas de grandes vinos para degustar bajo el cielo estrellado. El calendario est\u00e1 disponible en el enlace: <a href=\"https:\/\/bit.ly\/3P5mGMA\" target=\"_blank\" rel=\"noreferrer noopener\">https:\/\/bit.ly\/3P5mGMA<\/a>.<\/p>\n\n\n\n<p><\/p>\n\n\n\n<p class=\"translation-block\"><strong>Para m\u00e1s informaci\u00f3n sobre el enoturismo en Italia, es posible consultar el sitio web espec\u00edfico de ENIT - Agencia Nacional de Turismo <a href=\"https:\/\/www.italia.it\/es\/italia\/que-hacer\/eventos-para-descubrir-vino-en-italia\" target=\"_blank\" rel=\"noreferrer noopener\">www.italia.it<\/a>.<\/strong><\/p>","protected":false},"excerpt":{"rendered":"<p>Ore 02.01 &#8211; Dal 29 luglio al 15 agosto nelle vigne, nelle piazze e nei borghi pi\u00f9 belli d\u2019Italia prende il via l&#8217;evento Calici di Stelle 2022 il calendario eno\u2013astronomico per gli amanti del vino. Dopo il successo di Cantine Aperte e la partenza di Vigneti Aperti, proseguono i numerosi appuntamenti stagionali del Movimento Turismo del Vino (MTV), che anche quest\u2019estate riempir\u00e0 le vigne e le piazze italiane di magia e attimi di festa. L\u2019evento, organizzato da MTV e dall\u2019Associazione Citt\u00e0 del Vino, sar\u00e0 un\u2019occasione per passeggiare tra i filari al chiaro di luna e per vivere i borghi e&#8230; <\/p>","protected":false},"author":2,"featured_media":6399,"comment_status":"open","ping_status":"open","sticky":false,"template":"","format":"standard","meta":{"_monsterinsights_skip_tracking":false,"_monsterinsights_sitenote_active":false,"_monsterinsights_sitenote_note":"","_monsterinsights_sitenote_category":0,"footnotes":""},"categories":[29],"tags":[],"class_list":["post-6384","post","type-post","status-publish","format-standard","has-post-thumbnail","hentry","category-conoscerelitalia"],"yoast_head":"<!-- This site is optimized with the Yoast SEO Premium plugin v18.4 (Yoast SEO v25.6) - https:\/\/yoast.com\/wordpress\/plugins\/seo\/ -->\n<title>Calici di Stelle, l&#039;evento astronomico italiano dedicato agli enoturisti Puntodincontro<\/title>\n<meta name=\"description\" content=\"Dal 29 luglio al 15 agosto nelle vigne, nelle piazze e nei borghi pi\u00f9 belli d\u2019Italia prende il via l&#039;evento \u201cCalici di Stelle 2022\u201d il calendario eno-astronomico per gli amanti del vino.\" \/>\n<meta name=\"robots\" content=\"index, follow, max-snippet:-1, max-image-preview:large, max-video-preview:-1\" \/>\n<link rel=\"canonical\" href=\"https:\/\/puntodincontro.mx\/es\/2022\/07\/18\/calici-di-stelle-el-evento-astronomico-italiano-dedicado-a-los-enoturistas\/\" \/>\n<meta property=\"og:locale\" content=\"es_MX\" \/>\n<meta property=\"og:type\" content=\"article\" \/>\n<meta property=\"og:title\" content=\"Calici di Stelle, l&#039;evento astronomico italiano dedicato agli enoturisti\" \/>\n<meta property=\"og:description\" content=\"Dal 29 luglio al 15 agosto nelle vigne, nelle piazze e nei borghi pi\u00f9 belli d\u2019Italia prende il via l&#039;evento \u201cCalici di Stelle 2022\u201d il calendario eno-astronomico per gli amanti del vino.\" \/>\n<meta property=\"og:url\" content=\"https:\/\/puntodincontro.mx\/es\/2022\/07\/18\/calici-di-stelle-el-evento-astronomico-italiano-dedicado-a-los-enoturistas\/\" \/>\n<meta property=\"og:site_name\" content=\"Puntodincontro\" \/>\n<meta property=\"article:publisher\" content=\"https:\/\/www.facebook.com\/puntodincontro.mx\" \/>\n<meta property=\"article:published_time\" content=\"2022-07-18T07:01:21+00:00\" \/>\n<meta property=\"article:modified_time\" content=\"2022-07-21T09:56:37+00:00\" \/>\n<meta property=\"og:image\" content=\"https:\/\/puntodincontro.mx\/wp-content\/uploads\/2022\/07\/calicidistellevert.webp\" \/>\n\t<meta property=\"og:image:width\" content=\"423\" \/>\n\t<meta property=\"og:image:height\" content=\"488\" \/>\n\t<meta property=\"og:image:type\" content=\"image\/webp\" \/>\n<meta name=\"author\" content=\"Puntodincontro\" \/>\n<meta name=\"twitter:card\" content=\"summary_large_image\" \/>\n<meta name=\"twitter:creator\" content=\"@puntodincontro\" \/>\n<meta name=\"twitter:site\" content=\"@puntodincontro\" \/>\n<meta name=\"twitter:label1\" content=\"Escrito por\" \/>\n\t<meta name=\"twitter:data1\" content=\"Puntodincontro\" \/>\n\t<meta name=\"twitter:label2\" content=\"Tiempo de lectura\" \/>\n\t<meta name=\"twitter:data2\" content=\"8 minutos\" \/>\n<script type=\"application\/ld+json\" class=\"yoast-schema-graph\">{\"@context\":\"https:\/\/schema.org\",\"@graph\":[{\"@type\":\"NewsArticle\",\"@id\":\"https:\/\/puntodincontro.mx\/2022\/07\/18\/calici-di-stelle-levento-astronomico-italiano-dedicato-agli-enoturisti\/#article\",\"isPartOf\":{\"@id\":\"https:\/\/puntodincontro.mx\/2022\/07\/18\/calici-di-stelle-levento-astronomico-italiano-dedicato-agli-enoturisti\/\"},\"author\":{\"name\":\"Puntodincontro\",\"@id\":\"https:\/\/puntodincontro.mx\/#\/schema\/person\/d3066d18a16259cbb0c29b0d0e93b556\"},\"headline\":\"Calici di Stelle, l&#8217;evento astronomico italiano dedicato agli enoturisti\",\"datePublished\":\"2022-07-18T07:01:21+00:00\",\"dateModified\":\"2022-07-21T09:56:37+00:00\",\"mainEntityOfPage\":{\"@id\":\"https:\/\/puntodincontro.mx\/2022\/07\/18\/calici-di-stelle-levento-astronomico-italiano-dedicato-agli-enoturisti\/\"},\"wordCount\":1586,\"commentCount\":1,\"publisher\":{\"@id\":\"https:\/\/puntodincontro.mx\/#organization\"},\"image\":{\"@id\":\"https:\/\/puntodincontro.mx\/2022\/07\/18\/calici-di-stelle-levento-astronomico-italiano-dedicato-agli-enoturisti\/#primaryimage\"},\"thumbnailUrl\":\"https:\/\/puntodincontro.mx\/wp-content\/uploads\/2022\/07\/calicidistellevert.webp\",\"articleSection\":[\"Conoscere l'Italia\"],\"inLanguage\":\"es\",\"potentialAction\":[{\"@type\":\"CommentAction\",\"name\":\"Comment\",\"target\":[\"https:\/\/puntodincontro.mx\/2022\/07\/18\/calici-di-stelle-levento-astronomico-italiano-dedicato-agli-enoturisti\/#respond\"]}]},{\"@type\":\"WebPage\",\"@id\":\"https:\/\/puntodincontro.mx\/2022\/07\/18\/calici-di-stelle-levento-astronomico-italiano-dedicato-agli-enoturisti\/\",\"url\":\"https:\/\/puntodincontro.mx\/2022\/07\/18\/calici-di-stelle-levento-astronomico-italiano-dedicato-agli-enoturisti\/\",\"name\":\"Calici di Stelle, l'evento astronomico italiano dedicato agli enoturisti Puntodincontro\",\"isPartOf\":{\"@id\":\"https:\/\/puntodincontro.mx\/#website\"},\"primaryImageOfPage\":{\"@id\":\"https:\/\/puntodincontro.mx\/2022\/07\/18\/calici-di-stelle-levento-astronomico-italiano-dedicato-agli-enoturisti\/#primaryimage\"},\"image\":{\"@id\":\"https:\/\/puntodincontro.mx\/2022\/07\/18\/calici-di-stelle-levento-astronomico-italiano-dedicato-agli-enoturisti\/#primaryimage\"},\"thumbnailUrl\":\"https:\/\/puntodincontro.mx\/wp-content\/uploads\/2022\/07\/calicidistellevert.webp\",\"datePublished\":\"2022-07-18T07:01:21+00:00\",\"dateModified\":\"2022-07-21T09:56:37+00:00\",\"description\":\"Dal 29 luglio al 15 agosto nelle vigne, nelle piazze e nei borghi pi\u00f9 belli d\u2019Italia prende il via l'evento \u201cCalici di Stelle 2022\u201d il calendario eno-astronomico per gli amanti del vino.\",\"breadcrumb\":{\"@id\":\"https:\/\/puntodincontro.mx\/2022\/07\/18\/calici-di-stelle-levento-astronomico-italiano-dedicato-agli-enoturisti\/#breadcrumb\"},\"inLanguage\":\"es\",\"potentialAction\":[{\"@type\":\"ReadAction\",\"target\":[\"https:\/\/puntodincontro.mx\/2022\/07\/18\/calici-di-stelle-levento-astronomico-italiano-dedicato-agli-enoturisti\/\"]}]},{\"@type\":\"ImageObject\",\"inLanguage\":\"es\",\"@id\":\"https:\/\/puntodincontro.mx\/2022\/07\/18\/calici-di-stelle-levento-astronomico-italiano-dedicato-agli-enoturisti\/#primaryimage\",\"url\":\"https:\/\/puntodincontro.mx\/wp-content\/uploads\/2022\/07\/calicidistellevert.webp\",\"contentUrl\":\"https:\/\/puntodincontro.mx\/wp-content\/uploads\/2022\/07\/calicidistellevert.webp\",\"width\":423,\"height\":488,\"caption\":\"Calici di Stelle, l'evento astronomico italiano dedicato agli enoturisti\"},{\"@type\":\"BreadcrumbList\",\"@id\":\"https:\/\/puntodincontro.mx\/2022\/07\/18\/calici-di-stelle-levento-astronomico-italiano-dedicato-agli-enoturisti\/#breadcrumb\",\"itemListElement\":[{\"@type\":\"ListItem\",\"position\":1,\"name\":\"Home\",\"item\":\"https:\/\/puntodincontro.mx\/\"},{\"@type\":\"ListItem\",\"position\":2,\"name\":\"Calici di Stelle, l&#8217;evento astronomico italiano dedicato agli enoturisti\"}]},{\"@type\":\"WebSite\",\"@id\":\"https:\/\/puntodincontro.mx\/#website\",\"url\":\"https:\/\/puntodincontro.mx\/\",\"name\":\"Puntodincontro\",\"description\":\"Dal 2006 notizie sui rapporti Italia-Messico \/ Desde 2006 noticias sobre las relaciones entre Italia y M\u00e9xico\",\"publisher\":{\"@id\":\"https:\/\/puntodincontro.mx\/#organization\"},\"potentialAction\":[{\"@type\":\"SearchAction\",\"target\":{\"@type\":\"EntryPoint\",\"urlTemplate\":\"https:\/\/puntodincontro.mx\/?s={search_term_string}\"},\"query-input\":{\"@type\":\"PropertyValueSpecification\",\"valueRequired\":true,\"valueName\":\"search_term_string\"}}],\"inLanguage\":\"es\"},{\"@type\":\"Organization\",\"@id\":\"https:\/\/puntodincontro.mx\/#organization\",\"name\":\"Puntodincontro\",\"url\":\"https:\/\/puntodincontro.mx\/\",\"logo\":{\"@type\":\"ImageObject\",\"inLanguage\":\"es\",\"@id\":\"https:\/\/puntodincontro.mx\/#\/schema\/logo\/image\/\",\"url\":\"https:\/\/puntodincontro.mx\/wp-content\/uploads\/2021\/08\/Default-image-for-open-graph-settings.jpg\",\"contentUrl\":\"https:\/\/puntodincontro.mx\/wp-content\/uploads\/2021\/08\/Default-image-for-open-graph-settings.jpg\",\"width\":1200,\"height\":630,\"caption\":\"Puntodincontro\"},\"image\":{\"@id\":\"https:\/\/puntodincontro.mx\/#\/schema\/logo\/image\/\"},\"sameAs\":[\"https:\/\/www.facebook.com\/puntodincontro.mx\",\"https:\/\/x.com\/puntodincontro\",\"https:\/\/www.instagram.com\/puntodincontro.mx\/\",\"https:\/\/www.linkedin.com\/company\/puntodincontro\/\",\"https:\/\/www.youtube.com\/c\/puntodincontromessico\",\"https:\/\/www.patreon.com\/puntodincontro\",\"https:\/\/www.threads.net\/@puntodincontro.mx\"]},{\"@type\":\"Person\",\"@id\":\"https:\/\/puntodincontro.mx\/#\/schema\/person\/d3066d18a16259cbb0c29b0d0e93b556\",\"name\":\"Puntodincontro\",\"image\":{\"@type\":\"ImageObject\",\"inLanguage\":\"es\",\"@id\":\"https:\/\/puntodincontro.mx\/#\/schema\/person\/image\/\",\"url\":\"https:\/\/secure.gravatar.com\/avatar\/0e85b4b3b5e9d6bfcec6a4956d8cc63a?s=96&d=mm&r=g\",\"contentUrl\":\"https:\/\/secure.gravatar.com\/avatar\/0e85b4b3b5e9d6bfcec6a4956d8cc63a?s=96&d=mm&r=g\",\"caption\":\"Puntodincontro\"},\"url\":\"https:\/\/puntodincontro.mx\/es\/author\/puntodincontro\/\"}]}<\/script>\n<!-- \/ Yoast SEO Premium plugin. -->","yoast_head_json":{"title":"Calici di Stelle, l'evento astronomico italiano dedicato agli enoturisti Puntodincontro","description":"Dal 29 luglio al 15 agosto nelle vigne, nelle piazze e nei borghi pi\u00f9 belli d\u2019Italia prende il via l'evento \u201cCalici di Stelle 2022\u201d il calendario eno-astronomico per gli amanti del vino.","robots":{"index":"index","follow":"follow","max-snippet":"max-snippet:-1","max-image-preview":"max-image-preview:large","max-video-preview":"max-video-preview:-1"},"canonical":"https:\/\/puntodincontro.mx\/es\/2022\/07\/18\/calici-di-stelle-el-evento-astronomico-italiano-dedicado-a-los-enoturistas\/","og_locale":"es_MX","og_type":"article","og_title":"Calici di Stelle, l'evento astronomico italiano dedicato agli enoturisti","og_description":"Dal 29 luglio al 15 agosto nelle vigne, nelle piazze e nei borghi pi\u00f9 belli d\u2019Italia prende il via l'evento \u201cCalici di Stelle 2022\u201d il calendario eno-astronomico per gli amanti del vino.","og_url":"https:\/\/puntodincontro.mx\/es\/2022\/07\/18\/calici-di-stelle-el-evento-astronomico-italiano-dedicado-a-los-enoturistas\/","og_site_name":"Puntodincontro","article_publisher":"https:\/\/www.facebook.com\/puntodincontro.mx","article_published_time":"2022-07-18T07:01:21+00:00","article_modified_time":"2022-07-21T09:56:37+00:00","og_image":[{"width":423,"height":488,"url":"https:\/\/puntodincontro.mx\/wp-content\/uploads\/2022\/07\/calicidistellevert.webp","type":"image\/webp"}],"author":"Puntodincontro","twitter_card":"summary_large_image","twitter_creator":"@puntodincontro","twitter_site":"@puntodincontro","twitter_misc":{"Escrito por":"Puntodincontro","Tiempo de lectura":"8 minutos"},"schema":{"@context":"https:\/\/schema.org","@graph":[{"@type":"NewsArticle","@id":"https:\/\/puntodincontro.mx\/2022\/07\/18\/calici-di-stelle-levento-astronomico-italiano-dedicato-agli-enoturisti\/#article","isPartOf":{"@id":"https:\/\/puntodincontro.mx\/2022\/07\/18\/calici-di-stelle-levento-astronomico-italiano-dedicato-agli-enoturisti\/"},"author":{"name":"Puntodincontro","@id":"https:\/\/puntodincontro.mx\/#\/schema\/person\/d3066d18a16259cbb0c29b0d0e93b556"},"headline":"Calici di Stelle, l&#8217;evento astronomico italiano dedicato agli enoturisti","datePublished":"2022-07-18T07:01:21+00:00","dateModified":"2022-07-21T09:56:37+00:00","mainEntityOfPage":{"@id":"https:\/\/puntodincontro.mx\/2022\/07\/18\/calici-di-stelle-levento-astronomico-italiano-dedicato-agli-enoturisti\/"},"wordCount":1586,"commentCount":1,"publisher":{"@id":"https:\/\/puntodincontro.mx\/#organization"},"image":{"@id":"https:\/\/puntodincontro.mx\/2022\/07\/18\/calici-di-stelle-levento-astronomico-italiano-dedicato-agli-enoturisti\/#primaryimage"},"thumbnailUrl":"https:\/\/puntodincontro.mx\/wp-content\/uploads\/2022\/07\/calicidistellevert.webp","articleSection":["Conoscere l'Italia"],"inLanguage":"es","potentialAction":[{"@type":"CommentAction","name":"Comment","target":["https:\/\/puntodincontro.mx\/2022\/07\/18\/calici-di-stelle-levento-astronomico-italiano-dedicato-agli-enoturisti\/#respond"]}]},{"@type":"WebPage","@id":"https:\/\/puntodincontro.mx\/2022\/07\/18\/calici-di-stelle-levento-astronomico-italiano-dedicato-agli-enoturisti\/","url":"https:\/\/puntodincontro.mx\/2022\/07\/18\/calici-di-stelle-levento-astronomico-italiano-dedicato-agli-enoturisti\/","name":"Calici di Stelle, l'evento astronomico italiano dedicato agli enoturisti Puntodincontro","isPartOf":{"@id":"https:\/\/puntodincontro.mx\/#website"},"primaryImageOfPage":{"@id":"https:\/\/puntodincontro.mx\/2022\/07\/18\/calici-di-stelle-levento-astronomico-italiano-dedicato-agli-enoturisti\/#primaryimage"},"image":{"@id":"https:\/\/puntodincontro.mx\/2022\/07\/18\/calici-di-stelle-levento-astronomico-italiano-dedicato-agli-enoturisti\/#primaryimage"},"thumbnailUrl":"https:\/\/puntodincontro.mx\/wp-content\/uploads\/2022\/07\/calicidistellevert.webp","datePublished":"2022-07-18T07:01:21+00:00","dateModified":"2022-07-21T09:56:37+00:00","description":"Dal 29 luglio al 15 agosto nelle vigne, nelle piazze e nei borghi pi\u00f9 belli d\u2019Italia prende il via l'evento \u201cCalici di Stelle 2022\u201d il calendario eno-astronomico per gli amanti del vino.","breadcrumb":{"@id":"https:\/\/puntodincontro.mx\/2022\/07\/18\/calici-di-stelle-levento-astronomico-italiano-dedicato-agli-enoturisti\/#breadcrumb"},"inLanguage":"es","potentialAction":[{"@type":"ReadAction","target":["https:\/\/puntodincontro.mx\/2022\/07\/18\/calici-di-stelle-levento-astronomico-italiano-dedicato-agli-enoturisti\/"]}]},{"@type":"ImageObject","inLanguage":"es","@id":"https:\/\/puntodincontro.mx\/2022\/07\/18\/calici-di-stelle-levento-astronomico-italiano-dedicato-agli-enoturisti\/#primaryimage","url":"https:\/\/puntodincontro.mx\/wp-content\/uploads\/2022\/07\/calicidistellevert.webp","contentUrl":"https:\/\/puntodincontro.mx\/wp-content\/uploads\/2022\/07\/calicidistellevert.webp","width":423,"height":488,"caption":"Calici di Stelle, l'evento astronomico italiano dedicato agli enoturisti"},{"@type":"BreadcrumbList","@id":"https:\/\/puntodincontro.mx\/2022\/07\/18\/calici-di-stelle-levento-astronomico-italiano-dedicato-agli-enoturisti\/#breadcrumb","itemListElement":[{"@type":"ListItem","position":1,"name":"Home","item":"https:\/\/puntodincontro.mx\/"},{"@type":"ListItem","position":2,"name":"Calici di Stelle, l&#8217;evento astronomico italiano dedicato agli enoturisti"}]},{"@type":"WebSite","@id":"https:\/\/puntodincontro.mx\/#website","url":"https:\/\/puntodincontro.mx\/","name":"Puntodincontro","description":"Desde el 2006 noticias sobre las relaciones entre Italia y M\u00e9xico \/ Dal 2006 notizie sui rapporti Italia-Messico","publisher":{"@id":"https:\/\/puntodincontro.mx\/#organization"},"potentialAction":[{"@type":"SearchAction","target":{"@type":"EntryPoint","urlTemplate":"https:\/\/puntodincontro.mx\/?s={search_term_string}"},"query-input":{"@type":"PropertyValueSpecification","valueRequired":true,"valueName":"search_term_string"}}],"inLanguage":"es"},{"@type":"Organization","@id":"https:\/\/puntodincontro.mx\/#organization","name":"Puntodincontro","url":"https:\/\/puntodincontro.mx\/","logo":{"@type":"ImageObject","inLanguage":"es","@id":"https:\/\/puntodincontro.mx\/#\/schema\/logo\/image\/","url":"https:\/\/puntodincontro.mx\/wp-content\/uploads\/2021\/08\/Default-image-for-open-graph-settings.jpg","contentUrl":"https:\/\/puntodincontro.mx\/wp-content\/uploads\/2021\/08\/Default-image-for-open-graph-settings.jpg","width":1200,"height":630,"caption":"Puntodincontro"},"image":{"@id":"https:\/\/puntodincontro.mx\/#\/schema\/logo\/image\/"},"sameAs":["https:\/\/www.facebook.com\/puntodincontro.mx","https:\/\/x.com\/puntodincontro","https:\/\/www.instagram.com\/puntodincontro.mx\/","https:\/\/www.linkedin.com\/company\/puntodincontro\/","https:\/\/www.youtube.com\/c\/puntodincontromessico","https:\/\/www.patreon.com\/puntodincontro","https:\/\/www.threads.net\/@puntodincontro.mx"]},{"@type":"Person","@id":"https:\/\/puntodincontro.mx\/#\/schema\/person\/d3066d18a16259cbb0c29b0d0e93b556","name":"Puntodincontro","image":{"@type":"ImageObject","inLanguage":"es","@id":"https:\/\/puntodincontro.mx\/#\/schema\/person\/image\/","url":"https:\/\/secure.gravatar.com\/avatar\/0e85b4b3b5e9d6bfcec6a4956d8cc63a?s=96&d=mm&r=g","contentUrl":"https:\/\/secure.gravatar.com\/avatar\/0e85b4b3b5e9d6bfcec6a4956d8cc63a?s=96&d=mm&r=g","caption":"Puntodincontro"},"url":"https:\/\/puntodincontro.mx\/es\/author\/puntodincontro\/"}]}},"_links":{"self":[{"href":"https:\/\/puntodincontro.mx\/es\/wp-json\/wp\/v2\/posts\/6384"}],"collection":[{"href":"https:\/\/puntodincontro.mx\/es\/wp-json\/wp\/v2\/posts"}],"about":[{"href":"https:\/\/puntodincontro.mx\/es\/wp-json\/wp\/v2\/types\/post"}],"author":[{"embeddable":true,"href":"https:\/\/puntodincontro.mx\/es\/wp-json\/wp\/v2\/users\/2"}],"replies":[{"embeddable":true,"href":"https:\/\/puntodincontro.mx\/es\/wp-json\/wp\/v2\/comments?post=6384"}],"version-history":[{"count":33,"href":"https:\/\/puntodincontro.mx\/es\/wp-json\/wp\/v2\/posts\/6384\/revisions"}],"predecessor-version":[{"id":6424,"href":"https:\/\/puntodincontro.mx\/es\/wp-json\/wp\/v2\/posts\/6384\/revisions\/6424"}],"wp:featuredmedia":[{"embeddable":true,"href":"https:\/\/puntodincontro.mx\/es\/wp-json\/wp\/v2\/media\/6399"}],"wp:attachment":[{"href":"https:\/\/puntodincontro.mx\/es\/wp-json\/wp\/v2\/media?parent=6384"}],"wp:term":[{"taxonomy":"category","embeddable":true,"href":"https:\/\/puntodincontro.mx\/es\/wp-json\/wp\/v2\/categories?post=6384"},{"taxonomy":"post_tag","embeddable":true,"href":"https:\/\/puntodincontro.mx\/es\/wp-json\/wp\/v2\/tags?post=6384"}],"curies":[{"name":"wp","href":"https:\/\/api.w.org\/{rel}","templated":true}]}}