{"id":6477,"date":"2022-07-19T16:43:08","date_gmt":"2022-07-19T21:43:08","guid":{"rendered":"https:\/\/puntodincontro.mx\/?p=6477"},"modified":"2022-07-19T16:43:09","modified_gmt":"2022-07-19T21:43:09","slug":"la-mexicana-dali-nolasco-en-el-consejo-de-administracion-de-slow-food","status":"publish","type":"post","link":"https:\/\/puntodincontro.mx\/es\/2022\/07\/19\/la-messicana-dali-nolasco-nel-consiglio-di-amministrazione-di-slow-food\/","title":{"rendered":"La mexicana Dal\u00ed Nolasco en el consejo de administraci\u00f3n de Slow Food"},"content":{"rendered":"<p class=\"translation-block\"><strong>16:10 hrs.<\/strong> - Slow Food, la asociaci\u00f3n del \u201ccaracolito\u201d, fundada hace 36 a\u00f1os en Bra, en la provincia de Cuneo, Italia, y presente en todo el mundo, ha entrado en una nueva era.<\/p>\n\n\n\n<p>Desde el pasado s\u00e1bado se ha convertido en \u201cFundaci\u00f3n de Participaci\u00f3n\u201d, una entidad jur\u00eddica que nace de la necesidad de contar con la administraci\u00f3n y coordinaci\u00f3n propias de los organismos p\u00fablicos por un lado y la eficiencia y eficacia de las organizaciones privadas por otro.<\/p>\n\n\n\n<p>Este cambio dio lugar a una nueva junta directiva, compuesta por un n\u00famero de miembros que va desde un m\u00ednimo de 5 hasta un m\u00e1ximo de 13 y votada en el 8\u00ba congreso internacional celebrado en Pollenzo, en la Universidad de Ciencias Gastron\u00f3micas, los d\u00edas 16 y 17 de julio. Edward Mukiibi, agr\u00f3nomo y educador que vive y trabaja en Uganda, fue nombrado presidente.<\/p>\n\n\n\n<p>En el equipo se encuentra la mexicana Dal\u00ed Nolasco Cruz, miembro de la poblaci\u00f3n ind\u00edgena nahua de Tlaola, Puebla, fundadora de la Red de Organizaciones de Mujeres Ind\u00edgenas de Tlaola, Mopampa, Timo\u2019Patla y Yoltik. Desde temprana edad, Dal\u00ed se comprometi\u00f3 dentro de su comunidad, en particular en la participaci\u00f3n de grupos de mujeres ind\u00edgenas. Primero se gradu\u00f3 en la Facultad de Psicolog\u00eda de la Universidad Aut\u00f3noma de Puebla y luego en Pueblos Ind\u00edgenas, Derechos Humanos y Cooperaci\u00f3n Internacional en la Universidad Carlos III de Madrid. Dal\u00ed es miembro activo de Slow Food desde 2018. En 2016 se uni\u00f3 al comit\u00e9 asesor de la red Ind\u00edgena Terra Madre para tratar temas que preocupan a los pueblos nativos a nivel internacional. En 2017 fue nombrada coordinadora de la red Ind\u00edgena Terra Madre para Am\u00e9rica Latina y el Caribe. Dal\u00ed Nolasco Cruz tiene una larga experiencia en derechos humanos, feminismo y temas de g\u00e9nero, as\u00ed como en interculturalidad, nutrici\u00f3n y econom\u00eda social, que ha compartido a trav\u00e9s de procesos de formaci\u00f3n en diversas organizaciones de mujeres ind\u00edgenas.<\/p>\n\n\n\n<p>Los otros consejeros son Marta Messa, directora de la oficina de Slow Food en Bruselas, Richard McCharty (Estados Unidos), Jorrit Kiewik (Pa\u00edses Bajos), Megmi Watanabe (Jap\u00f3n), Francesco Sottile (Italia) y Nina Wolff (Alemania).<\/p>\n\n\n\n<p>Carlo Petrini, fundador de Slow Food y Terra Madre, la red mundial de comunidades alimentarias, seguir\u00e1 siendo miembro de la junta con cargo vitalicio, a menos que renuncie. \u00abEs un momento hist\u00f3rico\u00bb, dijo en un discurso recibido con largos aplausos por el p\u00fablico de delegados. \u00abDebemos implementar nuestro activismo\u00bb \u2014a\u00f1adi\u00f3\u2014 \u00aben todos los rincones del mundo y continuar impulsando nuestros elementos distintivos, la inteligencia afectiva y la anarqu\u00eda austera. Si la pol\u00edtica internacional no tiene la capacidad de comprometerse ante las crisis planetarias, debe hacerlo la humanidad\u00bb.<\/p>\n\n\n\n<p>La actividad de Slow food se basa en tres pilares: la defensa de la biodiversidad ligada a la alimentaci\u00f3n, articulada en torno a la diversidad cultural, los saberes tradicionales y el papel del sentido de comunidad en beneficio del medio rural; la educaci\u00f3n alimentaria y del gusto, basada en despertar y entrenar los sentidos y estudiar todos los aspectos de la alimentaci\u00f3n, desde la tierra hasta el plato; la sensibilizaci\u00f3n de la opini\u00f3n p\u00fablica sobre temas que hoy han entrado en la agenda de muchos gobiernos y en las acciones de personas e instituciones en todo el mundo.<\/p>\n\n\n<div class=\"wp-block-image\">\n<figure class=\"aligncenter size-full\"><img loading=\"lazy\" decoding=\"async\" width=\"600\" height=\"426\" src=\"https:\/\/puntodincontro.mx\/wp-content\/uploads\/2022\/07\/carlopetrinislowfood.webp\" alt=\"\" class=\"wp-image-6485\" srcset=\"https:\/\/puntodincontro.mx\/wp-content\/uploads\/2022\/07\/carlopetrinislowfood.webp 600w, https:\/\/puntodincontro.mx\/wp-content\/uploads\/2022\/07\/carlopetrinislowfood-300x213.webp 300w, https:\/\/puntodincontro.mx\/wp-content\/uploads\/2022\/07\/carlopetrinislowfood-16x12.webp 16w\" sizes=\"(max-width: 600px) 100vw, 600px\" \/><\/figure><\/div>\n\n\n<p class=\"has-text-align-center has-small-font-size\">Carlo Petrini<\/p>\n\n\n\n<div style=\"height:12px\" aria-hidden=\"true\" class=\"wp-block-spacer\"><\/div>\n\n\n<!-- Ad space powered by WP AdCenter v2.5.7 - https:\/\/wpadcenter.com\/ --><div class=\"wpadcenter-adgroup\" ><div class=\"wpadcenter-adgroup__row wpadcenter-aligncenter\"><div class=\"wpadcenter-ad-container\" ><div id=\"wpadcenter-ad-18464\" class=\"ad-placement\"><div class=\"wpadcenter-ad-inner\" ><a id=\"wpadcenter_ad\" data-value=\"18464\" data-placement=\"\" href=\"https:\/\/www.productosremo.com\/\" target=\"_blank\" class=\"wpadcenter-ad-inner__item\" ><img decoding=\"async\"   src=\"https:\/\/puntodincontro.mx\/wp-content\/uploads\/2021\/08\/remobanner.jpg\" class=\"attachment-post-thumbnail size-post-thumbnail wp-post-image\" alt=\"\" srcset=\"https:\/\/puntodincontro.mx\/wp-content\/uploads\/2021\/08\/remobanner.jpg 200w, https:\/\/puntodincontro.mx\/wp-content\/uploads\/2021\/08\/remobanner-16x5.jpg 16w\" sizes=\"(max-width: 200px) 100vw, 200px\" \/><\/a><\/div><\/div><\/div><div class=\"wpadcenter-ad-container\" ><div id=\"wpadcenter-ad-5305\" class=\"ad-placement\"><div class=\"wpadcenter-ad-inner\" ><a id=\"wpadcenter_ad\" data-value=\"5305\" data-placement=\"\" href=\"https:\/\/ambcittadelmessico.esteri.it\/ambasciata_cittadelmessico\/it\/\" target=\"_blank\" class=\"wpadcenter-ad-inner__item\" ><img decoding=\"async\"   src=\"https:\/\/puntodincontro.mx\/wp-content\/uploads\/2022\/05\/Ambasciata.jpg\" class=\"attachment-post-thumbnail size-post-thumbnail wp-post-image\" alt=\"\" srcset=\"https:\/\/puntodincontro.mx\/wp-content\/uploads\/2022\/05\/Ambasciata.jpg 200w, https:\/\/puntodincontro.mx\/wp-content\/uploads\/2022\/05\/Ambasciata-18x5.jpg 18w\" sizes=\"(max-width: 200px) 100vw, 200px\" \/><\/a><\/div><\/div><\/div><div class=\"wpadcenter-ad-container\" ><div id=\"wpadcenter-ad-3781\" class=\"ad-placement\"><div class=\"wpadcenter-ad-inner\" ><a id=\"wpadcenter_ad\" data-value=\"3781\" data-placement=\"\" href=\"https:\/\/cannizzo.com.mx\/\" target=\"_blank\" class=\"wpadcenter-ad-inner__item\" ><img decoding=\"async\"   src=\"https:\/\/puntodincontro.mx\/wp-content\/uploads\/2022\/03\/cannizzo2.jpg\" class=\"attachment-post-thumbnail size-post-thumbnail wp-post-image\" alt=\"\" srcset=\"https:\/\/puntodincontro.mx\/wp-content\/uploads\/2022\/03\/cannizzo2.jpg 200w, https:\/\/puntodincontro.mx\/wp-content\/uploads\/2022\/03\/cannizzo2-18x5.jpg 18w\" sizes=\"(max-width: 200px) 100vw, 200px\" \/><\/a><\/div><\/div><\/div><\/div><div class=\"wpadcenter-adgroup__row wpadcenter-aligncenter\"><div class=\"wpadcenter-ad-container\" ><div id=\"wpadcenter-ad-1704\" class=\"ad-placement\"><div class=\"wpadcenter-ad-inner\" ><a id=\"wpadcenter_ad\" data-value=\"1704\" data-placement=\"\" href=\"https:\/\/puntodincontro.mx\/es\/2021\/12\/24\/inps-verificacion-de-supervivencia-de-los-pensionados-en-el-extranjero\/\" target=\"_blank\" class=\"wpadcenter-ad-inner__item\" ><img decoding=\"async\"   src=\"https:\/\/puntodincontro.mx\/wp-content\/uploads\/2021\/11\/logo-ital.jpg\" class=\"attachment-post-thumbnail size-post-thumbnail wp-post-image\" alt=\"Patronato ITAL Messico\" srcset=\"https:\/\/puntodincontro.mx\/wp-content\/uploads\/2021\/11\/logo-ital.jpg 200w, https:\/\/puntodincontro.mx\/wp-content\/uploads\/2021\/11\/logo-ital-16x5.jpg 16w\" sizes=\"(max-width: 200px) 100vw, 200px\" \/><\/a><\/div><\/div><\/div><div class=\"wpadcenter-ad-container\" ><div id=\"wpadcenter-ad-1538\" class=\"ad-placement\"><div class=\"wpadcenter-ad-inner\" ><a id=\"wpadcenter_ad\" data-value=\"1538\" data-placement=\"\" href=\"https:\/\/asociacionitaliana.org\/\" target=\"_blank\" class=\"wpadcenter-ad-inner__item\" ><img decoding=\"async\"   src=\"https:\/\/puntodincontro.mx\/wp-content\/uploads\/2021\/11\/aialogo.jpg\" class=\"attachment-post-thumbnail size-post-thumbnail wp-post-image\" alt=\"Associazione Italiana di Assistenza IAP\" srcset=\"https:\/\/puntodincontro.mx\/wp-content\/uploads\/2021\/11\/aialogo.jpg 200w, https:\/\/puntodincontro.mx\/wp-content\/uploads\/2021\/11\/aialogo-18x5.jpg 18w\" sizes=\"(max-width: 200px) 100vw, 200px\" \/><\/a><\/div><\/div><\/div><div class=\"wpadcenter-ad-container\" ><div id=\"wpadcenter-ad-1513\" class=\"ad-placement\"><div class=\"wpadcenter-ad-inner\" ><a id=\"wpadcenter_ad\" data-value=\"1513\" data-placement=\"\" href=\"https:\/\/gcinmuebles.mx\" target=\"_blank\" class=\"wpadcenter-ad-inner__item\" ><img decoding=\"async\"   src=\"https:\/\/puntodincontro.mx\/wp-content\/uploads\/2021\/10\/gcinmuebleslogopunto-1.jpg\" class=\"attachment-post-thumbnail size-post-thumbnail wp-post-image\" alt=\"\" srcset=\"https:\/\/puntodincontro.mx\/wp-content\/uploads\/2021\/10\/gcinmuebleslogopunto-1.jpg 200w, https:\/\/puntodincontro.mx\/wp-content\/uploads\/2021\/10\/gcinmuebleslogopunto-1-18x5.jpg 18w\" sizes=\"(max-width: 200px) 100vw, 200px\" \/><\/a><\/div><\/div><\/div><\/div><div class=\"wpadcenter-adgroup__row wpadcenter-aligncenter\"><div class=\"wpadcenter-ad-container\" ><div id=\"wpadcenter-ad-1374\" class=\"ad-placement\"><div class=\"wpadcenter-ad-inner\" ><a id=\"wpadcenter_ad\" data-value=\"1374\" data-placement=\"\" href=\"https:\/\/www.9colonne.it\/\" target=\"_blank\" class=\"wpadcenter-ad-inner__item\" ><img decoding=\"async\"   src=\"https:\/\/puntodincontro.mx\/wp-content\/uploads\/2021\/10\/Banner9colonne.gif\" class=\"attachment-post-thumbnail size-post-thumbnail wp-post-image\" alt=\"\" \/><\/a><\/div><\/div><\/div><div class=\"wpadcenter-ad-container\" ><div id=\"wpadcenter-ad-276\" class=\"ad-placement\"><div class=\"wpadcenter-ad-inner\" ><a id=\"wpadcenter_ad\" data-value=\"276\" data-placement=\"\" href=\"http:\/\/www.camaraitaliana.mx\/\" target=\"_blank\" class=\"wpadcenter-ad-inner__item\" ><img decoding=\"async\"   src=\"https:\/\/puntodincontro.mx\/wp-content\/uploads\/2021\/08\/ccimnuovo.jpg\" class=\"attachment-post-thumbnail size-post-thumbnail wp-post-image\" alt=\"\" srcset=\"https:\/\/puntodincontro.mx\/wp-content\/uploads\/2021\/08\/ccimnuovo.jpg 200w, https:\/\/puntodincontro.mx\/wp-content\/uploads\/2021\/08\/ccimnuovo-18x5.jpg 18w\" sizes=\"(max-width: 200px) 100vw, 200px\" \/><\/a><\/div><\/div><\/div><div class=\"wpadcenter-ad-container\" ><div id=\"wpadcenter-ad-272\" class=\"ad-placement\"><div class=\"wpadcenter-ad-inner\" ><a id=\"wpadcenter_ad\" data-value=\"272\" data-placement=\"\" href=\"http:\/\/corix.us\/\" target=\"_blank\" class=\"wpadcenter-ad-inner__item\" ><img decoding=\"async\"   src=\"https:\/\/puntodincontro.mx\/wp-content\/uploads\/2021\/08\/corixbanner-1.jpg\" class=\"attachment-post-thumbnail size-post-thumbnail wp-post-image\" alt=\"\" srcset=\"https:\/\/puntodincontro.mx\/wp-content\/uploads\/2021\/08\/corixbanner-1.jpg 200w, https:\/\/puntodincontro.mx\/wp-content\/uploads\/2021\/08\/corixbanner-1-16x5.jpg 16w\" sizes=\"(max-width: 200px) 100vw, 200px\" \/><\/a><\/div><\/div><\/div><\/div><div class=\"wpadcenter-adgroup__row wpadcenter-aligncenter\"><div class=\"wpadcenter-ad-container\" ><div id=\"wpadcenter-ad-266\" class=\"ad-placement\"><div class=\"wpadcenter-ad-inner\" ><a id=\"wpadcenter_ad\" data-value=\"266\" data-placement=\"\" href=\"https:\/\/www.prinsel.com.mx\/\" target=\"_blank\" class=\"wpadcenter-ad-inner__item\" ><img decoding=\"async\"   src=\"https:\/\/puntodincontro.mx\/wp-content\/uploads\/2021\/08\/prinselbanner-1.jpg\" class=\"attachment-post-thumbnail size-post-thumbnail wp-post-image\" alt=\"\" srcset=\"https:\/\/puntodincontro.mx\/wp-content\/uploads\/2021\/08\/prinselbanner-1.jpg 200w, https:\/\/puntodincontro.mx\/wp-content\/uploads\/2021\/08\/prinselbanner-1-16x5.jpg 16w\" sizes=\"(max-width: 200px) 100vw, 200px\" \/><\/a><\/div><\/div><\/div><div class=\"wpadcenter-ad-container\" ><div id=\"wpadcenter-ad-261\" class=\"ad-placement\"><div class=\"wpadcenter-ad-inner\" ><a id=\"wpadcenter_ad\" data-value=\"261\" data-placement=\"\" href=\"https:\/\/faitalia.com.mx\/\" target=\"_blank\" class=\"wpadcenter-ad-inner__item\" ><img decoding=\"async\"   src=\"https:\/\/puntodincontro.mx\/wp-content\/uploads\/2021\/08\/gruppodino.jpg\" class=\"attachment-post-thumbnail size-post-thumbnail wp-post-image\" alt=\"\" srcset=\"https:\/\/puntodincontro.mx\/wp-content\/uploads\/2021\/08\/gruppodino.jpg 200w, https:\/\/puntodincontro.mx\/wp-content\/uploads\/2021\/08\/gruppodino-18x5.jpg 18w\" sizes=\"(max-width: 200px) 100vw, 200px\" \/><\/a><\/div><\/div><\/div><\/div><\/div>\n\n\n<div style=\"height:12px\" aria-hidden=\"true\" class=\"wp-block-spacer\"><\/div>","protected":false},"excerpt":{"rendered":"<p>Ore 16.10 &#8211; Slow Food, l&#8217;associazione della chiocciolina, fondata 36 anni fa a Bra, in provincia di Cuneo, e ramificata in tutto il mondo, \u00e8 entrata in una nuova era. Da sabato scorso \u00e8 diventata \u201cFondazione di partecipazione\u201d, un&#8217;entit\u00e0 legale nata dalla necessit\u00e0 di avere da una parte la gestione e il coordinamento tipici degli enti pubblici e dall\u2019altra l\u2019efficienza e l\u2019efficacia delle organizzazioni private. Questo cambiamento ha portato un nuovo consiglio di amministrazione, composto da un numero di membri variabile da un minimo di 5 a un massimo di 13 e votato all&#8217;8\u00b0 congresso internazionale tenutosi a Pollenzo, nella&#8230; <\/p>","protected":false},"author":2,"featured_media":6483,"comment_status":"open","ping_status":"open","sticky":false,"template":"","format":"standard","meta":{"_monsterinsights_skip_tracking":false,"_monsterinsights_sitenote_active":false,"_monsterinsights_sitenote_note":"","_monsterinsights_sitenote_category":0,"footnotes":""},"categories":[18],"tags":[],"class_list":["post-6477","post","type-post","status-publish","format-standard","has-post-thumbnail","hentry","category-cronaca"],"yoast_head":"<!-- This site is optimized with the Yoast SEO Premium plugin v18.4 (Yoast SEO v25.6) - https:\/\/yoast.com\/wordpress\/plugins\/seo\/ -->\n<title>La messicana Dal\u00ed Nolasco nel consiglio di amministrazione di Slow Food Puntodincontro<\/title>\n<meta name=\"description\" content=\"Slow Food, l&#039;associazione della chiocciolina, fondata 36 anni fa a Bra, in provincia di Cuneo, e ramificata in tutto il mondo, \u00e8 entrata in una nuova era.\" \/>\n<meta name=\"robots\" content=\"index, follow, max-snippet:-1, max-image-preview:large, max-video-preview:-1\" \/>\n<link rel=\"canonical\" href=\"https:\/\/puntodincontro.mx\/es\/2022\/07\/19\/la-mexicana-dali-nolasco-en-el-consejo-de-administracion-de-slow-food\/\" \/>\n<meta property=\"og:locale\" content=\"es_MX\" \/>\n<meta property=\"og:type\" content=\"article\" \/>\n<meta property=\"og:title\" content=\"La messicana Dal\u00ed Nolasco nel consiglio di amministrazione di Slow Food\" \/>\n<meta property=\"og:description\" content=\"Slow Food, l&#039;associazione della chiocciolina, fondata 36 anni fa a Bra, in provincia di Cuneo, e ramificata in tutto il mondo, \u00e8 entrata in una nuova era.\" \/>\n<meta property=\"og:url\" content=\"https:\/\/puntodincontro.mx\/es\/2022\/07\/19\/la-mexicana-dali-nolasco-en-el-consejo-de-administracion-de-slow-food\/\" \/>\n<meta property=\"og:site_name\" content=\"Puntodincontro\" \/>\n<meta property=\"article:publisher\" content=\"https:\/\/www.facebook.com\/puntodincontro.mx\" \/>\n<meta property=\"article:published_time\" content=\"2022-07-19T21:43:08+00:00\" \/>\n<meta property=\"article:modified_time\" content=\"2022-07-19T21:43:09+00:00\" \/>\n<meta property=\"og:image\" content=\"https:\/\/puntodincontro.mx\/wp-content\/uploads\/2022\/07\/dalinolascoslowfoodvert.webp\" \/>\n\t<meta property=\"og:image:width\" content=\"423\" \/>\n\t<meta property=\"og:image:height\" content=\"488\" \/>\n\t<meta property=\"og:image:type\" content=\"image\/webp\" \/>\n<meta name=\"author\" content=\"Puntodincontro\" \/>\n<meta name=\"twitter:card\" content=\"summary_large_image\" \/>\n<meta name=\"twitter:creator\" content=\"@puntodincontro\" \/>\n<meta name=\"twitter:site\" content=\"@puntodincontro\" \/>\n<meta name=\"twitter:label1\" content=\"Escrito por\" \/>\n\t<meta name=\"twitter:data1\" content=\"Puntodincontro\" \/>\n\t<meta name=\"twitter:label2\" content=\"Tiempo de lectura\" \/>\n\t<meta name=\"twitter:data2\" content=\"2 minutos\" \/>\n<script type=\"application\/ld+json\" class=\"yoast-schema-graph\">{\"@context\":\"https:\/\/schema.org\",\"@graph\":[{\"@type\":\"NewsArticle\",\"@id\":\"https:\/\/puntodincontro.mx\/2022\/07\/19\/la-messicana-dali-nolasco-nel-consiglio-di-amministrazione-di-slow-food\/#article\",\"isPartOf\":{\"@id\":\"https:\/\/puntodincontro.mx\/2022\/07\/19\/la-messicana-dali-nolasco-nel-consiglio-di-amministrazione-di-slow-food\/\"},\"author\":{\"name\":\"Puntodincontro\",\"@id\":\"https:\/\/puntodincontro.mx\/#\/schema\/person\/d3066d18a16259cbb0c29b0d0e93b556\"},\"headline\":\"La messicana Dal\u00ed Nolasco nel consiglio di amministrazione di Slow Food\",\"datePublished\":\"2022-07-19T21:43:08+00:00\",\"dateModified\":\"2022-07-19T21:43:09+00:00\",\"mainEntityOfPage\":{\"@id\":\"https:\/\/puntodincontro.mx\/2022\/07\/19\/la-messicana-dali-nolasco-nel-consiglio-di-amministrazione-di-slow-food\/\"},\"wordCount\":517,\"commentCount\":0,\"publisher\":{\"@id\":\"https:\/\/puntodincontro.mx\/#organization\"},\"image\":{\"@id\":\"https:\/\/puntodincontro.mx\/2022\/07\/19\/la-messicana-dali-nolasco-nel-consiglio-di-amministrazione-di-slow-food\/#primaryimage\"},\"thumbnailUrl\":\"https:\/\/puntodincontro.mx\/wp-content\/uploads\/2022\/07\/dalinolascoslowfoodvert.webp\",\"articleSection\":[\"Cronaca\"],\"inLanguage\":\"es\",\"potentialAction\":[{\"@type\":\"CommentAction\",\"name\":\"Comment\",\"target\":[\"https:\/\/puntodincontro.mx\/2022\/07\/19\/la-messicana-dali-nolasco-nel-consiglio-di-amministrazione-di-slow-food\/#respond\"]}]},{\"@type\":\"WebPage\",\"@id\":\"https:\/\/puntodincontro.mx\/2022\/07\/19\/la-messicana-dali-nolasco-nel-consiglio-di-amministrazione-di-slow-food\/\",\"url\":\"https:\/\/puntodincontro.mx\/2022\/07\/19\/la-messicana-dali-nolasco-nel-consiglio-di-amministrazione-di-slow-food\/\",\"name\":\"La messicana Dal\u00ed Nolasco nel consiglio di amministrazione di Slow Food Puntodincontro\",\"isPartOf\":{\"@id\":\"https:\/\/puntodincontro.mx\/#website\"},\"primaryImageOfPage\":{\"@id\":\"https:\/\/puntodincontro.mx\/2022\/07\/19\/la-messicana-dali-nolasco-nel-consiglio-di-amministrazione-di-slow-food\/#primaryimage\"},\"image\":{\"@id\":\"https:\/\/puntodincontro.mx\/2022\/07\/19\/la-messicana-dali-nolasco-nel-consiglio-di-amministrazione-di-slow-food\/#primaryimage\"},\"thumbnailUrl\":\"https:\/\/puntodincontro.mx\/wp-content\/uploads\/2022\/07\/dalinolascoslowfoodvert.webp\",\"datePublished\":\"2022-07-19T21:43:08+00:00\",\"dateModified\":\"2022-07-19T21:43:09+00:00\",\"description\":\"Slow Food, l'associazione della chiocciolina, fondata 36 anni fa a Bra, in provincia di Cuneo, e ramificata in tutto il mondo, \u00e8 entrata in una nuova era.\",\"breadcrumb\":{\"@id\":\"https:\/\/puntodincontro.mx\/2022\/07\/19\/la-messicana-dali-nolasco-nel-consiglio-di-amministrazione-di-slow-food\/#breadcrumb\"},\"inLanguage\":\"es\",\"potentialAction\":[{\"@type\":\"ReadAction\",\"target\":[\"https:\/\/puntodincontro.mx\/2022\/07\/19\/la-messicana-dali-nolasco-nel-consiglio-di-amministrazione-di-slow-food\/\"]}]},{\"@type\":\"ImageObject\",\"inLanguage\":\"es\",\"@id\":\"https:\/\/puntodincontro.mx\/2022\/07\/19\/la-messicana-dali-nolasco-nel-consiglio-di-amministrazione-di-slow-food\/#primaryimage\",\"url\":\"https:\/\/puntodincontro.mx\/wp-content\/uploads\/2022\/07\/dalinolascoslowfoodvert.webp\",\"contentUrl\":\"https:\/\/puntodincontro.mx\/wp-content\/uploads\/2022\/07\/dalinolascoslowfoodvert.webp\",\"width\":423,\"height\":488,\"caption\":\"La messicana Dal\u00ed Nolasco nel consiglio di amministrazione di Slow Food\"},{\"@type\":\"BreadcrumbList\",\"@id\":\"https:\/\/puntodincontro.mx\/2022\/07\/19\/la-messicana-dali-nolasco-nel-consiglio-di-amministrazione-di-slow-food\/#breadcrumb\",\"itemListElement\":[{\"@type\":\"ListItem\",\"position\":1,\"name\":\"Home\",\"item\":\"https:\/\/puntodincontro.mx\/\"},{\"@type\":\"ListItem\",\"position\":2,\"name\":\"La messicana Dal\u00ed Nolasco nel consiglio di amministrazione di Slow Food\"}]},{\"@type\":\"WebSite\",\"@id\":\"https:\/\/puntodincontro.mx\/#website\",\"url\":\"https:\/\/puntodincontro.mx\/\",\"name\":\"Puntodincontro\",\"description\":\"Dal 2006 notizie sui rapporti Italia-Messico \/ Desde 2006 noticias sobre las relaciones entre Italia y M\u00e9xico\",\"publisher\":{\"@id\":\"https:\/\/puntodincontro.mx\/#organization\"},\"potentialAction\":[{\"@type\":\"SearchAction\",\"target\":{\"@type\":\"EntryPoint\",\"urlTemplate\":\"https:\/\/puntodincontro.mx\/?s={search_term_string}\"},\"query-input\":{\"@type\":\"PropertyValueSpecification\",\"valueRequired\":true,\"valueName\":\"search_term_string\"}}],\"inLanguage\":\"es\"},{\"@type\":\"Organization\",\"@id\":\"https:\/\/puntodincontro.mx\/#organization\",\"name\":\"Puntodincontro\",\"url\":\"https:\/\/puntodincontro.mx\/\",\"logo\":{\"@type\":\"ImageObject\",\"inLanguage\":\"es\",\"@id\":\"https:\/\/puntodincontro.mx\/#\/schema\/logo\/image\/\",\"url\":\"https:\/\/puntodincontro.mx\/wp-content\/uploads\/2021\/08\/Default-image-for-open-graph-settings.jpg\",\"contentUrl\":\"https:\/\/puntodincontro.mx\/wp-content\/uploads\/2021\/08\/Default-image-for-open-graph-settings.jpg\",\"width\":1200,\"height\":630,\"caption\":\"Puntodincontro\"},\"image\":{\"@id\":\"https:\/\/puntodincontro.mx\/#\/schema\/logo\/image\/\"},\"sameAs\":[\"https:\/\/www.facebook.com\/puntodincontro.mx\",\"https:\/\/x.com\/puntodincontro\",\"https:\/\/www.instagram.com\/puntodincontro.mx\/\",\"https:\/\/www.linkedin.com\/company\/puntodincontro\/\",\"https:\/\/www.youtube.com\/c\/puntodincontromessico\",\"https:\/\/www.patreon.com\/puntodincontro\",\"https:\/\/www.threads.net\/@puntodincontro.mx\"]},{\"@type\":\"Person\",\"@id\":\"https:\/\/puntodincontro.mx\/#\/schema\/person\/d3066d18a16259cbb0c29b0d0e93b556\",\"name\":\"Puntodincontro\",\"image\":{\"@type\":\"ImageObject\",\"inLanguage\":\"es\",\"@id\":\"https:\/\/puntodincontro.mx\/#\/schema\/person\/image\/\",\"url\":\"https:\/\/secure.gravatar.com\/avatar\/0e85b4b3b5e9d6bfcec6a4956d8cc63a?s=96&d=mm&r=g\",\"contentUrl\":\"https:\/\/secure.gravatar.com\/avatar\/0e85b4b3b5e9d6bfcec6a4956d8cc63a?s=96&d=mm&r=g\",\"caption\":\"Puntodincontro\"},\"url\":\"https:\/\/puntodincontro.mx\/es\/author\/puntodincontro\/\"}]}<\/script>\n<!-- \/ Yoast SEO Premium plugin. -->","yoast_head_json":{"title":"La messicana Dal\u00ed Nolasco nel consiglio di amministrazione di Slow Food Puntodincontro","description":"Slow Food, l'associazione della chiocciolina, fondata 36 anni fa a Bra, in provincia di Cuneo, e ramificata in tutto il mondo, \u00e8 entrata in una nuova era.","robots":{"index":"index","follow":"follow","max-snippet":"max-snippet:-1","max-image-preview":"max-image-preview:large","max-video-preview":"max-video-preview:-1"},"canonical":"https:\/\/puntodincontro.mx\/es\/2022\/07\/19\/la-mexicana-dali-nolasco-en-el-consejo-de-administracion-de-slow-food\/","og_locale":"es_MX","og_type":"article","og_title":"La messicana Dal\u00ed Nolasco nel consiglio di amministrazione di Slow Food","og_description":"Slow Food, l'associazione della chiocciolina, fondata 36 anni fa a Bra, in provincia di Cuneo, e ramificata in tutto il mondo, \u00e8 entrata in una nuova era.","og_url":"https:\/\/puntodincontro.mx\/es\/2022\/07\/19\/la-mexicana-dali-nolasco-en-el-consejo-de-administracion-de-slow-food\/","og_site_name":"Puntodincontro","article_publisher":"https:\/\/www.facebook.com\/puntodincontro.mx","article_published_time":"2022-07-19T21:43:08+00:00","article_modified_time":"2022-07-19T21:43:09+00:00","og_image":[{"width":423,"height":488,"url":"https:\/\/puntodincontro.mx\/wp-content\/uploads\/2022\/07\/dalinolascoslowfoodvert.webp","type":"image\/webp"}],"author":"Puntodincontro","twitter_card":"summary_large_image","twitter_creator":"@puntodincontro","twitter_site":"@puntodincontro","twitter_misc":{"Escrito por":"Puntodincontro","Tiempo de lectura":"2 minutos"},"schema":{"@context":"https:\/\/schema.org","@graph":[{"@type":"NewsArticle","@id":"https:\/\/puntodincontro.mx\/2022\/07\/19\/la-messicana-dali-nolasco-nel-consiglio-di-amministrazione-di-slow-food\/#article","isPartOf":{"@id":"https:\/\/puntodincontro.mx\/2022\/07\/19\/la-messicana-dali-nolasco-nel-consiglio-di-amministrazione-di-slow-food\/"},"author":{"name":"Puntodincontro","@id":"https:\/\/puntodincontro.mx\/#\/schema\/person\/d3066d18a16259cbb0c29b0d0e93b556"},"headline":"La messicana Dal\u00ed Nolasco nel consiglio di amministrazione di Slow Food","datePublished":"2022-07-19T21:43:08+00:00","dateModified":"2022-07-19T21:43:09+00:00","mainEntityOfPage":{"@id":"https:\/\/puntodincontro.mx\/2022\/07\/19\/la-messicana-dali-nolasco-nel-consiglio-di-amministrazione-di-slow-food\/"},"wordCount":517,"commentCount":0,"publisher":{"@id":"https:\/\/puntodincontro.mx\/#organization"},"image":{"@id":"https:\/\/puntodincontro.mx\/2022\/07\/19\/la-messicana-dali-nolasco-nel-consiglio-di-amministrazione-di-slow-food\/#primaryimage"},"thumbnailUrl":"https:\/\/puntodincontro.mx\/wp-content\/uploads\/2022\/07\/dalinolascoslowfoodvert.webp","articleSection":["Cronaca"],"inLanguage":"es","potentialAction":[{"@type":"CommentAction","name":"Comment","target":["https:\/\/puntodincontro.mx\/2022\/07\/19\/la-messicana-dali-nolasco-nel-consiglio-di-amministrazione-di-slow-food\/#respond"]}]},{"@type":"WebPage","@id":"https:\/\/puntodincontro.mx\/2022\/07\/19\/la-messicana-dali-nolasco-nel-consiglio-di-amministrazione-di-slow-food\/","url":"https:\/\/puntodincontro.mx\/2022\/07\/19\/la-messicana-dali-nolasco-nel-consiglio-di-amministrazione-di-slow-food\/","name":"La messicana Dal\u00ed Nolasco nel consiglio di amministrazione di Slow Food Puntodincontro","isPartOf":{"@id":"https:\/\/puntodincontro.mx\/#website"},"primaryImageOfPage":{"@id":"https:\/\/puntodincontro.mx\/2022\/07\/19\/la-messicana-dali-nolasco-nel-consiglio-di-amministrazione-di-slow-food\/#primaryimage"},"image":{"@id":"https:\/\/puntodincontro.mx\/2022\/07\/19\/la-messicana-dali-nolasco-nel-consiglio-di-amministrazione-di-slow-food\/#primaryimage"},"thumbnailUrl":"https:\/\/puntodincontro.mx\/wp-content\/uploads\/2022\/07\/dalinolascoslowfoodvert.webp","datePublished":"2022-07-19T21:43:08+00:00","dateModified":"2022-07-19T21:43:09+00:00","description":"Slow Food, l'associazione della chiocciolina, fondata 36 anni fa a Bra, in provincia di Cuneo, e ramificata in tutto il mondo, \u00e8 entrata in una nuova era.","breadcrumb":{"@id":"https:\/\/puntodincontro.mx\/2022\/07\/19\/la-messicana-dali-nolasco-nel-consiglio-di-amministrazione-di-slow-food\/#breadcrumb"},"inLanguage":"es","potentialAction":[{"@type":"ReadAction","target":["https:\/\/puntodincontro.mx\/2022\/07\/19\/la-messicana-dali-nolasco-nel-consiglio-di-amministrazione-di-slow-food\/"]}]},{"@type":"ImageObject","inLanguage":"es","@id":"https:\/\/puntodincontro.mx\/2022\/07\/19\/la-messicana-dali-nolasco-nel-consiglio-di-amministrazione-di-slow-food\/#primaryimage","url":"https:\/\/puntodincontro.mx\/wp-content\/uploads\/2022\/07\/dalinolascoslowfoodvert.webp","contentUrl":"https:\/\/puntodincontro.mx\/wp-content\/uploads\/2022\/07\/dalinolascoslowfoodvert.webp","width":423,"height":488,"caption":"La messicana Dal\u00ed Nolasco nel consiglio di amministrazione di Slow Food"},{"@type":"BreadcrumbList","@id":"https:\/\/puntodincontro.mx\/2022\/07\/19\/la-messicana-dali-nolasco-nel-consiglio-di-amministrazione-di-slow-food\/#breadcrumb","itemListElement":[{"@type":"ListItem","position":1,"name":"Home","item":"https:\/\/puntodincontro.mx\/"},{"@type":"ListItem","position":2,"name":"La messicana Dal\u00ed Nolasco nel consiglio di amministrazione di Slow Food"}]},{"@type":"WebSite","@id":"https:\/\/puntodincontro.mx\/#website","url":"https:\/\/puntodincontro.mx\/","name":"Puntodincontro","description":"Desde el 2006 noticias sobre las relaciones entre Italia y M\u00e9xico \/ Dal 2006 notizie sui rapporti Italia-Messico","publisher":{"@id":"https:\/\/puntodincontro.mx\/#organization"},"potentialAction":[{"@type":"SearchAction","target":{"@type":"EntryPoint","urlTemplate":"https:\/\/puntodincontro.mx\/?s={search_term_string}"},"query-input":{"@type":"PropertyValueSpecification","valueRequired":true,"valueName":"search_term_string"}}],"inLanguage":"es"},{"@type":"Organization","@id":"https:\/\/puntodincontro.mx\/#organization","name":"Puntodincontro","url":"https:\/\/puntodincontro.mx\/","logo":{"@type":"ImageObject","inLanguage":"es","@id":"https:\/\/puntodincontro.mx\/#\/schema\/logo\/image\/","url":"https:\/\/puntodincontro.mx\/wp-content\/uploads\/2021\/08\/Default-image-for-open-graph-settings.jpg","contentUrl":"https:\/\/puntodincontro.mx\/wp-content\/uploads\/2021\/08\/Default-image-for-open-graph-settings.jpg","width":1200,"height":630,"caption":"Puntodincontro"},"image":{"@id":"https:\/\/puntodincontro.mx\/#\/schema\/logo\/image\/"},"sameAs":["https:\/\/www.facebook.com\/puntodincontro.mx","https:\/\/x.com\/puntodincontro","https:\/\/www.instagram.com\/puntodincontro.mx\/","https:\/\/www.linkedin.com\/company\/puntodincontro\/","https:\/\/www.youtube.com\/c\/puntodincontromessico","https:\/\/www.patreon.com\/puntodincontro","https:\/\/www.threads.net\/@puntodincontro.mx"]},{"@type":"Person","@id":"https:\/\/puntodincontro.mx\/#\/schema\/person\/d3066d18a16259cbb0c29b0d0e93b556","name":"Puntodincontro","image":{"@type":"ImageObject","inLanguage":"es","@id":"https:\/\/puntodincontro.mx\/#\/schema\/person\/image\/","url":"https:\/\/secure.gravatar.com\/avatar\/0e85b4b3b5e9d6bfcec6a4956d8cc63a?s=96&d=mm&r=g","contentUrl":"https:\/\/secure.gravatar.com\/avatar\/0e85b4b3b5e9d6bfcec6a4956d8cc63a?s=96&d=mm&r=g","caption":"Puntodincontro"},"url":"https:\/\/puntodincontro.mx\/es\/author\/puntodincontro\/"}]}},"_links":{"self":[{"href":"https:\/\/puntodincontro.mx\/es\/wp-json\/wp\/v2\/posts\/6477"}],"collection":[{"href":"https:\/\/puntodincontro.mx\/es\/wp-json\/wp\/v2\/posts"}],"about":[{"href":"https:\/\/puntodincontro.mx\/es\/wp-json\/wp\/v2\/types\/post"}],"author":[{"embeddable":true,"href":"https:\/\/puntodincontro.mx\/es\/wp-json\/wp\/v2\/users\/2"}],"replies":[{"embeddable":true,"href":"https:\/\/puntodincontro.mx\/es\/wp-json\/wp\/v2\/comments?post=6477"}],"version-history":[{"count":6,"href":"https:\/\/puntodincontro.mx\/es\/wp-json\/wp\/v2\/posts\/6477\/revisions"}],"predecessor-version":[{"id":6487,"href":"https:\/\/puntodincontro.mx\/es\/wp-json\/wp\/v2\/posts\/6477\/revisions\/6487"}],"wp:featuredmedia":[{"embeddable":true,"href":"https:\/\/puntodincontro.mx\/es\/wp-json\/wp\/v2\/media\/6483"}],"wp:attachment":[{"href":"https:\/\/puntodincontro.mx\/es\/wp-json\/wp\/v2\/media?parent=6477"}],"wp:term":[{"taxonomy":"category","embeddable":true,"href":"https:\/\/puntodincontro.mx\/es\/wp-json\/wp\/v2\/categories?post=6477"},{"taxonomy":"post_tag","embeddable":true,"href":"https:\/\/puntodincontro.mx\/es\/wp-json\/wp\/v2\/tags?post=6477"}],"curies":[{"name":"wp","href":"https:\/\/api.w.org\/{rel}","templated":true}]}}