{"id":6553,"date":"2022-07-25T10:41:50","date_gmt":"2022-07-25T15:41:50","guid":{"rendered":"https:\/\/puntodincontro.mx\/?p=6553"},"modified":"2022-07-25T10:41:52","modified_gmt":"2022-07-25T15:41:52","slug":"el-calendario-del-voto-los-plazos-hasta-la-reunion-del-nuevo-parlamento","status":"publish","type":"post","link":"https:\/\/puntodincontro.mx\/es\/2022\/07\/25\/il-calendario-del-voto-le-scadenze-fino-alla-riunione-del-nuovo-parlamento\/","title":{"rendered":"El calendario del voto: los plazos hasta la reuni\u00f3n del nuevo Parlamento"},"content":{"rendered":"<p class=\"translation-block\"><strong>09:58 hrs.<\/strong> - Con la disoluci\u00f3n de las C\u00e1maras, decretada por el presidente de la Rep\u00fablica Sergio Mattarella, se inici\u00f3 oficialmente el calendario de las elecciones, que se realizar\u00e1n el pr\u00f3ximo 25 de septiembre seg\u00fan lo dispuesto por el Consejo de Ministros con fundamento en el art\u00edculo 61 de la Constituci\u00f3n: \u00ablas elecciones de las nuevas C\u00e1maras tienen lugar dentro de los setenta d\u00edas siguientes a la terminaci\u00f3n de las anteriores\u00bb. Antes de votar se deben cumplir una serie de requisitos y plazos, tanto para las instituciones como para los partidos. Estas son las principales fechas:<\/p>\n\n\n\n<p class=\"translation-block\"><strong>27 de julio<\/strong><br>Este es el plazo dentro del cual el Ministerio del Interior debe enviar las listas de votantes que residen fuera de Italia, que se actualizan constantemente, al Ministerio de Asuntos Exteriores. La ley establece que deben transmitirse dentro del sexag\u00e9simo d\u00eda anterior a la votaci\u00f3n.<\/p>\n\n\n\n<p class=\"translation-block\"><strong>31 de julio<\/strong><br>Es el \u00faltimo d\u00eda en que los consulados podr\u00e1n recibir solicitudes de italianos residentes en el extranjero para ejercer su derecho de voto en Italia.<\/p>\n\n\n\n<p class=\"translation-block\"><strong>12, 13 y 14 de agosto<\/strong><br>\nEste es el plazo en el que los partidos deben depositar los distintivos y s\u00edmbolos electorales en el Ministerio del Interior.<\/p>\n\n\n\n<p class=\"translation-block\"><strong>21 y 22 de agosto<\/strong><br>\nEs el plazo reservado para la presentaci\u00f3n de las listas, correspondiente a los d\u00edas 35 y 34 antes de la votaci\u00f3n. Las listas de candidatos se presentan en las oficinas electorales centrales instaladas en los Tribunales de Apelaci\u00f3n.<\/p>\n\n\n\n<p class=\"translation-block\"><strong>26 de agosto<\/strong><br>\nEs la fecha oficial de inicio de la propaganda electoral, el mes de campa\u00f1a antes de la votaci\u00f3n, con m\u00edtines, participaci\u00f3n en transmisiones televisivas, difusi\u00f3n de contenidos a trav\u00e9s de otros medios, colocaci\u00f3n de carteles, entrega de artilugios y volantes, etc.<\/p>\n\n\n\n<p class=\"translation-block\"><strong>22 de septiembre<\/strong><br>\nLas boletas votadas por los italianos mayores de edad residentes en el extranjero \u2014y presentes en las listas enviadas por el Ministerio del Interior al de Asuntos Exteriores\u2014 deber\u00e1n llegar a los consulados a m\u00e1s tardar a las 16:00 horas locales.<\/p>\n\n\n\n<p class=\"translation-block\"><strong>25 de septiembre<\/strong><br>\nEs d\u00eda de las elecciones en Italia.<\/p>\n\n\n\n<p class=\"translation-block\"><strong>15 de octubre<\/strong><br>\nEsta es la fecha l\u00edmite en la que debe celebrarse la primera sesi\u00f3n del nuevo Parlamento. As\u00ed lo establece el art\u00edculo 61 de la Constituci\u00f3n, seg\u00fan el cual \u00abla primera reuni\u00f3n\u00bb de las C\u00e1maras \u00abtiene lugar a m\u00e1s tardar veinte d\u00edas despu\u00e9s de las elecciones\u00bb. Mientras no se re\u00fanan las nuevas c\u00e1maras, prosigue el art\u00edculo, \u00abse ampl\u00edan las facultades de las anteriores\u00bb.<\/p>\n\n\n\n<div style=\"height:12px\" aria-hidden=\"true\" class=\"wp-block-spacer\"><\/div>\n\n\n<!-- Ad space powered by WP AdCenter v2.5.7 - https:\/\/wpadcenter.com\/ --><div class=\"wpadcenter-adgroup\" ><div class=\"wpadcenter-adgroup__row wpadcenter-aligncenter\"><div class=\"wpadcenter-ad-container\" ><div id=\"wpadcenter-ad-18464\" class=\"ad-placement\"><div class=\"wpadcenter-ad-inner\" ><a id=\"wpadcenter_ad\" data-value=\"18464\" data-placement=\"\" href=\"https:\/\/www.productosremo.com\/\" target=\"_blank\" class=\"wpadcenter-ad-inner__item\" ><img decoding=\"async\"   src=\"https:\/\/puntodincontro.mx\/wp-content\/uploads\/2021\/08\/remobanner.jpg\" class=\"attachment-post-thumbnail size-post-thumbnail wp-post-image\" alt=\"\" srcset=\"https:\/\/puntodincontro.mx\/wp-content\/uploads\/2021\/08\/remobanner.jpg 200w, https:\/\/puntodincontro.mx\/wp-content\/uploads\/2021\/08\/remobanner-16x5.jpg 16w\" sizes=\"(max-width: 200px) 100vw, 200px\" \/><\/a><\/div><\/div><\/div><div class=\"wpadcenter-ad-container\" ><div id=\"wpadcenter-ad-5305\" class=\"ad-placement\"><div class=\"wpadcenter-ad-inner\" ><a id=\"wpadcenter_ad\" data-value=\"5305\" data-placement=\"\" href=\"https:\/\/faitalia.com.mx\/\" target=\"_blank\" class=\"wpadcenter-ad-inner__item\" ><img decoding=\"async\"   src=\"https:\/\/puntodincontro.mx\/wp-content\/uploads\/2022\/05\/gruppodino.jpg\" class=\"attachment-post-thumbnail size-post-thumbnail wp-post-image\" alt=\"\" srcset=\"https:\/\/puntodincontro.mx\/wp-content\/uploads\/2022\/05\/gruppodino.jpg 200w, https:\/\/puntodincontro.mx\/wp-content\/uploads\/2022\/05\/gruppodino-18x5.jpg 18w\" sizes=\"(max-width: 200px) 100vw, 200px\" \/><\/a><\/div><\/div><\/div><div class=\"wpadcenter-ad-container\" ><div id=\"wpadcenter-ad-3781\" class=\"ad-placement\"><div class=\"wpadcenter-ad-inner\" ><a id=\"wpadcenter_ad\" data-value=\"3781\" data-placement=\"\" href=\"https:\/\/cannizzo.com.mx\/\" target=\"_blank\" class=\"wpadcenter-ad-inner__item\" ><img decoding=\"async\"   src=\"https:\/\/puntodincontro.mx\/wp-content\/uploads\/2022\/03\/cannizzo2.jpg\" class=\"attachment-post-thumbnail size-post-thumbnail wp-post-image\" alt=\"\" srcset=\"https:\/\/puntodincontro.mx\/wp-content\/uploads\/2022\/03\/cannizzo2.jpg 200w, https:\/\/puntodincontro.mx\/wp-content\/uploads\/2022\/03\/cannizzo2-18x5.jpg 18w\" sizes=\"(max-width: 200px) 100vw, 200px\" \/><\/a><\/div><\/div><\/div><\/div><div class=\"wpadcenter-adgroup__row wpadcenter-aligncenter\"><div class=\"wpadcenter-ad-container\" ><div id=\"wpadcenter-ad-1704\" class=\"ad-placement\"><div class=\"wpadcenter-ad-inner\" ><a id=\"wpadcenter_ad\" data-value=\"1704\" data-placement=\"\" href=\"https:\/\/puntodincontro.mx\/es\/2021\/12\/24\/inps-verificacion-de-supervivencia-de-los-pensionados-en-el-extranjero\/\" target=\"_blank\" class=\"wpadcenter-ad-inner__item\" ><img decoding=\"async\"   src=\"https:\/\/puntodincontro.mx\/wp-content\/uploads\/2021\/11\/logo-ital.jpg\" class=\"attachment-post-thumbnail size-post-thumbnail wp-post-image\" alt=\"Patronato ITAL Messico\" srcset=\"https:\/\/puntodincontro.mx\/wp-content\/uploads\/2021\/11\/logo-ital.jpg 200w, https:\/\/puntodincontro.mx\/wp-content\/uploads\/2021\/11\/logo-ital-16x5.jpg 16w\" sizes=\"(max-width: 200px) 100vw, 200px\" \/><\/a><\/div><\/div><\/div><div class=\"wpadcenter-ad-container\" ><div id=\"wpadcenter-ad-1538\" class=\"ad-placement\"><div class=\"wpadcenter-ad-inner\" ><a id=\"wpadcenter_ad\" data-value=\"1538\" data-placement=\"\" href=\"https:\/\/asociacionitaliana.org\/\" target=\"_blank\" class=\"wpadcenter-ad-inner__item\" ><img decoding=\"async\"   src=\"https:\/\/puntodincontro.mx\/wp-content\/uploads\/2021\/11\/aialogo.jpg\" class=\"attachment-post-thumbnail size-post-thumbnail wp-post-image\" alt=\"Associazione Italiana di Assistenza IAP\" srcset=\"https:\/\/puntodincontro.mx\/wp-content\/uploads\/2021\/11\/aialogo.jpg 200w, https:\/\/puntodincontro.mx\/wp-content\/uploads\/2021\/11\/aialogo-18x5.jpg 18w\" sizes=\"(max-width: 200px) 100vw, 200px\" \/><\/a><\/div><\/div><\/div><div class=\"wpadcenter-ad-container\" ><div id=\"wpadcenter-ad-1513\" class=\"ad-placement\"><div class=\"wpadcenter-ad-inner\" ><a id=\"wpadcenter_ad\" data-value=\"1513\" data-placement=\"\" href=\"https:\/\/gcinmuebles.mx\" target=\"_blank\" class=\"wpadcenter-ad-inner__item\" ><img decoding=\"async\"   src=\"https:\/\/puntodincontro.mx\/wp-content\/uploads\/2021\/10\/gcinmuebleslogopunto-1.jpg\" class=\"attachment-post-thumbnail size-post-thumbnail wp-post-image\" alt=\"\" srcset=\"https:\/\/puntodincontro.mx\/wp-content\/uploads\/2021\/10\/gcinmuebleslogopunto-1.jpg 200w, https:\/\/puntodincontro.mx\/wp-content\/uploads\/2021\/10\/gcinmuebleslogopunto-1-18x5.jpg 18w\" sizes=\"(max-width: 200px) 100vw, 200px\" \/><\/a><\/div><\/div><\/div><\/div><div class=\"wpadcenter-adgroup__row wpadcenter-aligncenter\"><div class=\"wpadcenter-ad-container\" ><div id=\"wpadcenter-ad-1374\" class=\"ad-placement\"><div class=\"wpadcenter-ad-inner\" ><a id=\"wpadcenter_ad\" data-value=\"1374\" data-placement=\"\" href=\"https:\/\/www.9colonne.it\/\" target=\"_blank\" class=\"wpadcenter-ad-inner__item\" ><img decoding=\"async\"   src=\"https:\/\/puntodincontro.mx\/wp-content\/uploads\/2021\/10\/Banner9colonne.gif\" class=\"attachment-post-thumbnail size-post-thumbnail wp-post-image\" alt=\"\" \/><\/a><\/div><\/div><\/div><div class=\"wpadcenter-ad-container\" ><div id=\"wpadcenter-ad-276\" class=\"ad-placement\"><div class=\"wpadcenter-ad-inner\" ><a id=\"wpadcenter_ad\" data-value=\"276\" data-placement=\"\" href=\"http:\/\/www.camaraitaliana.mx\/\" target=\"_blank\" class=\"wpadcenter-ad-inner__item\" ><img decoding=\"async\"   src=\"https:\/\/puntodincontro.mx\/wp-content\/uploads\/2021\/08\/ccimnuovo.jpg\" class=\"attachment-post-thumbnail size-post-thumbnail wp-post-image\" alt=\"\" srcset=\"https:\/\/puntodincontro.mx\/wp-content\/uploads\/2021\/08\/ccimnuovo.jpg 200w, https:\/\/puntodincontro.mx\/wp-content\/uploads\/2021\/08\/ccimnuovo-18x5.jpg 18w\" sizes=\"(max-width: 200px) 100vw, 200px\" \/><\/a><\/div><\/div><\/div><div class=\"wpadcenter-ad-container\" ><div id=\"wpadcenter-ad-272\" class=\"ad-placement\"><div class=\"wpadcenter-ad-inner\" ><a id=\"wpadcenter_ad\" data-value=\"272\" data-placement=\"\" href=\"http:\/\/corix.us\/\" target=\"_blank\" class=\"wpadcenter-ad-inner__item\" ><img decoding=\"async\"   src=\"https:\/\/puntodincontro.mx\/wp-content\/uploads\/2021\/08\/corixbanner-1.jpg\" class=\"attachment-post-thumbnail size-post-thumbnail wp-post-image\" alt=\"\" srcset=\"https:\/\/puntodincontro.mx\/wp-content\/uploads\/2021\/08\/corixbanner-1.jpg 200w, https:\/\/puntodincontro.mx\/wp-content\/uploads\/2021\/08\/corixbanner-1-16x5.jpg 16w\" sizes=\"(max-width: 200px) 100vw, 200px\" \/><\/a><\/div><\/div><\/div><\/div><div class=\"wpadcenter-adgroup__row wpadcenter-aligncenter\"><div class=\"wpadcenter-ad-container\" ><div id=\"wpadcenter-ad-266\" class=\"ad-placement\"><div class=\"wpadcenter-ad-inner\" ><a id=\"wpadcenter_ad\" data-value=\"266\" data-placement=\"\" href=\"https:\/\/www.prinsel.com.mx\/\" target=\"_blank\" class=\"wpadcenter-ad-inner__item\" ><img decoding=\"async\"   src=\"https:\/\/puntodincontro.mx\/wp-content\/uploads\/2021\/08\/prinselbanner-1.jpg\" class=\"attachment-post-thumbnail size-post-thumbnail wp-post-image\" alt=\"\" srcset=\"https:\/\/puntodincontro.mx\/wp-content\/uploads\/2021\/08\/prinselbanner-1.jpg 200w, https:\/\/puntodincontro.mx\/wp-content\/uploads\/2021\/08\/prinselbanner-1-16x5.jpg 16w\" sizes=\"(max-width: 200px) 100vw, 200px\" \/><\/a><\/div><\/div><\/div><div class=\"wpadcenter-ad-container\" ><div id=\"wpadcenter-ad-261\" class=\"ad-placement\"><div class=\"wpadcenter-ad-inner\" ><a id=\"wpadcenter_ad\" data-value=\"261\" data-placement=\"\" href=\"https:\/\/ambcittadelmessico.esteri.it\/ambasciata_cittadelmessico\/it\/\" target=\"_blank\" class=\"wpadcenter-ad-inner__item\" ><img decoding=\"async\"   src=\"https:\/\/puntodincontro.mx\/wp-content\/uploads\/2021\/08\/ambasciatabanner-1.jpg\" class=\"attachment-post-thumbnail size-post-thumbnail wp-post-image\" alt=\"\" srcset=\"https:\/\/puntodincontro.mx\/wp-content\/uploads\/2021\/08\/ambasciatabanner-1.jpg 200w, https:\/\/puntodincontro.mx\/wp-content\/uploads\/2021\/08\/ambasciatabanner-1-16x5.jpg 16w\" sizes=\"(max-width: 200px) 100vw, 200px\" \/><\/a><\/div><\/div><\/div><\/div><\/div>\n\n\n<div style=\"height:12px\" aria-hidden=\"true\" class=\"wp-block-spacer\"><\/div>","protected":false},"excerpt":{"rendered":"<p>Ore 09.58 &#8211; Con lo scioglimento delle Camere, decretato dal presidente della Repubblica Sergio Mattarella, \u00e8 partita ufficialmente la tempistica delle elezioni, che si terranno il 25 settembre come deciso dal Consiglio dei ministri sulla base dell\u2019articolo 61 della Costituzione: \u00able elezioni delle nuove Camere hanno luogo entro settanta giorni dalla fine delle precedenti\u00bb. Prima di votare, dovranno essere rispettati una serie di adempimenti e scadenze, sia per le istituzioni, sia per i partiti. Ecco le date principali: 27 luglio\u00c8 il termine entro il quale il ministero dell&#8217;Interno deve inviare al ministero degli Esteri gli elenchi degli elettori residenti oltre&#8230; <\/p>","protected":false},"author":2,"featured_media":6558,"comment_status":"open","ping_status":"open","sticky":false,"template":"","format":"standard","meta":{"_monsterinsights_skip_tracking":false,"_monsterinsights_sitenote_active":false,"_monsterinsights_sitenote_note":"","_monsterinsights_sitenote_category":0,"footnotes":""},"categories":[5],"tags":[],"class_list":["post-6553","post","type-post","status-publish","format-standard","has-post-thumbnail","hentry","category-italia-nel-mondo"],"yoast_head":"<!-- This site is optimized with the Yoast SEO Premium plugin v18.4 (Yoast SEO v25.6) - https:\/\/yoast.com\/wordpress\/plugins\/seo\/ -->\n<title>Il calendario del voto: le scadenze fino alla riunione del nuovo Parlamento Puntodincontro<\/title>\n<meta name=\"description\" content=\"Con lo scioglimento delle Camere, decretato dal presidente della Repubblica Sergio Mattarella, \u00e8 partita ufficialmente la tempistica delle elezioni, che si terranno il 25 settembre come deciso dal Consiglio dei ministri sulla base dell\u2019articolo 61 della Costituzione.\" \/>\n<meta name=\"robots\" content=\"index, follow, max-snippet:-1, max-image-preview:large, max-video-preview:-1\" \/>\n<link rel=\"canonical\" href=\"https:\/\/puntodincontro.mx\/es\/2022\/07\/25\/el-calendario-del-voto-los-plazos-hasta-la-reunion-del-nuevo-parlamento\/\" \/>\n<meta property=\"og:locale\" content=\"es_MX\" \/>\n<meta property=\"og:type\" content=\"article\" \/>\n<meta property=\"og:title\" content=\"Il calendario del voto: le scadenze fino alla riunione del nuovo Parlamento\" \/>\n<meta property=\"og:description\" content=\"Con lo scioglimento delle Camere, decretato dal presidente della Repubblica Sergio Mattarella, \u00e8 partita ufficialmente la tempistica delle elezioni, che si terranno il 25 settembre come deciso dal Consiglio dei ministri sulla base dell\u2019articolo 61 della Costituzione.\" \/>\n<meta property=\"og:url\" content=\"https:\/\/puntodincontro.mx\/es\/2022\/07\/25\/el-calendario-del-voto-los-plazos-hasta-la-reunion-del-nuevo-parlamento\/\" \/>\n<meta property=\"og:site_name\" content=\"Puntodincontro\" \/>\n<meta property=\"article:publisher\" content=\"https:\/\/www.facebook.com\/puntodincontro.mx\" \/>\n<meta property=\"article:published_time\" content=\"2022-07-25T15:41:50+00:00\" \/>\n<meta property=\"article:modified_time\" content=\"2022-07-25T15:41:52+00:00\" \/>\n<meta property=\"og:image\" content=\"https:\/\/puntodincontro.mx\/wp-content\/uploads\/2022\/07\/calendarioelezioni2022vert.webp\" \/>\n\t<meta property=\"og:image:width\" content=\"423\" \/>\n\t<meta property=\"og:image:height\" content=\"488\" \/>\n\t<meta property=\"og:image:type\" content=\"image\/webp\" \/>\n<meta name=\"author\" content=\"Puntodincontro\" \/>\n<meta name=\"twitter:card\" content=\"summary_large_image\" \/>\n<meta name=\"twitter:creator\" content=\"@puntodincontro\" \/>\n<meta name=\"twitter:site\" content=\"@puntodincontro\" \/>\n<meta name=\"twitter:label1\" content=\"Escrito por\" \/>\n\t<meta name=\"twitter:data1\" content=\"Puntodincontro\" \/>\n\t<meta name=\"twitter:label2\" content=\"Tiempo de lectura\" \/>\n\t<meta name=\"twitter:data2\" content=\"2 minutos\" \/>\n<script type=\"application\/ld+json\" class=\"yoast-schema-graph\">{\"@context\":\"https:\/\/schema.org\",\"@graph\":[{\"@type\":\"NewsArticle\",\"@id\":\"https:\/\/puntodincontro.mx\/2022\/07\/25\/il-calendario-del-voto-le-scadenze-fino-alla-riunione-del-nuovo-parlamento\/#article\",\"isPartOf\":{\"@id\":\"https:\/\/puntodincontro.mx\/2022\/07\/25\/il-calendario-del-voto-le-scadenze-fino-alla-riunione-del-nuovo-parlamento\/\"},\"author\":{\"name\":\"Puntodincontro\",\"@id\":\"https:\/\/puntodincontro.mx\/#\/schema\/person\/d3066d18a16259cbb0c29b0d0e93b556\"},\"headline\":\"Il calendario del voto: le scadenze fino alla riunione del nuovo Parlamento\",\"datePublished\":\"2022-07-25T15:41:50+00:00\",\"dateModified\":\"2022-07-25T15:41:52+00:00\",\"mainEntityOfPage\":{\"@id\":\"https:\/\/puntodincontro.mx\/2022\/07\/25\/il-calendario-del-voto-le-scadenze-fino-alla-riunione-del-nuovo-parlamento\/\"},\"wordCount\":340,\"commentCount\":0,\"publisher\":{\"@id\":\"https:\/\/puntodincontro.mx\/#organization\"},\"image\":{\"@id\":\"https:\/\/puntodincontro.mx\/2022\/07\/25\/il-calendario-del-voto-le-scadenze-fino-alla-riunione-del-nuovo-parlamento\/#primaryimage\"},\"thumbnailUrl\":\"https:\/\/puntodincontro.mx\/wp-content\/uploads\/2022\/07\/calendarioelezioni2022vert.webp\",\"articleSection\":[\"Italia nel mondo\"],\"inLanguage\":\"es\",\"potentialAction\":[{\"@type\":\"CommentAction\",\"name\":\"Comment\",\"target\":[\"https:\/\/puntodincontro.mx\/2022\/07\/25\/il-calendario-del-voto-le-scadenze-fino-alla-riunione-del-nuovo-parlamento\/#respond\"]}]},{\"@type\":\"WebPage\",\"@id\":\"https:\/\/puntodincontro.mx\/2022\/07\/25\/il-calendario-del-voto-le-scadenze-fino-alla-riunione-del-nuovo-parlamento\/\",\"url\":\"https:\/\/puntodincontro.mx\/2022\/07\/25\/il-calendario-del-voto-le-scadenze-fino-alla-riunione-del-nuovo-parlamento\/\",\"name\":\"Il calendario del voto: le scadenze fino alla riunione del nuovo Parlamento Puntodincontro\",\"isPartOf\":{\"@id\":\"https:\/\/puntodincontro.mx\/#website\"},\"primaryImageOfPage\":{\"@id\":\"https:\/\/puntodincontro.mx\/2022\/07\/25\/il-calendario-del-voto-le-scadenze-fino-alla-riunione-del-nuovo-parlamento\/#primaryimage\"},\"image\":{\"@id\":\"https:\/\/puntodincontro.mx\/2022\/07\/25\/il-calendario-del-voto-le-scadenze-fino-alla-riunione-del-nuovo-parlamento\/#primaryimage\"},\"thumbnailUrl\":\"https:\/\/puntodincontro.mx\/wp-content\/uploads\/2022\/07\/calendarioelezioni2022vert.webp\",\"datePublished\":\"2022-07-25T15:41:50+00:00\",\"dateModified\":\"2022-07-25T15:41:52+00:00\",\"description\":\"Con lo scioglimento delle Camere, decretato dal presidente della Repubblica Sergio Mattarella, \u00e8 partita ufficialmente la tempistica delle elezioni, che si terranno il 25 settembre come deciso dal Consiglio dei ministri sulla base dell\u2019articolo 61 della Costituzione.\",\"breadcrumb\":{\"@id\":\"https:\/\/puntodincontro.mx\/2022\/07\/25\/il-calendario-del-voto-le-scadenze-fino-alla-riunione-del-nuovo-parlamento\/#breadcrumb\"},\"inLanguage\":\"es\",\"potentialAction\":[{\"@type\":\"ReadAction\",\"target\":[\"https:\/\/puntodincontro.mx\/2022\/07\/25\/il-calendario-del-voto-le-scadenze-fino-alla-riunione-del-nuovo-parlamento\/\"]}]},{\"@type\":\"ImageObject\",\"inLanguage\":\"es\",\"@id\":\"https:\/\/puntodincontro.mx\/2022\/07\/25\/il-calendario-del-voto-le-scadenze-fino-alla-riunione-del-nuovo-parlamento\/#primaryimage\",\"url\":\"https:\/\/puntodincontro.mx\/wp-content\/uploads\/2022\/07\/calendarioelezioni2022vert.webp\",\"contentUrl\":\"https:\/\/puntodincontro.mx\/wp-content\/uploads\/2022\/07\/calendarioelezioni2022vert.webp\",\"width\":423,\"height\":488,\"caption\":\"Il calendario del voto: le scadenze fino alla riunione del nuovo Parlamento\"},{\"@type\":\"BreadcrumbList\",\"@id\":\"https:\/\/puntodincontro.mx\/2022\/07\/25\/il-calendario-del-voto-le-scadenze-fino-alla-riunione-del-nuovo-parlamento\/#breadcrumb\",\"itemListElement\":[{\"@type\":\"ListItem\",\"position\":1,\"name\":\"Home\",\"item\":\"https:\/\/puntodincontro.mx\/\"},{\"@type\":\"ListItem\",\"position\":2,\"name\":\"Il calendario del voto: le scadenze fino alla riunione del nuovo Parlamento\"}]},{\"@type\":\"WebSite\",\"@id\":\"https:\/\/puntodincontro.mx\/#website\",\"url\":\"https:\/\/puntodincontro.mx\/\",\"name\":\"Puntodincontro\",\"description\":\"Dal 2006 notizie sui rapporti Italia-Messico \/ Desde 2006 noticias sobre las relaciones entre Italia y M\u00e9xico\",\"publisher\":{\"@id\":\"https:\/\/puntodincontro.mx\/#organization\"},\"potentialAction\":[{\"@type\":\"SearchAction\",\"target\":{\"@type\":\"EntryPoint\",\"urlTemplate\":\"https:\/\/puntodincontro.mx\/?s={search_term_string}\"},\"query-input\":{\"@type\":\"PropertyValueSpecification\",\"valueRequired\":true,\"valueName\":\"search_term_string\"}}],\"inLanguage\":\"es\"},{\"@type\":\"Organization\",\"@id\":\"https:\/\/puntodincontro.mx\/#organization\",\"name\":\"Puntodincontro\",\"url\":\"https:\/\/puntodincontro.mx\/\",\"logo\":{\"@type\":\"ImageObject\",\"inLanguage\":\"es\",\"@id\":\"https:\/\/puntodincontro.mx\/#\/schema\/logo\/image\/\",\"url\":\"https:\/\/puntodincontro.mx\/wp-content\/uploads\/2021\/08\/Default-image-for-open-graph-settings.jpg\",\"contentUrl\":\"https:\/\/puntodincontro.mx\/wp-content\/uploads\/2021\/08\/Default-image-for-open-graph-settings.jpg\",\"width\":1200,\"height\":630,\"caption\":\"Puntodincontro\"},\"image\":{\"@id\":\"https:\/\/puntodincontro.mx\/#\/schema\/logo\/image\/\"},\"sameAs\":[\"https:\/\/www.facebook.com\/puntodincontro.mx\",\"https:\/\/x.com\/puntodincontro\",\"https:\/\/www.instagram.com\/puntodincontro.mx\/\",\"https:\/\/www.linkedin.com\/company\/puntodincontro\/\",\"https:\/\/www.youtube.com\/c\/puntodincontromessico\",\"https:\/\/www.patreon.com\/puntodincontro\",\"https:\/\/www.threads.net\/@puntodincontro.mx\"]},{\"@type\":\"Person\",\"@id\":\"https:\/\/puntodincontro.mx\/#\/schema\/person\/d3066d18a16259cbb0c29b0d0e93b556\",\"name\":\"Puntodincontro\",\"image\":{\"@type\":\"ImageObject\",\"inLanguage\":\"es\",\"@id\":\"https:\/\/puntodincontro.mx\/#\/schema\/person\/image\/\",\"url\":\"https:\/\/secure.gravatar.com\/avatar\/0e85b4b3b5e9d6bfcec6a4956d8cc63a?s=96&d=mm&r=g\",\"contentUrl\":\"https:\/\/secure.gravatar.com\/avatar\/0e85b4b3b5e9d6bfcec6a4956d8cc63a?s=96&d=mm&r=g\",\"caption\":\"Puntodincontro\"},\"url\":\"https:\/\/puntodincontro.mx\/es\/author\/puntodincontro\/\"}]}<\/script>\n<!-- \/ Yoast SEO Premium plugin. -->","yoast_head_json":{"title":"Il calendario del voto: le scadenze fino alla riunione del nuovo Parlamento Puntodincontro","description":"Con la disoluci\u00f3n de las C\u00e1maras, decretada por el presidente de la Rep\u00fablica Sergio Mattarella, se inici\u00f3 oficialmente el calendario de las elecciones, que se realizar\u00e1n el pr\u00f3ximo 25 de septiembre seg\u00fan lo dispuesto por el Consejo de Ministros con fundamento en el art\u00edculo 61 de la Constituci\u00f3n.","robots":{"index":"index","follow":"follow","max-snippet":"max-snippet:-1","max-image-preview":"max-image-preview:large","max-video-preview":"max-video-preview:-1"},"canonical":"https:\/\/puntodincontro.mx\/es\/2022\/07\/25\/el-calendario-del-voto-los-plazos-hasta-la-reunion-del-nuevo-parlamento\/","og_locale":"es_MX","og_type":"article","og_title":"Il calendario del voto: le scadenze fino alla riunione del nuovo Parlamento","og_description":"Con lo scioglimento delle Camere, decretato dal presidente della Repubblica Sergio Mattarella, \u00e8 partita ufficialmente la tempistica delle elezioni, che si terranno il 25 settembre come deciso dal Consiglio dei ministri sulla base dell\u2019articolo 61 della Costituzione.","og_url":"https:\/\/puntodincontro.mx\/es\/2022\/07\/25\/el-calendario-del-voto-los-plazos-hasta-la-reunion-del-nuevo-parlamento\/","og_site_name":"Puntodincontro","article_publisher":"https:\/\/www.facebook.com\/puntodincontro.mx","article_published_time":"2022-07-25T15:41:50+00:00","article_modified_time":"2022-07-25T15:41:52+00:00","og_image":[{"width":423,"height":488,"url":"https:\/\/puntodincontro.mx\/wp-content\/uploads\/2022\/07\/calendarioelezioni2022vert.webp","type":"image\/webp"}],"author":"Puntodincontro","twitter_card":"summary_large_image","twitter_creator":"@puntodincontro","twitter_site":"@puntodincontro","twitter_misc":{"Escrito por":"Puntodincontro","Tiempo de lectura":"2 minutos"},"schema":{"@context":"https:\/\/schema.org","@graph":[{"@type":"NewsArticle","@id":"https:\/\/puntodincontro.mx\/2022\/07\/25\/il-calendario-del-voto-le-scadenze-fino-alla-riunione-del-nuovo-parlamento\/#article","isPartOf":{"@id":"https:\/\/puntodincontro.mx\/2022\/07\/25\/il-calendario-del-voto-le-scadenze-fino-alla-riunione-del-nuovo-parlamento\/"},"author":{"name":"Puntodincontro","@id":"https:\/\/puntodincontro.mx\/#\/schema\/person\/d3066d18a16259cbb0c29b0d0e93b556"},"headline":"Il calendario del voto: le scadenze fino alla riunione del nuovo Parlamento","datePublished":"2022-07-25T15:41:50+00:00","dateModified":"2022-07-25T15:41:52+00:00","mainEntityOfPage":{"@id":"https:\/\/puntodincontro.mx\/2022\/07\/25\/il-calendario-del-voto-le-scadenze-fino-alla-riunione-del-nuovo-parlamento\/"},"wordCount":340,"commentCount":0,"publisher":{"@id":"https:\/\/puntodincontro.mx\/#organization"},"image":{"@id":"https:\/\/puntodincontro.mx\/2022\/07\/25\/il-calendario-del-voto-le-scadenze-fino-alla-riunione-del-nuovo-parlamento\/#primaryimage"},"thumbnailUrl":"https:\/\/puntodincontro.mx\/wp-content\/uploads\/2022\/07\/calendarioelezioni2022vert.webp","articleSection":["Italia nel mondo"],"inLanguage":"es","potentialAction":[{"@type":"CommentAction","name":"Comment","target":["https:\/\/puntodincontro.mx\/2022\/07\/25\/il-calendario-del-voto-le-scadenze-fino-alla-riunione-del-nuovo-parlamento\/#respond"]}]},{"@type":"WebPage","@id":"https:\/\/puntodincontro.mx\/2022\/07\/25\/il-calendario-del-voto-le-scadenze-fino-alla-riunione-del-nuovo-parlamento\/","url":"https:\/\/puntodincontro.mx\/2022\/07\/25\/il-calendario-del-voto-le-scadenze-fino-alla-riunione-del-nuovo-parlamento\/","name":"Il calendario del voto: le scadenze fino alla riunione del nuovo Parlamento Puntodincontro","isPartOf":{"@id":"https:\/\/puntodincontro.mx\/#website"},"primaryImageOfPage":{"@id":"https:\/\/puntodincontro.mx\/2022\/07\/25\/il-calendario-del-voto-le-scadenze-fino-alla-riunione-del-nuovo-parlamento\/#primaryimage"},"image":{"@id":"https:\/\/puntodincontro.mx\/2022\/07\/25\/il-calendario-del-voto-le-scadenze-fino-alla-riunione-del-nuovo-parlamento\/#primaryimage"},"thumbnailUrl":"https:\/\/puntodincontro.mx\/wp-content\/uploads\/2022\/07\/calendarioelezioni2022vert.webp","datePublished":"2022-07-25T15:41:50+00:00","dateModified":"2022-07-25T15:41:52+00:00","description":"Con la disoluci\u00f3n de las C\u00e1maras, decretada por el presidente de la Rep\u00fablica Sergio Mattarella, se inici\u00f3 oficialmente el calendario de las elecciones, que se realizar\u00e1n el pr\u00f3ximo 25 de septiembre seg\u00fan lo dispuesto por el Consejo de Ministros con fundamento en el art\u00edculo 61 de la Constituci\u00f3n.","breadcrumb":{"@id":"https:\/\/puntodincontro.mx\/2022\/07\/25\/il-calendario-del-voto-le-scadenze-fino-alla-riunione-del-nuovo-parlamento\/#breadcrumb"},"inLanguage":"es","potentialAction":[{"@type":"ReadAction","target":["https:\/\/puntodincontro.mx\/2022\/07\/25\/il-calendario-del-voto-le-scadenze-fino-alla-riunione-del-nuovo-parlamento\/"]}]},{"@type":"ImageObject","inLanguage":"es","@id":"https:\/\/puntodincontro.mx\/2022\/07\/25\/il-calendario-del-voto-le-scadenze-fino-alla-riunione-del-nuovo-parlamento\/#primaryimage","url":"https:\/\/puntodincontro.mx\/wp-content\/uploads\/2022\/07\/calendarioelezioni2022vert.webp","contentUrl":"https:\/\/puntodincontro.mx\/wp-content\/uploads\/2022\/07\/calendarioelezioni2022vert.webp","width":423,"height":488,"caption":"Il calendario del voto: le scadenze fino alla riunione del nuovo Parlamento"},{"@type":"BreadcrumbList","@id":"https:\/\/puntodincontro.mx\/2022\/07\/25\/il-calendario-del-voto-le-scadenze-fino-alla-riunione-del-nuovo-parlamento\/#breadcrumb","itemListElement":[{"@type":"ListItem","position":1,"name":"Home","item":"https:\/\/puntodincontro.mx\/"},{"@type":"ListItem","position":2,"name":"Il calendario del voto: le scadenze fino alla riunione del nuovo Parlamento"}]},{"@type":"WebSite","@id":"https:\/\/puntodincontro.mx\/#website","url":"https:\/\/puntodincontro.mx\/","name":"Puntodincontro","description":"Desde el 2006 noticias sobre las relaciones entre Italia y M\u00e9xico \/ Dal 2006 notizie sui rapporti Italia-Messico","publisher":{"@id":"https:\/\/puntodincontro.mx\/#organization"},"potentialAction":[{"@type":"SearchAction","target":{"@type":"EntryPoint","urlTemplate":"https:\/\/puntodincontro.mx\/?s={search_term_string}"},"query-input":{"@type":"PropertyValueSpecification","valueRequired":true,"valueName":"search_term_string"}}],"inLanguage":"es"},{"@type":"Organization","@id":"https:\/\/puntodincontro.mx\/#organization","name":"Puntodincontro","url":"https:\/\/puntodincontro.mx\/","logo":{"@type":"ImageObject","inLanguage":"es","@id":"https:\/\/puntodincontro.mx\/#\/schema\/logo\/image\/","url":"https:\/\/puntodincontro.mx\/wp-content\/uploads\/2021\/08\/Default-image-for-open-graph-settings.jpg","contentUrl":"https:\/\/puntodincontro.mx\/wp-content\/uploads\/2021\/08\/Default-image-for-open-graph-settings.jpg","width":1200,"height":630,"caption":"Puntodincontro"},"image":{"@id":"https:\/\/puntodincontro.mx\/#\/schema\/logo\/image\/"},"sameAs":["https:\/\/www.facebook.com\/puntodincontro.mx","https:\/\/x.com\/puntodincontro","https:\/\/www.instagram.com\/puntodincontro.mx\/","https:\/\/www.linkedin.com\/company\/puntodincontro\/","https:\/\/www.youtube.com\/c\/puntodincontromessico","https:\/\/www.patreon.com\/puntodincontro","https:\/\/www.threads.net\/@puntodincontro.mx"]},{"@type":"Person","@id":"https:\/\/puntodincontro.mx\/#\/schema\/person\/d3066d18a16259cbb0c29b0d0e93b556","name":"Puntodincontro","image":{"@type":"ImageObject","inLanguage":"es","@id":"https:\/\/puntodincontro.mx\/#\/schema\/person\/image\/","url":"https:\/\/secure.gravatar.com\/avatar\/0e85b4b3b5e9d6bfcec6a4956d8cc63a?s=96&d=mm&r=g","contentUrl":"https:\/\/secure.gravatar.com\/avatar\/0e85b4b3b5e9d6bfcec6a4956d8cc63a?s=96&d=mm&r=g","caption":"Puntodincontro"},"url":"https:\/\/puntodincontro.mx\/es\/author\/puntodincontro\/"}]}},"_links":{"self":[{"href":"https:\/\/puntodincontro.mx\/es\/wp-json\/wp\/v2\/posts\/6553"}],"collection":[{"href":"https:\/\/puntodincontro.mx\/es\/wp-json\/wp\/v2\/posts"}],"about":[{"href":"https:\/\/puntodincontro.mx\/es\/wp-json\/wp\/v2\/types\/post"}],"author":[{"embeddable":true,"href":"https:\/\/puntodincontro.mx\/es\/wp-json\/wp\/v2\/users\/2"}],"replies":[{"embeddable":true,"href":"https:\/\/puntodincontro.mx\/es\/wp-json\/wp\/v2\/comments?post=6553"}],"version-history":[{"count":4,"href":"https:\/\/puntodincontro.mx\/es\/wp-json\/wp\/v2\/posts\/6553\/revisions"}],"predecessor-version":[{"id":6559,"href":"https:\/\/puntodincontro.mx\/es\/wp-json\/wp\/v2\/posts\/6553\/revisions\/6559"}],"wp:featuredmedia":[{"embeddable":true,"href":"https:\/\/puntodincontro.mx\/es\/wp-json\/wp\/v2\/media\/6558"}],"wp:attachment":[{"href":"https:\/\/puntodincontro.mx\/es\/wp-json\/wp\/v2\/media?parent=6553"}],"wp:term":[{"taxonomy":"category","embeddable":true,"href":"https:\/\/puntodincontro.mx\/es\/wp-json\/wp\/v2\/categories?post=6553"},{"taxonomy":"post_tag","embeddable":true,"href":"https:\/\/puntodincontro.mx\/es\/wp-json\/wp\/v2\/tags?post=6553"}],"curies":[{"name":"wp","href":"https:\/\/api.w.org\/{rel}","templated":true}]}}