{"id":6614,"date":"2022-07-28T01:33:32","date_gmt":"2022-07-28T06:33:32","guid":{"rendered":"https:\/\/puntodincontro.mx\/?p=6614"},"modified":"2022-07-28T01:36:07","modified_gmt":"2022-07-28T06:36:07","slug":"las-actividades-humanitarias-en-mexico-de-la-fundacion-italiana-avsi","status":"publish","type":"post","link":"https:\/\/puntodincontro.mx\/es\/2022\/07\/28\/le-attivita-umanitarie-in-messico-della-fondazione-italiana-avsi\/","title":{"rendered":"Las actividades humanitarias en M\u00e9xico de la fundaci\u00f3n italiana AVSI"},"content":{"rendered":"<p class=\"translation-block\"><strong>01:13 hrs.<\/strong> - AVSI \u2014una organizaci\u00f3n no gubernamental sin fines de lucro fundada en Cesena, Italia, en 1972\u2014 desde 1987 est\u00e1 presente en M\u00e9xico, donde ha desarrollado proyectos en regiones con un alto grado de marginaci\u00f3n y presencia ind\u00edgena, con intervenciones especialmente en los sectores de la educaci\u00f3n, la capacitaci\u00f3n, el medio ambiente, la migraci\u00f3n y los derechos humanos.<\/p>\n\n\n\n<p>AVSI M\u00e9xico tiene oficinas en Oaxaca, la Ciudad de M\u00e9xico y Tabasco y opera con una amplia red de asociados tambi\u00e9n en los Estados de Jalisco, Yucat\u00e1n, Quer\u00e9taro y Guanajuato.<\/p>\n\n\n\n<p>En 2019 fue constituida AVSI M\u00e9xico A.C. con el objetivo de promover el desarrollo local y articular relaciones y alianzas con organizaciones de la sociedad civil, donantes, empresas y autoridades. AVSI M\u00e9xico A.C. cuenta con todos los conocimientos y habilidades de AVSI, adem\u00e1s de estar profundamente arraigada en el territorio mexicano.<\/p>\n\n\n\n<p><strong>Educaci\u00f3n<\/strong><\/p>\n\n\n\n<p>A trav\u00e9s de talleres y cursos de formaci\u00f3n, se preparan educadores, docentes y personal en servicio como agentes de mejora del entorno profesional y comunitario, reconociendo la importancia del educador en el encuentro con el alumno. AVSI trabaja en el fortalecimiento y acompa\u00f1amiento educativo de ni\u00f1as y ni\u00f1os para promover una educaci\u00f3n inclusiva y digna. Tambi\u00e9n promueve la inclusi\u00f3n de los padres en las actividades educativas y la integraci\u00f3n de las familias a las comunidades.<\/p>\n\n\n\n<p><strong>Migraci\u00f3n<\/strong><\/p>\n\n\n\n<p>AVSI trabaja para proteger los derechos de los ni\u00f1os y adolescentes en centros o casas de recepci\u00f3n para migrantes a trav\u00e9s del dise\u00f1o, implementaci\u00f3n y difusi\u00f3n de un modelo alternativo de acogida en funci\u00f3n de las circunstancias de residencia, as\u00ed como de un programa de fortalecimiento de las capacidades de los centros y de los defensores de derechos humanos. Se promueven, adem\u00e1s, di\u00e1logos nacionales e internacionales sobre el respeto y protecci\u00f3n de los derechos de la ni\u00f1ez migrante.<\/p>\n\n\n\n<p><strong>Energ\u00eda y medio ambiente<\/strong><\/p>\n\n\n\n<p>AVSI organiza cursos de formaci\u00f3n de profesores consider\u00e1ndolos protagonistas del proceso educativo de las nuevas generaciones, conscientes del valor de la protecci\u00f3n del medio ambiente y de la importancia de luchar contra el cambio clim\u00e1tico. Adem\u00e1s, apoya cursos de formaci\u00f3n sobre la importancia del medio ambiente, el cambio clim\u00e1tico y las energ\u00edas renovables para ni\u00f1os y j\u00f3venes.<\/p>\n\n\n\n<p><strong>Derechos humanos<\/strong><\/p>\n\n\n\n<p>AVSI promueve la adaptaci\u00f3n, el funcionamiento y la sistematizaci\u00f3n de la metodolog\u00eda APAC en un centro de reinserci\u00f3n social de menores en el Estado de M\u00e9xico y patrocina esta actividad ante el gobierno con el objetivo de que se aplique tambi\u00e9n en otros contextos. Las APAC gestionan los centros de detenci\u00f3n con una metodolog\u00eda particular, que empodera a los detenidos y renuncia al uso de armas y guardias.<\/p>\n\n\n\n<p><strong>Administraci\u00f3n comunitaria del agua y de los servicios sanitarios<\/strong><\/p>\n\n\n\n<p>AVSI participa activamente en la promoci\u00f3n de la formaci\u00f3n de alianzas y redes regionales a trav\u00e9s del intercambio de buenas pr\u00e1cticas para fortalecer las capacidades de las organizaciones comunitarias que se ocupan de los servicios de agua y saneamiento como actores activos en la definici\u00f3n e implementaci\u00f3n de pol\u00edticas y programas de gesti\u00f3n del agua p\u00fablica a nivel local.<\/p>\n\n\n\n<p><strong>Participaci\u00f3n activa de la ciudadan\u00eda<\/strong><\/p>\n\n\n\n<p>En M\u00e9xico, AVSI trabaja a favor de la cohesi\u00f3n social, fortaleciendo las capacidades de las organizaciones de la sociedad civil. Promueve, adem\u00e1s, la participaci\u00f3n ciudadana en las pol\u00edticas de desarrollo local, la gobernanza inclusiva, la creaci\u00f3n de espacios de di\u00e1logo, redes y canales de comunicaci\u00f3n entre los distintos actores.<\/p>\n\n\n\n<p><strong>\u00c1mbito socioeducativo y nutricional<\/strong><\/p>\n\n\n\n<p>Con la aportaci\u00f3n del proyecto Apoyo a Distancia (<em>Sostegno a distanza<\/em>, SAD), AVSI colabora con Crecemos DIJO A.C. de Oaxaca, el Centro de Solidaridad Juvenil de Campeche y AVSI M\u00e9xico A.C. en la implementaci\u00f3n de programas de educaci\u00f3n nutricional para menores, desarrollo personal del ni\u00f1o, acompa\u00f1amiento escolar, higiene y deporte junto a las familias y a las comunidades.<\/p>\n\n\n\n<p><strong>Adopciones internacionales<\/strong><\/p>\n\n\n\n<p>En M\u00e9xico, AVSI est\u00e1 acreditada para adopciones internacionales.<\/p>\n\n\n\n<p><strong>La Red AVSI de Am\u00e9rica Latina<\/strong><\/p>\n\n\n\n<p>AVSI en M\u00e9xico forma parte de la Red Latinoamericana de AVSI, que con sus socios y afiliados tambi\u00e9n opera en Brasil, Ecuador, Per\u00fa, El Salvador, Hait\u00ed, Honduras, Rep\u00fablica Dominicana, Argentina, Bolivia, Paraguay y Chile. La Red colabora para la Objetivos de Desarrollo Sostenible de la Agenda 2030 de las Naciones Unidas, gracias a una experiencia territorial hist\u00f3rica y el reconocimiento de m\u00e1s de 30 a\u00f1os en la regi\u00f3n.<\/p>\n\n\n\n<div style=\"height:12px\" aria-hidden=\"true\" class=\"wp-block-spacer\"><\/div>\n\n\n<!-- Ad space powered by WP AdCenter v2.5.7 - https:\/\/wpadcenter.com\/ --><div class=\"wpadcenter-adgroup\" ><div class=\"wpadcenter-adgroup__row wpadcenter-aligncenter\"><div class=\"wpadcenter-ad-container\" ><div id=\"wpadcenter-ad-18464\" class=\"ad-placement\"><div class=\"wpadcenter-ad-inner\" ><a id=\"wpadcenter_ad\" data-value=\"18464\" data-placement=\"\" href=\"https:\/\/www.productosremo.com\/\" target=\"_blank\" class=\"wpadcenter-ad-inner__item\" ><img decoding=\"async\"   src=\"https:\/\/puntodincontro.mx\/wp-content\/uploads\/2021\/08\/remobanner.jpg\" class=\"attachment-post-thumbnail size-post-thumbnail wp-post-image\" alt=\"\" srcset=\"https:\/\/puntodincontro.mx\/wp-content\/uploads\/2021\/08\/remobanner.jpg 200w, https:\/\/puntodincontro.mx\/wp-content\/uploads\/2021\/08\/remobanner-16x5.jpg 16w\" sizes=\"(max-width: 200px) 100vw, 200px\" \/><\/a><\/div><\/div><\/div><div class=\"wpadcenter-ad-container\" ><div id=\"wpadcenter-ad-5305\" class=\"ad-placement\"><div class=\"wpadcenter-ad-inner\" ><a id=\"wpadcenter_ad\" data-value=\"5305\" data-placement=\"\" href=\"https:\/\/ambcittadelmessico.esteri.it\/ambasciata_cittadelmessico\/it\/\" target=\"_blank\" class=\"wpadcenter-ad-inner__item\" ><img decoding=\"async\"   src=\"https:\/\/puntodincontro.mx\/wp-content\/uploads\/2022\/05\/Ambasciata.jpg\" class=\"attachment-post-thumbnail size-post-thumbnail wp-post-image\" alt=\"\" srcset=\"https:\/\/puntodincontro.mx\/wp-content\/uploads\/2022\/05\/Ambasciata.jpg 200w, https:\/\/puntodincontro.mx\/wp-content\/uploads\/2022\/05\/Ambasciata-18x5.jpg 18w\" sizes=\"(max-width: 200px) 100vw, 200px\" \/><\/a><\/div><\/div><\/div><div class=\"wpadcenter-ad-container\" ><div id=\"wpadcenter-ad-3781\" class=\"ad-placement\"><div class=\"wpadcenter-ad-inner\" ><a id=\"wpadcenter_ad\" data-value=\"3781\" data-placement=\"\" href=\"https:\/\/cannizzo.com.mx\/\" target=\"_blank\" class=\"wpadcenter-ad-inner__item\" ><img decoding=\"async\"   src=\"https:\/\/puntodincontro.mx\/wp-content\/uploads\/2022\/03\/cannizzo2.jpg\" class=\"attachment-post-thumbnail size-post-thumbnail wp-post-image\" alt=\"\" srcset=\"https:\/\/puntodincontro.mx\/wp-content\/uploads\/2022\/03\/cannizzo2.jpg 200w, https:\/\/puntodincontro.mx\/wp-content\/uploads\/2022\/03\/cannizzo2-18x5.jpg 18w\" sizes=\"(max-width: 200px) 100vw, 200px\" \/><\/a><\/div><\/div><\/div><\/div><div class=\"wpadcenter-adgroup__row wpadcenter-aligncenter\"><div class=\"wpadcenter-ad-container\" ><div id=\"wpadcenter-ad-1704\" class=\"ad-placement\"><div class=\"wpadcenter-ad-inner\" ><a id=\"wpadcenter_ad\" data-value=\"1704\" data-placement=\"\" href=\"https:\/\/puntodincontro.mx\/es\/2021\/12\/24\/inps-verificacion-de-supervivencia-de-los-pensionados-en-el-extranjero\/\" target=\"_blank\" class=\"wpadcenter-ad-inner__item\" ><img decoding=\"async\"   src=\"https:\/\/puntodincontro.mx\/wp-content\/uploads\/2021\/11\/logo-ital.jpg\" class=\"attachment-post-thumbnail size-post-thumbnail wp-post-image\" alt=\"Patronato ITAL Messico\" srcset=\"https:\/\/puntodincontro.mx\/wp-content\/uploads\/2021\/11\/logo-ital.jpg 200w, https:\/\/puntodincontro.mx\/wp-content\/uploads\/2021\/11\/logo-ital-16x5.jpg 16w\" sizes=\"(max-width: 200px) 100vw, 200px\" \/><\/a><\/div><\/div><\/div><div class=\"wpadcenter-ad-container\" ><div id=\"wpadcenter-ad-1538\" class=\"ad-placement\"><div class=\"wpadcenter-ad-inner\" ><a id=\"wpadcenter_ad\" data-value=\"1538\" data-placement=\"\" href=\"https:\/\/asociacionitaliana.org\/\" target=\"_blank\" class=\"wpadcenter-ad-inner__item\" ><img decoding=\"async\"   src=\"https:\/\/puntodincontro.mx\/wp-content\/uploads\/2021\/11\/aialogo.jpg\" class=\"attachment-post-thumbnail size-post-thumbnail wp-post-image\" alt=\"Associazione Italiana di Assistenza IAP\" srcset=\"https:\/\/puntodincontro.mx\/wp-content\/uploads\/2021\/11\/aialogo.jpg 200w, https:\/\/puntodincontro.mx\/wp-content\/uploads\/2021\/11\/aialogo-18x5.jpg 18w\" sizes=\"(max-width: 200px) 100vw, 200px\" \/><\/a><\/div><\/div><\/div><div class=\"wpadcenter-ad-container\" ><div id=\"wpadcenter-ad-1513\" class=\"ad-placement\"><div class=\"wpadcenter-ad-inner\" ><a id=\"wpadcenter_ad\" data-value=\"1513\" data-placement=\"\" href=\"https:\/\/gcinmuebles.mx\" target=\"_blank\" class=\"wpadcenter-ad-inner__item\" ><img decoding=\"async\"   src=\"https:\/\/puntodincontro.mx\/wp-content\/uploads\/2021\/10\/gcinmuebleslogopunto-1.jpg\" class=\"attachment-post-thumbnail size-post-thumbnail wp-post-image\" alt=\"\" srcset=\"https:\/\/puntodincontro.mx\/wp-content\/uploads\/2021\/10\/gcinmuebleslogopunto-1.jpg 200w, https:\/\/puntodincontro.mx\/wp-content\/uploads\/2021\/10\/gcinmuebleslogopunto-1-18x5.jpg 18w\" sizes=\"(max-width: 200px) 100vw, 200px\" \/><\/a><\/div><\/div><\/div><\/div><div class=\"wpadcenter-adgroup__row wpadcenter-aligncenter\"><div class=\"wpadcenter-ad-container\" ><div id=\"wpadcenter-ad-1374\" class=\"ad-placement\"><div class=\"wpadcenter-ad-inner\" ><a id=\"wpadcenter_ad\" data-value=\"1374\" data-placement=\"\" href=\"https:\/\/www.9colonne.it\/\" target=\"_blank\" class=\"wpadcenter-ad-inner__item\" ><img decoding=\"async\"   src=\"https:\/\/puntodincontro.mx\/wp-content\/uploads\/2021\/10\/Banner9colonne.gif\" class=\"attachment-post-thumbnail size-post-thumbnail wp-post-image\" alt=\"\" \/><\/a><\/div><\/div><\/div><div class=\"wpadcenter-ad-container\" ><div id=\"wpadcenter-ad-276\" class=\"ad-placement\"><div class=\"wpadcenter-ad-inner\" ><a id=\"wpadcenter_ad\" data-value=\"276\" data-placement=\"\" href=\"http:\/\/www.camaraitaliana.mx\/\" target=\"_blank\" class=\"wpadcenter-ad-inner__item\" ><img decoding=\"async\"   src=\"https:\/\/puntodincontro.mx\/wp-content\/uploads\/2021\/08\/ccimnuovo.jpg\" class=\"attachment-post-thumbnail size-post-thumbnail wp-post-image\" alt=\"\" srcset=\"https:\/\/puntodincontro.mx\/wp-content\/uploads\/2021\/08\/ccimnuovo.jpg 200w, https:\/\/puntodincontro.mx\/wp-content\/uploads\/2021\/08\/ccimnuovo-18x5.jpg 18w\" sizes=\"(max-width: 200px) 100vw, 200px\" \/><\/a><\/div><\/div><\/div><div class=\"wpadcenter-ad-container\" ><div id=\"wpadcenter-ad-272\" class=\"ad-placement\"><div class=\"wpadcenter-ad-inner\" ><a id=\"wpadcenter_ad\" data-value=\"272\" data-placement=\"\" href=\"http:\/\/corix.us\/\" target=\"_blank\" class=\"wpadcenter-ad-inner__item\" ><img decoding=\"async\"   src=\"https:\/\/puntodincontro.mx\/wp-content\/uploads\/2021\/08\/corixbanner-1.jpg\" class=\"attachment-post-thumbnail size-post-thumbnail wp-post-image\" alt=\"\" srcset=\"https:\/\/puntodincontro.mx\/wp-content\/uploads\/2021\/08\/corixbanner-1.jpg 200w, https:\/\/puntodincontro.mx\/wp-content\/uploads\/2021\/08\/corixbanner-1-16x5.jpg 16w\" sizes=\"(max-width: 200px) 100vw, 200px\" \/><\/a><\/div><\/div><\/div><\/div><div class=\"wpadcenter-adgroup__row wpadcenter-aligncenter\"><div class=\"wpadcenter-ad-container\" ><div id=\"wpadcenter-ad-266\" class=\"ad-placement\"><div class=\"wpadcenter-ad-inner\" ><a id=\"wpadcenter_ad\" data-value=\"266\" data-placement=\"\" href=\"https:\/\/www.prinsel.com.mx\/\" target=\"_blank\" class=\"wpadcenter-ad-inner__item\" ><img decoding=\"async\"   src=\"https:\/\/puntodincontro.mx\/wp-content\/uploads\/2021\/08\/prinselbanner-1.jpg\" class=\"attachment-post-thumbnail size-post-thumbnail wp-post-image\" alt=\"\" srcset=\"https:\/\/puntodincontro.mx\/wp-content\/uploads\/2021\/08\/prinselbanner-1.jpg 200w, https:\/\/puntodincontro.mx\/wp-content\/uploads\/2021\/08\/prinselbanner-1-16x5.jpg 16w\" sizes=\"(max-width: 200px) 100vw, 200px\" \/><\/a><\/div><\/div><\/div><div class=\"wpadcenter-ad-container\" ><div id=\"wpadcenter-ad-261\" class=\"ad-placement\"><div class=\"wpadcenter-ad-inner\" ><a id=\"wpadcenter_ad\" data-value=\"261\" data-placement=\"\" href=\"https:\/\/faitalia.com.mx\/\" target=\"_blank\" class=\"wpadcenter-ad-inner__item\" ><img decoding=\"async\"   src=\"https:\/\/puntodincontro.mx\/wp-content\/uploads\/2021\/08\/gruppodino.jpg\" class=\"attachment-post-thumbnail size-post-thumbnail wp-post-image\" alt=\"\" srcset=\"https:\/\/puntodincontro.mx\/wp-content\/uploads\/2021\/08\/gruppodino.jpg 200w, https:\/\/puntodincontro.mx\/wp-content\/uploads\/2021\/08\/gruppodino-18x5.jpg 18w\" sizes=\"(max-width: 200px) 100vw, 200px\" \/><\/a><\/div><\/div><\/div><\/div><\/div>\n\n\n<div style=\"height:12px\" aria-hidden=\"true\" class=\"wp-block-spacer\"><\/div>","protected":false},"excerpt":{"rendered":"<p>Ore 01.13 &#8211; AVSI \u2014una organizzazione non governativa senza scopo di lucro nata a Cesena, in Italia, nel 1972\u2014 dal 1987 \u00e8 presente in Messico, dove ha sviluppato progetti in regioni ad alto grado di emarginazione e presenza indigena, con interventi soprattutto nei settori dell&#8217;educazione, della formazione, dell&#8217;ambiente, delle migrazioni e dei diritti umani. AVSI Messico ha uffici a Oaxaca, Citt\u00e0 del Messico e Tabasco e opera con un&#8217;ampia rete di partner anche negli Stati di Jalisco, Yucat\u00e1n, Quer\u00e9taro e Guanajuato. Nel 2019 \u00e8 stata costituita AVSI Mexico A.C. con l&#8217;obiettivo di promuovere lo sviluppo locale e articolare relazioni e&#8230; <\/p>","protected":false},"author":2,"featured_media":6617,"comment_status":"open","ping_status":"open","sticky":false,"template":"","format":"standard","meta":{"_monsterinsights_skip_tracking":false,"_monsterinsights_sitenote_active":false,"_monsterinsights_sitenote_note":"","_monsterinsights_sitenote_category":0,"footnotes":""},"categories":[4],"tags":[],"class_list":["post-6614","post","type-post","status-publish","format-standard","has-post-thumbnail","hentry","category-italia-in-messico"],"yoast_head":"<!-- This site is optimized with the Yoast SEO Premium plugin v18.4 (Yoast SEO v25.6) - https:\/\/yoast.com\/wordpress\/plugins\/seo\/ -->\n<title>Le attivit\u00e0 umanitarie in Messico della fondazione italiana AVSI Puntodincontro<\/title>\n<meta name=\"description\" content=\"AVSI \u2014una organizzazione nata in Italia nel 1972\u2014 dal 1987 \u00e8 presente in Messico, dove sviluppa progetti in regioni ad alto grado di emarginazione e presenza indigena.\" \/>\n<meta name=\"robots\" content=\"index, follow, max-snippet:-1, max-image-preview:large, max-video-preview:-1\" \/>\n<link rel=\"canonical\" href=\"https:\/\/puntodincontro.mx\/es\/2022\/07\/28\/las-actividades-humanitarias-en-mexico-de-la-fundacion-italiana-avsi\/\" \/>\n<meta property=\"og:locale\" content=\"es_MX\" \/>\n<meta property=\"og:type\" content=\"article\" \/>\n<meta property=\"og:title\" content=\"Le attivit\u00e0 umanitarie in Messico della fondazione italiana AVSI\" \/>\n<meta property=\"og:description\" content=\"AVSI \u2014una organizzazione nata in Italia nel 1972\u2014 dal 1987 \u00e8 presente in Messico, dove sviluppa progetti in regioni ad alto grado di emarginazione e presenza indigena.\" \/>\n<meta property=\"og:url\" content=\"https:\/\/puntodincontro.mx\/es\/2022\/07\/28\/las-actividades-humanitarias-en-mexico-de-la-fundacion-italiana-avsi\/\" \/>\n<meta property=\"og:site_name\" content=\"Puntodincontro\" \/>\n<meta property=\"article:publisher\" content=\"https:\/\/www.facebook.com\/puntodincontro.mx\" \/>\n<meta property=\"article:published_time\" content=\"2022-07-28T06:33:32+00:00\" \/>\n<meta property=\"article:modified_time\" content=\"2022-07-28T06:36:07+00:00\" \/>\n<meta property=\"og:image\" content=\"https:\/\/puntodincontro.mx\/wp-content\/uploads\/2022\/07\/attivitaavsimessicovert.webp\" \/>\n\t<meta property=\"og:image:width\" content=\"423\" \/>\n\t<meta property=\"og:image:height\" content=\"488\" \/>\n\t<meta property=\"og:image:type\" content=\"image\/webp\" \/>\n<meta name=\"author\" content=\"Puntodincontro\" \/>\n<meta name=\"twitter:card\" content=\"summary_large_image\" \/>\n<meta name=\"twitter:creator\" content=\"@puntodincontro\" \/>\n<meta name=\"twitter:site\" content=\"@puntodincontro\" \/>\n<meta name=\"twitter:label1\" content=\"Escrito por\" \/>\n\t<meta name=\"twitter:data1\" content=\"Puntodincontro\" \/>\n\t<meta name=\"twitter:label2\" content=\"Tiempo de lectura\" \/>\n\t<meta name=\"twitter:data2\" content=\"3 minutos\" \/>\n<script type=\"application\/ld+json\" class=\"yoast-schema-graph\">{\"@context\":\"https:\/\/schema.org\",\"@graph\":[{\"@type\":\"NewsArticle\",\"@id\":\"https:\/\/puntodincontro.mx\/2022\/07\/28\/le-attivita-umanitarie-in-messico-della-fondazione-italiana-avsi\/#article\",\"isPartOf\":{\"@id\":\"https:\/\/puntodincontro.mx\/2022\/07\/28\/le-attivita-umanitarie-in-messico-della-fondazione-italiana-avsi\/\"},\"author\":{\"name\":\"Puntodincontro\",\"@id\":\"https:\/\/puntodincontro.mx\/#\/schema\/person\/d3066d18a16259cbb0c29b0d0e93b556\"},\"headline\":\"Le attivit\u00e0 umanitarie in Messico della fondazione italiana AVSI\",\"datePublished\":\"2022-07-28T06:33:32+00:00\",\"dateModified\":\"2022-07-28T06:36:07+00:00\",\"mainEntityOfPage\":{\"@id\":\"https:\/\/puntodincontro.mx\/2022\/07\/28\/le-attivita-umanitarie-in-messico-della-fondazione-italiana-avsi\/\"},\"wordCount\":648,\"commentCount\":0,\"publisher\":{\"@id\":\"https:\/\/puntodincontro.mx\/#organization\"},\"image\":{\"@id\":\"https:\/\/puntodincontro.mx\/2022\/07\/28\/le-attivita-umanitarie-in-messico-della-fondazione-italiana-avsi\/#primaryimage\"},\"thumbnailUrl\":\"https:\/\/puntodincontro.mx\/wp-content\/uploads\/2022\/07\/attivitaavsimessicovert.webp\",\"articleSection\":[\"Italia in Messico\"],\"inLanguage\":\"es\",\"potentialAction\":[{\"@type\":\"CommentAction\",\"name\":\"Comment\",\"target\":[\"https:\/\/puntodincontro.mx\/2022\/07\/28\/le-attivita-umanitarie-in-messico-della-fondazione-italiana-avsi\/#respond\"]}]},{\"@type\":\"WebPage\",\"@id\":\"https:\/\/puntodincontro.mx\/2022\/07\/28\/le-attivita-umanitarie-in-messico-della-fondazione-italiana-avsi\/\",\"url\":\"https:\/\/puntodincontro.mx\/2022\/07\/28\/le-attivita-umanitarie-in-messico-della-fondazione-italiana-avsi\/\",\"name\":\"Le attivit\u00e0 umanitarie in Messico della fondazione italiana AVSI Puntodincontro\",\"isPartOf\":{\"@id\":\"https:\/\/puntodincontro.mx\/#website\"},\"primaryImageOfPage\":{\"@id\":\"https:\/\/puntodincontro.mx\/2022\/07\/28\/le-attivita-umanitarie-in-messico-della-fondazione-italiana-avsi\/#primaryimage\"},\"image\":{\"@id\":\"https:\/\/puntodincontro.mx\/2022\/07\/28\/le-attivita-umanitarie-in-messico-della-fondazione-italiana-avsi\/#primaryimage\"},\"thumbnailUrl\":\"https:\/\/puntodincontro.mx\/wp-content\/uploads\/2022\/07\/attivitaavsimessicovert.webp\",\"datePublished\":\"2022-07-28T06:33:32+00:00\",\"dateModified\":\"2022-07-28T06:36:07+00:00\",\"description\":\"AVSI \u2014una organizzazione nata in Italia nel 1972\u2014 dal 1987 \u00e8 presente in Messico, dove sviluppa progetti in regioni ad alto grado di emarginazione e presenza indigena.\",\"breadcrumb\":{\"@id\":\"https:\/\/puntodincontro.mx\/2022\/07\/28\/le-attivita-umanitarie-in-messico-della-fondazione-italiana-avsi\/#breadcrumb\"},\"inLanguage\":\"es\",\"potentialAction\":[{\"@type\":\"ReadAction\",\"target\":[\"https:\/\/puntodincontro.mx\/2022\/07\/28\/le-attivita-umanitarie-in-messico-della-fondazione-italiana-avsi\/\"]}]},{\"@type\":\"ImageObject\",\"inLanguage\":\"es\",\"@id\":\"https:\/\/puntodincontro.mx\/2022\/07\/28\/le-attivita-umanitarie-in-messico-della-fondazione-italiana-avsi\/#primaryimage\",\"url\":\"https:\/\/puntodincontro.mx\/wp-content\/uploads\/2022\/07\/attivitaavsimessicovert.webp\",\"contentUrl\":\"https:\/\/puntodincontro.mx\/wp-content\/uploads\/2022\/07\/attivitaavsimessicovert.webp\",\"width\":423,\"height\":488,\"caption\":\"Le attivit\u00e0 umanitarie in Messico della fondazione italiana AVSI\"},{\"@type\":\"BreadcrumbList\",\"@id\":\"https:\/\/puntodincontro.mx\/2022\/07\/28\/le-attivita-umanitarie-in-messico-della-fondazione-italiana-avsi\/#breadcrumb\",\"itemListElement\":[{\"@type\":\"ListItem\",\"position\":1,\"name\":\"Home\",\"item\":\"https:\/\/puntodincontro.mx\/\"},{\"@type\":\"ListItem\",\"position\":2,\"name\":\"Le attivit\u00e0 umanitarie in Messico della fondazione italiana AVSI\"}]},{\"@type\":\"WebSite\",\"@id\":\"https:\/\/puntodincontro.mx\/#website\",\"url\":\"https:\/\/puntodincontro.mx\/\",\"name\":\"Puntodincontro\",\"description\":\"Dal 2006 notizie sui rapporti Italia-Messico \/ Desde 2006 noticias sobre las relaciones entre Italia y M\u00e9xico\",\"publisher\":{\"@id\":\"https:\/\/puntodincontro.mx\/#organization\"},\"potentialAction\":[{\"@type\":\"SearchAction\",\"target\":{\"@type\":\"EntryPoint\",\"urlTemplate\":\"https:\/\/puntodincontro.mx\/?s={search_term_string}\"},\"query-input\":{\"@type\":\"PropertyValueSpecification\",\"valueRequired\":true,\"valueName\":\"search_term_string\"}}],\"inLanguage\":\"es\"},{\"@type\":\"Organization\",\"@id\":\"https:\/\/puntodincontro.mx\/#organization\",\"name\":\"Puntodincontro\",\"url\":\"https:\/\/puntodincontro.mx\/\",\"logo\":{\"@type\":\"ImageObject\",\"inLanguage\":\"es\",\"@id\":\"https:\/\/puntodincontro.mx\/#\/schema\/logo\/image\/\",\"url\":\"https:\/\/puntodincontro.mx\/wp-content\/uploads\/2021\/08\/Default-image-for-open-graph-settings.jpg\",\"contentUrl\":\"https:\/\/puntodincontro.mx\/wp-content\/uploads\/2021\/08\/Default-image-for-open-graph-settings.jpg\",\"width\":1200,\"height\":630,\"caption\":\"Puntodincontro\"},\"image\":{\"@id\":\"https:\/\/puntodincontro.mx\/#\/schema\/logo\/image\/\"},\"sameAs\":[\"https:\/\/www.facebook.com\/puntodincontro.mx\",\"https:\/\/x.com\/puntodincontro\",\"https:\/\/www.instagram.com\/puntodincontro.mx\/\",\"https:\/\/www.linkedin.com\/company\/puntodincontro\/\",\"https:\/\/www.youtube.com\/c\/puntodincontromessico\",\"https:\/\/www.patreon.com\/puntodincontro\",\"https:\/\/www.threads.net\/@puntodincontro.mx\"]},{\"@type\":\"Person\",\"@id\":\"https:\/\/puntodincontro.mx\/#\/schema\/person\/d3066d18a16259cbb0c29b0d0e93b556\",\"name\":\"Puntodincontro\",\"image\":{\"@type\":\"ImageObject\",\"inLanguage\":\"es\",\"@id\":\"https:\/\/puntodincontro.mx\/#\/schema\/person\/image\/\",\"url\":\"https:\/\/secure.gravatar.com\/avatar\/0e85b4b3b5e9d6bfcec6a4956d8cc63a?s=96&d=mm&r=g\",\"contentUrl\":\"https:\/\/secure.gravatar.com\/avatar\/0e85b4b3b5e9d6bfcec6a4956d8cc63a?s=96&d=mm&r=g\",\"caption\":\"Puntodincontro\"},\"url\":\"https:\/\/puntodincontro.mx\/es\/author\/puntodincontro\/\"}]}<\/script>\n<!-- \/ Yoast SEO Premium plugin. -->","yoast_head_json":{"title":"Le attivit\u00e0 umanitarie in Messico della fondazione italiana AVSI Puntodincontro","description":"AVSI \u2014una organizaci\u00f3n fundada en Italia en 1972\u2014 desde 1987 est\u00e1 presente en M\u00e9xico, donde desarrolla proyectos en regiones con un alto grado de marginaci\u00f3n y presencia ind\u00edgena.","robots":{"index":"index","follow":"follow","max-snippet":"max-snippet:-1","max-image-preview":"max-image-preview:large","max-video-preview":"max-video-preview:-1"},"canonical":"https:\/\/puntodincontro.mx\/es\/2022\/07\/28\/las-actividades-humanitarias-en-mexico-de-la-fundacion-italiana-avsi\/","og_locale":"es_MX","og_type":"article","og_title":"Le attivit\u00e0 umanitarie in Messico della fondazione italiana AVSI","og_description":"AVSI \u2014una organizzazione nata in Italia nel 1972\u2014 dal 1987 \u00e8 presente in Messico, dove sviluppa progetti in regioni ad alto grado di emarginazione e presenza indigena.","og_url":"https:\/\/puntodincontro.mx\/es\/2022\/07\/28\/las-actividades-humanitarias-en-mexico-de-la-fundacion-italiana-avsi\/","og_site_name":"Puntodincontro","article_publisher":"https:\/\/www.facebook.com\/puntodincontro.mx","article_published_time":"2022-07-28T06:33:32+00:00","article_modified_time":"2022-07-28T06:36:07+00:00","og_image":[{"width":423,"height":488,"url":"https:\/\/puntodincontro.mx\/wp-content\/uploads\/2022\/07\/attivitaavsimessicovert.webp","type":"image\/webp"}],"author":"Puntodincontro","twitter_card":"summary_large_image","twitter_creator":"@puntodincontro","twitter_site":"@puntodincontro","twitter_misc":{"Escrito por":"Puntodincontro","Tiempo de lectura":"3 minutos"},"schema":{"@context":"https:\/\/schema.org","@graph":[{"@type":"NewsArticle","@id":"https:\/\/puntodincontro.mx\/2022\/07\/28\/le-attivita-umanitarie-in-messico-della-fondazione-italiana-avsi\/#article","isPartOf":{"@id":"https:\/\/puntodincontro.mx\/2022\/07\/28\/le-attivita-umanitarie-in-messico-della-fondazione-italiana-avsi\/"},"author":{"name":"Puntodincontro","@id":"https:\/\/puntodincontro.mx\/#\/schema\/person\/d3066d18a16259cbb0c29b0d0e93b556"},"headline":"Le attivit\u00e0 umanitarie in Messico della fondazione italiana AVSI","datePublished":"2022-07-28T06:33:32+00:00","dateModified":"2022-07-28T06:36:07+00:00","mainEntityOfPage":{"@id":"https:\/\/puntodincontro.mx\/2022\/07\/28\/le-attivita-umanitarie-in-messico-della-fondazione-italiana-avsi\/"},"wordCount":648,"commentCount":0,"publisher":{"@id":"https:\/\/puntodincontro.mx\/#organization"},"image":{"@id":"https:\/\/puntodincontro.mx\/2022\/07\/28\/le-attivita-umanitarie-in-messico-della-fondazione-italiana-avsi\/#primaryimage"},"thumbnailUrl":"https:\/\/puntodincontro.mx\/wp-content\/uploads\/2022\/07\/attivitaavsimessicovert.webp","articleSection":["Italia in Messico"],"inLanguage":"es","potentialAction":[{"@type":"CommentAction","name":"Comment","target":["https:\/\/puntodincontro.mx\/2022\/07\/28\/le-attivita-umanitarie-in-messico-della-fondazione-italiana-avsi\/#respond"]}]},{"@type":"WebPage","@id":"https:\/\/puntodincontro.mx\/2022\/07\/28\/le-attivita-umanitarie-in-messico-della-fondazione-italiana-avsi\/","url":"https:\/\/puntodincontro.mx\/2022\/07\/28\/le-attivita-umanitarie-in-messico-della-fondazione-italiana-avsi\/","name":"Le attivit\u00e0 umanitarie in Messico della fondazione italiana AVSI Puntodincontro","isPartOf":{"@id":"https:\/\/puntodincontro.mx\/#website"},"primaryImageOfPage":{"@id":"https:\/\/puntodincontro.mx\/2022\/07\/28\/le-attivita-umanitarie-in-messico-della-fondazione-italiana-avsi\/#primaryimage"},"image":{"@id":"https:\/\/puntodincontro.mx\/2022\/07\/28\/le-attivita-umanitarie-in-messico-della-fondazione-italiana-avsi\/#primaryimage"},"thumbnailUrl":"https:\/\/puntodincontro.mx\/wp-content\/uploads\/2022\/07\/attivitaavsimessicovert.webp","datePublished":"2022-07-28T06:33:32+00:00","dateModified":"2022-07-28T06:36:07+00:00","description":"AVSI \u2014una organizaci\u00f3n fundada en Italia en 1972\u2014 desde 1987 est\u00e1 presente en M\u00e9xico, donde desarrolla proyectos en regiones con un alto grado de marginaci\u00f3n y presencia ind\u00edgena.","breadcrumb":{"@id":"https:\/\/puntodincontro.mx\/2022\/07\/28\/le-attivita-umanitarie-in-messico-della-fondazione-italiana-avsi\/#breadcrumb"},"inLanguage":"es","potentialAction":[{"@type":"ReadAction","target":["https:\/\/puntodincontro.mx\/2022\/07\/28\/le-attivita-umanitarie-in-messico-della-fondazione-italiana-avsi\/"]}]},{"@type":"ImageObject","inLanguage":"es","@id":"https:\/\/puntodincontro.mx\/2022\/07\/28\/le-attivita-umanitarie-in-messico-della-fondazione-italiana-avsi\/#primaryimage","url":"https:\/\/puntodincontro.mx\/wp-content\/uploads\/2022\/07\/attivitaavsimessicovert.webp","contentUrl":"https:\/\/puntodincontro.mx\/wp-content\/uploads\/2022\/07\/attivitaavsimessicovert.webp","width":423,"height":488,"caption":"Le attivit\u00e0 umanitarie in Messico della fondazione italiana AVSI"},{"@type":"BreadcrumbList","@id":"https:\/\/puntodincontro.mx\/2022\/07\/28\/le-attivita-umanitarie-in-messico-della-fondazione-italiana-avsi\/#breadcrumb","itemListElement":[{"@type":"ListItem","position":1,"name":"Home","item":"https:\/\/puntodincontro.mx\/"},{"@type":"ListItem","position":2,"name":"Le attivit\u00e0 umanitarie in Messico della fondazione italiana AVSI"}]},{"@type":"WebSite","@id":"https:\/\/puntodincontro.mx\/#website","url":"https:\/\/puntodincontro.mx\/","name":"Puntodincontro","description":"Desde el 2006 noticias sobre las relaciones entre Italia y M\u00e9xico \/ Dal 2006 notizie sui rapporti Italia-Messico","publisher":{"@id":"https:\/\/puntodincontro.mx\/#organization"},"potentialAction":[{"@type":"SearchAction","target":{"@type":"EntryPoint","urlTemplate":"https:\/\/puntodincontro.mx\/?s={search_term_string}"},"query-input":{"@type":"PropertyValueSpecification","valueRequired":true,"valueName":"search_term_string"}}],"inLanguage":"es"},{"@type":"Organization","@id":"https:\/\/puntodincontro.mx\/#organization","name":"Puntodincontro","url":"https:\/\/puntodincontro.mx\/","logo":{"@type":"ImageObject","inLanguage":"es","@id":"https:\/\/puntodincontro.mx\/#\/schema\/logo\/image\/","url":"https:\/\/puntodincontro.mx\/wp-content\/uploads\/2021\/08\/Default-image-for-open-graph-settings.jpg","contentUrl":"https:\/\/puntodincontro.mx\/wp-content\/uploads\/2021\/08\/Default-image-for-open-graph-settings.jpg","width":1200,"height":630,"caption":"Puntodincontro"},"image":{"@id":"https:\/\/puntodincontro.mx\/#\/schema\/logo\/image\/"},"sameAs":["https:\/\/www.facebook.com\/puntodincontro.mx","https:\/\/x.com\/puntodincontro","https:\/\/www.instagram.com\/puntodincontro.mx\/","https:\/\/www.linkedin.com\/company\/puntodincontro\/","https:\/\/www.youtube.com\/c\/puntodincontromessico","https:\/\/www.patreon.com\/puntodincontro","https:\/\/www.threads.net\/@puntodincontro.mx"]},{"@type":"Person","@id":"https:\/\/puntodincontro.mx\/#\/schema\/person\/d3066d18a16259cbb0c29b0d0e93b556","name":"Puntodincontro","image":{"@type":"ImageObject","inLanguage":"es","@id":"https:\/\/puntodincontro.mx\/#\/schema\/person\/image\/","url":"https:\/\/secure.gravatar.com\/avatar\/0e85b4b3b5e9d6bfcec6a4956d8cc63a?s=96&d=mm&r=g","contentUrl":"https:\/\/secure.gravatar.com\/avatar\/0e85b4b3b5e9d6bfcec6a4956d8cc63a?s=96&d=mm&r=g","caption":"Puntodincontro"},"url":"https:\/\/puntodincontro.mx\/es\/author\/puntodincontro\/"}]}},"_links":{"self":[{"href":"https:\/\/puntodincontro.mx\/es\/wp-json\/wp\/v2\/posts\/6614"}],"collection":[{"href":"https:\/\/puntodincontro.mx\/es\/wp-json\/wp\/v2\/posts"}],"about":[{"href":"https:\/\/puntodincontro.mx\/es\/wp-json\/wp\/v2\/types\/post"}],"author":[{"embeddable":true,"href":"https:\/\/puntodincontro.mx\/es\/wp-json\/wp\/v2\/users\/2"}],"replies":[{"embeddable":true,"href":"https:\/\/puntodincontro.mx\/es\/wp-json\/wp\/v2\/comments?post=6614"}],"version-history":[{"count":5,"href":"https:\/\/puntodincontro.mx\/es\/wp-json\/wp\/v2\/posts\/6614\/revisions"}],"predecessor-version":[{"id":6622,"href":"https:\/\/puntodincontro.mx\/es\/wp-json\/wp\/v2\/posts\/6614\/revisions\/6622"}],"wp:featuredmedia":[{"embeddable":true,"href":"https:\/\/puntodincontro.mx\/es\/wp-json\/wp\/v2\/media\/6617"}],"wp:attachment":[{"href":"https:\/\/puntodincontro.mx\/es\/wp-json\/wp\/v2\/media?parent=6614"}],"wp:term":[{"taxonomy":"category","embeddable":true,"href":"https:\/\/puntodincontro.mx\/es\/wp-json\/wp\/v2\/categories?post=6614"},{"taxonomy":"post_tag","embeddable":true,"href":"https:\/\/puntodincontro.mx\/es\/wp-json\/wp\/v2\/tags?post=6614"}],"curies":[{"name":"wp","href":"https:\/\/api.w.org\/{rel}","templated":true}]}}