{"id":6853,"date":"2022-08-12T10:55:18","date_gmt":"2022-08-12T15:55:18","guid":{"rendered":"https:\/\/puntodincontro.mx\/?p=6853"},"modified":"2022-08-12T10:55:19","modified_gmt":"2022-08-12T15:55:19","slug":"llega-a-tlaxcala-la-exposicion-el-infierno-de-dante-en-los-comics","status":"publish","type":"post","link":"https:\/\/puntodincontro.mx\/es\/2022\/08\/12\/arriva-a-tlaxcala-lesposizione-linferno-di-dante-nei-fumetti\/","title":{"rendered":"Llega a Tlaxcala la exposici\u00f3n \u201cEl Infierno de Dante en los c\u00f3mics\u201d"},"content":{"rendered":"<p class=\"translation-block\"><strong>10:47 hrs.<\/strong> - Podr\u00e1 ser visitada hasta el 6 de octubre la exposici\u00f3n <em>El infierno de Dante en los c\u00f3mics<\/em>, presentada en la ciudad de Tlaxcala \u2014a aproximadamente 120 km de la capital mexicana\u2014 por el Museo Miguel N. Lira y el Instituto Italiano de Cultura, una muestra para descubrir c\u00f3mo la obra maestra del escritor florentino ha sido contada y simbolizada por algunos de los autores m\u00e1s importantes de este g\u00e9nero gr\u00e1fico-literario.<\/p>\n\n\n\n<p>701 a\u00f1os despu\u00e9s de la muerte del <em>sommo poeta<\/em>, la Divina Comedia se ha convertido en una de las piedras angulares de la cultura italiana: en siete siglos, la historia del viaje de Dante a trav\u00e9s del Infierno, el Purgatorio y el Para\u00edso no pod\u00eda dejar de ser fuente de inspiraci\u00f3n para pinturas, obras literarias, pel\u00edculas y videojuegos, pero tambi\u00e9n para muchos c\u00f3mics.<\/p>\n\n\n\n<p>En los \u00faltimos cien a\u00f1os, de hecho, ha habido numerosas obras del noveno arte italiano que se han inspirado en el poema m\u00e1s famoso del pa\u00eds de la bota. Algunas de las historietas son educativas, dise\u00f1adas para complementar el estudio escolar de una manera divertida, otras son humor\u00edsticas o sat\u00edricas, y utilizan las im\u00e1genes para sonre\u00edr acerca de la sociedad contempor\u00e1nea, otras son aventureras y sumergen a los protagonistas en los horrores del Infierno dantesco.<\/p>\n\n\n\n<p>La muestra es curada por Mama Comics, compuesta por Maria-Angela Silleni y Maya Quaianni, expertas en el campo del c\u00f3mic y la comunicaci\u00f3n visual. Maria-Angela trabaja en el mundo editorial como editora, traductora y columnista, mientras que Maya se ocupa de la comunicaci\u00f3n y la investigaci\u00f3n acad\u00e9mica sobre el noveno arte en Italia y Espa\u00f1a. Juntas organizan desde 2016 el festival de c\u00f3mic independiente Bric\u00f2la en Mil\u00e1n.<\/p>\n\n\n\n<div style=\"height:12px\" aria-hidden=\"true\" class=\"wp-block-spacer\"><\/div>\n\n\n<!-- Ad space powered by WP AdCenter v2.5.7 - https:\/\/wpadcenter.com\/ --><div class=\"wpadcenter-adgroup\" ><div class=\"wpadcenter-adgroup__row wpadcenter-aligncenter\"><div class=\"wpadcenter-ad-container\" ><div id=\"wpadcenter-ad-18464\" class=\"ad-placement\"><div class=\"wpadcenter-ad-inner\" ><a id=\"wpadcenter_ad\" data-value=\"18464\" data-placement=\"\" href=\"https:\/\/www.productosremo.com\/\" target=\"_blank\" class=\"wpadcenter-ad-inner__item\" ><img decoding=\"async\"   src=\"https:\/\/puntodincontro.mx\/wp-content\/uploads\/2021\/08\/remobanner.jpg\" class=\"attachment-post-thumbnail size-post-thumbnail wp-post-image\" alt=\"\" srcset=\"https:\/\/puntodincontro.mx\/wp-content\/uploads\/2021\/08\/remobanner.jpg 200w, https:\/\/puntodincontro.mx\/wp-content\/uploads\/2021\/08\/remobanner-16x5.jpg 16w\" sizes=\"(max-width: 200px) 100vw, 200px\" \/><\/a><\/div><\/div><\/div><div class=\"wpadcenter-ad-container\" ><div id=\"wpadcenter-ad-5305\" class=\"ad-placement\"><div class=\"wpadcenter-ad-inner\" ><a id=\"wpadcenter_ad\" data-value=\"5305\" data-placement=\"\" href=\"https:\/\/ambcittadelmessico.esteri.it\/ambasciata_cittadelmessico\/it\/\" target=\"_blank\" class=\"wpadcenter-ad-inner__item\" ><img decoding=\"async\"   src=\"https:\/\/puntodincontro.mx\/wp-content\/uploads\/2022\/05\/Ambasciata.jpg\" class=\"attachment-post-thumbnail size-post-thumbnail wp-post-image\" alt=\"\" srcset=\"https:\/\/puntodincontro.mx\/wp-content\/uploads\/2022\/05\/Ambasciata.jpg 200w, https:\/\/puntodincontro.mx\/wp-content\/uploads\/2022\/05\/Ambasciata-18x5.jpg 18w\" sizes=\"(max-width: 200px) 100vw, 200px\" \/><\/a><\/div><\/div><\/div><div class=\"wpadcenter-ad-container\" ><div id=\"wpadcenter-ad-3781\" class=\"ad-placement\"><div class=\"wpadcenter-ad-inner\" ><a id=\"wpadcenter_ad\" data-value=\"3781\" data-placement=\"\" href=\"https:\/\/cannizzo.com.mx\/\" target=\"_blank\" class=\"wpadcenter-ad-inner__item\" ><img decoding=\"async\"   src=\"https:\/\/puntodincontro.mx\/wp-content\/uploads\/2022\/03\/cannizzo2.jpg\" class=\"attachment-post-thumbnail size-post-thumbnail wp-post-image\" alt=\"\" srcset=\"https:\/\/puntodincontro.mx\/wp-content\/uploads\/2022\/03\/cannizzo2.jpg 200w, https:\/\/puntodincontro.mx\/wp-content\/uploads\/2022\/03\/cannizzo2-18x5.jpg 18w\" sizes=\"(max-width: 200px) 100vw, 200px\" \/><\/a><\/div><\/div><\/div><\/div><div class=\"wpadcenter-adgroup__row wpadcenter-aligncenter\"><div class=\"wpadcenter-ad-container\" ><div id=\"wpadcenter-ad-1704\" class=\"ad-placement\"><div class=\"wpadcenter-ad-inner\" ><a id=\"wpadcenter_ad\" data-value=\"1704\" data-placement=\"\" href=\"https:\/\/puntodincontro.mx\/es\/2021\/12\/24\/inps-verificacion-de-supervivencia-de-los-pensionados-en-el-extranjero\/\" target=\"_blank\" class=\"wpadcenter-ad-inner__item\" ><img decoding=\"async\"   src=\"https:\/\/puntodincontro.mx\/wp-content\/uploads\/2021\/11\/logo-ital.jpg\" class=\"attachment-post-thumbnail size-post-thumbnail wp-post-image\" alt=\"Patronato ITAL Messico\" srcset=\"https:\/\/puntodincontro.mx\/wp-content\/uploads\/2021\/11\/logo-ital.jpg 200w, https:\/\/puntodincontro.mx\/wp-content\/uploads\/2021\/11\/logo-ital-16x5.jpg 16w\" sizes=\"(max-width: 200px) 100vw, 200px\" \/><\/a><\/div><\/div><\/div><div class=\"wpadcenter-ad-container\" ><div id=\"wpadcenter-ad-1538\" class=\"ad-placement\"><div class=\"wpadcenter-ad-inner\" ><a id=\"wpadcenter_ad\" data-value=\"1538\" data-placement=\"\" href=\"https:\/\/asociacionitaliana.org\/\" target=\"_blank\" class=\"wpadcenter-ad-inner__item\" ><img decoding=\"async\"   src=\"https:\/\/puntodincontro.mx\/wp-content\/uploads\/2021\/11\/aialogo.jpg\" class=\"attachment-post-thumbnail size-post-thumbnail wp-post-image\" alt=\"Associazione Italiana di Assistenza IAP\" srcset=\"https:\/\/puntodincontro.mx\/wp-content\/uploads\/2021\/11\/aialogo.jpg 200w, https:\/\/puntodincontro.mx\/wp-content\/uploads\/2021\/11\/aialogo-18x5.jpg 18w\" sizes=\"(max-width: 200px) 100vw, 200px\" \/><\/a><\/div><\/div><\/div><div class=\"wpadcenter-ad-container\" ><div id=\"wpadcenter-ad-1513\" class=\"ad-placement\"><div class=\"wpadcenter-ad-inner\" ><a id=\"wpadcenter_ad\" data-value=\"1513\" data-placement=\"\" href=\"https:\/\/gcinmuebles.mx\" target=\"_blank\" class=\"wpadcenter-ad-inner__item\" ><img decoding=\"async\"   src=\"https:\/\/puntodincontro.mx\/wp-content\/uploads\/2021\/10\/gcinmuebleslogopunto-1.jpg\" class=\"attachment-post-thumbnail size-post-thumbnail wp-post-image\" alt=\"\" srcset=\"https:\/\/puntodincontro.mx\/wp-content\/uploads\/2021\/10\/gcinmuebleslogopunto-1.jpg 200w, https:\/\/puntodincontro.mx\/wp-content\/uploads\/2021\/10\/gcinmuebleslogopunto-1-18x5.jpg 18w\" sizes=\"(max-width: 200px) 100vw, 200px\" \/><\/a><\/div><\/div><\/div><\/div><div class=\"wpadcenter-adgroup__row wpadcenter-aligncenter\"><div class=\"wpadcenter-ad-container\" ><div id=\"wpadcenter-ad-1374\" class=\"ad-placement\"><div class=\"wpadcenter-ad-inner\" ><a id=\"wpadcenter_ad\" data-value=\"1374\" data-placement=\"\" href=\"https:\/\/www.9colonne.it\/\" target=\"_blank\" class=\"wpadcenter-ad-inner__item\" ><img decoding=\"async\"   src=\"https:\/\/puntodincontro.mx\/wp-content\/uploads\/2021\/10\/Banner9colonne.gif\" class=\"attachment-post-thumbnail size-post-thumbnail wp-post-image\" alt=\"\" \/><\/a><\/div><\/div><\/div><div class=\"wpadcenter-ad-container\" ><div id=\"wpadcenter-ad-276\" class=\"ad-placement\"><div class=\"wpadcenter-ad-inner\" ><a id=\"wpadcenter_ad\" data-value=\"276\" data-placement=\"\" href=\"http:\/\/www.camaraitaliana.mx\/\" target=\"_blank\" class=\"wpadcenter-ad-inner__item\" ><img decoding=\"async\"   src=\"https:\/\/puntodincontro.mx\/wp-content\/uploads\/2021\/08\/ccimnuovo.jpg\" class=\"attachment-post-thumbnail size-post-thumbnail wp-post-image\" alt=\"\" srcset=\"https:\/\/puntodincontro.mx\/wp-content\/uploads\/2021\/08\/ccimnuovo.jpg 200w, https:\/\/puntodincontro.mx\/wp-content\/uploads\/2021\/08\/ccimnuovo-18x5.jpg 18w\" sizes=\"(max-width: 200px) 100vw, 200px\" \/><\/a><\/div><\/div><\/div><div class=\"wpadcenter-ad-container\" ><div id=\"wpadcenter-ad-272\" class=\"ad-placement\"><div class=\"wpadcenter-ad-inner\" ><a id=\"wpadcenter_ad\" data-value=\"272\" data-placement=\"\" href=\"http:\/\/corix.us\/\" target=\"_blank\" class=\"wpadcenter-ad-inner__item\" ><img decoding=\"async\"   src=\"https:\/\/puntodincontro.mx\/wp-content\/uploads\/2021\/08\/corixbanner-1.jpg\" class=\"attachment-post-thumbnail size-post-thumbnail wp-post-image\" alt=\"\" srcset=\"https:\/\/puntodincontro.mx\/wp-content\/uploads\/2021\/08\/corixbanner-1.jpg 200w, https:\/\/puntodincontro.mx\/wp-content\/uploads\/2021\/08\/corixbanner-1-16x5.jpg 16w\" sizes=\"(max-width: 200px) 100vw, 200px\" \/><\/a><\/div><\/div><\/div><\/div><div class=\"wpadcenter-adgroup__row wpadcenter-aligncenter\"><div class=\"wpadcenter-ad-container\" ><div id=\"wpadcenter-ad-266\" class=\"ad-placement\"><div class=\"wpadcenter-ad-inner\" ><a id=\"wpadcenter_ad\" data-value=\"266\" data-placement=\"\" href=\"https:\/\/www.prinsel.com.mx\/\" target=\"_blank\" class=\"wpadcenter-ad-inner__item\" ><img decoding=\"async\"   src=\"https:\/\/puntodincontro.mx\/wp-content\/uploads\/2021\/08\/prinselbanner-1.jpg\" class=\"attachment-post-thumbnail size-post-thumbnail wp-post-image\" alt=\"\" srcset=\"https:\/\/puntodincontro.mx\/wp-content\/uploads\/2021\/08\/prinselbanner-1.jpg 200w, https:\/\/puntodincontro.mx\/wp-content\/uploads\/2021\/08\/prinselbanner-1-16x5.jpg 16w\" sizes=\"(max-width: 200px) 100vw, 200px\" \/><\/a><\/div><\/div><\/div><div class=\"wpadcenter-ad-container\" ><div id=\"wpadcenter-ad-261\" class=\"ad-placement\"><div class=\"wpadcenter-ad-inner\" ><a id=\"wpadcenter_ad\" data-value=\"261\" data-placement=\"\" href=\"https:\/\/faitalia.com.mx\/\" target=\"_blank\" class=\"wpadcenter-ad-inner__item\" ><img decoding=\"async\"   src=\"https:\/\/puntodincontro.mx\/wp-content\/uploads\/2021\/08\/gruppodino.jpg\" class=\"attachment-post-thumbnail size-post-thumbnail wp-post-image\" alt=\"\" srcset=\"https:\/\/puntodincontro.mx\/wp-content\/uploads\/2021\/08\/gruppodino.jpg 200w, https:\/\/puntodincontro.mx\/wp-content\/uploads\/2021\/08\/gruppodino-18x5.jpg 18w\" sizes=\"(max-width: 200px) 100vw, 200px\" \/><\/a><\/div><\/div><\/div><\/div><\/div>\n\n\n<div style=\"height:12px\" aria-hidden=\"true\" class=\"wp-block-spacer\"><\/div>","protected":false},"excerpt":{"rendered":"<p>Ore 10.47 &#8211; Potr\u00e0 essere visitata fino al 6 ottobre la mostra L\u2019Inferno di Dante nei fumetti, presentata nella citt\u00e0 di Tlaxcala \u2014a circa 120 km dalla capitale messicana\u2014 dal Museo Miguel N. Lira e dall&#8217;Istituto Italiano di Cultura, un&#8217;esposizione per scoprire come il capolavoro dello scrittore fiorentino \u00e8 stato raccontato e raffigurato da alcuni dei pi\u00f9 importanti autori di questo genere grafico-letterario. A 701 anni dalla scomparsa del sommo poeta, la Divina Commedia \u00e8 diventata uno dei capisaldi della cultura italiana: in sette secoli, il racconto del viaggio di Dante attraverso Inferno, Purgatorio e Paradiso non poteva non essere&#8230; <\/p>","protected":false},"author":2,"featured_media":6857,"comment_status":"open","ping_status":"open","sticky":false,"template":"","format":"standard","meta":{"_monsterinsights_skip_tracking":false,"_monsterinsights_sitenote_active":false,"_monsterinsights_sitenote_note":"","_monsterinsights_sitenote_category":0,"footnotes":""},"categories":[4],"tags":[],"class_list":["post-6853","post","type-post","status-publish","format-standard","has-post-thumbnail","hentry","category-italia-in-messico"],"yoast_head":"<!-- This site is optimized with the Yoast SEO Premium plugin v18.4 (Yoast SEO v25.6) - https:\/\/yoast.com\/wordpress\/plugins\/seo\/ -->\n<title>Arriva a Tlaxcala l&#039;esposizione \u201cL\u2019Inferno di Dante nei fumetti\u201d Puntodincontro<\/title>\n<meta name=\"description\" content=\"Potr\u00e0 essere visitata fino al 6 ottobre la mostra \u201cL\u2019Inferno di Dante nei fumetti\u201d, presentata nella citt\u00e0 di Tlaxcala \u2014a circa 120 km dalla capitale messicana\u2014 dal Museo Miguel N. Lira e dall&#039;Istituto Italiano di Cultura.\" \/>\n<meta name=\"robots\" content=\"index, follow, max-snippet:-1, max-image-preview:large, max-video-preview:-1\" \/>\n<link rel=\"canonical\" href=\"https:\/\/puntodincontro.mx\/es\/2022\/08\/12\/llega-a-tlaxcala-la-exposicion-el-infierno-de-dante-en-los-comics\/\" \/>\n<meta property=\"og:locale\" content=\"es_MX\" \/>\n<meta property=\"og:type\" content=\"article\" \/>\n<meta property=\"og:title\" content=\"Arriva a Tlaxcala l&#039;esposizione \u201cL\u2019Inferno di Dante nei fumetti\u201d\" \/>\n<meta property=\"og:description\" content=\"Potr\u00e0 essere visitata fino al 6 ottobre la mostra \u201cL\u2019Inferno di Dante nei fumetti\u201d, presentata nella citt\u00e0 di Tlaxcala \u2014a circa 120 km dalla capitale messicana\u2014 dal Museo Miguel N. Lira e dall&#039;Istituto Italiano di Cultura.\" \/>\n<meta property=\"og:url\" content=\"https:\/\/puntodincontro.mx\/es\/2022\/08\/12\/llega-a-tlaxcala-la-exposicion-el-infierno-de-dante-en-los-comics\/\" \/>\n<meta property=\"og:site_name\" content=\"Puntodincontro\" \/>\n<meta property=\"article:publisher\" content=\"https:\/\/www.facebook.com\/puntodincontro.mx\" \/>\n<meta property=\"article:published_time\" content=\"2022-08-12T15:55:18+00:00\" \/>\n<meta property=\"article:modified_time\" content=\"2022-08-12T15:55:19+00:00\" \/>\n<meta property=\"og:image\" content=\"https:\/\/puntodincontro.mx\/wp-content\/uploads\/2022\/08\/tlaxcaladantefumettivert.webp\" \/>\n\t<meta property=\"og:image:width\" content=\"423\" \/>\n\t<meta property=\"og:image:height\" content=\"488\" \/>\n\t<meta property=\"og:image:type\" content=\"image\/webp\" \/>\n<meta name=\"author\" content=\"Puntodincontro\" \/>\n<meta name=\"twitter:card\" content=\"summary_large_image\" \/>\n<meta name=\"twitter:creator\" content=\"@puntodincontro\" \/>\n<meta name=\"twitter:site\" content=\"@puntodincontro\" \/>\n<meta name=\"twitter:label1\" content=\"Escrito por\" \/>\n\t<meta name=\"twitter:data1\" content=\"Puntodincontro\" \/>\n\t<meta name=\"twitter:label2\" content=\"Tiempo de lectura\" \/>\n\t<meta name=\"twitter:data2\" content=\"1 minuto\" \/>\n<script type=\"application\/ld+json\" class=\"yoast-schema-graph\">{\"@context\":\"https:\/\/schema.org\",\"@graph\":[{\"@type\":\"NewsArticle\",\"@id\":\"https:\/\/puntodincontro.mx\/2022\/08\/12\/arriva-a-tlaxcala-lesposizione-linferno-di-dante-nei-fumetti\/#article\",\"isPartOf\":{\"@id\":\"https:\/\/puntodincontro.mx\/2022\/08\/12\/arriva-a-tlaxcala-lesposizione-linferno-di-dante-nei-fumetti\/\"},\"author\":{\"name\":\"Puntodincontro\",\"@id\":\"https:\/\/puntodincontro.mx\/#\/schema\/person\/d3066d18a16259cbb0c29b0d0e93b556\"},\"headline\":\"Arriva a Tlaxcala l&#8217;esposizione \u201cL\u2019Inferno di Dante nei fumetti\u201d\",\"datePublished\":\"2022-08-12T15:55:18+00:00\",\"dateModified\":\"2022-08-12T15:55:19+00:00\",\"mainEntityOfPage\":{\"@id\":\"https:\/\/puntodincontro.mx\/2022\/08\/12\/arriva-a-tlaxcala-lesposizione-linferno-di-dante-nei-fumetti\/\"},\"wordCount\":246,\"commentCount\":0,\"publisher\":{\"@id\":\"https:\/\/puntodincontro.mx\/#organization\"},\"image\":{\"@id\":\"https:\/\/puntodincontro.mx\/2022\/08\/12\/arriva-a-tlaxcala-lesposizione-linferno-di-dante-nei-fumetti\/#primaryimage\"},\"thumbnailUrl\":\"https:\/\/puntodincontro.mx\/wp-content\/uploads\/2022\/08\/tlaxcaladantefumettivert.webp\",\"articleSection\":[\"Italia in Messico\"],\"inLanguage\":\"es\",\"potentialAction\":[{\"@type\":\"CommentAction\",\"name\":\"Comment\",\"target\":[\"https:\/\/puntodincontro.mx\/2022\/08\/12\/arriva-a-tlaxcala-lesposizione-linferno-di-dante-nei-fumetti\/#respond\"]}]},{\"@type\":\"WebPage\",\"@id\":\"https:\/\/puntodincontro.mx\/2022\/08\/12\/arriva-a-tlaxcala-lesposizione-linferno-di-dante-nei-fumetti\/\",\"url\":\"https:\/\/puntodincontro.mx\/2022\/08\/12\/arriva-a-tlaxcala-lesposizione-linferno-di-dante-nei-fumetti\/\",\"name\":\"Arriva a Tlaxcala l'esposizione \u201cL\u2019Inferno di Dante nei fumetti\u201d Puntodincontro\",\"isPartOf\":{\"@id\":\"https:\/\/puntodincontro.mx\/#website\"},\"primaryImageOfPage\":{\"@id\":\"https:\/\/puntodincontro.mx\/2022\/08\/12\/arriva-a-tlaxcala-lesposizione-linferno-di-dante-nei-fumetti\/#primaryimage\"},\"image\":{\"@id\":\"https:\/\/puntodincontro.mx\/2022\/08\/12\/arriva-a-tlaxcala-lesposizione-linferno-di-dante-nei-fumetti\/#primaryimage\"},\"thumbnailUrl\":\"https:\/\/puntodincontro.mx\/wp-content\/uploads\/2022\/08\/tlaxcaladantefumettivert.webp\",\"datePublished\":\"2022-08-12T15:55:18+00:00\",\"dateModified\":\"2022-08-12T15:55:19+00:00\",\"description\":\"Potr\u00e0 essere visitata fino al 6 ottobre la mostra \u201cL\u2019Inferno di Dante nei fumetti\u201d, presentata nella citt\u00e0 di Tlaxcala \u2014a circa 120 km dalla capitale messicana\u2014 dal Museo Miguel N. Lira e dall'Istituto Italiano di Cultura.\",\"breadcrumb\":{\"@id\":\"https:\/\/puntodincontro.mx\/2022\/08\/12\/arriva-a-tlaxcala-lesposizione-linferno-di-dante-nei-fumetti\/#breadcrumb\"},\"inLanguage\":\"es\",\"potentialAction\":[{\"@type\":\"ReadAction\",\"target\":[\"https:\/\/puntodincontro.mx\/2022\/08\/12\/arriva-a-tlaxcala-lesposizione-linferno-di-dante-nei-fumetti\/\"]}]},{\"@type\":\"ImageObject\",\"inLanguage\":\"es\",\"@id\":\"https:\/\/puntodincontro.mx\/2022\/08\/12\/arriva-a-tlaxcala-lesposizione-linferno-di-dante-nei-fumetti\/#primaryimage\",\"url\":\"https:\/\/puntodincontro.mx\/wp-content\/uploads\/2022\/08\/tlaxcaladantefumettivert.webp\",\"contentUrl\":\"https:\/\/puntodincontro.mx\/wp-content\/uploads\/2022\/08\/tlaxcaladantefumettivert.webp\",\"width\":423,\"height\":488,\"caption\":\"Arriva a Tlaxcala l'esposizione \u201cL\u2019Inferno di Dante nei fumetti\u201d\"},{\"@type\":\"BreadcrumbList\",\"@id\":\"https:\/\/puntodincontro.mx\/2022\/08\/12\/arriva-a-tlaxcala-lesposizione-linferno-di-dante-nei-fumetti\/#breadcrumb\",\"itemListElement\":[{\"@type\":\"ListItem\",\"position\":1,\"name\":\"Home\",\"item\":\"https:\/\/puntodincontro.mx\/\"},{\"@type\":\"ListItem\",\"position\":2,\"name\":\"Arriva a Tlaxcala l&#8217;esposizione \u201cL\u2019Inferno di Dante nei fumetti\u201d\"}]},{\"@type\":\"WebSite\",\"@id\":\"https:\/\/puntodincontro.mx\/#website\",\"url\":\"https:\/\/puntodincontro.mx\/\",\"name\":\"Puntodincontro\",\"description\":\"Dal 2006 notizie sui rapporti Italia-Messico \/ Desde 2006 noticias sobre las relaciones entre Italia y M\u00e9xico\",\"publisher\":{\"@id\":\"https:\/\/puntodincontro.mx\/#organization\"},\"potentialAction\":[{\"@type\":\"SearchAction\",\"target\":{\"@type\":\"EntryPoint\",\"urlTemplate\":\"https:\/\/puntodincontro.mx\/?s={search_term_string}\"},\"query-input\":{\"@type\":\"PropertyValueSpecification\",\"valueRequired\":true,\"valueName\":\"search_term_string\"}}],\"inLanguage\":\"es\"},{\"@type\":\"Organization\",\"@id\":\"https:\/\/puntodincontro.mx\/#organization\",\"name\":\"Puntodincontro\",\"url\":\"https:\/\/puntodincontro.mx\/\",\"logo\":{\"@type\":\"ImageObject\",\"inLanguage\":\"es\",\"@id\":\"https:\/\/puntodincontro.mx\/#\/schema\/logo\/image\/\",\"url\":\"https:\/\/puntodincontro.mx\/wp-content\/uploads\/2021\/08\/Default-image-for-open-graph-settings.jpg\",\"contentUrl\":\"https:\/\/puntodincontro.mx\/wp-content\/uploads\/2021\/08\/Default-image-for-open-graph-settings.jpg\",\"width\":1200,\"height\":630,\"caption\":\"Puntodincontro\"},\"image\":{\"@id\":\"https:\/\/puntodincontro.mx\/#\/schema\/logo\/image\/\"},\"sameAs\":[\"https:\/\/www.facebook.com\/puntodincontro.mx\",\"https:\/\/x.com\/puntodincontro\",\"https:\/\/www.instagram.com\/puntodincontro.mx\/\",\"https:\/\/www.linkedin.com\/company\/puntodincontro\/\",\"https:\/\/www.youtube.com\/c\/puntodincontromessico\",\"https:\/\/www.patreon.com\/puntodincontro\",\"https:\/\/www.threads.net\/@puntodincontro.mx\"]},{\"@type\":\"Person\",\"@id\":\"https:\/\/puntodincontro.mx\/#\/schema\/person\/d3066d18a16259cbb0c29b0d0e93b556\",\"name\":\"Puntodincontro\",\"image\":{\"@type\":\"ImageObject\",\"inLanguage\":\"es\",\"@id\":\"https:\/\/puntodincontro.mx\/#\/schema\/person\/image\/\",\"url\":\"https:\/\/secure.gravatar.com\/avatar\/0e85b4b3b5e9d6bfcec6a4956d8cc63a?s=96&d=mm&r=g\",\"contentUrl\":\"https:\/\/secure.gravatar.com\/avatar\/0e85b4b3b5e9d6bfcec6a4956d8cc63a?s=96&d=mm&r=g\",\"caption\":\"Puntodincontro\"},\"url\":\"https:\/\/puntodincontro.mx\/es\/author\/puntodincontro\/\"}]}<\/script>\n<!-- \/ Yoast SEO Premium plugin. -->","yoast_head_json":{"title":"Arriva a Tlaxcala l'esposizione \u201cL\u2019Inferno di Dante nei fumetti\u201d Puntodincontro","description":"Potr\u00e0 essere visitata fino al 6 ottobre la mostra \u201cL\u2019Inferno di Dante nei fumetti\u201d, presentata nella citt\u00e0 di Tlaxcala \u2014a circa 120 km dalla capitale messicana\u2014 dal Museo Miguel N. Lira e dall'Istituto Italiano di Cultura.","robots":{"index":"index","follow":"follow","max-snippet":"max-snippet:-1","max-image-preview":"max-image-preview:large","max-video-preview":"max-video-preview:-1"},"canonical":"https:\/\/puntodincontro.mx\/es\/2022\/08\/12\/llega-a-tlaxcala-la-exposicion-el-infierno-de-dante-en-los-comics\/","og_locale":"es_MX","og_type":"article","og_title":"Arriva a Tlaxcala l'esposizione \u201cL\u2019Inferno di Dante nei fumetti\u201d","og_description":"Potr\u00e0 essere visitata fino al 6 ottobre la mostra \u201cL\u2019Inferno di Dante nei fumetti\u201d, presentata nella citt\u00e0 di Tlaxcala \u2014a circa 120 km dalla capitale messicana\u2014 dal Museo Miguel N. Lira e dall'Istituto Italiano di Cultura.","og_url":"https:\/\/puntodincontro.mx\/es\/2022\/08\/12\/llega-a-tlaxcala-la-exposicion-el-infierno-de-dante-en-los-comics\/","og_site_name":"Puntodincontro","article_publisher":"https:\/\/www.facebook.com\/puntodincontro.mx","article_published_time":"2022-08-12T15:55:18+00:00","article_modified_time":"2022-08-12T15:55:19+00:00","og_image":[{"width":423,"height":488,"url":"https:\/\/puntodincontro.mx\/wp-content\/uploads\/2022\/08\/tlaxcaladantefumettivert.webp","type":"image\/webp"}],"author":"Puntodincontro","twitter_card":"summary_large_image","twitter_creator":"@puntodincontro","twitter_site":"@puntodincontro","twitter_misc":{"Escrito por":"Puntodincontro","Tiempo de lectura":"1 minuto"},"schema":{"@context":"https:\/\/schema.org","@graph":[{"@type":"NewsArticle","@id":"https:\/\/puntodincontro.mx\/2022\/08\/12\/arriva-a-tlaxcala-lesposizione-linferno-di-dante-nei-fumetti\/#article","isPartOf":{"@id":"https:\/\/puntodincontro.mx\/2022\/08\/12\/arriva-a-tlaxcala-lesposizione-linferno-di-dante-nei-fumetti\/"},"author":{"name":"Puntodincontro","@id":"https:\/\/puntodincontro.mx\/#\/schema\/person\/d3066d18a16259cbb0c29b0d0e93b556"},"headline":"Arriva a Tlaxcala l&#8217;esposizione \u201cL\u2019Inferno di Dante nei fumetti\u201d","datePublished":"2022-08-12T15:55:18+00:00","dateModified":"2022-08-12T15:55:19+00:00","mainEntityOfPage":{"@id":"https:\/\/puntodincontro.mx\/2022\/08\/12\/arriva-a-tlaxcala-lesposizione-linferno-di-dante-nei-fumetti\/"},"wordCount":246,"commentCount":0,"publisher":{"@id":"https:\/\/puntodincontro.mx\/#organization"},"image":{"@id":"https:\/\/puntodincontro.mx\/2022\/08\/12\/arriva-a-tlaxcala-lesposizione-linferno-di-dante-nei-fumetti\/#primaryimage"},"thumbnailUrl":"https:\/\/puntodincontro.mx\/wp-content\/uploads\/2022\/08\/tlaxcaladantefumettivert.webp","articleSection":["Italia in Messico"],"inLanguage":"es","potentialAction":[{"@type":"CommentAction","name":"Comment","target":["https:\/\/puntodincontro.mx\/2022\/08\/12\/arriva-a-tlaxcala-lesposizione-linferno-di-dante-nei-fumetti\/#respond"]}]},{"@type":"WebPage","@id":"https:\/\/puntodincontro.mx\/2022\/08\/12\/arriva-a-tlaxcala-lesposizione-linferno-di-dante-nei-fumetti\/","url":"https:\/\/puntodincontro.mx\/2022\/08\/12\/arriva-a-tlaxcala-lesposizione-linferno-di-dante-nei-fumetti\/","name":"Arriva a Tlaxcala l'esposizione \u201cL\u2019Inferno di Dante nei fumetti\u201d Puntodincontro","isPartOf":{"@id":"https:\/\/puntodincontro.mx\/#website"},"primaryImageOfPage":{"@id":"https:\/\/puntodincontro.mx\/2022\/08\/12\/arriva-a-tlaxcala-lesposizione-linferno-di-dante-nei-fumetti\/#primaryimage"},"image":{"@id":"https:\/\/puntodincontro.mx\/2022\/08\/12\/arriva-a-tlaxcala-lesposizione-linferno-di-dante-nei-fumetti\/#primaryimage"},"thumbnailUrl":"https:\/\/puntodincontro.mx\/wp-content\/uploads\/2022\/08\/tlaxcaladantefumettivert.webp","datePublished":"2022-08-12T15:55:18+00:00","dateModified":"2022-08-12T15:55:19+00:00","description":"Potr\u00e0 essere visitata fino al 6 ottobre la mostra \u201cL\u2019Inferno di Dante nei fumetti\u201d, presentata nella citt\u00e0 di Tlaxcala \u2014a circa 120 km dalla capitale messicana\u2014 dal Museo Miguel N. Lira e dall'Istituto Italiano di Cultura.","breadcrumb":{"@id":"https:\/\/puntodincontro.mx\/2022\/08\/12\/arriva-a-tlaxcala-lesposizione-linferno-di-dante-nei-fumetti\/#breadcrumb"},"inLanguage":"es","potentialAction":[{"@type":"ReadAction","target":["https:\/\/puntodincontro.mx\/2022\/08\/12\/arriva-a-tlaxcala-lesposizione-linferno-di-dante-nei-fumetti\/"]}]},{"@type":"ImageObject","inLanguage":"es","@id":"https:\/\/puntodincontro.mx\/2022\/08\/12\/arriva-a-tlaxcala-lesposizione-linferno-di-dante-nei-fumetti\/#primaryimage","url":"https:\/\/puntodincontro.mx\/wp-content\/uploads\/2022\/08\/tlaxcaladantefumettivert.webp","contentUrl":"https:\/\/puntodincontro.mx\/wp-content\/uploads\/2022\/08\/tlaxcaladantefumettivert.webp","width":423,"height":488,"caption":"Arriva a Tlaxcala l'esposizione \u201cL\u2019Inferno di Dante nei fumetti\u201d"},{"@type":"BreadcrumbList","@id":"https:\/\/puntodincontro.mx\/2022\/08\/12\/arriva-a-tlaxcala-lesposizione-linferno-di-dante-nei-fumetti\/#breadcrumb","itemListElement":[{"@type":"ListItem","position":1,"name":"Home","item":"https:\/\/puntodincontro.mx\/"},{"@type":"ListItem","position":2,"name":"Arriva a Tlaxcala l&#8217;esposizione \u201cL\u2019Inferno di Dante nei fumetti\u201d"}]},{"@type":"WebSite","@id":"https:\/\/puntodincontro.mx\/#website","url":"https:\/\/puntodincontro.mx\/","name":"Puntodincontro","description":"Desde el 2006 noticias sobre las relaciones entre Italia y M\u00e9xico \/ Dal 2006 notizie sui rapporti Italia-Messico","publisher":{"@id":"https:\/\/puntodincontro.mx\/#organization"},"potentialAction":[{"@type":"SearchAction","target":{"@type":"EntryPoint","urlTemplate":"https:\/\/puntodincontro.mx\/?s={search_term_string}"},"query-input":{"@type":"PropertyValueSpecification","valueRequired":true,"valueName":"search_term_string"}}],"inLanguage":"es"},{"@type":"Organization","@id":"https:\/\/puntodincontro.mx\/#organization","name":"Puntodincontro","url":"https:\/\/puntodincontro.mx\/","logo":{"@type":"ImageObject","inLanguage":"es","@id":"https:\/\/puntodincontro.mx\/#\/schema\/logo\/image\/","url":"https:\/\/puntodincontro.mx\/wp-content\/uploads\/2021\/08\/Default-image-for-open-graph-settings.jpg","contentUrl":"https:\/\/puntodincontro.mx\/wp-content\/uploads\/2021\/08\/Default-image-for-open-graph-settings.jpg","width":1200,"height":630,"caption":"Puntodincontro"},"image":{"@id":"https:\/\/puntodincontro.mx\/#\/schema\/logo\/image\/"},"sameAs":["https:\/\/www.facebook.com\/puntodincontro.mx","https:\/\/x.com\/puntodincontro","https:\/\/www.instagram.com\/puntodincontro.mx\/","https:\/\/www.linkedin.com\/company\/puntodincontro\/","https:\/\/www.youtube.com\/c\/puntodincontromessico","https:\/\/www.patreon.com\/puntodincontro","https:\/\/www.threads.net\/@puntodincontro.mx"]},{"@type":"Person","@id":"https:\/\/puntodincontro.mx\/#\/schema\/person\/d3066d18a16259cbb0c29b0d0e93b556","name":"Puntodincontro","image":{"@type":"ImageObject","inLanguage":"es","@id":"https:\/\/puntodincontro.mx\/#\/schema\/person\/image\/","url":"https:\/\/secure.gravatar.com\/avatar\/0e85b4b3b5e9d6bfcec6a4956d8cc63a?s=96&d=mm&r=g","contentUrl":"https:\/\/secure.gravatar.com\/avatar\/0e85b4b3b5e9d6bfcec6a4956d8cc63a?s=96&d=mm&r=g","caption":"Puntodincontro"},"url":"https:\/\/puntodincontro.mx\/es\/author\/puntodincontro\/"}]}},"_links":{"self":[{"href":"https:\/\/puntodincontro.mx\/es\/wp-json\/wp\/v2\/posts\/6853"}],"collection":[{"href":"https:\/\/puntodincontro.mx\/es\/wp-json\/wp\/v2\/posts"}],"about":[{"href":"https:\/\/puntodincontro.mx\/es\/wp-json\/wp\/v2\/types\/post"}],"author":[{"embeddable":true,"href":"https:\/\/puntodincontro.mx\/es\/wp-json\/wp\/v2\/users\/2"}],"replies":[{"embeddable":true,"href":"https:\/\/puntodincontro.mx\/es\/wp-json\/wp\/v2\/comments?post=6853"}],"version-history":[{"count":5,"href":"https:\/\/puntodincontro.mx\/es\/wp-json\/wp\/v2\/posts\/6853\/revisions"}],"predecessor-version":[{"id":6860,"href":"https:\/\/puntodincontro.mx\/es\/wp-json\/wp\/v2\/posts\/6853\/revisions\/6860"}],"wp:featuredmedia":[{"embeddable":true,"href":"https:\/\/puntodincontro.mx\/es\/wp-json\/wp\/v2\/media\/6857"}],"wp:attachment":[{"href":"https:\/\/puntodincontro.mx\/es\/wp-json\/wp\/v2\/media?parent=6853"}],"wp:term":[{"taxonomy":"category","embeddable":true,"href":"https:\/\/puntodincontro.mx\/es\/wp-json\/wp\/v2\/categories?post=6853"},{"taxonomy":"post_tag","embeddable":true,"href":"https:\/\/puntodincontro.mx\/es\/wp-json\/wp\/v2\/tags?post=6853"}],"curies":[{"name":"wp","href":"https:\/\/api.w.org\/{rel}","templated":true}]}}