{"id":7033,"date":"2022-08-22T07:45:33","date_gmt":"2022-08-22T12:45:33","guid":{"rendered":"https:\/\/puntodincontro.mx\/?p=7033"},"modified":"2022-08-22T07:45:35","modified_gmt":"2022-08-22T12:45:35","slug":"5-cintas-italianas-y-una-mexicana-en-la-muestra-de-venecia-2022","status":"publish","type":"post","link":"https:\/\/puntodincontro.mx\/es\/2022\/08\/22\/5-film-italiani-e-uno-messicano-in-concorso-alla-mostra-di-venezia-2022\/","title":{"rendered":"5 cintas italianas y una mexicana en concurso en Venecia 2022"},"content":{"rendered":"<p class=\"translation-block\"><strong>07:31 hrs.<\/strong> - La 79\u00aa edici\u00f3n del Festival Internacional de Cine de Venecia, que se celebrar\u00e1 como es habitual en el Lido de Venecia del 31 de agosto al 10 de septiembre de 2022, contar\u00e1 este a\u00f1o con cinco producciones del Bel Paese compitiendo por el Le\u00f3n de Oro y el regreso del director mexicano Alejandro Gonz\u00e1lez I\u00f1arritu.<\/p>\n\n\n\n<p class=\"translation-block\">Los italianos en competencia son <em>Il signore delle formiche<\/em> de Gianni Amelio con Luigi Lo Cascio, Elio Germano y Sara Serraiocco, reconstrucci\u00f3n del caso Braibanti, <em>L'immensit\u00e0<\/em> de Emanuele Crialese con Pen\u00e9lope Cruz, <em>Bones and All<\/em> de Luca Guadagnino que vuelve a dirigir a Timoth\u00e9e Chalamet con Taylor Russell para una pelicula de terror-rom\u00e1ntica basada en la hom\u00f3nima novela de Camille DeAngelis, <em>Chiara<\/em> de Susanna Nicchiarelli, nuevo retrato femenino de la directora sobre Santa Clara con Margherita Mazzucco de <em>L'amica geniale<\/em>, y <em>M\u00f3nica<\/em> de Andrea Pallaoro.<\/p>\n\n\n\n<p class=\"translation-block\">Una de las m\u00e1s esperadas de esta edici\u00f3n del Festival, <em>Bardo<\/em> (o <em>Falsa Cr\u00f3nica de Unas Cuantas Verdades<\/em>) \u2014de Gonz\u00e1lez I\u00f1\u00e1rritu\u2014 ha sido descrita como la pel\u00edcula m\u00e1s personal del <a href=\"https:\/\/puntodincontro.mx\/es\/2021\/10\/13\/mucho-mexico-en-el-calendario-lavazza-2022-i-can-change-the-world2\/\" target=\"_blank\" rel=\"noreferrer noopener\">realizador nacido en la Ciudad de M\u00e9xico en 1963<\/a>, uno de los tres \u00fanicos cineastas en la historia del s\u00e9ptimo arte en haber ganado consecutivamente el Oscar a Mejor Director, en 2015 y 2016, respectivamente por <em>Birdman<\/em> y <em>El Renacido<\/em>.<\/p>\n\n\n\n<p class=\"translation-block\">Entre los otros participantes, adem\u00e1s de la pel\u00edcula de apertura <em>White Noise<\/em> de Noah Baumbach, se encuentran <em>The Whale<\/em> de Darren Aronofsky, protagonizada por Brendan Fraser; <em>Blonde<\/em>, de Andrew Dominik, una pel\u00edcula acerca de Marilyn Monroe con Ana de Armas; <em>T\u00e1r<\/em> de Todd Field, protagonizada por Cate Blanchett en el papel de una directora de orquesta; <em>The Eternal Daughter<\/em> de Joanna Hogg, protagonizada por Tilda Swinton; <em>The Banshees of Inisherin<\/em> de Martin McDonagh, protagonizada por Colin Farrell y Brendan Gleeson; <em>No Bears<\/em> del director iran\u00ed Jafar Panahi, recientemente condenado a seis a\u00f1os de prisi\u00f3n en su pa\u00eds y que rod\u00f3 su \u00faltimo trabajo en clandestinidad; <em>The Son<\/em> de Florian Zeller, una nueva pel\u00edcula del director de <em>The Father<\/em> protagonizada por Hugh Jackman, Laura Dern y Vanessa Kirby y <em>A Couple<\/em> de Frederick Wiseman, primera pel\u00edcula de ficci\u00f3n del gran documentalista estadounidense realizada en Francia, donde el director estuvo varado durante dos a\u00f1os durante la pandemia.<\/p>\n\n\n\n<div style=\"height:12px\" aria-hidden=\"true\" class=\"wp-block-spacer\"><\/div>\n\n\n<!-- Ad space powered by WP AdCenter v2.5.7 - https:\/\/wpadcenter.com\/ --><div class=\"wpadcenter-adgroup\" ><div class=\"wpadcenter-adgroup__row wpadcenter-aligncenter\"><div class=\"wpadcenter-ad-container\" ><div id=\"wpadcenter-ad-18464\" class=\"ad-placement\"><div class=\"wpadcenter-ad-inner\" ><a id=\"wpadcenter_ad\" data-value=\"18464\" data-placement=\"\" href=\"https:\/\/www.productosremo.com\/\" target=\"_blank\" class=\"wpadcenter-ad-inner__item\" ><img decoding=\"async\"   src=\"https:\/\/puntodincontro.mx\/wp-content\/uploads\/2021\/08\/remobanner.jpg\" class=\"attachment-post-thumbnail size-post-thumbnail wp-post-image\" alt=\"\" srcset=\"https:\/\/puntodincontro.mx\/wp-content\/uploads\/2021\/08\/remobanner.jpg 200w, https:\/\/puntodincontro.mx\/wp-content\/uploads\/2021\/08\/remobanner-16x5.jpg 16w\" sizes=\"(max-width: 200px) 100vw, 200px\" \/><\/a><\/div><\/div><\/div><div class=\"wpadcenter-ad-container\" ><div id=\"wpadcenter-ad-5305\" class=\"ad-placement\"><div class=\"wpadcenter-ad-inner\" ><a id=\"wpadcenter_ad\" data-value=\"5305\" data-placement=\"\" href=\"https:\/\/ambcittadelmessico.esteri.it\/ambasciata_cittadelmessico\/it\/\" target=\"_blank\" class=\"wpadcenter-ad-inner__item\" ><img decoding=\"async\"   src=\"https:\/\/puntodincontro.mx\/wp-content\/uploads\/2022\/05\/Ambasciata.jpg\" class=\"attachment-post-thumbnail size-post-thumbnail wp-post-image\" alt=\"\" srcset=\"https:\/\/puntodincontro.mx\/wp-content\/uploads\/2022\/05\/Ambasciata.jpg 200w, https:\/\/puntodincontro.mx\/wp-content\/uploads\/2022\/05\/Ambasciata-18x5.jpg 18w\" sizes=\"(max-width: 200px) 100vw, 200px\" \/><\/a><\/div><\/div><\/div><div class=\"wpadcenter-ad-container\" ><div id=\"wpadcenter-ad-3781\" class=\"ad-placement\"><div class=\"wpadcenter-ad-inner\" ><a id=\"wpadcenter_ad\" data-value=\"3781\" data-placement=\"\" href=\"https:\/\/cannizzo.com.mx\/\" target=\"_blank\" class=\"wpadcenter-ad-inner__item\" ><img decoding=\"async\"   src=\"https:\/\/puntodincontro.mx\/wp-content\/uploads\/2022\/03\/cannizzo2.jpg\" class=\"attachment-post-thumbnail size-post-thumbnail wp-post-image\" alt=\"\" srcset=\"https:\/\/puntodincontro.mx\/wp-content\/uploads\/2022\/03\/cannizzo2.jpg 200w, https:\/\/puntodincontro.mx\/wp-content\/uploads\/2022\/03\/cannizzo2-18x5.jpg 18w\" sizes=\"(max-width: 200px) 100vw, 200px\" \/><\/a><\/div><\/div><\/div><\/div><div class=\"wpadcenter-adgroup__row wpadcenter-aligncenter\"><div class=\"wpadcenter-ad-container\" ><div id=\"wpadcenter-ad-1704\" class=\"ad-placement\"><div class=\"wpadcenter-ad-inner\" ><a id=\"wpadcenter_ad\" data-value=\"1704\" data-placement=\"\" href=\"https:\/\/puntodincontro.mx\/es\/2021\/12\/24\/inps-verificacion-de-supervivencia-de-los-pensionados-en-el-extranjero\/\" target=\"_blank\" class=\"wpadcenter-ad-inner__item\" ><img decoding=\"async\"   src=\"https:\/\/puntodincontro.mx\/wp-content\/uploads\/2021\/11\/logo-ital.jpg\" class=\"attachment-post-thumbnail size-post-thumbnail wp-post-image\" alt=\"Patronato ITAL Messico\" srcset=\"https:\/\/puntodincontro.mx\/wp-content\/uploads\/2021\/11\/logo-ital.jpg 200w, https:\/\/puntodincontro.mx\/wp-content\/uploads\/2021\/11\/logo-ital-16x5.jpg 16w\" sizes=\"(max-width: 200px) 100vw, 200px\" \/><\/a><\/div><\/div><\/div><div class=\"wpadcenter-ad-container\" ><div id=\"wpadcenter-ad-1538\" class=\"ad-placement\"><div class=\"wpadcenter-ad-inner\" ><a id=\"wpadcenter_ad\" data-value=\"1538\" data-placement=\"\" href=\"https:\/\/asociacionitaliana.org\/\" target=\"_blank\" class=\"wpadcenter-ad-inner__item\" ><img decoding=\"async\"   src=\"https:\/\/puntodincontro.mx\/wp-content\/uploads\/2021\/11\/aialogo.jpg\" class=\"attachment-post-thumbnail size-post-thumbnail wp-post-image\" alt=\"Associazione Italiana di Assistenza IAP\" srcset=\"https:\/\/puntodincontro.mx\/wp-content\/uploads\/2021\/11\/aialogo.jpg 200w, https:\/\/puntodincontro.mx\/wp-content\/uploads\/2021\/11\/aialogo-18x5.jpg 18w\" sizes=\"(max-width: 200px) 100vw, 200px\" \/><\/a><\/div><\/div><\/div><div class=\"wpadcenter-ad-container\" ><div id=\"wpadcenter-ad-1513\" class=\"ad-placement\"><div class=\"wpadcenter-ad-inner\" ><a id=\"wpadcenter_ad\" data-value=\"1513\" data-placement=\"\" href=\"https:\/\/gcinmuebles.mx\" target=\"_blank\" class=\"wpadcenter-ad-inner__item\" ><img decoding=\"async\"   src=\"https:\/\/puntodincontro.mx\/wp-content\/uploads\/2021\/10\/gcinmuebleslogopunto-1.jpg\" class=\"attachment-post-thumbnail size-post-thumbnail wp-post-image\" alt=\"\" srcset=\"https:\/\/puntodincontro.mx\/wp-content\/uploads\/2021\/10\/gcinmuebleslogopunto-1.jpg 200w, https:\/\/puntodincontro.mx\/wp-content\/uploads\/2021\/10\/gcinmuebleslogopunto-1-18x5.jpg 18w\" sizes=\"(max-width: 200px) 100vw, 200px\" \/><\/a><\/div><\/div><\/div><\/div><div class=\"wpadcenter-adgroup__row wpadcenter-aligncenter\"><div class=\"wpadcenter-ad-container\" ><div id=\"wpadcenter-ad-1374\" class=\"ad-placement\"><div class=\"wpadcenter-ad-inner\" ><a id=\"wpadcenter_ad\" data-value=\"1374\" data-placement=\"\" href=\"https:\/\/www.9colonne.it\/\" target=\"_blank\" class=\"wpadcenter-ad-inner__item\" ><img decoding=\"async\"   src=\"https:\/\/puntodincontro.mx\/wp-content\/uploads\/2021\/10\/Banner9colonne.gif\" class=\"attachment-post-thumbnail size-post-thumbnail wp-post-image\" alt=\"\" \/><\/a><\/div><\/div><\/div><div class=\"wpadcenter-ad-container\" ><div id=\"wpadcenter-ad-276\" class=\"ad-placement\"><div class=\"wpadcenter-ad-inner\" ><a id=\"wpadcenter_ad\" data-value=\"276\" data-placement=\"\" href=\"http:\/\/www.camaraitaliana.mx\/\" target=\"_blank\" class=\"wpadcenter-ad-inner__item\" ><img decoding=\"async\"   src=\"https:\/\/puntodincontro.mx\/wp-content\/uploads\/2021\/08\/ccimnuovo.jpg\" class=\"attachment-post-thumbnail size-post-thumbnail wp-post-image\" alt=\"\" srcset=\"https:\/\/puntodincontro.mx\/wp-content\/uploads\/2021\/08\/ccimnuovo.jpg 200w, https:\/\/puntodincontro.mx\/wp-content\/uploads\/2021\/08\/ccimnuovo-18x5.jpg 18w\" sizes=\"(max-width: 200px) 100vw, 200px\" \/><\/a><\/div><\/div><\/div><div class=\"wpadcenter-ad-container\" ><div id=\"wpadcenter-ad-272\" class=\"ad-placement\"><div class=\"wpadcenter-ad-inner\" ><a id=\"wpadcenter_ad\" data-value=\"272\" data-placement=\"\" href=\"http:\/\/corix.us\/\" target=\"_blank\" class=\"wpadcenter-ad-inner__item\" ><img decoding=\"async\"   src=\"https:\/\/puntodincontro.mx\/wp-content\/uploads\/2021\/08\/corixbanner-1.jpg\" class=\"attachment-post-thumbnail size-post-thumbnail wp-post-image\" alt=\"\" srcset=\"https:\/\/puntodincontro.mx\/wp-content\/uploads\/2021\/08\/corixbanner-1.jpg 200w, https:\/\/puntodincontro.mx\/wp-content\/uploads\/2021\/08\/corixbanner-1-16x5.jpg 16w\" sizes=\"(max-width: 200px) 100vw, 200px\" \/><\/a><\/div><\/div><\/div><\/div><div class=\"wpadcenter-adgroup__row wpadcenter-aligncenter\"><div class=\"wpadcenter-ad-container\" ><div id=\"wpadcenter-ad-266\" class=\"ad-placement\"><div class=\"wpadcenter-ad-inner\" ><a id=\"wpadcenter_ad\" data-value=\"266\" data-placement=\"\" href=\"https:\/\/www.prinsel.com.mx\/\" target=\"_blank\" class=\"wpadcenter-ad-inner__item\" ><img decoding=\"async\"   src=\"https:\/\/puntodincontro.mx\/wp-content\/uploads\/2021\/08\/prinselbanner-1.jpg\" class=\"attachment-post-thumbnail size-post-thumbnail wp-post-image\" alt=\"\" srcset=\"https:\/\/puntodincontro.mx\/wp-content\/uploads\/2021\/08\/prinselbanner-1.jpg 200w, https:\/\/puntodincontro.mx\/wp-content\/uploads\/2021\/08\/prinselbanner-1-16x5.jpg 16w\" sizes=\"(max-width: 200px) 100vw, 200px\" \/><\/a><\/div><\/div><\/div><div class=\"wpadcenter-ad-container\" ><div id=\"wpadcenter-ad-261\" class=\"ad-placement\"><div class=\"wpadcenter-ad-inner\" ><a id=\"wpadcenter_ad\" data-value=\"261\" data-placement=\"\" href=\"https:\/\/faitalia.com.mx\/\" target=\"_blank\" class=\"wpadcenter-ad-inner__item\" ><img decoding=\"async\"   src=\"https:\/\/puntodincontro.mx\/wp-content\/uploads\/2021\/08\/gruppodino.jpg\" class=\"attachment-post-thumbnail size-post-thumbnail wp-post-image\" alt=\"\" srcset=\"https:\/\/puntodincontro.mx\/wp-content\/uploads\/2021\/08\/gruppodino.jpg 200w, https:\/\/puntodincontro.mx\/wp-content\/uploads\/2021\/08\/gruppodino-18x5.jpg 18w\" sizes=\"(max-width: 200px) 100vw, 200px\" \/><\/a><\/div><\/div><\/div><\/div><\/div>\n\n\n<div style=\"height:12px\" aria-hidden=\"true\" class=\"wp-block-spacer\"><\/div>","protected":false},"excerpt":{"rendered":"<p>Ore 07.31 &#8211; La 79esima Mostra Internazionale d\u2019Arte Cinematografica, che si terr\u00e0 come di consueto al Lido di Venezia dal 31 agosto al 10 settembre 2022, vedr\u00e0 quest&#8217;anno in lizza per il Leone d&#8217;oro cinque produzioni del Bel Paese e il ritorno del regista messicano Alejandro Gonz\u00e1lez In\u00e1rritu. Gli italiani in concorso sono Il signore delle formiche di Gianni Amelio con Luigi Lo Cascio, Elio Germano e Sara Serraiocco, ricostruzione del caso Braibanti, L\u2019immensit\u00e0 di Emanuele Crialese con Pen\u00e9lope Cruz, Bones and All di Luca Guadagnino che torna a dirigere Timoth\u00e9e Chalamet accanto a Taylor Russell per un cannibal movie&#8230; <\/p>","protected":false},"author":2,"featured_media":7035,"comment_status":"open","ping_status":"open","sticky":false,"template":"","format":"standard","meta":{"_monsterinsights_skip_tracking":false,"_monsterinsights_sitenote_active":false,"_monsterinsights_sitenote_note":"","_monsterinsights_sitenote_category":0,"footnotes":""},"categories":[25],"tags":[],"class_list":["post-7033","post","type-post","status-publish","format-standard","has-post-thumbnail","hentry","category-cultura"],"yoast_head":"<!-- This site is optimized with the Yoast SEO Premium plugin v18.4 (Yoast SEO v25.6) - https:\/\/yoast.com\/wordpress\/plugins\/seo\/ -->\n<title>Italia e Messico alla Mostra di Venezia 2022<\/title>\n<meta name=\"description\" content=\"La 79esima Mostra Internazionale d\u2019Arte Cinematografica, che si terr\u00e0 come di consueto al Lido di Venezia dal 31 agosto al 10 settembre 2022, vedr\u00e0 quest&#039;anno in lizza per il Leone d&#039;oro cinque produzioni del Bel Paese e il ritorno del regista messicano Alejandro Gonz\u00e1lez In\u00e1rritu.\" \/>\n<meta name=\"robots\" content=\"index, follow, max-snippet:-1, max-image-preview:large, max-video-preview:-1\" \/>\n<link rel=\"canonical\" href=\"https:\/\/puntodincontro.mx\/es\/2022\/08\/22\/5-cintas-italianas-y-una-mexicana-en-la-muestra-de-venecia-2022\/\" \/>\n<meta property=\"og:locale\" content=\"es_MX\" \/>\n<meta property=\"og:type\" content=\"article\" \/>\n<meta property=\"og:title\" content=\"5 film italiani e uno messicano in concorso alla Mostra di Venezia 2022\" \/>\n<meta property=\"og:description\" content=\"La 79esima Mostra Internazionale d\u2019Arte Cinematografica, che si terr\u00e0 come di consueto al Lido di Venezia dal 31 agosto al 10 settembre 2022, vedr\u00e0 quest&#039;anno in lizza per il Leone d&#039;oro cinque produzioni del Bel Paese e il ritorno del regista messicano Alejandro Gonz\u00e1lez In\u00e1rritu.\" \/>\n<meta property=\"og:url\" content=\"https:\/\/puntodincontro.mx\/es\/2022\/08\/22\/5-cintas-italianas-y-una-mexicana-en-la-muestra-de-venecia-2022\/\" \/>\n<meta property=\"og:site_name\" content=\"Puntodincontro\" \/>\n<meta property=\"article:publisher\" content=\"https:\/\/www.facebook.com\/puntodincontro.mx\" \/>\n<meta property=\"article:published_time\" content=\"2022-08-22T12:45:33+00:00\" \/>\n<meta property=\"article:modified_time\" content=\"2022-08-22T12:45:35+00:00\" \/>\n<meta property=\"og:image\" content=\"https:\/\/puntodincontro.mx\/wp-content\/uploads\/2022\/08\/mostravenezia2022vert.jpg\" \/>\n\t<meta property=\"og:image:width\" content=\"423\" \/>\n\t<meta property=\"og:image:height\" content=\"488\" \/>\n\t<meta property=\"og:image:type\" content=\"image\/jpeg\" \/>\n<meta name=\"author\" content=\"Puntodincontro\" \/>\n<meta name=\"twitter:card\" content=\"summary_large_image\" \/>\n<meta name=\"twitter:creator\" content=\"@puntodincontro\" \/>\n<meta name=\"twitter:site\" content=\"@puntodincontro\" \/>\n<meta name=\"twitter:label1\" content=\"Escrito por\" \/>\n\t<meta name=\"twitter:data1\" content=\"Puntodincontro\" \/>\n\t<meta name=\"twitter:label2\" content=\"Tiempo de lectura\" \/>\n\t<meta name=\"twitter:data2\" content=\"2 minutos\" \/>\n<script type=\"application\/ld+json\" class=\"yoast-schema-graph\">{\"@context\":\"https:\/\/schema.org\",\"@graph\":[{\"@type\":\"NewsArticle\",\"@id\":\"https:\/\/puntodincontro.mx\/2022\/08\/22\/5-film-italiani-e-uno-messicano-in-concorso-alla-mostra-di-venezia-2022\/#article\",\"isPartOf\":{\"@id\":\"https:\/\/puntodincontro.mx\/2022\/08\/22\/5-film-italiani-e-uno-messicano-in-concorso-alla-mostra-di-venezia-2022\/\"},\"author\":{\"name\":\"Puntodincontro\",\"@id\":\"https:\/\/puntodincontro.mx\/#\/schema\/person\/d3066d18a16259cbb0c29b0d0e93b556\"},\"headline\":\"5 film italiani e uno messicano in concorso alla Mostra di Venezia 2022\",\"datePublished\":\"2022-08-22T12:45:33+00:00\",\"dateModified\":\"2022-08-22T12:45:35+00:00\",\"mainEntityOfPage\":{\"@id\":\"https:\/\/puntodincontro.mx\/2022\/08\/22\/5-film-italiani-e-uno-messicano-in-concorso-alla-mostra-di-venezia-2022\/\"},\"wordCount\":358,\"commentCount\":1,\"publisher\":{\"@id\":\"https:\/\/puntodincontro.mx\/#organization\"},\"image\":{\"@id\":\"https:\/\/puntodincontro.mx\/2022\/08\/22\/5-film-italiani-e-uno-messicano-in-concorso-alla-mostra-di-venezia-2022\/#primaryimage\"},\"thumbnailUrl\":\"https:\/\/puntodincontro.mx\/wp-content\/uploads\/2022\/08\/mostravenezia2022vert.jpg\",\"articleSection\":[\"Cultura\"],\"inLanguage\":\"es\",\"potentialAction\":[{\"@type\":\"CommentAction\",\"name\":\"Comment\",\"target\":[\"https:\/\/puntodincontro.mx\/2022\/08\/22\/5-film-italiani-e-uno-messicano-in-concorso-alla-mostra-di-venezia-2022\/#respond\"]}]},{\"@type\":\"WebPage\",\"@id\":\"https:\/\/puntodincontro.mx\/2022\/08\/22\/5-film-italiani-e-uno-messicano-in-concorso-alla-mostra-di-venezia-2022\/\",\"url\":\"https:\/\/puntodincontro.mx\/2022\/08\/22\/5-film-italiani-e-uno-messicano-in-concorso-alla-mostra-di-venezia-2022\/\",\"name\":\"Italia e Messico alla Mostra di Venezia 2022\",\"isPartOf\":{\"@id\":\"https:\/\/puntodincontro.mx\/#website\"},\"primaryImageOfPage\":{\"@id\":\"https:\/\/puntodincontro.mx\/2022\/08\/22\/5-film-italiani-e-uno-messicano-in-concorso-alla-mostra-di-venezia-2022\/#primaryimage\"},\"image\":{\"@id\":\"https:\/\/puntodincontro.mx\/2022\/08\/22\/5-film-italiani-e-uno-messicano-in-concorso-alla-mostra-di-venezia-2022\/#primaryimage\"},\"thumbnailUrl\":\"https:\/\/puntodincontro.mx\/wp-content\/uploads\/2022\/08\/mostravenezia2022vert.jpg\",\"datePublished\":\"2022-08-22T12:45:33+00:00\",\"dateModified\":\"2022-08-22T12:45:35+00:00\",\"description\":\"La 79esima Mostra Internazionale d\u2019Arte Cinematografica, che si terr\u00e0 come di consueto al Lido di Venezia dal 31 agosto al 10 settembre 2022, vedr\u00e0 quest'anno in lizza per il Leone d'oro cinque produzioni del Bel Paese e il ritorno del regista messicano Alejandro Gonz\u00e1lez In\u00e1rritu.\",\"breadcrumb\":{\"@id\":\"https:\/\/puntodincontro.mx\/2022\/08\/22\/5-film-italiani-e-uno-messicano-in-concorso-alla-mostra-di-venezia-2022\/#breadcrumb\"},\"inLanguage\":\"es\",\"potentialAction\":[{\"@type\":\"ReadAction\",\"target\":[\"https:\/\/puntodincontro.mx\/2022\/08\/22\/5-film-italiani-e-uno-messicano-in-concorso-alla-mostra-di-venezia-2022\/\"]}]},{\"@type\":\"ImageObject\",\"inLanguage\":\"es\",\"@id\":\"https:\/\/puntodincontro.mx\/2022\/08\/22\/5-film-italiani-e-uno-messicano-in-concorso-alla-mostra-di-venezia-2022\/#primaryimage\",\"url\":\"https:\/\/puntodincontro.mx\/wp-content\/uploads\/2022\/08\/mostravenezia2022vert.jpg\",\"contentUrl\":\"https:\/\/puntodincontro.mx\/wp-content\/uploads\/2022\/08\/mostravenezia2022vert.jpg\",\"width\":423,\"height\":488,\"caption\":\"5 film italiani e uno messicano in concorso alla Mostra di Venezia 2022\"},{\"@type\":\"BreadcrumbList\",\"@id\":\"https:\/\/puntodincontro.mx\/2022\/08\/22\/5-film-italiani-e-uno-messicano-in-concorso-alla-mostra-di-venezia-2022\/#breadcrumb\",\"itemListElement\":[{\"@type\":\"ListItem\",\"position\":1,\"name\":\"Home\",\"item\":\"https:\/\/puntodincontro.mx\/\"},{\"@type\":\"ListItem\",\"position\":2,\"name\":\"5 film italiani e uno messicano in concorso alla Mostra di Venezia 2022\"}]},{\"@type\":\"WebSite\",\"@id\":\"https:\/\/puntodincontro.mx\/#website\",\"url\":\"https:\/\/puntodincontro.mx\/\",\"name\":\"Puntodincontro\",\"description\":\"Dal 2006 notizie sui rapporti Italia-Messico \/ Desde 2006 noticias sobre las relaciones entre Italia y M\u00e9xico\",\"publisher\":{\"@id\":\"https:\/\/puntodincontro.mx\/#organization\"},\"potentialAction\":[{\"@type\":\"SearchAction\",\"target\":{\"@type\":\"EntryPoint\",\"urlTemplate\":\"https:\/\/puntodincontro.mx\/?s={search_term_string}\"},\"query-input\":{\"@type\":\"PropertyValueSpecification\",\"valueRequired\":true,\"valueName\":\"search_term_string\"}}],\"inLanguage\":\"es\"},{\"@type\":\"Organization\",\"@id\":\"https:\/\/puntodincontro.mx\/#organization\",\"name\":\"Puntodincontro\",\"url\":\"https:\/\/puntodincontro.mx\/\",\"logo\":{\"@type\":\"ImageObject\",\"inLanguage\":\"es\",\"@id\":\"https:\/\/puntodincontro.mx\/#\/schema\/logo\/image\/\",\"url\":\"https:\/\/puntodincontro.mx\/wp-content\/uploads\/2021\/08\/Default-image-for-open-graph-settings.jpg\",\"contentUrl\":\"https:\/\/puntodincontro.mx\/wp-content\/uploads\/2021\/08\/Default-image-for-open-graph-settings.jpg\",\"width\":1200,\"height\":630,\"caption\":\"Puntodincontro\"},\"image\":{\"@id\":\"https:\/\/puntodincontro.mx\/#\/schema\/logo\/image\/\"},\"sameAs\":[\"https:\/\/www.facebook.com\/puntodincontro.mx\",\"https:\/\/x.com\/puntodincontro\",\"https:\/\/www.instagram.com\/puntodincontro.mx\/\",\"https:\/\/www.linkedin.com\/company\/puntodincontro\/\",\"https:\/\/www.youtube.com\/c\/puntodincontromessico\",\"https:\/\/www.patreon.com\/puntodincontro\",\"https:\/\/www.threads.net\/@puntodincontro.mx\"]},{\"@type\":\"Person\",\"@id\":\"https:\/\/puntodincontro.mx\/#\/schema\/person\/d3066d18a16259cbb0c29b0d0e93b556\",\"name\":\"Puntodincontro\",\"image\":{\"@type\":\"ImageObject\",\"inLanguage\":\"es\",\"@id\":\"https:\/\/puntodincontro.mx\/#\/schema\/person\/image\/\",\"url\":\"https:\/\/secure.gravatar.com\/avatar\/0e85b4b3b5e9d6bfcec6a4956d8cc63a?s=96&d=mm&r=g\",\"contentUrl\":\"https:\/\/secure.gravatar.com\/avatar\/0e85b4b3b5e9d6bfcec6a4956d8cc63a?s=96&d=mm&r=g\",\"caption\":\"Puntodincontro\"},\"url\":\"https:\/\/puntodincontro.mx\/es\/author\/puntodincontro\/\"}]}<\/script>\n<!-- \/ Yoast SEO Premium plugin. -->","yoast_head_json":{"title":"Italia y M\u00e9xico en la Muestra de Venecia 2022","description":"La 79esima Mostra Internazionale d\u2019Arte Cinematografica, che si terr\u00e0 come di consueto al Lido di Venezia dal 31 agosto al 10 settembre 2022, vedr\u00e0 quest'anno in lizza per il Leone d'oro cinque produzioni del Bel Paese e il ritorno del regista messicano Alejandro Gonz\u00e1lez In\u00e1rritu.","robots":{"index":"index","follow":"follow","max-snippet":"max-snippet:-1","max-image-preview":"max-image-preview:large","max-video-preview":"max-video-preview:-1"},"canonical":"https:\/\/puntodincontro.mx\/es\/2022\/08\/22\/5-cintas-italianas-y-una-mexicana-en-la-muestra-de-venecia-2022\/","og_locale":"es_MX","og_type":"article","og_title":"5 film italiani e uno messicano in concorso alla Mostra di Venezia 2022","og_description":"La 79esima Mostra Internazionale d\u2019Arte Cinematografica, che si terr\u00e0 come di consueto al Lido di Venezia dal 31 agosto al 10 settembre 2022, vedr\u00e0 quest'anno in lizza per il Leone d'oro cinque produzioni del Bel Paese e il ritorno del regista messicano Alejandro Gonz\u00e1lez In\u00e1rritu.","og_url":"https:\/\/puntodincontro.mx\/es\/2022\/08\/22\/5-cintas-italianas-y-una-mexicana-en-la-muestra-de-venecia-2022\/","og_site_name":"Puntodincontro","article_publisher":"https:\/\/www.facebook.com\/puntodincontro.mx","article_published_time":"2022-08-22T12:45:33+00:00","article_modified_time":"2022-08-22T12:45:35+00:00","og_image":[{"width":423,"height":488,"url":"https:\/\/puntodincontro.mx\/wp-content\/uploads\/2022\/08\/mostravenezia2022vert.jpg","type":"image\/jpeg"}],"author":"Puntodincontro","twitter_card":"summary_large_image","twitter_creator":"@puntodincontro","twitter_site":"@puntodincontro","twitter_misc":{"Escrito por":"Puntodincontro","Tiempo de lectura":"2 minutos"},"schema":{"@context":"https:\/\/schema.org","@graph":[{"@type":"NewsArticle","@id":"https:\/\/puntodincontro.mx\/2022\/08\/22\/5-film-italiani-e-uno-messicano-in-concorso-alla-mostra-di-venezia-2022\/#article","isPartOf":{"@id":"https:\/\/puntodincontro.mx\/2022\/08\/22\/5-film-italiani-e-uno-messicano-in-concorso-alla-mostra-di-venezia-2022\/"},"author":{"name":"Puntodincontro","@id":"https:\/\/puntodincontro.mx\/#\/schema\/person\/d3066d18a16259cbb0c29b0d0e93b556"},"headline":"5 film italiani e uno messicano in concorso alla Mostra di Venezia 2022","datePublished":"2022-08-22T12:45:33+00:00","dateModified":"2022-08-22T12:45:35+00:00","mainEntityOfPage":{"@id":"https:\/\/puntodincontro.mx\/2022\/08\/22\/5-film-italiani-e-uno-messicano-in-concorso-alla-mostra-di-venezia-2022\/"},"wordCount":358,"commentCount":1,"publisher":{"@id":"https:\/\/puntodincontro.mx\/#organization"},"image":{"@id":"https:\/\/puntodincontro.mx\/2022\/08\/22\/5-film-italiani-e-uno-messicano-in-concorso-alla-mostra-di-venezia-2022\/#primaryimage"},"thumbnailUrl":"https:\/\/puntodincontro.mx\/wp-content\/uploads\/2022\/08\/mostravenezia2022vert.jpg","articleSection":["Cultura"],"inLanguage":"es","potentialAction":[{"@type":"CommentAction","name":"Comment","target":["https:\/\/puntodincontro.mx\/2022\/08\/22\/5-film-italiani-e-uno-messicano-in-concorso-alla-mostra-di-venezia-2022\/#respond"]}]},{"@type":"WebPage","@id":"https:\/\/puntodincontro.mx\/2022\/08\/22\/5-film-italiani-e-uno-messicano-in-concorso-alla-mostra-di-venezia-2022\/","url":"https:\/\/puntodincontro.mx\/2022\/08\/22\/5-film-italiani-e-uno-messicano-in-concorso-alla-mostra-di-venezia-2022\/","name":"Italia y M\u00e9xico en la Muestra de Venecia 2022","isPartOf":{"@id":"https:\/\/puntodincontro.mx\/#website"},"primaryImageOfPage":{"@id":"https:\/\/puntodincontro.mx\/2022\/08\/22\/5-film-italiani-e-uno-messicano-in-concorso-alla-mostra-di-venezia-2022\/#primaryimage"},"image":{"@id":"https:\/\/puntodincontro.mx\/2022\/08\/22\/5-film-italiani-e-uno-messicano-in-concorso-alla-mostra-di-venezia-2022\/#primaryimage"},"thumbnailUrl":"https:\/\/puntodincontro.mx\/wp-content\/uploads\/2022\/08\/mostravenezia2022vert.jpg","datePublished":"2022-08-22T12:45:33+00:00","dateModified":"2022-08-22T12:45:35+00:00","description":"La 79esima Mostra Internazionale d\u2019Arte Cinematografica, che si terr\u00e0 come di consueto al Lido di Venezia dal 31 agosto al 10 settembre 2022, vedr\u00e0 quest'anno in lizza per il Leone d'oro cinque produzioni del Bel Paese e il ritorno del regista messicano Alejandro Gonz\u00e1lez In\u00e1rritu.","breadcrumb":{"@id":"https:\/\/puntodincontro.mx\/2022\/08\/22\/5-film-italiani-e-uno-messicano-in-concorso-alla-mostra-di-venezia-2022\/#breadcrumb"},"inLanguage":"es","potentialAction":[{"@type":"ReadAction","target":["https:\/\/puntodincontro.mx\/2022\/08\/22\/5-film-italiani-e-uno-messicano-in-concorso-alla-mostra-di-venezia-2022\/"]}]},{"@type":"ImageObject","inLanguage":"es","@id":"https:\/\/puntodincontro.mx\/2022\/08\/22\/5-film-italiani-e-uno-messicano-in-concorso-alla-mostra-di-venezia-2022\/#primaryimage","url":"https:\/\/puntodincontro.mx\/wp-content\/uploads\/2022\/08\/mostravenezia2022vert.jpg","contentUrl":"https:\/\/puntodincontro.mx\/wp-content\/uploads\/2022\/08\/mostravenezia2022vert.jpg","width":423,"height":488,"caption":"5 film italiani e uno messicano in concorso alla Mostra di Venezia 2022"},{"@type":"BreadcrumbList","@id":"https:\/\/puntodincontro.mx\/2022\/08\/22\/5-film-italiani-e-uno-messicano-in-concorso-alla-mostra-di-venezia-2022\/#breadcrumb","itemListElement":[{"@type":"ListItem","position":1,"name":"Home","item":"https:\/\/puntodincontro.mx\/"},{"@type":"ListItem","position":2,"name":"5 film italiani e uno messicano in concorso alla Mostra di Venezia 2022"}]},{"@type":"WebSite","@id":"https:\/\/puntodincontro.mx\/#website","url":"https:\/\/puntodincontro.mx\/","name":"Puntodincontro","description":"Desde el 2006 noticias sobre las relaciones entre Italia y M\u00e9xico \/ Dal 2006 notizie sui rapporti Italia-Messico","publisher":{"@id":"https:\/\/puntodincontro.mx\/#organization"},"potentialAction":[{"@type":"SearchAction","target":{"@type":"EntryPoint","urlTemplate":"https:\/\/puntodincontro.mx\/?s={search_term_string}"},"query-input":{"@type":"PropertyValueSpecification","valueRequired":true,"valueName":"search_term_string"}}],"inLanguage":"es"},{"@type":"Organization","@id":"https:\/\/puntodincontro.mx\/#organization","name":"Puntodincontro","url":"https:\/\/puntodincontro.mx\/","logo":{"@type":"ImageObject","inLanguage":"es","@id":"https:\/\/puntodincontro.mx\/#\/schema\/logo\/image\/","url":"https:\/\/puntodincontro.mx\/wp-content\/uploads\/2021\/08\/Default-image-for-open-graph-settings.jpg","contentUrl":"https:\/\/puntodincontro.mx\/wp-content\/uploads\/2021\/08\/Default-image-for-open-graph-settings.jpg","width":1200,"height":630,"caption":"Puntodincontro"},"image":{"@id":"https:\/\/puntodincontro.mx\/#\/schema\/logo\/image\/"},"sameAs":["https:\/\/www.facebook.com\/puntodincontro.mx","https:\/\/x.com\/puntodincontro","https:\/\/www.instagram.com\/puntodincontro.mx\/","https:\/\/www.linkedin.com\/company\/puntodincontro\/","https:\/\/www.youtube.com\/c\/puntodincontromessico","https:\/\/www.patreon.com\/puntodincontro","https:\/\/www.threads.net\/@puntodincontro.mx"]},{"@type":"Person","@id":"https:\/\/puntodincontro.mx\/#\/schema\/person\/d3066d18a16259cbb0c29b0d0e93b556","name":"Puntodincontro","image":{"@type":"ImageObject","inLanguage":"es","@id":"https:\/\/puntodincontro.mx\/#\/schema\/person\/image\/","url":"https:\/\/secure.gravatar.com\/avatar\/0e85b4b3b5e9d6bfcec6a4956d8cc63a?s=96&d=mm&r=g","contentUrl":"https:\/\/secure.gravatar.com\/avatar\/0e85b4b3b5e9d6bfcec6a4956d8cc63a?s=96&d=mm&r=g","caption":"Puntodincontro"},"url":"https:\/\/puntodincontro.mx\/es\/author\/puntodincontro\/"}]}},"_links":{"self":[{"href":"https:\/\/puntodincontro.mx\/es\/wp-json\/wp\/v2\/posts\/7033"}],"collection":[{"href":"https:\/\/puntodincontro.mx\/es\/wp-json\/wp\/v2\/posts"}],"about":[{"href":"https:\/\/puntodincontro.mx\/es\/wp-json\/wp\/v2\/types\/post"}],"author":[{"embeddable":true,"href":"https:\/\/puntodincontro.mx\/es\/wp-json\/wp\/v2\/users\/2"}],"replies":[{"embeddable":true,"href":"https:\/\/puntodincontro.mx\/es\/wp-json\/wp\/v2\/comments?post=7033"}],"version-history":[{"count":7,"href":"https:\/\/puntodincontro.mx\/es\/wp-json\/wp\/v2\/posts\/7033\/revisions"}],"predecessor-version":[{"id":7043,"href":"https:\/\/puntodincontro.mx\/es\/wp-json\/wp\/v2\/posts\/7033\/revisions\/7043"}],"wp:featuredmedia":[{"embeddable":true,"href":"https:\/\/puntodincontro.mx\/es\/wp-json\/wp\/v2\/media\/7035"}],"wp:attachment":[{"href":"https:\/\/puntodincontro.mx\/es\/wp-json\/wp\/v2\/media?parent=7033"}],"wp:term":[{"taxonomy":"category","embeddable":true,"href":"https:\/\/puntodincontro.mx\/es\/wp-json\/wp\/v2\/categories?post=7033"},{"taxonomy":"post_tag","embeddable":true,"href":"https:\/\/puntodincontro.mx\/es\/wp-json\/wp\/v2\/tags?post=7033"}],"curies":[{"name":"wp","href":"https:\/\/api.w.org\/{rel}","templated":true}]}}