{"id":7440,"date":"2022-09-11T10:18:31","date_gmt":"2022-09-11T15:18:31","guid":{"rendered":"https:\/\/puntodincontro.mx\/?p=7440"},"modified":"2022-09-11T10:28:29","modified_gmt":"2022-09-11T15:28:29","slug":"enoturismo-en-unos-dias-en-italia-la-vi-conferencia-mundial2","status":"publish","type":"post","link":"https:\/\/puntodincontro.mx\/es\/2022\/09\/11\/enoturismo-tra-pochi-giorni-in-italia-la-vi-conferenza-mondiale2\/","title":{"rendered":"En unos d\u00edas en Italia la VI Conferencia Mundial de Enoturismo"},"content":{"rendered":"<p class=\"translation-block\"><strong>09:41 hrs.<\/strong> - El enoturismo mueve un total de 2,500 millones de euros al a\u00f1o y hay aproximadamente 14 millones de viajeros vinculados al sector.<\/p>\n\n\n\n<p class=\"translation-block\"><a href=\"https:\/\/puntodincontro.mx\/es\/2022\/07\/18\/calici-di-stelle-el-evento-astronomico-italiano-dedicado-a-los-enoturistas\/\" target=\"_blank\" rel=\"noreferrer noopener\">Italia es l\u00edder en Europa<\/a> con 844 productos certificados, de los cuales 526 son vinos. El vino es el producto m\u00e1s exportado de Italia al extranjero y las ventas han registrado cifras r\u00e9cord, superando por primera vez los 7,100 millones.<\/p>\n\n\n\n<p class=\"translation-block\">Entre los 28 millones de italianos de vacaciones en el verano de 2022, 39% eligi\u00f3 destinos tem\u00e1ticos gastron\u00f3micos y enol\u00f3gicos y gast\u00f3 un tercio de su presupuesto en alimentos y bebidas. Estos datos son suficientes para comprender la importancia de la <a href=\"https:\/\/www.enit.it\/wwwenit\/en\/pressroomonline\/enit-comunica\/3418-the-6th-global-conference-on-wine-tourism-to-take-place-in-alba-in-september-2022.html\" target=\"_blank\" rel=\"noreferrer noopener\">VI Conferencia Mundial de Enoturismo<\/a>, coordinada por la <em>United Nations World Tourism Organization<\/em> (UNWTO) \u2014la agencia especializada de las Naciones Unidas para las pol\u00edticas de turismo\u2014 por el Ministerio de Turismo italiano y por ENIT en Alba, Piamonte, del 19 al 21 de septiembre.<\/p>\n\n\n\n<p>\u00abEs un evento muy importante que se celebra por primera vez en Italia, estamos muy orgullosos de \u00e9l y ser\u00e1 un escaparate para todo el pa\u00eds. Es un turismo lento que \u201ccorre\u201d y crece mucho\u00bb, dice el ministro Massimo Garavaglia. \u00abDetr\u00e1s de una botella de vino se vende todo un territorio y la belleza de nuestras tierras. No en vano, todas las regiones con una fuerte vocaci\u00f3n enogastron\u00f3mica tambi\u00e9n son patrimonio de la Unesco, desde las Langhe hasta Cinque Terre\u00bb, dice Garavaglia.<\/p>\n\n\n\n<p class=\"translation-block\">\u00abEs un sector que est\u00e1 espl\u00e9ndidamente ligado no solo a la sostenibilidad y la innovaci\u00f3n, sino tambi\u00e9n al arte y la arqueolog\u00eda como ocurre con Pompeya, la arquitectura, el dise\u00f1o, el <em>land art<\/em> y el turismo urbano\u00bb afirma Roberta Garibaldi, directora director de Enit. Adem\u00e1s, Italia es l\u00edder en Europa en n\u00famero de Museos del Gusto (129), frente a los 107 de Espa\u00f1a y los 88 de Francia.<\/p>\n\n\n\n<p>\u00abEl turismo rural y el enoturismo son la clave del turismo sostenible y tambi\u00e9n de la innovaci\u00f3n, no solo para los lugares menos visitados de cada pa\u00eds, sino en general en todos los territorios del mundo. Tenemos un programa excepcional con m\u00e1s de 30 oradores y 8 ministros\u00bb, dice Alessandra Priante, directora de la OMT para Europa. \u00abEste tipo de turismo\u00bb \u2014subraya Priante\u2014 \u00abtambi\u00e9n es importante para solucionar los problemas del turismo que se est\u00e1n dando en todo el mundo: la subida de costos, la proximidad de la guerra y el tema de la falta de personal\u00bb.<\/p>\n\n\n\n<p>Aprovechando la ocasi\u00f3n, Garavaglia tambi\u00e9n hace un balance del \u201cbuen\u201d verano que acaba de pasar para el turismo. \u00abLos datos parciales\u00bb \u2014explica\u2014 \u00abnos dicen que en muchos casos se han superado las cifras de 2019, algo especialmente relevante dado que en los primeros 4 meses del a\u00f1o todav\u00eda hab\u00eda restricciones y tambi\u00e9n en Semana Santa. Pero no estamos satisfechos y queremos que no sea solo un repunte, sino un punto de partida para un crecimiento estable, porque Italia merece conquistar m\u00e1s cuotas de mercado\u00bb.<\/p>\n\n\n\n<p>Por \u00faltimo, el ministro tambi\u00e9n menciona el escenario post-electoral. \u00abEl Ministerio del Turismo\u00bb \u2014se\u00f1ala\u2014 \u00abfue creado durante el gobierno de Draghi y ha sido una excelente intuici\u00f3n. Estoy convencido de que tambi\u00e9n se mantendr\u00e1 en el pr\u00f3ximo gobierno y de hecho ser\u00e1 a\u00fan m\u00e1s fuerte, porque ya est\u00e1 claro que el turismo es un sector estrat\u00e9gico. No es casualidad que el PIB est\u00e9 creciendo gracias al sector servicios\u00bb, concluye. (ANSA)<\/p>\n\n\n<div class=\"wp-block-image\">\n<figure class=\"aligncenter size-full\"><img loading=\"lazy\" decoding=\"async\" width=\"800\" height=\"530\" src=\"https:\/\/puntodincontro.mx\/wp-content\/uploads\/2022\/09\/barbaresco.webp\" alt=\"\" class=\"wp-image-7451\" srcset=\"https:\/\/puntodincontro.mx\/wp-content\/uploads\/2022\/09\/barbaresco.webp 800w, https:\/\/puntodincontro.mx\/wp-content\/uploads\/2022\/09\/barbaresco-300x199.webp 300w, https:\/\/puntodincontro.mx\/wp-content\/uploads\/2022\/09\/barbaresco-768x509.webp 768w, https:\/\/puntodincontro.mx\/wp-content\/uploads\/2022\/09\/barbaresco-18x12.webp 18w\" sizes=\"(max-width: 800px) 100vw, 800px\" \/><\/figure><\/div>\n\n\n<p class=\"has-text-align-center has-small-font-size\">La pintoresca aldea de Barbaresco, con vistas al r\u00edo Tanaro (Alamy Stock Photo)<\/p>\n\n\n\n<div style=\"height:12px\" aria-hidden=\"true\" class=\"wp-block-spacer\"><\/div>\n\n\n<!-- Ad space powered by WP AdCenter v2.5.7 - https:\/\/wpadcenter.com\/ --><div class=\"wpadcenter-adgroup\" ><div class=\"wpadcenter-adgroup__row wpadcenter-aligncenter\"><div class=\"wpadcenter-ad-container\" ><div id=\"wpadcenter-ad-18464\" class=\"ad-placement\"><div class=\"wpadcenter-ad-inner\" ><a id=\"wpadcenter_ad\" data-value=\"18464\" data-placement=\"\" href=\"https:\/\/www.productosremo.com\/\" target=\"_blank\" class=\"wpadcenter-ad-inner__item\" ><img decoding=\"async\"   src=\"https:\/\/puntodincontro.mx\/wp-content\/uploads\/2021\/08\/remobanner.jpg\" class=\"attachment-post-thumbnail size-post-thumbnail wp-post-image\" alt=\"\" srcset=\"https:\/\/puntodincontro.mx\/wp-content\/uploads\/2021\/08\/remobanner.jpg 200w, https:\/\/puntodincontro.mx\/wp-content\/uploads\/2021\/08\/remobanner-16x5.jpg 16w\" sizes=\"(max-width: 200px) 100vw, 200px\" \/><\/a><\/div><\/div><\/div><div class=\"wpadcenter-ad-container\" ><div id=\"wpadcenter-ad-5305\" class=\"ad-placement\"><div class=\"wpadcenter-ad-inner\" ><a id=\"wpadcenter_ad\" data-value=\"5305\" data-placement=\"\" href=\"https:\/\/faitalia.com.mx\/\" target=\"_blank\" class=\"wpadcenter-ad-inner__item\" ><img decoding=\"async\"   src=\"https:\/\/puntodincontro.mx\/wp-content\/uploads\/2022\/05\/gruppodino.jpg\" class=\"attachment-post-thumbnail size-post-thumbnail wp-post-image\" alt=\"\" srcset=\"https:\/\/puntodincontro.mx\/wp-content\/uploads\/2022\/05\/gruppodino.jpg 200w, https:\/\/puntodincontro.mx\/wp-content\/uploads\/2022\/05\/gruppodino-18x5.jpg 18w\" sizes=\"(max-width: 200px) 100vw, 200px\" \/><\/a><\/div><\/div><\/div><div class=\"wpadcenter-ad-container\" ><div id=\"wpadcenter-ad-3781\" class=\"ad-placement\"><div class=\"wpadcenter-ad-inner\" ><a id=\"wpadcenter_ad\" data-value=\"3781\" data-placement=\"\" href=\"https:\/\/cannizzo.com.mx\/\" target=\"_blank\" class=\"wpadcenter-ad-inner__item\" ><img decoding=\"async\"   src=\"https:\/\/puntodincontro.mx\/wp-content\/uploads\/2022\/03\/cannizzo2.jpg\" class=\"attachment-post-thumbnail size-post-thumbnail wp-post-image\" alt=\"\" srcset=\"https:\/\/puntodincontro.mx\/wp-content\/uploads\/2022\/03\/cannizzo2.jpg 200w, https:\/\/puntodincontro.mx\/wp-content\/uploads\/2022\/03\/cannizzo2-18x5.jpg 18w\" sizes=\"(max-width: 200px) 100vw, 200px\" \/><\/a><\/div><\/div><\/div><\/div><div class=\"wpadcenter-adgroup__row wpadcenter-aligncenter\"><div class=\"wpadcenter-ad-container\" ><div id=\"wpadcenter-ad-1704\" class=\"ad-placement\"><div class=\"wpadcenter-ad-inner\" ><a id=\"wpadcenter_ad\" data-value=\"1704\" data-placement=\"\" href=\"https:\/\/puntodincontro.mx\/es\/2021\/12\/24\/inps-verificacion-de-supervivencia-de-los-pensionados-en-el-extranjero\/\" target=\"_blank\" class=\"wpadcenter-ad-inner__item\" ><img decoding=\"async\"   src=\"https:\/\/puntodincontro.mx\/wp-content\/uploads\/2021\/11\/logo-ital.jpg\" class=\"attachment-post-thumbnail size-post-thumbnail wp-post-image\" alt=\"Patronato ITAL Messico\" srcset=\"https:\/\/puntodincontro.mx\/wp-content\/uploads\/2021\/11\/logo-ital.jpg 200w, https:\/\/puntodincontro.mx\/wp-content\/uploads\/2021\/11\/logo-ital-16x5.jpg 16w\" sizes=\"(max-width: 200px) 100vw, 200px\" \/><\/a><\/div><\/div><\/div><div class=\"wpadcenter-ad-container\" ><div id=\"wpadcenter-ad-1538\" class=\"ad-placement\"><div class=\"wpadcenter-ad-inner\" ><a id=\"wpadcenter_ad\" data-value=\"1538\" data-placement=\"\" href=\"https:\/\/asociacionitaliana.org\/\" target=\"_blank\" class=\"wpadcenter-ad-inner__item\" ><img decoding=\"async\"   src=\"https:\/\/puntodincontro.mx\/wp-content\/uploads\/2021\/11\/aialogo.jpg\" class=\"attachment-post-thumbnail size-post-thumbnail wp-post-image\" alt=\"Associazione Italiana di Assistenza IAP\" srcset=\"https:\/\/puntodincontro.mx\/wp-content\/uploads\/2021\/11\/aialogo.jpg 200w, https:\/\/puntodincontro.mx\/wp-content\/uploads\/2021\/11\/aialogo-18x5.jpg 18w\" sizes=\"(max-width: 200px) 100vw, 200px\" \/><\/a><\/div><\/div><\/div><div class=\"wpadcenter-ad-container\" ><div id=\"wpadcenter-ad-1513\" class=\"ad-placement\"><div class=\"wpadcenter-ad-inner\" ><a id=\"wpadcenter_ad\" data-value=\"1513\" data-placement=\"\" href=\"https:\/\/gcinmuebles.mx\" target=\"_blank\" class=\"wpadcenter-ad-inner__item\" ><img decoding=\"async\"   src=\"https:\/\/puntodincontro.mx\/wp-content\/uploads\/2021\/10\/gcinmuebleslogopunto-1.jpg\" class=\"attachment-post-thumbnail size-post-thumbnail wp-post-image\" alt=\"\" srcset=\"https:\/\/puntodincontro.mx\/wp-content\/uploads\/2021\/10\/gcinmuebleslogopunto-1.jpg 200w, https:\/\/puntodincontro.mx\/wp-content\/uploads\/2021\/10\/gcinmuebleslogopunto-1-18x5.jpg 18w\" sizes=\"(max-width: 200px) 100vw, 200px\" \/><\/a><\/div><\/div><\/div><\/div><div class=\"wpadcenter-adgroup__row wpadcenter-aligncenter\"><div class=\"wpadcenter-ad-container\" ><div id=\"wpadcenter-ad-1374\" class=\"ad-placement\"><div class=\"wpadcenter-ad-inner\" ><a id=\"wpadcenter_ad\" data-value=\"1374\" data-placement=\"\" href=\"https:\/\/www.9colonne.it\/\" target=\"_blank\" class=\"wpadcenter-ad-inner__item\" ><img decoding=\"async\"   src=\"https:\/\/puntodincontro.mx\/wp-content\/uploads\/2021\/10\/Banner9colonne.gif\" class=\"attachment-post-thumbnail size-post-thumbnail wp-post-image\" alt=\"\" \/><\/a><\/div><\/div><\/div><div class=\"wpadcenter-ad-container\" ><div id=\"wpadcenter-ad-276\" class=\"ad-placement\"><div class=\"wpadcenter-ad-inner\" ><a id=\"wpadcenter_ad\" data-value=\"276\" data-placement=\"\" href=\"http:\/\/www.camaraitaliana.mx\/\" target=\"_blank\" class=\"wpadcenter-ad-inner__item\" ><img decoding=\"async\"   src=\"https:\/\/puntodincontro.mx\/wp-content\/uploads\/2021\/08\/ccimnuovo.jpg\" class=\"attachment-post-thumbnail size-post-thumbnail wp-post-image\" alt=\"\" srcset=\"https:\/\/puntodincontro.mx\/wp-content\/uploads\/2021\/08\/ccimnuovo.jpg 200w, https:\/\/puntodincontro.mx\/wp-content\/uploads\/2021\/08\/ccimnuovo-18x5.jpg 18w\" sizes=\"(max-width: 200px) 100vw, 200px\" \/><\/a><\/div><\/div><\/div><div class=\"wpadcenter-ad-container\" ><div id=\"wpadcenter-ad-272\" class=\"ad-placement\"><div class=\"wpadcenter-ad-inner\" ><a id=\"wpadcenter_ad\" data-value=\"272\" data-placement=\"\" href=\"http:\/\/corix.us\/\" target=\"_blank\" class=\"wpadcenter-ad-inner__item\" ><img decoding=\"async\"   src=\"https:\/\/puntodincontro.mx\/wp-content\/uploads\/2021\/08\/corixbanner-1.jpg\" class=\"attachment-post-thumbnail size-post-thumbnail wp-post-image\" alt=\"\" srcset=\"https:\/\/puntodincontro.mx\/wp-content\/uploads\/2021\/08\/corixbanner-1.jpg 200w, https:\/\/puntodincontro.mx\/wp-content\/uploads\/2021\/08\/corixbanner-1-16x5.jpg 16w\" sizes=\"(max-width: 200px) 100vw, 200px\" \/><\/a><\/div><\/div><\/div><\/div><div class=\"wpadcenter-adgroup__row wpadcenter-aligncenter\"><div class=\"wpadcenter-ad-container\" ><div id=\"wpadcenter-ad-266\" class=\"ad-placement\"><div class=\"wpadcenter-ad-inner\" ><a id=\"wpadcenter_ad\" data-value=\"266\" data-placement=\"\" href=\"https:\/\/www.prinsel.com.mx\/\" target=\"_blank\" class=\"wpadcenter-ad-inner__item\" ><img decoding=\"async\"   src=\"https:\/\/puntodincontro.mx\/wp-content\/uploads\/2021\/08\/prinselbanner-1.jpg\" class=\"attachment-post-thumbnail size-post-thumbnail wp-post-image\" alt=\"\" srcset=\"https:\/\/puntodincontro.mx\/wp-content\/uploads\/2021\/08\/prinselbanner-1.jpg 200w, https:\/\/puntodincontro.mx\/wp-content\/uploads\/2021\/08\/prinselbanner-1-16x5.jpg 16w\" sizes=\"(max-width: 200px) 100vw, 200px\" \/><\/a><\/div><\/div><\/div><div class=\"wpadcenter-ad-container\" ><div id=\"wpadcenter-ad-261\" class=\"ad-placement\"><div class=\"wpadcenter-ad-inner\" ><a id=\"wpadcenter_ad\" data-value=\"261\" data-placement=\"\" href=\"https:\/\/ambcittadelmessico.esteri.it\/ambasciata_cittadelmessico\/it\/\" target=\"_blank\" class=\"wpadcenter-ad-inner__item\" ><img decoding=\"async\"   src=\"https:\/\/puntodincontro.mx\/wp-content\/uploads\/2021\/08\/ambasciatabanner-1.jpg\" class=\"attachment-post-thumbnail size-post-thumbnail wp-post-image\" alt=\"\" srcset=\"https:\/\/puntodincontro.mx\/wp-content\/uploads\/2021\/08\/ambasciatabanner-1.jpg 200w, https:\/\/puntodincontro.mx\/wp-content\/uploads\/2021\/08\/ambasciatabanner-1-16x5.jpg 16w\" sizes=\"(max-width: 200px) 100vw, 200px\" \/><\/a><\/div><\/div><\/div><\/div><\/div>\n\n\n<div style=\"height:12px\" aria-hidden=\"true\" class=\"wp-block-spacer\"><\/div>","protected":false},"excerpt":{"rendered":"<p>Ore 09.41 &#8211; L&#8217;enoturismo vale complessivamente 2,5 miliardi di euro l&#8217;anno e sono circa 14 milioni i viaggiatori legati al settore. L&#8217;Italia \u00e8 leader in Europa con 844 prodotti certificati, di cui 526 sono vinicoli. Il vino \u00e8 il prodotto del Bel Paese pi\u00f9 esportato all&#8217;estero e le vendite hanno registrato numeri record, superando per la prima volta quota 7,1 miliardi. Dei 28 milioni di italiani in vacanza nell&#8217;estate 2022, il 39% ha scelto destinazioni a tema enogastronomico e ha speso un terzo del preventivo a tavola. Bastano questi dati per capire l&#8217;importanza della VI Conferenza mondiale dell&#8217;enoturismo, coordinata dalla&#8230; <\/p>","protected":false},"author":2,"featured_media":7446,"comment_status":"open","ping_status":"open","sticky":false,"template":"","format":"standard","meta":{"_monsterinsights_skip_tracking":false,"_monsterinsights_sitenote_active":false,"_monsterinsights_sitenote_note":"","_monsterinsights_sitenote_category":0,"footnotes":""},"categories":[8],"tags":[],"class_list":["post-7440","post","type-post","status-publish","format-standard","has-post-thumbnail","hentry","category-viaggi"],"yoast_head":"<!-- This site is optimized with the Yoast SEO Premium plugin v18.4 (Yoast SEO v25.6) - https:\/\/yoast.com\/wordpress\/plugins\/seo\/ -->\n<title>Enoturismo: tra pochi giorni in Italia la VI Conferenza mondiale<\/title>\n<meta name=\"description\" content=\"L&#039;enoturismo vale complessivamente 2,5 miliardi di euro l&#039;anno e sono circa 14 milioni i viaggiatori legati al settore.\" \/>\n<meta name=\"robots\" content=\"index, follow, max-snippet:-1, max-image-preview:large, max-video-preview:-1\" \/>\n<link rel=\"canonical\" href=\"https:\/\/puntodincontro.mx\/es\/2022\/09\/11\/enoturismo-en-unos-dias-en-italia-la-vi-conferencia-mundial2\/\" \/>\n<meta property=\"og:locale\" content=\"es_MX\" \/>\n<meta property=\"og:type\" content=\"article\" \/>\n<meta property=\"og:title\" content=\"Tra pochi giorni in Italia la VI Conferenza mondiale dell&#039;enoturismo\" \/>\n<meta property=\"og:description\" content=\"L&#039;enoturismo vale complessivamente 2,5 miliardi di euro l&#039;anno e sono circa 14 milioni i viaggiatori legati al settore.\" \/>\n<meta property=\"og:url\" content=\"https:\/\/puntodincontro.mx\/es\/2022\/09\/11\/enoturismo-en-unos-dias-en-italia-la-vi-conferencia-mundial2\/\" \/>\n<meta property=\"og:site_name\" content=\"Puntodincontro\" \/>\n<meta property=\"article:publisher\" content=\"https:\/\/www.facebook.com\/puntodincontro.mx\" \/>\n<meta property=\"article:published_time\" content=\"2022-09-11T15:18:31+00:00\" \/>\n<meta property=\"article:modified_time\" content=\"2022-09-11T15:28:29+00:00\" \/>\n<meta property=\"og:image\" content=\"https:\/\/puntodincontro.mx\/wp-content\/uploads\/2022\/09\/conferenzaenoturismovert-1.webp\" \/>\n\t<meta property=\"og:image:width\" content=\"423\" \/>\n\t<meta property=\"og:image:height\" content=\"488\" \/>\n\t<meta property=\"og:image:type\" content=\"image\/webp\" \/>\n<meta name=\"author\" content=\"Puntodincontro\" \/>\n<meta name=\"twitter:card\" content=\"summary_large_image\" \/>\n<meta name=\"twitter:creator\" content=\"@puntodincontro\" \/>\n<meta name=\"twitter:site\" content=\"@puntodincontro\" \/>\n<meta name=\"twitter:label1\" content=\"Escrito por\" \/>\n\t<meta name=\"twitter:data1\" content=\"Puntodincontro\" \/>\n\t<meta name=\"twitter:label2\" content=\"Tiempo de lectura\" \/>\n\t<meta name=\"twitter:data2\" content=\"2 minutos\" \/>\n<script type=\"application\/ld+json\" class=\"yoast-schema-graph\">{\"@context\":\"https:\/\/schema.org\",\"@graph\":[{\"@type\":\"NewsArticle\",\"@id\":\"https:\/\/puntodincontro.mx\/2022\/09\/11\/enoturismo-tra-pochi-giorni-in-italia-la-vi-conferenza-mondiale2\/#article\",\"isPartOf\":{\"@id\":\"https:\/\/puntodincontro.mx\/2022\/09\/11\/enoturismo-tra-pochi-giorni-in-italia-la-vi-conferenza-mondiale2\/\"},\"author\":{\"name\":\"Puntodincontro\",\"@id\":\"https:\/\/puntodincontro.mx\/#\/schema\/person\/d3066d18a16259cbb0c29b0d0e93b556\"},\"headline\":\"Tra pochi giorni in Italia la VI Conferenza mondiale dell&#8217;enoturismo\",\"datePublished\":\"2022-09-11T15:18:31+00:00\",\"dateModified\":\"2022-09-11T15:28:29+00:00\",\"mainEntityOfPage\":{\"@id\":\"https:\/\/puntodincontro.mx\/2022\/09\/11\/enoturismo-tra-pochi-giorni-in-italia-la-vi-conferenza-mondiale2\/\"},\"wordCount\":525,\"commentCount\":0,\"publisher\":{\"@id\":\"https:\/\/puntodincontro.mx\/#organization\"},\"image\":{\"@id\":\"https:\/\/puntodincontro.mx\/2022\/09\/11\/enoturismo-tra-pochi-giorni-in-italia-la-vi-conferenza-mondiale2\/#primaryimage\"},\"thumbnailUrl\":\"https:\/\/puntodincontro.mx\/wp-content\/uploads\/2022\/09\/conferenzaenoturismovert-1.webp\",\"articleSection\":[\"Viaggi\"],\"inLanguage\":\"es\",\"potentialAction\":[{\"@type\":\"CommentAction\",\"name\":\"Comment\",\"target\":[\"https:\/\/puntodincontro.mx\/2022\/09\/11\/enoturismo-tra-pochi-giorni-in-italia-la-vi-conferenza-mondiale2\/#respond\"]}]},{\"@type\":\"WebPage\",\"@id\":\"https:\/\/puntodincontro.mx\/2022\/09\/11\/enoturismo-tra-pochi-giorni-in-italia-la-vi-conferenza-mondiale2\/\",\"url\":\"https:\/\/puntodincontro.mx\/2022\/09\/11\/enoturismo-tra-pochi-giorni-in-italia-la-vi-conferenza-mondiale2\/\",\"name\":\"Enoturismo: tra pochi giorni in Italia la VI Conferenza mondiale\",\"isPartOf\":{\"@id\":\"https:\/\/puntodincontro.mx\/#website\"},\"primaryImageOfPage\":{\"@id\":\"https:\/\/puntodincontro.mx\/2022\/09\/11\/enoturismo-tra-pochi-giorni-in-italia-la-vi-conferenza-mondiale2\/#primaryimage\"},\"image\":{\"@id\":\"https:\/\/puntodincontro.mx\/2022\/09\/11\/enoturismo-tra-pochi-giorni-in-italia-la-vi-conferenza-mondiale2\/#primaryimage\"},\"thumbnailUrl\":\"https:\/\/puntodincontro.mx\/wp-content\/uploads\/2022\/09\/conferenzaenoturismovert-1.webp\",\"datePublished\":\"2022-09-11T15:18:31+00:00\",\"dateModified\":\"2022-09-11T15:28:29+00:00\",\"description\":\"L'enoturismo vale complessivamente 2,5 miliardi di euro l'anno e sono circa 14 milioni i viaggiatori legati al settore.\",\"breadcrumb\":{\"@id\":\"https:\/\/puntodincontro.mx\/2022\/09\/11\/enoturismo-tra-pochi-giorni-in-italia-la-vi-conferenza-mondiale2\/#breadcrumb\"},\"inLanguage\":\"es\",\"potentialAction\":[{\"@type\":\"ReadAction\",\"target\":[\"https:\/\/puntodincontro.mx\/2022\/09\/11\/enoturismo-tra-pochi-giorni-in-italia-la-vi-conferenza-mondiale2\/\"]}]},{\"@type\":\"ImageObject\",\"inLanguage\":\"es\",\"@id\":\"https:\/\/puntodincontro.mx\/2022\/09\/11\/enoturismo-tra-pochi-giorni-in-italia-la-vi-conferenza-mondiale2\/#primaryimage\",\"url\":\"https:\/\/puntodincontro.mx\/wp-content\/uploads\/2022\/09\/conferenzaenoturismovert-1.webp\",\"contentUrl\":\"https:\/\/puntodincontro.mx\/wp-content\/uploads\/2022\/09\/conferenzaenoturismovert-1.webp\",\"width\":423,\"height\":488,\"caption\":\"Enoturismo: tra pochi giorni in Italia la VI Conferenza mondiale\"},{\"@type\":\"BreadcrumbList\",\"@id\":\"https:\/\/puntodincontro.mx\/2022\/09\/11\/enoturismo-tra-pochi-giorni-in-italia-la-vi-conferenza-mondiale2\/#breadcrumb\",\"itemListElement\":[{\"@type\":\"ListItem\",\"position\":1,\"name\":\"Home\",\"item\":\"https:\/\/puntodincontro.mx\/\"},{\"@type\":\"ListItem\",\"position\":2,\"name\":\"Tra pochi giorni in Italia la VI Conferenza mondiale dell&#8217;enoturismo\"}]},{\"@type\":\"WebSite\",\"@id\":\"https:\/\/puntodincontro.mx\/#website\",\"url\":\"https:\/\/puntodincontro.mx\/\",\"name\":\"Puntodincontro\",\"description\":\"Dal 2006 notizie sui rapporti Italia-Messico \/ Desde 2006 noticias sobre las relaciones entre Italia y M\u00e9xico\",\"publisher\":{\"@id\":\"https:\/\/puntodincontro.mx\/#organization\"},\"potentialAction\":[{\"@type\":\"SearchAction\",\"target\":{\"@type\":\"EntryPoint\",\"urlTemplate\":\"https:\/\/puntodincontro.mx\/?s={search_term_string}\"},\"query-input\":{\"@type\":\"PropertyValueSpecification\",\"valueRequired\":true,\"valueName\":\"search_term_string\"}}],\"inLanguage\":\"es\"},{\"@type\":\"Organization\",\"@id\":\"https:\/\/puntodincontro.mx\/#organization\",\"name\":\"Puntodincontro\",\"url\":\"https:\/\/puntodincontro.mx\/\",\"logo\":{\"@type\":\"ImageObject\",\"inLanguage\":\"es\",\"@id\":\"https:\/\/puntodincontro.mx\/#\/schema\/logo\/image\/\",\"url\":\"https:\/\/puntodincontro.mx\/wp-content\/uploads\/2021\/08\/Default-image-for-open-graph-settings.jpg\",\"contentUrl\":\"https:\/\/puntodincontro.mx\/wp-content\/uploads\/2021\/08\/Default-image-for-open-graph-settings.jpg\",\"width\":1200,\"height\":630,\"caption\":\"Puntodincontro\"},\"image\":{\"@id\":\"https:\/\/puntodincontro.mx\/#\/schema\/logo\/image\/\"},\"sameAs\":[\"https:\/\/www.facebook.com\/puntodincontro.mx\",\"https:\/\/x.com\/puntodincontro\",\"https:\/\/www.instagram.com\/puntodincontro.mx\/\",\"https:\/\/www.linkedin.com\/company\/puntodincontro\/\",\"https:\/\/www.youtube.com\/c\/puntodincontromessico\",\"https:\/\/www.patreon.com\/puntodincontro\",\"https:\/\/www.threads.net\/@puntodincontro.mx\"]},{\"@type\":\"Person\",\"@id\":\"https:\/\/puntodincontro.mx\/#\/schema\/person\/d3066d18a16259cbb0c29b0d0e93b556\",\"name\":\"Puntodincontro\",\"image\":{\"@type\":\"ImageObject\",\"inLanguage\":\"es\",\"@id\":\"https:\/\/puntodincontro.mx\/#\/schema\/person\/image\/\",\"url\":\"https:\/\/secure.gravatar.com\/avatar\/0e85b4b3b5e9d6bfcec6a4956d8cc63a?s=96&d=mm&r=g\",\"contentUrl\":\"https:\/\/secure.gravatar.com\/avatar\/0e85b4b3b5e9d6bfcec6a4956d8cc63a?s=96&d=mm&r=g\",\"caption\":\"Puntodincontro\"},\"url\":\"https:\/\/puntodincontro.mx\/es\/author\/puntodincontro\/\"}]}<\/script>\n<!-- \/ Yoast SEO Premium plugin. -->","yoast_head_json":{"title":"En unos d\u00edas en Italia la VI Conferencia Mundial de Enoturismo","description":"L'enoturismo vale complessivamente 2,5 miliardi di euro l'anno e sono circa 14 milioni i viaggiatori legati al settore.","robots":{"index":"index","follow":"follow","max-snippet":"max-snippet:-1","max-image-preview":"max-image-preview:large","max-video-preview":"max-video-preview:-1"},"canonical":"https:\/\/puntodincontro.mx\/es\/2022\/09\/11\/enoturismo-en-unos-dias-en-italia-la-vi-conferencia-mundial2\/","og_locale":"es_MX","og_type":"article","og_title":"Tra pochi giorni in Italia la VI Conferenza mondiale dell'enoturismo","og_description":"L'enoturismo vale complessivamente 2,5 miliardi di euro l'anno e sono circa 14 milioni i viaggiatori legati al settore.","og_url":"https:\/\/puntodincontro.mx\/es\/2022\/09\/11\/enoturismo-en-unos-dias-en-italia-la-vi-conferencia-mundial2\/","og_site_name":"Puntodincontro","article_publisher":"https:\/\/www.facebook.com\/puntodincontro.mx","article_published_time":"2022-09-11T15:18:31+00:00","article_modified_time":"2022-09-11T15:28:29+00:00","og_image":[{"width":423,"height":488,"url":"https:\/\/puntodincontro.mx\/wp-content\/uploads\/2022\/09\/conferenzaenoturismovert-1.webp","type":"image\/webp"}],"author":"Puntodincontro","twitter_card":"summary_large_image","twitter_creator":"@puntodincontro","twitter_site":"@puntodincontro","twitter_misc":{"Escrito por":"Puntodincontro","Tiempo de lectura":"2 minutos"},"schema":{"@context":"https:\/\/schema.org","@graph":[{"@type":"NewsArticle","@id":"https:\/\/puntodincontro.mx\/2022\/09\/11\/enoturismo-tra-pochi-giorni-in-italia-la-vi-conferenza-mondiale2\/#article","isPartOf":{"@id":"https:\/\/puntodincontro.mx\/2022\/09\/11\/enoturismo-tra-pochi-giorni-in-italia-la-vi-conferenza-mondiale2\/"},"author":{"name":"Puntodincontro","@id":"https:\/\/puntodincontro.mx\/#\/schema\/person\/d3066d18a16259cbb0c29b0d0e93b556"},"headline":"Tra pochi giorni in Italia la VI Conferenza mondiale dell&#8217;enoturismo","datePublished":"2022-09-11T15:18:31+00:00","dateModified":"2022-09-11T15:28:29+00:00","mainEntityOfPage":{"@id":"https:\/\/puntodincontro.mx\/2022\/09\/11\/enoturismo-tra-pochi-giorni-in-italia-la-vi-conferenza-mondiale2\/"},"wordCount":525,"commentCount":0,"publisher":{"@id":"https:\/\/puntodincontro.mx\/#organization"},"image":{"@id":"https:\/\/puntodincontro.mx\/2022\/09\/11\/enoturismo-tra-pochi-giorni-in-italia-la-vi-conferenza-mondiale2\/#primaryimage"},"thumbnailUrl":"https:\/\/puntodincontro.mx\/wp-content\/uploads\/2022\/09\/conferenzaenoturismovert-1.webp","articleSection":["Viaggi"],"inLanguage":"es","potentialAction":[{"@type":"CommentAction","name":"Comment","target":["https:\/\/puntodincontro.mx\/2022\/09\/11\/enoturismo-tra-pochi-giorni-in-italia-la-vi-conferenza-mondiale2\/#respond"]}]},{"@type":"WebPage","@id":"https:\/\/puntodincontro.mx\/2022\/09\/11\/enoturismo-tra-pochi-giorni-in-italia-la-vi-conferenza-mondiale2\/","url":"https:\/\/puntodincontro.mx\/2022\/09\/11\/enoturismo-tra-pochi-giorni-in-italia-la-vi-conferenza-mondiale2\/","name":"En unos d\u00edas en Italia la VI Conferencia Mundial de Enoturismo","isPartOf":{"@id":"https:\/\/puntodincontro.mx\/#website"},"primaryImageOfPage":{"@id":"https:\/\/puntodincontro.mx\/2022\/09\/11\/enoturismo-tra-pochi-giorni-in-italia-la-vi-conferenza-mondiale2\/#primaryimage"},"image":{"@id":"https:\/\/puntodincontro.mx\/2022\/09\/11\/enoturismo-tra-pochi-giorni-in-italia-la-vi-conferenza-mondiale2\/#primaryimage"},"thumbnailUrl":"https:\/\/puntodincontro.mx\/wp-content\/uploads\/2022\/09\/conferenzaenoturismovert-1.webp","datePublished":"2022-09-11T15:18:31+00:00","dateModified":"2022-09-11T15:28:29+00:00","description":"L'enoturismo vale complessivamente 2,5 miliardi di euro l'anno e sono circa 14 milioni i viaggiatori legati al settore.","breadcrumb":{"@id":"https:\/\/puntodincontro.mx\/2022\/09\/11\/enoturismo-tra-pochi-giorni-in-italia-la-vi-conferenza-mondiale2\/#breadcrumb"},"inLanguage":"es","potentialAction":[{"@type":"ReadAction","target":["https:\/\/puntodincontro.mx\/2022\/09\/11\/enoturismo-tra-pochi-giorni-in-italia-la-vi-conferenza-mondiale2\/"]}]},{"@type":"ImageObject","inLanguage":"es","@id":"https:\/\/puntodincontro.mx\/2022\/09\/11\/enoturismo-tra-pochi-giorni-in-italia-la-vi-conferenza-mondiale2\/#primaryimage","url":"https:\/\/puntodincontro.mx\/wp-content\/uploads\/2022\/09\/conferenzaenoturismovert-1.webp","contentUrl":"https:\/\/puntodincontro.mx\/wp-content\/uploads\/2022\/09\/conferenzaenoturismovert-1.webp","width":423,"height":488,"caption":"Enoturismo: tra pochi giorni in Italia la VI Conferenza mondiale"},{"@type":"BreadcrumbList","@id":"https:\/\/puntodincontro.mx\/2022\/09\/11\/enoturismo-tra-pochi-giorni-in-italia-la-vi-conferenza-mondiale2\/#breadcrumb","itemListElement":[{"@type":"ListItem","position":1,"name":"Home","item":"https:\/\/puntodincontro.mx\/"},{"@type":"ListItem","position":2,"name":"Tra pochi giorni in Italia la VI Conferenza mondiale dell&#8217;enoturismo"}]},{"@type":"WebSite","@id":"https:\/\/puntodincontro.mx\/#website","url":"https:\/\/puntodincontro.mx\/","name":"Puntodincontro","description":"Desde el 2006 noticias sobre las relaciones entre Italia y M\u00e9xico \/ Dal 2006 notizie sui rapporti Italia-Messico","publisher":{"@id":"https:\/\/puntodincontro.mx\/#organization"},"potentialAction":[{"@type":"SearchAction","target":{"@type":"EntryPoint","urlTemplate":"https:\/\/puntodincontro.mx\/?s={search_term_string}"},"query-input":{"@type":"PropertyValueSpecification","valueRequired":true,"valueName":"search_term_string"}}],"inLanguage":"es"},{"@type":"Organization","@id":"https:\/\/puntodincontro.mx\/#organization","name":"Puntodincontro","url":"https:\/\/puntodincontro.mx\/","logo":{"@type":"ImageObject","inLanguage":"es","@id":"https:\/\/puntodincontro.mx\/#\/schema\/logo\/image\/","url":"https:\/\/puntodincontro.mx\/wp-content\/uploads\/2021\/08\/Default-image-for-open-graph-settings.jpg","contentUrl":"https:\/\/puntodincontro.mx\/wp-content\/uploads\/2021\/08\/Default-image-for-open-graph-settings.jpg","width":1200,"height":630,"caption":"Puntodincontro"},"image":{"@id":"https:\/\/puntodincontro.mx\/#\/schema\/logo\/image\/"},"sameAs":["https:\/\/www.facebook.com\/puntodincontro.mx","https:\/\/x.com\/puntodincontro","https:\/\/www.instagram.com\/puntodincontro.mx\/","https:\/\/www.linkedin.com\/company\/puntodincontro\/","https:\/\/www.youtube.com\/c\/puntodincontromessico","https:\/\/www.patreon.com\/puntodincontro","https:\/\/www.threads.net\/@puntodincontro.mx"]},{"@type":"Person","@id":"https:\/\/puntodincontro.mx\/#\/schema\/person\/d3066d18a16259cbb0c29b0d0e93b556","name":"Puntodincontro","image":{"@type":"ImageObject","inLanguage":"es","@id":"https:\/\/puntodincontro.mx\/#\/schema\/person\/image\/","url":"https:\/\/secure.gravatar.com\/avatar\/0e85b4b3b5e9d6bfcec6a4956d8cc63a?s=96&d=mm&r=g","contentUrl":"https:\/\/secure.gravatar.com\/avatar\/0e85b4b3b5e9d6bfcec6a4956d8cc63a?s=96&d=mm&r=g","caption":"Puntodincontro"},"url":"https:\/\/puntodincontro.mx\/es\/author\/puntodincontro\/"}]}},"_links":{"self":[{"href":"https:\/\/puntodincontro.mx\/es\/wp-json\/wp\/v2\/posts\/7440"}],"collection":[{"href":"https:\/\/puntodincontro.mx\/es\/wp-json\/wp\/v2\/posts"}],"about":[{"href":"https:\/\/puntodincontro.mx\/es\/wp-json\/wp\/v2\/types\/post"}],"author":[{"embeddable":true,"href":"https:\/\/puntodincontro.mx\/es\/wp-json\/wp\/v2\/users\/2"}],"replies":[{"embeddable":true,"href":"https:\/\/puntodincontro.mx\/es\/wp-json\/wp\/v2\/comments?post=7440"}],"version-history":[{"count":9,"href":"https:\/\/puntodincontro.mx\/es\/wp-json\/wp\/v2\/posts\/7440\/revisions"}],"predecessor-version":[{"id":7454,"href":"https:\/\/puntodincontro.mx\/es\/wp-json\/wp\/v2\/posts\/7440\/revisions\/7454"}],"wp:featuredmedia":[{"embeddable":true,"href":"https:\/\/puntodincontro.mx\/es\/wp-json\/wp\/v2\/media\/7446"}],"wp:attachment":[{"href":"https:\/\/puntodincontro.mx\/es\/wp-json\/wp\/v2\/media?parent=7440"}],"wp:term":[{"taxonomy":"category","embeddable":true,"href":"https:\/\/puntodincontro.mx\/es\/wp-json\/wp\/v2\/categories?post=7440"},{"taxonomy":"post_tag","embeddable":true,"href":"https:\/\/puntodincontro.mx\/es\/wp-json\/wp\/v2\/tags?post=7440"}],"curies":[{"name":"wp","href":"https:\/\/api.w.org\/{rel}","templated":true}]}}