{"id":745,"date":"2021-09-18T13:22:40","date_gmt":"2021-09-18T18:22:40","guid":{"rendered":"https:\/\/puntodincontro.mx\/?p=745"},"modified":"2021-09-24T10:44:43","modified_gmt":"2021-09-24T15:44:43","slug":"ondea-la-bandera-mexicana-en-predaia-italia","status":"publish","type":"post","link":"https:\/\/puntodincontro.mx\/es\/2021\/09\/18\/sventola-la-bandiera-messicana-a-predaia\/","title":{"rendered":"Ondea la bandera mexicana en Predaia, Italia"},"content":{"rendered":"<p class=\"translation-block\"><strong>13:12 hrs.<\/strong> \u2013 Ondea la bandera mexicana en Predaia, Italia. Un s\u00edmbolo de la amistad y del v\u00ednculo que une al municipio del Trentino donde naci\u00f3 Eusebio Chini \u2014el famoso Padre Kino\u2014 al pa\u00eds norteamericano, geogr\u00e1ficamente distante, pero cercano en la historia.<\/p>\n\n\n\n<p>La solicitud lleg\u00f3 de Georgina Rosaura Marina Robles, responsable de asuntos legales, pol\u00edticos y econ\u00f3mico-comerciales del Consulado General de M\u00e9xico en Mil\u00e1n, para celebrar el bicentenario de la proclamaci\u00f3n de la independencia del imperio mexicano, pronunciada por la Suprema Junta Provisional Gubernativa reunida en la capital del pa\u00eds el 28 de septiembre de 1821.<\/p>\n\n\n\n<p>La propuesta fue acogida con entusiasmo por la administraci\u00f3n municipal que encabeza la alcaldesa Giuliana Cova, lanzando as\u00ed un mensaje de cercan\u00eda al pueblo mexicano en un momento importante y significativo.<\/p>\n\n\n\n<p>A lo largo de la semana, fuera de la cabecera municipal, junto a la italiana y a la de la Provincia Aut\u00f3noma de Trento, tambi\u00e9n onde\u00f3 por lo tanto la bandera de M\u00e9xico, evidencia de la relaci\u00f3n de cari\u00f1o y amistad que une a Predaia con este pa\u00eds latinoamericano y gracias tambi\u00e9n al hermanamiento con la ciudad de Magdalena de Kino, en el Estado mexicano de Sonora, donde el 15 de marzo de 1711 falleci\u00f3 el misionero, explorador, cart\u00f3grafo y astr\u00f3nomo italiano.<\/p>\n\n\n\n<div style=\"height:12px\" aria-hidden=\"true\" class=\"wp-block-spacer\"><\/div>\n\n\n\n\n\n<div style=\"height:12px\" aria-hidden=\"true\" class=\"wp-block-spacer\"><\/div>","protected":false},"excerpt":{"rendered":"<p>Ore 13.12 &#8211; Sventola la bandiera messicana a Predaia. Un simbolo d\u2019amicizia e del legame che unisce il Comune italiano dove nacque Eusebio Chini \u2014il famoso Padre Kino\u2014 al Paese nordamericano, lontano geograficamente, ma ravvicinato dalla storia. La richiesta \u00e8 arrivata da Georgina Rosaura Marina Robles, responsabile degli affari legali, politici ed economico-commerciali del Consolato generale del Messico a Milano, per celebrare anche nella Val di Non il bicentenario della proclamazione dell&#8217;Indipendenza dell&#8217;impero messicano, pronunciata dalla Suprema Giunta Provvisoria Governativa riunitasi nella capitale del Paese il 28 settembre 1821. La proposta \u00e8 stata accettata con entusiasmo dall\u2019amministrazione comunale guidata dalla&#8230; <\/p>","protected":false},"author":2,"featured_media":748,"comment_status":"open","ping_status":"open","sticky":false,"template":"","format":"standard","meta":{"_monsterinsights_skip_tracking":false,"_monsterinsights_sitenote_active":false,"_monsterinsights_sitenote_note":"","_monsterinsights_sitenote_category":0,"footnotes":""},"categories":[6],"tags":[],"class_list":["post-745","post","type-post","status-publish","format-standard","has-post-thumbnail","hentry","category-messico-in-italia"],"yoast_head":"<!-- This site is optimized with the Yoast SEO Premium plugin v18.4 (Yoast SEO v25.6) - https:\/\/yoast.com\/wordpress\/plugins\/seo\/ -->\n<title>Sventola la bandiera messicana a Predaia Puntodincontro<\/title>\n<meta name=\"description\" content=\"Sventola la bandiera messicana a Predaia. Un simbolo d\u2019amicizia e del legame che unisce il Comune italiano dove nacque Eusebio Chini \u2014il famoso Padre Kino\u2014 al Paese nordamericano, lontano geograficamente, ma ravvicinato dalla storia.\" \/>\n<meta name=\"robots\" content=\"index, follow, max-snippet:-1, max-image-preview:large, max-video-preview:-1\" \/>\n<link rel=\"canonical\" href=\"https:\/\/puntodincontro.mx\/es\/2021\/09\/18\/ondea-la-bandera-mexicana-en-predaia-italia\/\" \/>\n<meta property=\"og:locale\" content=\"es_MX\" \/>\n<meta property=\"og:type\" content=\"article\" \/>\n<meta property=\"og:title\" content=\"Sventola la bandiera messicana a Predaia\" \/>\n<meta property=\"og:description\" content=\"Sventola la bandiera messicana a Predaia. Un simbolo d\u2019amicizia e del legame che unisce il Comune italiano dove nacque Eusebio Chini \u2014il famoso Padre Kino\u2014 al Paese nordamericano, lontano geograficamente, ma ravvicinato dalla storia.\" \/>\n<meta property=\"og:url\" content=\"https:\/\/puntodincontro.mx\/es\/2021\/09\/18\/ondea-la-bandera-mexicana-en-predaia-italia\/\" \/>\n<meta property=\"og:site_name\" content=\"Puntodincontro\" \/>\n<meta property=\"article:publisher\" content=\"https:\/\/www.facebook.com\/puntodincontro.mx\" \/>\n<meta property=\"article:published_time\" content=\"2021-09-18T18:22:40+00:00\" \/>\n<meta property=\"article:modified_time\" content=\"2021-09-24T15:44:43+00:00\" \/>\n<meta property=\"og:image\" content=\"https:\/\/puntodincontro.mx\/wp-content\/uploads\/2021\/09\/bandieramessicanapredaiavert.webp\" \/>\n\t<meta property=\"og:image:width\" content=\"423\" \/>\n\t<meta property=\"og:image:height\" content=\"488\" \/>\n\t<meta property=\"og:image:type\" content=\"image\/webp\" \/>\n<meta name=\"author\" content=\"Puntodincontro\" \/>\n<meta name=\"twitter:card\" content=\"summary_large_image\" \/>\n<meta name=\"twitter:creator\" content=\"@puntodincontro\" \/>\n<meta name=\"twitter:site\" content=\"@puntodincontro\" \/>\n<meta name=\"twitter:label1\" content=\"Escrito por\" \/>\n\t<meta name=\"twitter:data1\" content=\"Puntodincontro\" \/>\n\t<meta name=\"twitter:label2\" content=\"Tiempo de lectura\" \/>\n\t<meta name=\"twitter:data2\" content=\"1 minuto\" \/>\n<script type=\"application\/ld+json\" class=\"yoast-schema-graph\">{\"@context\":\"https:\/\/schema.org\",\"@graph\":[{\"@type\":\"NewsArticle\",\"@id\":\"https:\/\/puntodincontro.mx\/2021\/09\/18\/sventola-la-bandiera-messicana-a-predaia\/#article\",\"isPartOf\":{\"@id\":\"https:\/\/puntodincontro.mx\/2021\/09\/18\/sventola-la-bandiera-messicana-a-predaia\/\"},\"author\":{\"name\":\"Puntodincontro\",\"@id\":\"https:\/\/puntodincontro.mx\/#\/schema\/person\/d3066d18a16259cbb0c29b0d0e93b556\"},\"headline\":\"Sventola la bandiera messicana a Predaia\",\"datePublished\":\"2021-09-18T18:22:40+00:00\",\"dateModified\":\"2021-09-24T15:44:43+00:00\",\"mainEntityOfPage\":{\"@id\":\"https:\/\/puntodincontro.mx\/2021\/09\/18\/sventola-la-bandiera-messicana-a-predaia\/\"},\"wordCount\":198,\"commentCount\":0,\"publisher\":{\"@id\":\"https:\/\/puntodincontro.mx\/#organization\"},\"image\":{\"@id\":\"https:\/\/puntodincontro.mx\/2021\/09\/18\/sventola-la-bandiera-messicana-a-predaia\/#primaryimage\"},\"thumbnailUrl\":\"https:\/\/puntodincontro.mx\/wp-content\/uploads\/2021\/09\/bandieramessicanapredaiavert.webp\",\"articleSection\":[\"Messico in Italia\"],\"inLanguage\":\"es\",\"potentialAction\":[{\"@type\":\"CommentAction\",\"name\":\"Comment\",\"target\":[\"https:\/\/puntodincontro.mx\/2021\/09\/18\/sventola-la-bandiera-messicana-a-predaia\/#respond\"]}]},{\"@type\":\"WebPage\",\"@id\":\"https:\/\/puntodincontro.mx\/2021\/09\/18\/sventola-la-bandiera-messicana-a-predaia\/\",\"url\":\"https:\/\/puntodincontro.mx\/2021\/09\/18\/sventola-la-bandiera-messicana-a-predaia\/\",\"name\":\"Sventola la bandiera messicana a Predaia Puntodincontro\",\"isPartOf\":{\"@id\":\"https:\/\/puntodincontro.mx\/#website\"},\"primaryImageOfPage\":{\"@id\":\"https:\/\/puntodincontro.mx\/2021\/09\/18\/sventola-la-bandiera-messicana-a-predaia\/#primaryimage\"},\"image\":{\"@id\":\"https:\/\/puntodincontro.mx\/2021\/09\/18\/sventola-la-bandiera-messicana-a-predaia\/#primaryimage\"},\"thumbnailUrl\":\"https:\/\/puntodincontro.mx\/wp-content\/uploads\/2021\/09\/bandieramessicanapredaiavert.webp\",\"datePublished\":\"2021-09-18T18:22:40+00:00\",\"dateModified\":\"2021-09-24T15:44:43+00:00\",\"description\":\"Sventola la bandiera messicana a Predaia. Un simbolo d\u2019amicizia e del legame che unisce il Comune italiano dove nacque Eusebio Chini \u2014il famoso Padre Kino\u2014 al Paese nordamericano, lontano geograficamente, ma ravvicinato dalla storia.\",\"breadcrumb\":{\"@id\":\"https:\/\/puntodincontro.mx\/2021\/09\/18\/sventola-la-bandiera-messicana-a-predaia\/#breadcrumb\"},\"inLanguage\":\"es\",\"potentialAction\":[{\"@type\":\"ReadAction\",\"target\":[\"https:\/\/puntodincontro.mx\/2021\/09\/18\/sventola-la-bandiera-messicana-a-predaia\/\"]}]},{\"@type\":\"ImageObject\",\"inLanguage\":\"es\",\"@id\":\"https:\/\/puntodincontro.mx\/2021\/09\/18\/sventola-la-bandiera-messicana-a-predaia\/#primaryimage\",\"url\":\"https:\/\/puntodincontro.mx\/wp-content\/uploads\/2021\/09\/bandieramessicanapredaiavert.webp\",\"contentUrl\":\"https:\/\/puntodincontro.mx\/wp-content\/uploads\/2021\/09\/bandieramessicanapredaiavert.webp\",\"width\":423,\"height\":488},{\"@type\":\"BreadcrumbList\",\"@id\":\"https:\/\/puntodincontro.mx\/2021\/09\/18\/sventola-la-bandiera-messicana-a-predaia\/#breadcrumb\",\"itemListElement\":[{\"@type\":\"ListItem\",\"position\":1,\"name\":\"Home\",\"item\":\"https:\/\/puntodincontro.mx\/\"},{\"@type\":\"ListItem\",\"position\":2,\"name\":\"Sventola la bandiera messicana a Predaia\"}]},{\"@type\":\"WebSite\",\"@id\":\"https:\/\/puntodincontro.mx\/#website\",\"url\":\"https:\/\/puntodincontro.mx\/\",\"name\":\"Puntodincontro\",\"description\":\"Dal 2006 notizie sui rapporti Italia-Messico \/ Desde 2006 noticias sobre las relaciones entre Italia y M\u00e9xico\",\"publisher\":{\"@id\":\"https:\/\/puntodincontro.mx\/#organization\"},\"potentialAction\":[{\"@type\":\"SearchAction\",\"target\":{\"@type\":\"EntryPoint\",\"urlTemplate\":\"https:\/\/puntodincontro.mx\/?s={search_term_string}\"},\"query-input\":{\"@type\":\"PropertyValueSpecification\",\"valueRequired\":true,\"valueName\":\"search_term_string\"}}],\"inLanguage\":\"es\"},{\"@type\":\"Organization\",\"@id\":\"https:\/\/puntodincontro.mx\/#organization\",\"name\":\"Puntodincontro\",\"url\":\"https:\/\/puntodincontro.mx\/\",\"logo\":{\"@type\":\"ImageObject\",\"inLanguage\":\"es\",\"@id\":\"https:\/\/puntodincontro.mx\/#\/schema\/logo\/image\/\",\"url\":\"https:\/\/puntodincontro.mx\/wp-content\/uploads\/2021\/08\/Default-image-for-open-graph-settings.jpg\",\"contentUrl\":\"https:\/\/puntodincontro.mx\/wp-content\/uploads\/2021\/08\/Default-image-for-open-graph-settings.jpg\",\"width\":1200,\"height\":630,\"caption\":\"Puntodincontro\"},\"image\":{\"@id\":\"https:\/\/puntodincontro.mx\/#\/schema\/logo\/image\/\"},\"sameAs\":[\"https:\/\/www.facebook.com\/puntodincontro.mx\",\"https:\/\/x.com\/puntodincontro\",\"https:\/\/www.instagram.com\/puntodincontro.mx\/\",\"https:\/\/www.linkedin.com\/company\/puntodincontro\/\",\"https:\/\/www.youtube.com\/c\/puntodincontromessico\",\"https:\/\/www.patreon.com\/puntodincontro\",\"https:\/\/www.threads.net\/@puntodincontro.mx\"]},{\"@type\":\"Person\",\"@id\":\"https:\/\/puntodincontro.mx\/#\/schema\/person\/d3066d18a16259cbb0c29b0d0e93b556\",\"name\":\"Puntodincontro\",\"image\":{\"@type\":\"ImageObject\",\"inLanguage\":\"es\",\"@id\":\"https:\/\/puntodincontro.mx\/#\/schema\/person\/image\/\",\"url\":\"https:\/\/secure.gravatar.com\/avatar\/0e85b4b3b5e9d6bfcec6a4956d8cc63a?s=96&d=mm&r=g\",\"contentUrl\":\"https:\/\/secure.gravatar.com\/avatar\/0e85b4b3b5e9d6bfcec6a4956d8cc63a?s=96&d=mm&r=g\",\"caption\":\"Puntodincontro\"},\"url\":\"https:\/\/puntodincontro.mx\/es\/author\/puntodincontro\/\"}]}<\/script>\n<!-- \/ Yoast SEO Premium plugin. -->","yoast_head_json":{"title":"Sventola la bandiera messicana a Predaia Puntodincontro","description":"Ondea la bandera mexicana en Predaia, Italia. Un s\u00edmbolo de la amistad y del v\u00ednculo que une al municipio del Trentino donde naci\u00f3 Eusebio Chini \u2014el famoso Padre Kino\u2014 al pa\u00eds norteamericano, geogr\u00e1ficamente distante, pero cercano en la historia.","robots":{"index":"index","follow":"follow","max-snippet":"max-snippet:-1","max-image-preview":"max-image-preview:large","max-video-preview":"max-video-preview:-1"},"canonical":"https:\/\/puntodincontro.mx\/es\/2021\/09\/18\/ondea-la-bandera-mexicana-en-predaia-italia\/","og_locale":"es_MX","og_type":"article","og_title":"Sventola la bandiera messicana a Predaia","og_description":"Sventola la bandiera messicana a Predaia. Un simbolo d\u2019amicizia e del legame che unisce il Comune italiano dove nacque Eusebio Chini \u2014il famoso Padre Kino\u2014 al Paese nordamericano, lontano geograficamente, ma ravvicinato dalla storia.","og_url":"https:\/\/puntodincontro.mx\/es\/2021\/09\/18\/ondea-la-bandera-mexicana-en-predaia-italia\/","og_site_name":"Puntodincontro","article_publisher":"https:\/\/www.facebook.com\/puntodincontro.mx","article_published_time":"2021-09-18T18:22:40+00:00","article_modified_time":"2021-09-24T15:44:43+00:00","og_image":[{"width":423,"height":488,"url":"https:\/\/puntodincontro.mx\/wp-content\/uploads\/2021\/09\/bandieramessicanapredaiavert.webp","type":"image\/webp"}],"author":"Puntodincontro","twitter_card":"summary_large_image","twitter_creator":"@puntodincontro","twitter_site":"@puntodincontro","twitter_misc":{"Escrito por":"Puntodincontro","Tiempo de lectura":"1 minuto"},"schema":{"@context":"https:\/\/schema.org","@graph":[{"@type":"NewsArticle","@id":"https:\/\/puntodincontro.mx\/2021\/09\/18\/sventola-la-bandiera-messicana-a-predaia\/#article","isPartOf":{"@id":"https:\/\/puntodincontro.mx\/2021\/09\/18\/sventola-la-bandiera-messicana-a-predaia\/"},"author":{"name":"Puntodincontro","@id":"https:\/\/puntodincontro.mx\/#\/schema\/person\/d3066d18a16259cbb0c29b0d0e93b556"},"headline":"Sventola la bandiera messicana a Predaia","datePublished":"2021-09-18T18:22:40+00:00","dateModified":"2021-09-24T15:44:43+00:00","mainEntityOfPage":{"@id":"https:\/\/puntodincontro.mx\/2021\/09\/18\/sventola-la-bandiera-messicana-a-predaia\/"},"wordCount":198,"commentCount":0,"publisher":{"@id":"https:\/\/puntodincontro.mx\/#organization"},"image":{"@id":"https:\/\/puntodincontro.mx\/2021\/09\/18\/sventola-la-bandiera-messicana-a-predaia\/#primaryimage"},"thumbnailUrl":"https:\/\/puntodincontro.mx\/wp-content\/uploads\/2021\/09\/bandieramessicanapredaiavert.webp","articleSection":["Messico in Italia"],"inLanguage":"es","potentialAction":[{"@type":"CommentAction","name":"Comment","target":["https:\/\/puntodincontro.mx\/2021\/09\/18\/sventola-la-bandiera-messicana-a-predaia\/#respond"]}]},{"@type":"WebPage","@id":"https:\/\/puntodincontro.mx\/2021\/09\/18\/sventola-la-bandiera-messicana-a-predaia\/","url":"https:\/\/puntodincontro.mx\/2021\/09\/18\/sventola-la-bandiera-messicana-a-predaia\/","name":"Sventola la bandiera messicana a Predaia Puntodincontro","isPartOf":{"@id":"https:\/\/puntodincontro.mx\/#website"},"primaryImageOfPage":{"@id":"https:\/\/puntodincontro.mx\/2021\/09\/18\/sventola-la-bandiera-messicana-a-predaia\/#primaryimage"},"image":{"@id":"https:\/\/puntodincontro.mx\/2021\/09\/18\/sventola-la-bandiera-messicana-a-predaia\/#primaryimage"},"thumbnailUrl":"https:\/\/puntodincontro.mx\/wp-content\/uploads\/2021\/09\/bandieramessicanapredaiavert.webp","datePublished":"2021-09-18T18:22:40+00:00","dateModified":"2021-09-24T15:44:43+00:00","description":"Ondea la bandera mexicana en Predaia, Italia. Un s\u00edmbolo de la amistad y del v\u00ednculo que une al municipio del Trentino donde naci\u00f3 Eusebio Chini \u2014el famoso Padre Kino\u2014 al pa\u00eds norteamericano, geogr\u00e1ficamente distante, pero cercano en la historia.","breadcrumb":{"@id":"https:\/\/puntodincontro.mx\/2021\/09\/18\/sventola-la-bandiera-messicana-a-predaia\/#breadcrumb"},"inLanguage":"es","potentialAction":[{"@type":"ReadAction","target":["https:\/\/puntodincontro.mx\/2021\/09\/18\/sventola-la-bandiera-messicana-a-predaia\/"]}]},{"@type":"ImageObject","inLanguage":"es","@id":"https:\/\/puntodincontro.mx\/2021\/09\/18\/sventola-la-bandiera-messicana-a-predaia\/#primaryimage","url":"https:\/\/puntodincontro.mx\/wp-content\/uploads\/2021\/09\/bandieramessicanapredaiavert.webp","contentUrl":"https:\/\/puntodincontro.mx\/wp-content\/uploads\/2021\/09\/bandieramessicanapredaiavert.webp","width":423,"height":488},{"@type":"BreadcrumbList","@id":"https:\/\/puntodincontro.mx\/2021\/09\/18\/sventola-la-bandiera-messicana-a-predaia\/#breadcrumb","itemListElement":[{"@type":"ListItem","position":1,"name":"Home","item":"https:\/\/puntodincontro.mx\/"},{"@type":"ListItem","position":2,"name":"Sventola la bandiera messicana a Predaia"}]},{"@type":"WebSite","@id":"https:\/\/puntodincontro.mx\/#website","url":"https:\/\/puntodincontro.mx\/","name":"Puntodincontro","description":"Desde el 2006 noticias sobre las relaciones entre Italia y M\u00e9xico \/ Dal 2006 notizie sui rapporti Italia-Messico","publisher":{"@id":"https:\/\/puntodincontro.mx\/#organization"},"potentialAction":[{"@type":"SearchAction","target":{"@type":"EntryPoint","urlTemplate":"https:\/\/puntodincontro.mx\/?s={search_term_string}"},"query-input":{"@type":"PropertyValueSpecification","valueRequired":true,"valueName":"search_term_string"}}],"inLanguage":"es"},{"@type":"Organization","@id":"https:\/\/puntodincontro.mx\/#organization","name":"Puntodincontro","url":"https:\/\/puntodincontro.mx\/","logo":{"@type":"ImageObject","inLanguage":"es","@id":"https:\/\/puntodincontro.mx\/#\/schema\/logo\/image\/","url":"https:\/\/puntodincontro.mx\/wp-content\/uploads\/2021\/08\/Default-image-for-open-graph-settings.jpg","contentUrl":"https:\/\/puntodincontro.mx\/wp-content\/uploads\/2021\/08\/Default-image-for-open-graph-settings.jpg","width":1200,"height":630,"caption":"Puntodincontro"},"image":{"@id":"https:\/\/puntodincontro.mx\/#\/schema\/logo\/image\/"},"sameAs":["https:\/\/www.facebook.com\/puntodincontro.mx","https:\/\/x.com\/puntodincontro","https:\/\/www.instagram.com\/puntodincontro.mx\/","https:\/\/www.linkedin.com\/company\/puntodincontro\/","https:\/\/www.youtube.com\/c\/puntodincontromessico","https:\/\/www.patreon.com\/puntodincontro","https:\/\/www.threads.net\/@puntodincontro.mx"]},{"@type":"Person","@id":"https:\/\/puntodincontro.mx\/#\/schema\/person\/d3066d18a16259cbb0c29b0d0e93b556","name":"Puntodincontro","image":{"@type":"ImageObject","inLanguage":"es","@id":"https:\/\/puntodincontro.mx\/#\/schema\/person\/image\/","url":"https:\/\/secure.gravatar.com\/avatar\/0e85b4b3b5e9d6bfcec6a4956d8cc63a?s=96&d=mm&r=g","contentUrl":"https:\/\/secure.gravatar.com\/avatar\/0e85b4b3b5e9d6bfcec6a4956d8cc63a?s=96&d=mm&r=g","caption":"Puntodincontro"},"url":"https:\/\/puntodincontro.mx\/es\/author\/puntodincontro\/"}]}},"_links":{"self":[{"href":"https:\/\/puntodincontro.mx\/es\/wp-json\/wp\/v2\/posts\/745"}],"collection":[{"href":"https:\/\/puntodincontro.mx\/es\/wp-json\/wp\/v2\/posts"}],"about":[{"href":"https:\/\/puntodincontro.mx\/es\/wp-json\/wp\/v2\/types\/post"}],"author":[{"embeddable":true,"href":"https:\/\/puntodincontro.mx\/es\/wp-json\/wp\/v2\/users\/2"}],"replies":[{"embeddable":true,"href":"https:\/\/puntodincontro.mx\/es\/wp-json\/wp\/v2\/comments?post=745"}],"version-history":[{"count":3,"href":"https:\/\/puntodincontro.mx\/es\/wp-json\/wp\/v2\/posts\/745\/revisions"}],"predecessor-version":[{"id":891,"href":"https:\/\/puntodincontro.mx\/es\/wp-json\/wp\/v2\/posts\/745\/revisions\/891"}],"wp:featuredmedia":[{"embeddable":true,"href":"https:\/\/puntodincontro.mx\/es\/wp-json\/wp\/v2\/media\/748"}],"wp:attachment":[{"href":"https:\/\/puntodincontro.mx\/es\/wp-json\/wp\/v2\/media?parent=745"}],"wp:term":[{"taxonomy":"category","embeddable":true,"href":"https:\/\/puntodincontro.mx\/es\/wp-json\/wp\/v2\/categories?post=745"},{"taxonomy":"post_tag","embeddable":true,"href":"https:\/\/puntodincontro.mx\/es\/wp-json\/wp\/v2\/tags?post=745"}],"curies":[{"name":"wp","href":"https:\/\/api.w.org\/{rel}","templated":true}]}}