{"id":7468,"date":"2022-09-11T17:27:50","date_gmt":"2022-09-11T22:27:50","guid":{"rendered":"https:\/\/puntodincontro.mx\/?p=7468"},"modified":"2022-09-11T18:05:00","modified_gmt":"2022-09-11T23:05:00","slug":"federico-felli-made-in-italy-y-cultura-italiana-recursos-inagotables","status":"publish","type":"post","link":"https:\/\/puntodincontro.mx\/es\/2022\/09\/11\/federico-felli-made-in-italy-e-cultura-italiana-risorse-inesauribili\/","title":{"rendered":"Felli: \u00abMade in Italy y cultura italiana recursos inagotables\u00bb"},"content":{"rendered":"<p class=\"translation-block\"><strong>ENTREVISTA AL <a href=\"https:\/\/puntodincontro.mx\/es\/2022\/09\/09\/felli-candidato-a-diputado-para-el-centroderecha-en-norte-y-centroamerica\/\" target=\"_blank\" rel=\"noreferrer noopener\">CANDIDATO DEL CENTRO-DERECHA A LA C\u00c1MARA DE DIPUTADOS<\/a><\/strong><\/p>\n\n\n\n<p class=\"translation-block\">Federico Felli es uno de los 4 candidatos de la coalici\u00f3n de centro-derecha a la C\u00e1mara de Diputados en Am\u00e9rica del Norte y Central. Conozc\u00e1moslo mejor.<\/p>\n\n\n\n<p><strong>Cu\u00e9ntanos tu historia personal y profesional de emigraci\u00f3n. \u00bfQui\u00e9n es Federico Felli?<\/strong><\/p>\n\n\n\n<p>Soy un abruzense que vive en Toronto con su familia, mi esposa es una italiana hija de emigrados en los a\u00f1os sesenta. Vine a Canad\u00e1 para aprovechar la oportunidad que esta tierra ofrece para m\u00ed y mis dos hijos. Durante varios a\u00f1os fui ejecutivo en una empresa estadounidense y ahora soy socio en una empresa manufacturera del sector alimentario. Me apasiona la pol\u00edtica entendida como un servicio a la Comunidad encaminado a mejorar la calidad de vida de las personas. En 2019, con otros connacionales, formamos un grupo de trabajo que se activ\u00f3 inmediatamente con interpelaciones parlamentarias sobre las ineficiencias consulares y el certificado de validez del permiso de conducir italiano, pero tambi\u00e9n con participaci\u00f3n activa en los \u00f3rganos representativos. Ahora el objetivo es un esca\u00f1o en el Parlamento para obtener mayor visibilidad y poder de decisi\u00f3n, para velar por los intereses de los italianos residentes en Am\u00e9rica Central y del Norte.<\/p>\n\n\n\n<p><strong>Los italianos en el mundo son un gran recurso. \u00bfQu\u00e9 har\u00edas para potenciar su peso tanto en Italia como en su pa\u00eds de residencia?<\/strong><\/p>\n\n\n\n<p>Creo que la Comunidad de italianos en el mundo es un gran activo para Italia, no todos los pa\u00edses tienen ese patrimonio, el desaf\u00edo es saber encontrar las sinergias adecuadas. Se habla mucho del turismo de ra\u00edz, un programa ministerial muy v\u00e1lido, pero creo que debe ir acompa\u00f1ado de la devoluci\u00f3n de la ciudadan\u00eda a quienes la han perdido injustamente. Tambi\u00e9n se necesita m\u00e1s atenci\u00f3n para los descendientes de italianos que aspiran al pasaporte italiano. Piensen en cu\u00e1nta Italia en el mundo podr\u00eda volver a tener a nuestra patria como referencia para sus intereses. Creo que esto puede generar un impulso importante para la econom\u00eda italiana y ofrecer valiosas oportunidades en el contexto europeo para muchos italianos de tercera y cuarta generaci\u00f3n. El Made in Italy y la cultura italiana son recursos inagotables que no temen a la competencia, ni siquiera a largo plazo.<\/p>\n\n\n\n<p><strong>Impuestos, testamentos, cambios de titularidad, licencias de conducir, certificados escolares, ciudadan\u00eda, pensiones, cobertura de salud, etc.\u00bfQu\u00e9 se puede hacer para que la burocracia para los italianos en el extranjero sea m\u00e1s \u00e1gil, f\u00e1cil y eficiente?<\/strong><\/p>\n\n\n\n<p>Todos estos temas est\u00e1n incluidos en nuestro programa, la burocracia y los largos plazos de entrega se apoderan de la vida de nuestros connacionales. Creo que es urgente desencadenar acciones en\u00e9rgicas que tiendan a fortalecer el personal de los consulados, activar procedimientos de emergencia post-covid para el nombramiento de varios c\u00f3nsules adjuntos con sede en el territorio, que a su vez puedan ofrecer servicios adicionales; otorgar a los patronatos la prestaci\u00f3n de servicios b\u00e1sicos; adem\u00e1s, a trav\u00e9s de los Com.it.es., activar proyectos para la orientaci\u00f3n de los reci\u00e9n llegados. Hay mucho por hacer, lamentablemente, somos conscientes de ello, esto debe hacernos reflexionar sobre quien nos representa ahora y sobre la oportunidad que tenemos, con el voto, de cambiar.<\/p>\n\n\n\n<p><strong>\u00bfQu\u00e9 te impuls\u00f3 a meterte en pol\u00edtica y postularte para la Liga y el Centro-derecha?<\/strong><\/p>\n\n\n\n<p>Empec\u00e9 mi experiencia con la Liga antes de mudarme a Canad\u00e1, en Abruzzo, donde la Liga ahora tiene diez consejeros regionales y tres parlamentarios. Es un partido que tiene un perfil nacional muy apreciado en todas las regiones. Me atrajo el modelo organizativo, la relaci\u00f3n directa con el territorio, las actividades de acercamiento a las bases, el sistema de secciones y las batallas en apoyo a los italianos, el Made in Italy y la protecci\u00f3n de las identidades regionales. Empaqu\u00e9 y traje esta pasi\u00f3n aqu\u00ed conmigo y hoy soy el coordinador canadiense de <em>Lega nel Mondo<\/em>. Puedo decir con confianza que la m\u00eda es una candidatura de partido, por eso tenemos una organizaci\u00f3n s\u00f3lida en todo el territorio de la divisi\u00f3n Centro y Norteam\u00e9rica y relaciones estables con toda la coalici\u00f3n de centro-derecha.<\/p>\n\n\n\n<p><strong>\u00bfCu\u00e1les son las 3 prioridades que pretendes lograr una vez que seas elegido para el Parlamento?<\/strong><\/p>\n\n\n\n<p class=\"translation-block\">Al mismo tiempo: <strong>1<\/strong>. Fortalecer la red consular y de atenci\u00f3n al ciudadano, con la vigorosa acci\u00f3n descrita en las respuestas anteriores; <strong>2<\/strong>. Reforma de los Com.it.es para asegurar una mayor representatividad resumida en tres puntos: <strong>a<\/strong>- superar el sistema de voto opcional, acelerar la aplicaci\u00f3n del voto electr\u00f3nico ya ensayado en varias ciudades durante las \u00faltimas elecciones; <strong>b<\/strong>- Fomentar una mayor colaboraci\u00f3n y presencia en el CGIE de los Presidentes electos de los Com.it.es.: <strong>c<\/strong>- Evitar el recorte del 50% previsto para 2023 en los fondos disponibles para gastos operativos de mera funcionalidad: se pasar\u00eda de 2.5 millones a 1.2 millones en total para todos los Com.It.Es. del mundo. 3. Ciudadan\u00eda a quienes la hayan perdido y a los descendientes de italianos.<\/p>\n\n\n<div class=\"wp-block-image\">\n<figure class=\"aligncenter size-full\"><a href=\"https:\/\/www.facebook.com\/federico.felli.1\" target=\"_blank\" rel=\"noreferrer noopener\"><img loading=\"lazy\" decoding=\"async\" width=\"800\" height=\"388\" src=\"https:\/\/puntodincontro.mx\/wp-content\/uploads\/2022\/09\/bannerfelli.webp\" alt=\"\" class=\"wp-image-7477\" srcset=\"https:\/\/puntodincontro.mx\/wp-content\/uploads\/2022\/09\/bannerfelli.webp 800w, https:\/\/puntodincontro.mx\/wp-content\/uploads\/2022\/09\/bannerfelli-300x146.webp 300w, https:\/\/puntodincontro.mx\/wp-content\/uploads\/2022\/09\/bannerfelli-768x372.webp 768w, https:\/\/puntodincontro.mx\/wp-content\/uploads\/2022\/09\/bannerfelli-18x9.webp 18w\" sizes=\"(max-width: 800px) 100vw, 800px\" \/><\/a><\/figure><\/div>\n\n\n<div style=\"height:12px\" aria-hidden=\"true\" class=\"wp-block-spacer\"><\/div>\n\n\n\n<p><strong>De Alaska a Panam\u00e1. Am\u00e9rica del Norte y Central es una divisi\u00f3n enorme. \u00bfC\u00f3mo piensas organizarte para representar mejor a los connacionales que ah\u00ed residen?<\/strong><\/p>\n\n\n\n<p>En primer lugar, saber equilibrar la presencia en el Parlamento y la relaci\u00f3n con el territorio, garantizando en la medida de los posible mi disponibilidad y mi presencia. Creemos que tenemos entre nuestros colaboradores en el \u00e1rea a profesionales que podr\u00e1n ofrecer su aporte. Ser\u00e1 fundamental centrarse en nuevos sistemas de comunicaci\u00f3n para reducir las distancias y fomentar la escucha de las solicitudes. Mantener vivas las relaciones con los \u00f3rganos de representaci\u00f3n, las instituciones locales y las asociaciones. La red debe ser consultada constantemente.<\/p>\n\n\n\n<p>Tel. 001 416 744 8847<br><a href=\"mailto:felliallacamera@gmail.com\" target=\"_blank\" rel=\"noreferrer noopener\">felliallacamera@gmail.com<\/a><br><a href=\"https:\/\/www.instagram.com\/leganelmondo_canada_usa\/\" target=\"_blank\" rel=\"noreferrer noopener\">www.instagram.com\/leganelmondo_canada_usa\/<\/a><br><a href=\"https:\/\/www.facebook.com\/federico.felli.1\" target=\"_blank\" rel=\"noreferrer noopener\">www.facebook.com\/federico.felli.1<\/a><a href=\"https:\/\/www.instagram.com\/leganelmondo_canada_usa\/\" target=\"_blank\" rel=\"noreferrer noopener\"><br><\/a><\/p>\n\n\n\n<p class=\"has-text-align-center\">ESTE ART\u00cdCULO ES UN MENSAJE ELECTORAL PAGADO<\/p>\n\n\n\n<div style=\"height:12px\" aria-hidden=\"true\" class=\"wp-block-spacer\"><\/div>\n\n\n<!-- Ad space powered by WP AdCenter v2.5.7 - https:\/\/wpadcenter.com\/ --><div class=\"wpadcenter-adgroup\" ><div class=\"wpadcenter-adgroup__row wpadcenter-aligncenter\"><div class=\"wpadcenter-ad-container\" ><div id=\"wpadcenter-ad-18464\" class=\"ad-placement\"><div class=\"wpadcenter-ad-inner\" ><a id=\"wpadcenter_ad\" data-value=\"18464\" data-placement=\"\" href=\"https:\/\/www.productosremo.com\/\" target=\"_blank\" class=\"wpadcenter-ad-inner__item\" ><img decoding=\"async\"   src=\"https:\/\/puntodincontro.mx\/wp-content\/uploads\/2021\/08\/remobanner.jpg\" class=\"attachment-post-thumbnail size-post-thumbnail wp-post-image\" alt=\"\" srcset=\"https:\/\/puntodincontro.mx\/wp-content\/uploads\/2021\/08\/remobanner.jpg 200w, https:\/\/puntodincontro.mx\/wp-content\/uploads\/2021\/08\/remobanner-16x5.jpg 16w\" sizes=\"(max-width: 200px) 100vw, 200px\" \/><\/a><\/div><\/div><\/div><div class=\"wpadcenter-ad-container\" ><div id=\"wpadcenter-ad-5305\" class=\"ad-placement\"><div class=\"wpadcenter-ad-inner\" ><a id=\"wpadcenter_ad\" data-value=\"5305\" data-placement=\"\" href=\"https:\/\/ambcittadelmessico.esteri.it\/ambasciata_cittadelmessico\/it\/\" target=\"_blank\" class=\"wpadcenter-ad-inner__item\" ><img decoding=\"async\"   src=\"https:\/\/puntodincontro.mx\/wp-content\/uploads\/2022\/05\/Ambasciata.jpg\" class=\"attachment-post-thumbnail size-post-thumbnail wp-post-image\" alt=\"\" srcset=\"https:\/\/puntodincontro.mx\/wp-content\/uploads\/2022\/05\/Ambasciata.jpg 200w, https:\/\/puntodincontro.mx\/wp-content\/uploads\/2022\/05\/Ambasciata-18x5.jpg 18w\" sizes=\"(max-width: 200px) 100vw, 200px\" \/><\/a><\/div><\/div><\/div><div class=\"wpadcenter-ad-container\" ><div id=\"wpadcenter-ad-3781\" class=\"ad-placement\"><div class=\"wpadcenter-ad-inner\" ><a id=\"wpadcenter_ad\" data-value=\"3781\" data-placement=\"\" href=\"https:\/\/cannizzo.com.mx\/\" target=\"_blank\" class=\"wpadcenter-ad-inner__item\" ><img decoding=\"async\"   src=\"https:\/\/puntodincontro.mx\/wp-content\/uploads\/2022\/03\/cannizzo2.jpg\" class=\"attachment-post-thumbnail size-post-thumbnail wp-post-image\" alt=\"\" srcset=\"https:\/\/puntodincontro.mx\/wp-content\/uploads\/2022\/03\/cannizzo2.jpg 200w, https:\/\/puntodincontro.mx\/wp-content\/uploads\/2022\/03\/cannizzo2-18x5.jpg 18w\" sizes=\"(max-width: 200px) 100vw, 200px\" \/><\/a><\/div><\/div><\/div><\/div><div class=\"wpadcenter-adgroup__row wpadcenter-aligncenter\"><div class=\"wpadcenter-ad-container\" ><div id=\"wpadcenter-ad-1704\" class=\"ad-placement\"><div class=\"wpadcenter-ad-inner\" ><a id=\"wpadcenter_ad\" data-value=\"1704\" data-placement=\"\" href=\"https:\/\/puntodincontro.mx\/es\/2021\/12\/24\/inps-verificacion-de-supervivencia-de-los-pensionados-en-el-extranjero\/\" target=\"_blank\" class=\"wpadcenter-ad-inner__item\" ><img decoding=\"async\"   src=\"https:\/\/puntodincontro.mx\/wp-content\/uploads\/2021\/11\/logo-ital.jpg\" class=\"attachment-post-thumbnail size-post-thumbnail wp-post-image\" alt=\"Patronato ITAL Messico\" srcset=\"https:\/\/puntodincontro.mx\/wp-content\/uploads\/2021\/11\/logo-ital.jpg 200w, https:\/\/puntodincontro.mx\/wp-content\/uploads\/2021\/11\/logo-ital-16x5.jpg 16w\" sizes=\"(max-width: 200px) 100vw, 200px\" \/><\/a><\/div><\/div><\/div><div class=\"wpadcenter-ad-container\" ><div id=\"wpadcenter-ad-1538\" class=\"ad-placement\"><div class=\"wpadcenter-ad-inner\" ><a id=\"wpadcenter_ad\" data-value=\"1538\" data-placement=\"\" href=\"https:\/\/asociacionitaliana.org\/\" target=\"_blank\" class=\"wpadcenter-ad-inner__item\" ><img decoding=\"async\"   src=\"https:\/\/puntodincontro.mx\/wp-content\/uploads\/2021\/11\/aialogo.jpg\" class=\"attachment-post-thumbnail size-post-thumbnail wp-post-image\" alt=\"Associazione Italiana di Assistenza IAP\" srcset=\"https:\/\/puntodincontro.mx\/wp-content\/uploads\/2021\/11\/aialogo.jpg 200w, https:\/\/puntodincontro.mx\/wp-content\/uploads\/2021\/11\/aialogo-18x5.jpg 18w\" sizes=\"(max-width: 200px) 100vw, 200px\" \/><\/a><\/div><\/div><\/div><div class=\"wpadcenter-ad-container\" ><div id=\"wpadcenter-ad-1513\" class=\"ad-placement\"><div class=\"wpadcenter-ad-inner\" ><a id=\"wpadcenter_ad\" data-value=\"1513\" data-placement=\"\" href=\"https:\/\/gcinmuebles.mx\" target=\"_blank\" class=\"wpadcenter-ad-inner__item\" ><img decoding=\"async\"   src=\"https:\/\/puntodincontro.mx\/wp-content\/uploads\/2021\/10\/gcinmuebleslogopunto-1.jpg\" class=\"attachment-post-thumbnail size-post-thumbnail wp-post-image\" alt=\"\" srcset=\"https:\/\/puntodincontro.mx\/wp-content\/uploads\/2021\/10\/gcinmuebleslogopunto-1.jpg 200w, https:\/\/puntodincontro.mx\/wp-content\/uploads\/2021\/10\/gcinmuebleslogopunto-1-18x5.jpg 18w\" sizes=\"(max-width: 200px) 100vw, 200px\" \/><\/a><\/div><\/div><\/div><\/div><div class=\"wpadcenter-adgroup__row wpadcenter-aligncenter\"><div class=\"wpadcenter-ad-container\" ><div id=\"wpadcenter-ad-1374\" class=\"ad-placement\"><div class=\"wpadcenter-ad-inner\" ><a id=\"wpadcenter_ad\" data-value=\"1374\" data-placement=\"\" href=\"https:\/\/www.9colonne.it\/\" target=\"_blank\" class=\"wpadcenter-ad-inner__item\" ><img decoding=\"async\"   src=\"https:\/\/puntodincontro.mx\/wp-content\/uploads\/2021\/10\/Banner9colonne.gif\" class=\"attachment-post-thumbnail size-post-thumbnail wp-post-image\" alt=\"\" \/><\/a><\/div><\/div><\/div><div class=\"wpadcenter-ad-container\" ><div id=\"wpadcenter-ad-276\" class=\"ad-placement\"><div class=\"wpadcenter-ad-inner\" ><a id=\"wpadcenter_ad\" data-value=\"276\" data-placement=\"\" href=\"http:\/\/www.camaraitaliana.mx\/\" target=\"_blank\" class=\"wpadcenter-ad-inner__item\" ><img decoding=\"async\"   src=\"https:\/\/puntodincontro.mx\/wp-content\/uploads\/2021\/08\/ccimnuovo.jpg\" class=\"attachment-post-thumbnail size-post-thumbnail wp-post-image\" alt=\"\" srcset=\"https:\/\/puntodincontro.mx\/wp-content\/uploads\/2021\/08\/ccimnuovo.jpg 200w, https:\/\/puntodincontro.mx\/wp-content\/uploads\/2021\/08\/ccimnuovo-18x5.jpg 18w\" sizes=\"(max-width: 200px) 100vw, 200px\" \/><\/a><\/div><\/div><\/div><div class=\"wpadcenter-ad-container\" ><div id=\"wpadcenter-ad-272\" class=\"ad-placement\"><div class=\"wpadcenter-ad-inner\" ><a id=\"wpadcenter_ad\" data-value=\"272\" data-placement=\"\" href=\"http:\/\/corix.us\/\" target=\"_blank\" class=\"wpadcenter-ad-inner__item\" ><img decoding=\"async\"   src=\"https:\/\/puntodincontro.mx\/wp-content\/uploads\/2021\/08\/corixbanner-1.jpg\" class=\"attachment-post-thumbnail size-post-thumbnail wp-post-image\" alt=\"\" srcset=\"https:\/\/puntodincontro.mx\/wp-content\/uploads\/2021\/08\/corixbanner-1.jpg 200w, https:\/\/puntodincontro.mx\/wp-content\/uploads\/2021\/08\/corixbanner-1-16x5.jpg 16w\" sizes=\"(max-width: 200px) 100vw, 200px\" \/><\/a><\/div><\/div><\/div><\/div><div class=\"wpadcenter-adgroup__row wpadcenter-aligncenter\"><div class=\"wpadcenter-ad-container\" ><div id=\"wpadcenter-ad-266\" class=\"ad-placement\"><div class=\"wpadcenter-ad-inner\" ><a id=\"wpadcenter_ad\" data-value=\"266\" data-placement=\"\" href=\"https:\/\/www.prinsel.com.mx\/\" target=\"_blank\" class=\"wpadcenter-ad-inner__item\" ><img decoding=\"async\"   src=\"https:\/\/puntodincontro.mx\/wp-content\/uploads\/2021\/08\/prinselbanner-1.jpg\" class=\"attachment-post-thumbnail size-post-thumbnail wp-post-image\" alt=\"\" srcset=\"https:\/\/puntodincontro.mx\/wp-content\/uploads\/2021\/08\/prinselbanner-1.jpg 200w, https:\/\/puntodincontro.mx\/wp-content\/uploads\/2021\/08\/prinselbanner-1-16x5.jpg 16w\" sizes=\"(max-width: 200px) 100vw, 200px\" \/><\/a><\/div><\/div><\/div><div class=\"wpadcenter-ad-container\" ><div id=\"wpadcenter-ad-261\" class=\"ad-placement\"><div class=\"wpadcenter-ad-inner\" ><a id=\"wpadcenter_ad\" data-value=\"261\" data-placement=\"\" href=\"https:\/\/faitalia.com.mx\/\" target=\"_blank\" class=\"wpadcenter-ad-inner__item\" ><img decoding=\"async\"   src=\"https:\/\/puntodincontro.mx\/wp-content\/uploads\/2021\/08\/gruppodino.jpg\" class=\"attachment-post-thumbnail size-post-thumbnail wp-post-image\" alt=\"\" srcset=\"https:\/\/puntodincontro.mx\/wp-content\/uploads\/2021\/08\/gruppodino.jpg 200w, https:\/\/puntodincontro.mx\/wp-content\/uploads\/2021\/08\/gruppodino-18x5.jpg 18w\" sizes=\"(max-width: 200px) 100vw, 200px\" \/><\/a><\/div><\/div><\/div><\/div><\/div>\n\n\n<div style=\"height:12px\" aria-hidden=\"true\" class=\"wp-block-spacer\"><\/div>","protected":false},"excerpt":{"rendered":"<p>INTERVISTA AL CANDIDATO DEL CENTRODESTRA ALLA CAMERA Federico Felli \u00e8 uno dei 4 candidati della coalizione di centrodestra alla Camera in America Settentrionale e Centrale. Conosciamolo meglio. Raccontaci la tua storia personale e professionale di emigrazione. Chi \u00e8 Federico Felli? Sono un Abruzzese che vive a Toronto con la sua famiglia, mia moglie \u00e8 italiana figlia di emigrati negli anni sessanta. Sono venuto in Canada per cogliere l\u2019opportunit\u00e0 che offre questa terra per me e per i miei due figli. Per diversi anni sono stato dirigente in una azienda americana e ora sono socio in una attivit\u00e0 manifatturiera nel settore&#8230; <\/p>","protected":false},"author":2,"featured_media":7480,"comment_status":"open","ping_status":"open","sticky":false,"template":"","format":"standard","meta":{"_monsterinsights_skip_tracking":false,"_monsterinsights_sitenote_active":false,"_monsterinsights_sitenote_note":"","_monsterinsights_sitenote_category":0,"footnotes":""},"categories":[5],"tags":[],"class_list":["post-7468","post","type-post","status-publish","format-standard","has-post-thumbnail","hentry","category-italia-nel-mondo"],"yoast_head":"<!-- This site is optimized with the Yoast SEO Premium plugin v18.4 (Yoast SEO v25.6) - https:\/\/yoast.com\/wordpress\/plugins\/seo\/ -->\n<title>Federico Felli: \u00abMade in Italy e cultura Italiana risorse inesauribili\u00bb<\/title>\n<meta name=\"description\" content=\"Federico Felli \u00e8 uno dei 4 candidati della coalizione di centrodestra alla Camera in America Settentrionale e Centrale.\" \/>\n<meta name=\"robots\" content=\"index, follow, max-snippet:-1, max-image-preview:large, max-video-preview:-1\" \/>\n<link rel=\"canonical\" href=\"https:\/\/puntodincontro.mx\/es\/2022\/09\/11\/federico-felli-made-in-italy-y-cultura-italiana-recursos-inagotables\/\" \/>\n<meta property=\"og:locale\" content=\"es_MX\" \/>\n<meta property=\"og:type\" content=\"article\" \/>\n<meta property=\"og:title\" content=\"Felli: \u00abMade in Italy e cultura Italiana risorse inesauribili\u00bb\" \/>\n<meta property=\"og:description\" content=\"Federico Felli \u00e8 uno dei 4 candidati della coalizione di centrodestra alla Camera in America Settentrionale e Centrale.\" \/>\n<meta property=\"og:url\" content=\"https:\/\/puntodincontro.mx\/es\/2022\/09\/11\/federico-felli-made-in-italy-y-cultura-italiana-recursos-inagotables\/\" \/>\n<meta property=\"og:site_name\" content=\"Puntodincontro\" \/>\n<meta property=\"article:publisher\" content=\"https:\/\/www.facebook.com\/puntodincontro.mx\" \/>\n<meta property=\"article:published_time\" content=\"2022-09-11T22:27:50+00:00\" \/>\n<meta property=\"article:modified_time\" content=\"2022-09-11T23:05:00+00:00\" \/>\n<meta property=\"og:image\" content=\"https:\/\/puntodincontro.mx\/wp-content\/uploads\/2022\/09\/primoarticolofedericofellivert.webp\" \/>\n\t<meta property=\"og:image:width\" content=\"423\" \/>\n\t<meta property=\"og:image:height\" content=\"488\" \/>\n\t<meta property=\"og:image:type\" content=\"image\/webp\" \/>\n<meta name=\"author\" content=\"Puntodincontro\" \/>\n<meta name=\"twitter:card\" content=\"summary_large_image\" \/>\n<meta name=\"twitter:creator\" content=\"@puntodincontro\" \/>\n<meta name=\"twitter:site\" content=\"@puntodincontro\" \/>\n<meta name=\"twitter:label1\" content=\"Escrito por\" \/>\n\t<meta name=\"twitter:data1\" content=\"Puntodincontro\" \/>\n\t<meta name=\"twitter:label2\" content=\"Tiempo de lectura\" \/>\n\t<meta name=\"twitter:data2\" content=\"4 minutos\" \/>\n<script type=\"application\/ld+json\" class=\"yoast-schema-graph\">{\"@context\":\"https:\/\/schema.org\",\"@graph\":[{\"@type\":\"NewsArticle\",\"@id\":\"https:\/\/puntodincontro.mx\/2022\/09\/11\/federico-felli-made-in-italy-e-cultura-italiana-risorse-inesauribili\/#article\",\"isPartOf\":{\"@id\":\"https:\/\/puntodincontro.mx\/2022\/09\/11\/federico-felli-made-in-italy-e-cultura-italiana-risorse-inesauribili\/\"},\"author\":{\"name\":\"Puntodincontro\",\"@id\":\"https:\/\/puntodincontro.mx\/#\/schema\/person\/d3066d18a16259cbb0c29b0d0e93b556\"},\"headline\":\"Felli: \u00abMade in Italy e cultura Italiana risorse inesauribili\u00bb\",\"datePublished\":\"2022-09-11T22:27:50+00:00\",\"dateModified\":\"2022-09-11T23:05:00+00:00\",\"mainEntityOfPage\":{\"@id\":\"https:\/\/puntodincontro.mx\/2022\/09\/11\/federico-felli-made-in-italy-e-cultura-italiana-risorse-inesauribili\/\"},\"wordCount\":892,\"commentCount\":0,\"publisher\":{\"@id\":\"https:\/\/puntodincontro.mx\/#organization\"},\"image\":{\"@id\":\"https:\/\/puntodincontro.mx\/2022\/09\/11\/federico-felli-made-in-italy-e-cultura-italiana-risorse-inesauribili\/#primaryimage\"},\"thumbnailUrl\":\"https:\/\/puntodincontro.mx\/wp-content\/uploads\/2022\/09\/primoarticolofedericofellivert.webp\",\"articleSection\":[\"Italia nel mondo\"],\"inLanguage\":\"es\",\"potentialAction\":[{\"@type\":\"CommentAction\",\"name\":\"Comment\",\"target\":[\"https:\/\/puntodincontro.mx\/2022\/09\/11\/federico-felli-made-in-italy-e-cultura-italiana-risorse-inesauribili\/#respond\"]}]},{\"@type\":\"WebPage\",\"@id\":\"https:\/\/puntodincontro.mx\/2022\/09\/11\/federico-felli-made-in-italy-e-cultura-italiana-risorse-inesauribili\/\",\"url\":\"https:\/\/puntodincontro.mx\/2022\/09\/11\/federico-felli-made-in-italy-e-cultura-italiana-risorse-inesauribili\/\",\"name\":\"Federico Felli: \u00abMade in Italy e cultura Italiana risorse inesauribili\u00bb\",\"isPartOf\":{\"@id\":\"https:\/\/puntodincontro.mx\/#website\"},\"primaryImageOfPage\":{\"@id\":\"https:\/\/puntodincontro.mx\/2022\/09\/11\/federico-felli-made-in-italy-e-cultura-italiana-risorse-inesauribili\/#primaryimage\"},\"image\":{\"@id\":\"https:\/\/puntodincontro.mx\/2022\/09\/11\/federico-felli-made-in-italy-e-cultura-italiana-risorse-inesauribili\/#primaryimage\"},\"thumbnailUrl\":\"https:\/\/puntodincontro.mx\/wp-content\/uploads\/2022\/09\/primoarticolofedericofellivert.webp\",\"datePublished\":\"2022-09-11T22:27:50+00:00\",\"dateModified\":\"2022-09-11T23:05:00+00:00\",\"description\":\"Federico Felli \u00e8 uno dei 4 candidati della coalizione di centrodestra alla Camera in America Settentrionale e Centrale.\",\"breadcrumb\":{\"@id\":\"https:\/\/puntodincontro.mx\/2022\/09\/11\/federico-felli-made-in-italy-e-cultura-italiana-risorse-inesauribili\/#breadcrumb\"},\"inLanguage\":\"es\",\"potentialAction\":[{\"@type\":\"ReadAction\",\"target\":[\"https:\/\/puntodincontro.mx\/2022\/09\/11\/federico-felli-made-in-italy-e-cultura-italiana-risorse-inesauribili\/\"]}]},{\"@type\":\"ImageObject\",\"inLanguage\":\"es\",\"@id\":\"https:\/\/puntodincontro.mx\/2022\/09\/11\/federico-felli-made-in-italy-e-cultura-italiana-risorse-inesauribili\/#primaryimage\",\"url\":\"https:\/\/puntodincontro.mx\/wp-content\/uploads\/2022\/09\/primoarticolofedericofellivert.webp\",\"contentUrl\":\"https:\/\/puntodincontro.mx\/wp-content\/uploads\/2022\/09\/primoarticolofedericofellivert.webp\",\"width\":423,\"height\":488,\"caption\":\"Felli: \u00abMade in Italy e la cultura Italiana risorse inesauribili\u00bb\"},{\"@type\":\"BreadcrumbList\",\"@id\":\"https:\/\/puntodincontro.mx\/2022\/09\/11\/federico-felli-made-in-italy-e-cultura-italiana-risorse-inesauribili\/#breadcrumb\",\"itemListElement\":[{\"@type\":\"ListItem\",\"position\":1,\"name\":\"Home\",\"item\":\"https:\/\/puntodincontro.mx\/\"},{\"@type\":\"ListItem\",\"position\":2,\"name\":\"Felli: \u00abMade in Italy e cultura Italiana risorse inesauribili\u00bb\"}]},{\"@type\":\"WebSite\",\"@id\":\"https:\/\/puntodincontro.mx\/#website\",\"url\":\"https:\/\/puntodincontro.mx\/\",\"name\":\"Puntodincontro\",\"description\":\"Dal 2006 notizie sui rapporti Italia-Messico \/ Desde 2006 noticias sobre las relaciones entre Italia y M\u00e9xico\",\"publisher\":{\"@id\":\"https:\/\/puntodincontro.mx\/#organization\"},\"potentialAction\":[{\"@type\":\"SearchAction\",\"target\":{\"@type\":\"EntryPoint\",\"urlTemplate\":\"https:\/\/puntodincontro.mx\/?s={search_term_string}\"},\"query-input\":{\"@type\":\"PropertyValueSpecification\",\"valueRequired\":true,\"valueName\":\"search_term_string\"}}],\"inLanguage\":\"es\"},{\"@type\":\"Organization\",\"@id\":\"https:\/\/puntodincontro.mx\/#organization\",\"name\":\"Puntodincontro\",\"url\":\"https:\/\/puntodincontro.mx\/\",\"logo\":{\"@type\":\"ImageObject\",\"inLanguage\":\"es\",\"@id\":\"https:\/\/puntodincontro.mx\/#\/schema\/logo\/image\/\",\"url\":\"https:\/\/puntodincontro.mx\/wp-content\/uploads\/2021\/08\/Default-image-for-open-graph-settings.jpg\",\"contentUrl\":\"https:\/\/puntodincontro.mx\/wp-content\/uploads\/2021\/08\/Default-image-for-open-graph-settings.jpg\",\"width\":1200,\"height\":630,\"caption\":\"Puntodincontro\"},\"image\":{\"@id\":\"https:\/\/puntodincontro.mx\/#\/schema\/logo\/image\/\"},\"sameAs\":[\"https:\/\/www.facebook.com\/puntodincontro.mx\",\"https:\/\/x.com\/puntodincontro\",\"https:\/\/www.instagram.com\/puntodincontro.mx\/\",\"https:\/\/www.linkedin.com\/company\/puntodincontro\/\",\"https:\/\/www.youtube.com\/c\/puntodincontromessico\",\"https:\/\/www.patreon.com\/puntodincontro\",\"https:\/\/www.threads.net\/@puntodincontro.mx\"]},{\"@type\":\"Person\",\"@id\":\"https:\/\/puntodincontro.mx\/#\/schema\/person\/d3066d18a16259cbb0c29b0d0e93b556\",\"name\":\"Puntodincontro\",\"image\":{\"@type\":\"ImageObject\",\"inLanguage\":\"es\",\"@id\":\"https:\/\/puntodincontro.mx\/#\/schema\/person\/image\/\",\"url\":\"https:\/\/secure.gravatar.com\/avatar\/0e85b4b3b5e9d6bfcec6a4956d8cc63a?s=96&d=mm&r=g\",\"contentUrl\":\"https:\/\/secure.gravatar.com\/avatar\/0e85b4b3b5e9d6bfcec6a4956d8cc63a?s=96&d=mm&r=g\",\"caption\":\"Puntodincontro\"},\"url\":\"https:\/\/puntodincontro.mx\/es\/author\/puntodincontro\/\"}]}<\/script>\n<!-- \/ Yoast SEO Premium plugin. -->","yoast_head_json":{"title":"Federico Felli: \u00abMade in Italy y cultura italiana recursos inagotables\u00bb","description":"Federico Felli es uno de los 4 candidatos de la coalici\u00f3n de centro-derecha a la C\u00e1mara de Diputados en Am\u00e9rica del Norte y Central.","robots":{"index":"index","follow":"follow","max-snippet":"max-snippet:-1","max-image-preview":"max-image-preview:large","max-video-preview":"max-video-preview:-1"},"canonical":"https:\/\/puntodincontro.mx\/es\/2022\/09\/11\/federico-felli-made-in-italy-y-cultura-italiana-recursos-inagotables\/","og_locale":"es_MX","og_type":"article","og_title":"Felli: \u00abMade in Italy e cultura Italiana risorse inesauribili\u00bb","og_description":"Federico Felli \u00e8 uno dei 4 candidati della coalizione di centrodestra alla Camera in America Settentrionale e Centrale.","og_url":"https:\/\/puntodincontro.mx\/es\/2022\/09\/11\/federico-felli-made-in-italy-y-cultura-italiana-recursos-inagotables\/","og_site_name":"Puntodincontro","article_publisher":"https:\/\/www.facebook.com\/puntodincontro.mx","article_published_time":"2022-09-11T22:27:50+00:00","article_modified_time":"2022-09-11T23:05:00+00:00","og_image":[{"width":423,"height":488,"url":"https:\/\/puntodincontro.mx\/wp-content\/uploads\/2022\/09\/primoarticolofedericofellivert.webp","type":"image\/webp"}],"author":"Puntodincontro","twitter_card":"summary_large_image","twitter_creator":"@puntodincontro","twitter_site":"@puntodincontro","twitter_misc":{"Escrito por":"Puntodincontro","Tiempo de lectura":"4 minutos"},"schema":{"@context":"https:\/\/schema.org","@graph":[{"@type":"NewsArticle","@id":"https:\/\/puntodincontro.mx\/2022\/09\/11\/federico-felli-made-in-italy-e-cultura-italiana-risorse-inesauribili\/#article","isPartOf":{"@id":"https:\/\/puntodincontro.mx\/2022\/09\/11\/federico-felli-made-in-italy-e-cultura-italiana-risorse-inesauribili\/"},"author":{"name":"Puntodincontro","@id":"https:\/\/puntodincontro.mx\/#\/schema\/person\/d3066d18a16259cbb0c29b0d0e93b556"},"headline":"Felli: \u00abMade in Italy e cultura Italiana risorse inesauribili\u00bb","datePublished":"2022-09-11T22:27:50+00:00","dateModified":"2022-09-11T23:05:00+00:00","mainEntityOfPage":{"@id":"https:\/\/puntodincontro.mx\/2022\/09\/11\/federico-felli-made-in-italy-e-cultura-italiana-risorse-inesauribili\/"},"wordCount":892,"commentCount":0,"publisher":{"@id":"https:\/\/puntodincontro.mx\/#organization"},"image":{"@id":"https:\/\/puntodincontro.mx\/2022\/09\/11\/federico-felli-made-in-italy-e-cultura-italiana-risorse-inesauribili\/#primaryimage"},"thumbnailUrl":"https:\/\/puntodincontro.mx\/wp-content\/uploads\/2022\/09\/primoarticolofedericofellivert.webp","articleSection":["Italia nel mondo"],"inLanguage":"es","potentialAction":[{"@type":"CommentAction","name":"Comment","target":["https:\/\/puntodincontro.mx\/2022\/09\/11\/federico-felli-made-in-italy-e-cultura-italiana-risorse-inesauribili\/#respond"]}]},{"@type":"WebPage","@id":"https:\/\/puntodincontro.mx\/2022\/09\/11\/federico-felli-made-in-italy-e-cultura-italiana-risorse-inesauribili\/","url":"https:\/\/puntodincontro.mx\/2022\/09\/11\/federico-felli-made-in-italy-e-cultura-italiana-risorse-inesauribili\/","name":"Federico Felli: \u00abMade in Italy y cultura italiana recursos inagotables\u00bb","isPartOf":{"@id":"https:\/\/puntodincontro.mx\/#website"},"primaryImageOfPage":{"@id":"https:\/\/puntodincontro.mx\/2022\/09\/11\/federico-felli-made-in-italy-e-cultura-italiana-risorse-inesauribili\/#primaryimage"},"image":{"@id":"https:\/\/puntodincontro.mx\/2022\/09\/11\/federico-felli-made-in-italy-e-cultura-italiana-risorse-inesauribili\/#primaryimage"},"thumbnailUrl":"https:\/\/puntodincontro.mx\/wp-content\/uploads\/2022\/09\/primoarticolofedericofellivert.webp","datePublished":"2022-09-11T22:27:50+00:00","dateModified":"2022-09-11T23:05:00+00:00","description":"Federico Felli es uno de los 4 candidatos de la coalici\u00f3n de centro-derecha a la C\u00e1mara de Diputados en Am\u00e9rica del Norte y Central.","breadcrumb":{"@id":"https:\/\/puntodincontro.mx\/2022\/09\/11\/federico-felli-made-in-italy-e-cultura-italiana-risorse-inesauribili\/#breadcrumb"},"inLanguage":"es","potentialAction":[{"@type":"ReadAction","target":["https:\/\/puntodincontro.mx\/2022\/09\/11\/federico-felli-made-in-italy-e-cultura-italiana-risorse-inesauribili\/"]}]},{"@type":"ImageObject","inLanguage":"es","@id":"https:\/\/puntodincontro.mx\/2022\/09\/11\/federico-felli-made-in-italy-e-cultura-italiana-risorse-inesauribili\/#primaryimage","url":"https:\/\/puntodincontro.mx\/wp-content\/uploads\/2022\/09\/primoarticolofedericofellivert.webp","contentUrl":"https:\/\/puntodincontro.mx\/wp-content\/uploads\/2022\/09\/primoarticolofedericofellivert.webp","width":423,"height":488,"caption":"Felli: \u00abMade in Italy e la cultura Italiana risorse inesauribili\u00bb"},{"@type":"BreadcrumbList","@id":"https:\/\/puntodincontro.mx\/2022\/09\/11\/federico-felli-made-in-italy-e-cultura-italiana-risorse-inesauribili\/#breadcrumb","itemListElement":[{"@type":"ListItem","position":1,"name":"Home","item":"https:\/\/puntodincontro.mx\/"},{"@type":"ListItem","position":2,"name":"Felli: \u00abMade in Italy e cultura Italiana risorse inesauribili\u00bb"}]},{"@type":"WebSite","@id":"https:\/\/puntodincontro.mx\/#website","url":"https:\/\/puntodincontro.mx\/","name":"Puntodincontro","description":"Desde el 2006 noticias sobre las relaciones entre Italia y M\u00e9xico \/ Dal 2006 notizie sui rapporti Italia-Messico","publisher":{"@id":"https:\/\/puntodincontro.mx\/#organization"},"potentialAction":[{"@type":"SearchAction","target":{"@type":"EntryPoint","urlTemplate":"https:\/\/puntodincontro.mx\/?s={search_term_string}"},"query-input":{"@type":"PropertyValueSpecification","valueRequired":true,"valueName":"search_term_string"}}],"inLanguage":"es"},{"@type":"Organization","@id":"https:\/\/puntodincontro.mx\/#organization","name":"Puntodincontro","url":"https:\/\/puntodincontro.mx\/","logo":{"@type":"ImageObject","inLanguage":"es","@id":"https:\/\/puntodincontro.mx\/#\/schema\/logo\/image\/","url":"https:\/\/puntodincontro.mx\/wp-content\/uploads\/2021\/08\/Default-image-for-open-graph-settings.jpg","contentUrl":"https:\/\/puntodincontro.mx\/wp-content\/uploads\/2021\/08\/Default-image-for-open-graph-settings.jpg","width":1200,"height":630,"caption":"Puntodincontro"},"image":{"@id":"https:\/\/puntodincontro.mx\/#\/schema\/logo\/image\/"},"sameAs":["https:\/\/www.facebook.com\/puntodincontro.mx","https:\/\/x.com\/puntodincontro","https:\/\/www.instagram.com\/puntodincontro.mx\/","https:\/\/www.linkedin.com\/company\/puntodincontro\/","https:\/\/www.youtube.com\/c\/puntodincontromessico","https:\/\/www.patreon.com\/puntodincontro","https:\/\/www.threads.net\/@puntodincontro.mx"]},{"@type":"Person","@id":"https:\/\/puntodincontro.mx\/#\/schema\/person\/d3066d18a16259cbb0c29b0d0e93b556","name":"Puntodincontro","image":{"@type":"ImageObject","inLanguage":"es","@id":"https:\/\/puntodincontro.mx\/#\/schema\/person\/image\/","url":"https:\/\/secure.gravatar.com\/avatar\/0e85b4b3b5e9d6bfcec6a4956d8cc63a?s=96&d=mm&r=g","contentUrl":"https:\/\/secure.gravatar.com\/avatar\/0e85b4b3b5e9d6bfcec6a4956d8cc63a?s=96&d=mm&r=g","caption":"Puntodincontro"},"url":"https:\/\/puntodincontro.mx\/es\/author\/puntodincontro\/"}]}},"_links":{"self":[{"href":"https:\/\/puntodincontro.mx\/es\/wp-json\/wp\/v2\/posts\/7468"}],"collection":[{"href":"https:\/\/puntodincontro.mx\/es\/wp-json\/wp\/v2\/posts"}],"about":[{"href":"https:\/\/puntodincontro.mx\/es\/wp-json\/wp\/v2\/types\/post"}],"author":[{"embeddable":true,"href":"https:\/\/puntodincontro.mx\/es\/wp-json\/wp\/v2\/users\/2"}],"replies":[{"embeddable":true,"href":"https:\/\/puntodincontro.mx\/es\/wp-json\/wp\/v2\/comments?post=7468"}],"version-history":[{"count":17,"href":"https:\/\/puntodincontro.mx\/es\/wp-json\/wp\/v2\/posts\/7468\/revisions"}],"predecessor-version":[{"id":7493,"href":"https:\/\/puntodincontro.mx\/es\/wp-json\/wp\/v2\/posts\/7468\/revisions\/7493"}],"wp:featuredmedia":[{"embeddable":true,"href":"https:\/\/puntodincontro.mx\/es\/wp-json\/wp\/v2\/media\/7480"}],"wp:attachment":[{"href":"https:\/\/puntodincontro.mx\/es\/wp-json\/wp\/v2\/media?parent=7468"}],"wp:term":[{"taxonomy":"category","embeddable":true,"href":"https:\/\/puntodincontro.mx\/es\/wp-json\/wp\/v2\/categories?post=7468"},{"taxonomy":"post_tag","embeddable":true,"href":"https:\/\/puntodincontro.mx\/es\/wp-json\/wp\/v2\/tags?post=7468"}],"curies":[{"name":"wp","href":"https:\/\/api.w.org\/{rel}","templated":true}]}}