{"id":7642,"date":"2022-09-19T13:25:01","date_gmt":"2022-09-19T18:25:01","guid":{"rendered":"https:\/\/puntodincontro.mx\/?p=7642"},"modified":"2022-09-19T13:32:28","modified_gmt":"2022-09-19T18:32:28","slug":"un-viaje-en-el-color-italo-mexicano-en-la-reggia-di-monza2","status":"publish","type":"post","link":"https:\/\/puntodincontro.mx\/es\/2022\/09\/19\/un-viaggio-nel-colore-italo-messicano-alla-reggia-di-monza2\/","title":{"rendered":"Un viaje a los colores \u00edtalo-mexicanos en la Reggia di Monza"},"content":{"rendered":"<p class=\"translation-block\"><strong>12:37 hrs.<\/strong> - Se inaugurar\u00e1 el martes 20 de septiembre en la Reggia di Monza, Italia, la manifestaci\u00f3n <em>Viaje en el Color<\/em>, una iniciativa promovida por ANVER (Asociaci\u00f3n Italiana de Revestimientos Industriales) sobre color y dise\u00f1o organizada en colaboraci\u00f3n con la empresa hermana mexicana <em>La Revista del Color<\/em>.<\/p>\n\n\n\n<p class=\"translation-block\">El <em>Viaje en el Color<\/em> de este a\u00f1o cuenta con la participaci\u00f3n del reconocido maestro chiapaneco <a href=\"https:\/\/raymundosesma.art\" target=\"_blank\" rel=\"noreferrer noopener\">Raymundo Sesma<\/a>, con la creaci\u00f3n de una \u201cobra ef\u00edmera\u201d que pasar\u00e1 a formar parte de la serie Universo Expandido y abrir\u00e1 una ventana sobre el pa\u00eds latinoamericano.<\/p>\n\n\n\n<p class=\"translation-block\">El <a href=\"http:\/\/www.finituregreen.it\" target=\"_blank\" rel=\"noreferrer noopener\">evento<\/a> se llevar\u00e1 a cabo del 20 al 24 de septiembre. Instalaciones, di\u00e1logos y exposiciones se desarrollar\u00e1n a lo largo de la semana, manteniendo como denominador com\u00fan el color entre la historia y la producci\u00f3n contempor\u00e1nea. Para la ocasi\u00f3n, los colores y la decoraci\u00f3n de la sede del evento ser\u00e1n reinterpretados con la ayuda de modernas tecnolog\u00edas.<\/p>\n\n\n\n<p>La obra del maestro Raymundo Sesma, las exposiciones relacionadas y las visitas guiadas al Palacio Real de Monza \u2014una residencia real del siglo XVIII, importante obra neocl\u00e1sica del arquitecto Giuseppe Piermarini\u2014 estar\u00e1n abiertas al p\u00fablico todos los d\u00edas de 14:30 a 20:00 horas.<\/p>\n\n\n\n<p>Los \u201cdi\u00e1logos\u201d permitir\u00e1n a los dise\u00f1adores y arquitectos italianos intercambiar ideas y conocimientos sobre el color \u2014conceptos, significados y t\u00e9cnicas\u2014 con uno de los principales artistas que trabajan en M\u00e9xico, una figura de referencia para el dise\u00f1o del color en varios campos, incluyendo la renovaci\u00f3n y mejora de las zonas urbanas y el dise\u00f1o industrial.<\/p>\n\n\n\n<p class=\"translation-block\">Las curadoras del evento son la arquitecta Patricia Malavolti (cel. +39 3356041372, email: <a href=\"mailto:pmalavolti@larivistadelcolore.com\" target=\"_blank\" rel=\"noreferrer noopener\">pmalavolti@larivistadelcolore.com<\/a>) y la dise\u00f1adora <a href=\"https:\/\/puntodincontro.mx\/es\/2021\/10\/22\/francesca-valan-en-mexico-viajo-por-el-mundo-y-robo-colores\/\" target=\"_blank\">Francesca Valan<\/a>.<\/p>\n\n\n\n<div style=\"height:12px\" aria-hidden=\"true\" class=\"wp-block-spacer\"><\/div>\n\n\n<div class=\"wp-block-image\">\n<figure class=\"aligncenter size-full\"><img loading=\"lazy\" decoding=\"async\" width=\"543\" height=\"768\" src=\"https:\/\/puntodincontro.mx\/wp-content\/uploads\/2022\/09\/invitoviaggionelcolore.webp\" alt=\"\" class=\"wp-image-7646\" srcset=\"https:\/\/puntodincontro.mx\/wp-content\/uploads\/2022\/09\/invitoviaggionelcolore.webp 543w, https:\/\/puntodincontro.mx\/wp-content\/uploads\/2022\/09\/invitoviaggionelcolore-212x300.webp 212w, https:\/\/puntodincontro.mx\/wp-content\/uploads\/2022\/09\/invitoviaggionelcolore-8x12.webp 8w\" sizes=\"(max-width: 543px) 100vw, 543px\" \/><\/figure><\/div>\n\n\n<div style=\"height:12px\" aria-hidden=\"true\" class=\"wp-block-spacer\"><\/div>\n\n\n\n\n\n<div style=\"height:12px\" aria-hidden=\"true\" class=\"wp-block-spacer\"><\/div>\n\n\n<!-- Ad space powered by WP AdCenter v2.5.7 - https:\/\/wpadcenter.com\/ --><div class=\"wpadcenter-adgroup\" ><div class=\"wpadcenter-adgroup__row wpadcenter-aligncenter\"><div class=\"wpadcenter-ad-container\" ><div id=\"wpadcenter-ad-18464\" class=\"ad-placement\"><div class=\"wpadcenter-ad-inner\" ><a id=\"wpadcenter_ad\" data-value=\"18464\" data-placement=\"\" href=\"https:\/\/www.productosremo.com\/\" target=\"_blank\" class=\"wpadcenter-ad-inner__item\" ><img decoding=\"async\"   src=\"https:\/\/puntodincontro.mx\/wp-content\/uploads\/2021\/08\/remobanner.jpg\" class=\"attachment-post-thumbnail size-post-thumbnail wp-post-image\" alt=\"\" srcset=\"https:\/\/puntodincontro.mx\/wp-content\/uploads\/2021\/08\/remobanner.jpg 200w, https:\/\/puntodincontro.mx\/wp-content\/uploads\/2021\/08\/remobanner-16x5.jpg 16w\" sizes=\"(max-width: 200px) 100vw, 200px\" \/><\/a><\/div><\/div><\/div><div class=\"wpadcenter-ad-container\" ><div id=\"wpadcenter-ad-5305\" class=\"ad-placement\"><div class=\"wpadcenter-ad-inner\" ><a id=\"wpadcenter_ad\" data-value=\"5305\" data-placement=\"\" href=\"https:\/\/faitalia.com.mx\/\" target=\"_blank\" class=\"wpadcenter-ad-inner__item\" ><img decoding=\"async\"   src=\"https:\/\/puntodincontro.mx\/wp-content\/uploads\/2022\/05\/gruppodino.jpg\" class=\"attachment-post-thumbnail size-post-thumbnail wp-post-image\" alt=\"\" srcset=\"https:\/\/puntodincontro.mx\/wp-content\/uploads\/2022\/05\/gruppodino.jpg 200w, https:\/\/puntodincontro.mx\/wp-content\/uploads\/2022\/05\/gruppodino-18x5.jpg 18w\" sizes=\"(max-width: 200px) 100vw, 200px\" \/><\/a><\/div><\/div><\/div><div class=\"wpadcenter-ad-container\" ><div id=\"wpadcenter-ad-3781\" class=\"ad-placement\"><div class=\"wpadcenter-ad-inner\" ><a id=\"wpadcenter_ad\" data-value=\"3781\" data-placement=\"\" href=\"https:\/\/cannizzo.com.mx\/\" target=\"_blank\" class=\"wpadcenter-ad-inner__item\" ><img decoding=\"async\"   src=\"https:\/\/puntodincontro.mx\/wp-content\/uploads\/2022\/03\/cannizzo2.jpg\" class=\"attachment-post-thumbnail size-post-thumbnail wp-post-image\" alt=\"\" srcset=\"https:\/\/puntodincontro.mx\/wp-content\/uploads\/2022\/03\/cannizzo2.jpg 200w, https:\/\/puntodincontro.mx\/wp-content\/uploads\/2022\/03\/cannizzo2-18x5.jpg 18w\" sizes=\"(max-width: 200px) 100vw, 200px\" \/><\/a><\/div><\/div><\/div><\/div><div class=\"wpadcenter-adgroup__row wpadcenter-aligncenter\"><div class=\"wpadcenter-ad-container\" ><div id=\"wpadcenter-ad-1704\" class=\"ad-placement\"><div class=\"wpadcenter-ad-inner\" ><a id=\"wpadcenter_ad\" data-value=\"1704\" data-placement=\"\" href=\"https:\/\/puntodincontro.mx\/es\/2021\/12\/24\/inps-verificacion-de-supervivencia-de-los-pensionados-en-el-extranjero\/\" target=\"_blank\" class=\"wpadcenter-ad-inner__item\" ><img decoding=\"async\"   src=\"https:\/\/puntodincontro.mx\/wp-content\/uploads\/2021\/11\/logo-ital.jpg\" class=\"attachment-post-thumbnail size-post-thumbnail wp-post-image\" alt=\"Patronato ITAL Messico\" srcset=\"https:\/\/puntodincontro.mx\/wp-content\/uploads\/2021\/11\/logo-ital.jpg 200w, https:\/\/puntodincontro.mx\/wp-content\/uploads\/2021\/11\/logo-ital-16x5.jpg 16w\" sizes=\"(max-width: 200px) 100vw, 200px\" \/><\/a><\/div><\/div><\/div><div class=\"wpadcenter-ad-container\" ><div id=\"wpadcenter-ad-1538\" class=\"ad-placement\"><div class=\"wpadcenter-ad-inner\" ><a id=\"wpadcenter_ad\" data-value=\"1538\" data-placement=\"\" href=\"https:\/\/asociacionitaliana.org\/\" target=\"_blank\" class=\"wpadcenter-ad-inner__item\" ><img decoding=\"async\"   src=\"https:\/\/puntodincontro.mx\/wp-content\/uploads\/2021\/11\/aialogo.jpg\" class=\"attachment-post-thumbnail size-post-thumbnail wp-post-image\" alt=\"Associazione Italiana di Assistenza IAP\" srcset=\"https:\/\/puntodincontro.mx\/wp-content\/uploads\/2021\/11\/aialogo.jpg 200w, https:\/\/puntodincontro.mx\/wp-content\/uploads\/2021\/11\/aialogo-18x5.jpg 18w\" sizes=\"(max-width: 200px) 100vw, 200px\" \/><\/a><\/div><\/div><\/div><div class=\"wpadcenter-ad-container\" ><div id=\"wpadcenter-ad-1513\" class=\"ad-placement\"><div class=\"wpadcenter-ad-inner\" ><a id=\"wpadcenter_ad\" data-value=\"1513\" data-placement=\"\" href=\"https:\/\/gcinmuebles.mx\" target=\"_blank\" class=\"wpadcenter-ad-inner__item\" ><img decoding=\"async\"   src=\"https:\/\/puntodincontro.mx\/wp-content\/uploads\/2021\/10\/gcinmuebleslogopunto-1.jpg\" class=\"attachment-post-thumbnail size-post-thumbnail wp-post-image\" alt=\"\" srcset=\"https:\/\/puntodincontro.mx\/wp-content\/uploads\/2021\/10\/gcinmuebleslogopunto-1.jpg 200w, https:\/\/puntodincontro.mx\/wp-content\/uploads\/2021\/10\/gcinmuebleslogopunto-1-18x5.jpg 18w\" sizes=\"(max-width: 200px) 100vw, 200px\" \/><\/a><\/div><\/div><\/div><\/div><div class=\"wpadcenter-adgroup__row wpadcenter-aligncenter\"><div class=\"wpadcenter-ad-container\" ><div id=\"wpadcenter-ad-1374\" class=\"ad-placement\"><div class=\"wpadcenter-ad-inner\" ><a id=\"wpadcenter_ad\" data-value=\"1374\" data-placement=\"\" href=\"https:\/\/www.9colonne.it\/\" target=\"_blank\" class=\"wpadcenter-ad-inner__item\" ><img decoding=\"async\"   src=\"https:\/\/puntodincontro.mx\/wp-content\/uploads\/2021\/10\/Banner9colonne.gif\" class=\"attachment-post-thumbnail size-post-thumbnail wp-post-image\" alt=\"\" \/><\/a><\/div><\/div><\/div><div class=\"wpadcenter-ad-container\" ><div id=\"wpadcenter-ad-276\" class=\"ad-placement\"><div class=\"wpadcenter-ad-inner\" ><a id=\"wpadcenter_ad\" data-value=\"276\" data-placement=\"\" href=\"http:\/\/www.camaraitaliana.mx\/\" target=\"_blank\" class=\"wpadcenter-ad-inner__item\" ><img decoding=\"async\"   src=\"https:\/\/puntodincontro.mx\/wp-content\/uploads\/2021\/08\/ccimnuovo.jpg\" class=\"attachment-post-thumbnail size-post-thumbnail wp-post-image\" alt=\"\" srcset=\"https:\/\/puntodincontro.mx\/wp-content\/uploads\/2021\/08\/ccimnuovo.jpg 200w, https:\/\/puntodincontro.mx\/wp-content\/uploads\/2021\/08\/ccimnuovo-18x5.jpg 18w\" sizes=\"(max-width: 200px) 100vw, 200px\" \/><\/a><\/div><\/div><\/div><div class=\"wpadcenter-ad-container\" ><div id=\"wpadcenter-ad-272\" class=\"ad-placement\"><div class=\"wpadcenter-ad-inner\" ><a id=\"wpadcenter_ad\" data-value=\"272\" data-placement=\"\" href=\"http:\/\/corix.us\/\" target=\"_blank\" class=\"wpadcenter-ad-inner__item\" ><img decoding=\"async\"   src=\"https:\/\/puntodincontro.mx\/wp-content\/uploads\/2021\/08\/corixbanner-1.jpg\" class=\"attachment-post-thumbnail size-post-thumbnail wp-post-image\" alt=\"\" srcset=\"https:\/\/puntodincontro.mx\/wp-content\/uploads\/2021\/08\/corixbanner-1.jpg 200w, https:\/\/puntodincontro.mx\/wp-content\/uploads\/2021\/08\/corixbanner-1-16x5.jpg 16w\" sizes=\"(max-width: 200px) 100vw, 200px\" \/><\/a><\/div><\/div><\/div><\/div><div class=\"wpadcenter-adgroup__row wpadcenter-aligncenter\"><div class=\"wpadcenter-ad-container\" ><div id=\"wpadcenter-ad-266\" class=\"ad-placement\"><div class=\"wpadcenter-ad-inner\" ><a id=\"wpadcenter_ad\" data-value=\"266\" data-placement=\"\" href=\"https:\/\/www.prinsel.com.mx\/\" target=\"_blank\" class=\"wpadcenter-ad-inner__item\" ><img decoding=\"async\"   src=\"https:\/\/puntodincontro.mx\/wp-content\/uploads\/2021\/08\/prinselbanner-1.jpg\" class=\"attachment-post-thumbnail size-post-thumbnail wp-post-image\" alt=\"\" srcset=\"https:\/\/puntodincontro.mx\/wp-content\/uploads\/2021\/08\/prinselbanner-1.jpg 200w, https:\/\/puntodincontro.mx\/wp-content\/uploads\/2021\/08\/prinselbanner-1-16x5.jpg 16w\" sizes=\"(max-width: 200px) 100vw, 200px\" \/><\/a><\/div><\/div><\/div><div class=\"wpadcenter-ad-container\" ><div id=\"wpadcenter-ad-261\" class=\"ad-placement\"><div class=\"wpadcenter-ad-inner\" ><a id=\"wpadcenter_ad\" data-value=\"261\" data-placement=\"\" href=\"https:\/\/ambcittadelmessico.esteri.it\/ambasciata_cittadelmessico\/it\/\" target=\"_blank\" class=\"wpadcenter-ad-inner__item\" ><img decoding=\"async\"   src=\"https:\/\/puntodincontro.mx\/wp-content\/uploads\/2021\/08\/ambasciatabanner-1.jpg\" class=\"attachment-post-thumbnail size-post-thumbnail wp-post-image\" alt=\"\" srcset=\"https:\/\/puntodincontro.mx\/wp-content\/uploads\/2021\/08\/ambasciatabanner-1.jpg 200w, https:\/\/puntodincontro.mx\/wp-content\/uploads\/2021\/08\/ambasciatabanner-1-16x5.jpg 16w\" sizes=\"(max-width: 200px) 100vw, 200px\" \/><\/a><\/div><\/div><\/div><\/div><\/div>\n\n\n<div style=\"height:12px\" aria-hidden=\"true\" class=\"wp-block-spacer\"><\/div>","protected":false},"excerpt":{"rendered":"<p>Ore 12.37 &#8211; Sar\u00e0 inaugurata marted\u00ec 20 settembre nella Reggia di Monza la manifestazione Viaggio nel Colore, un\u2019iniziativa promossa da Anver (Associazione italiana della verniciatura industriale) sul colore e il design organizzata in collaborazione con la consorella messicana La Revista del Color. Il Viaggio nel Colore quest\u2019anno vede la partecipazione del noto maestro originario del Chiapas Raymundo Sesma, con la realizzazione di un\u2019\u201dopera effimera\u201d che entrer\u00e0 a far parte della serie Universo Expandido e aprir\u00e0 una finestra sul Paese latinoamericano. L&#8217;evento si celebrer\u00e0 dal 20 al 24 settembre. Installazioni, dialoghi e mostre si snoderanno all\u2019interno della settimana mantenendo come comune&#8230; <\/p>","protected":false},"author":2,"featured_media":7648,"comment_status":"open","ping_status":"open","sticky":false,"template":"","format":"standard","meta":{"_monsterinsights_skip_tracking":false,"_monsterinsights_sitenote_active":false,"_monsterinsights_sitenote_note":"","_monsterinsights_sitenote_category":0,"footnotes":""},"categories":[6],"tags":[],"class_list":["post-7642","post","type-post","status-publish","format-standard","has-post-thumbnail","hentry","category-messico-in-italia"],"yoast_head":"<!-- This site is optimized with the Yoast SEO Premium plugin v18.4 (Yoast SEO v25.6) - https:\/\/yoast.com\/wordpress\/plugins\/seo\/ -->\n<title>Viaggio nel colore italo-messicano alla Reggia di Monza<\/title>\n<meta name=\"description\" content=\"Sar\u00e0 inaugurata il 20 settembre nella Reggia di Monza Viaggio nel Colore, un\u2019iniziativa promossa da Anver sul colore e il design.\" \/>\n<meta name=\"robots\" content=\"index, follow, max-snippet:-1, max-image-preview:large, max-video-preview:-1\" \/>\n<link rel=\"canonical\" href=\"https:\/\/puntodincontro.mx\/es\/2022\/09\/19\/un-viaje-en-el-color-italo-mexicano-en-la-reggia-di-monza2\/\" \/>\n<meta property=\"og:locale\" content=\"es_MX\" \/>\n<meta property=\"og:type\" content=\"article\" \/>\n<meta property=\"og:title\" content=\"Un viaggio nei colori italo-messicani alla Reggia di Monza\" \/>\n<meta property=\"og:description\" content=\"Sar\u00e0 inaugurata il 20 settembre nella Reggia di Monza Viaggio nel Colore, un\u2019iniziativa promossa da Anver sul colore e il design.\" \/>\n<meta property=\"og:url\" content=\"https:\/\/puntodincontro.mx\/es\/2022\/09\/19\/un-viaje-en-el-color-italo-mexicano-en-la-reggia-di-monza2\/\" \/>\n<meta property=\"og:site_name\" content=\"Puntodincontro\" \/>\n<meta property=\"article:publisher\" content=\"https:\/\/www.facebook.com\/puntodincontro.mx\" \/>\n<meta property=\"article:published_time\" content=\"2022-09-19T18:25:01+00:00\" \/>\n<meta property=\"article:modified_time\" content=\"2022-09-19T18:32:28+00:00\" \/>\n<meta property=\"og:image\" content=\"https:\/\/puntodincontro.mx\/wp-content\/uploads\/2022\/09\/reggiadimonzavert.webp\" \/>\n\t<meta property=\"og:image:width\" content=\"423\" \/>\n\t<meta property=\"og:image:height\" content=\"488\" \/>\n\t<meta property=\"og:image:type\" content=\"image\/webp\" \/>\n<meta name=\"author\" content=\"Puntodincontro\" \/>\n<meta name=\"twitter:card\" content=\"summary_large_image\" \/>\n<meta name=\"twitter:creator\" content=\"@puntodincontro\" \/>\n<meta name=\"twitter:site\" content=\"@puntodincontro\" \/>\n<meta name=\"twitter:label1\" content=\"Escrito por\" \/>\n\t<meta name=\"twitter:data1\" content=\"Puntodincontro\" \/>\n\t<meta name=\"twitter:label2\" content=\"Tiempo de lectura\" \/>\n\t<meta name=\"twitter:data2\" content=\"1 minuto\" \/>\n<script type=\"application\/ld+json\" class=\"yoast-schema-graph\">{\"@context\":\"https:\/\/schema.org\",\"@graph\":[{\"@type\":\"NewsArticle\",\"@id\":\"https:\/\/puntodincontro.mx\/2022\/09\/19\/un-viaggio-nel-colore-italo-messicano-alla-reggia-di-monza2\/#article\",\"isPartOf\":{\"@id\":\"https:\/\/puntodincontro.mx\/2022\/09\/19\/un-viaggio-nel-colore-italo-messicano-alla-reggia-di-monza2\/\"},\"author\":{\"name\":\"Puntodincontro\",\"@id\":\"https:\/\/puntodincontro.mx\/#\/schema\/person\/d3066d18a16259cbb0c29b0d0e93b556\"},\"headline\":\"Un viaggio nei colori italo-messicani alla Reggia di Monza\",\"datePublished\":\"2022-09-19T18:25:01+00:00\",\"dateModified\":\"2022-09-19T18:32:28+00:00\",\"mainEntityOfPage\":{\"@id\":\"https:\/\/puntodincontro.mx\/2022\/09\/19\/un-viaggio-nel-colore-italo-messicano-alla-reggia-di-monza2\/\"},\"wordCount\":245,\"commentCount\":0,\"publisher\":{\"@id\":\"https:\/\/puntodincontro.mx\/#organization\"},\"image\":{\"@id\":\"https:\/\/puntodincontro.mx\/2022\/09\/19\/un-viaggio-nel-colore-italo-messicano-alla-reggia-di-monza2\/#primaryimage\"},\"thumbnailUrl\":\"https:\/\/puntodincontro.mx\/wp-content\/uploads\/2022\/09\/reggiadimonzavert.webp\",\"articleSection\":[\"Messico in Italia\"],\"inLanguage\":\"es\",\"potentialAction\":[{\"@type\":\"CommentAction\",\"name\":\"Comment\",\"target\":[\"https:\/\/puntodincontro.mx\/2022\/09\/19\/un-viaggio-nel-colore-italo-messicano-alla-reggia-di-monza2\/#respond\"]}]},{\"@type\":\"WebPage\",\"@id\":\"https:\/\/puntodincontro.mx\/2022\/09\/19\/un-viaggio-nel-colore-italo-messicano-alla-reggia-di-monza2\/\",\"url\":\"https:\/\/puntodincontro.mx\/2022\/09\/19\/un-viaggio-nel-colore-italo-messicano-alla-reggia-di-monza2\/\",\"name\":\"Viaggio nel colore italo-messicano alla Reggia di Monza\",\"isPartOf\":{\"@id\":\"https:\/\/puntodincontro.mx\/#website\"},\"primaryImageOfPage\":{\"@id\":\"https:\/\/puntodincontro.mx\/2022\/09\/19\/un-viaggio-nel-colore-italo-messicano-alla-reggia-di-monza2\/#primaryimage\"},\"image\":{\"@id\":\"https:\/\/puntodincontro.mx\/2022\/09\/19\/un-viaggio-nel-colore-italo-messicano-alla-reggia-di-monza2\/#primaryimage\"},\"thumbnailUrl\":\"https:\/\/puntodincontro.mx\/wp-content\/uploads\/2022\/09\/reggiadimonzavert.webp\",\"datePublished\":\"2022-09-19T18:25:01+00:00\",\"dateModified\":\"2022-09-19T18:32:28+00:00\",\"description\":\"Sar\u00e0 inaugurata il 20 settembre nella Reggia di Monza Viaggio nel Colore, un\u2019iniziativa promossa da Anver sul colore e il design.\",\"breadcrumb\":{\"@id\":\"https:\/\/puntodincontro.mx\/2022\/09\/19\/un-viaggio-nel-colore-italo-messicano-alla-reggia-di-monza2\/#breadcrumb\"},\"inLanguage\":\"es\",\"potentialAction\":[{\"@type\":\"ReadAction\",\"target\":[\"https:\/\/puntodincontro.mx\/2022\/09\/19\/un-viaggio-nel-colore-italo-messicano-alla-reggia-di-monza2\/\"]}]},{\"@type\":\"ImageObject\",\"inLanguage\":\"es\",\"@id\":\"https:\/\/puntodincontro.mx\/2022\/09\/19\/un-viaggio-nel-colore-italo-messicano-alla-reggia-di-monza2\/#primaryimage\",\"url\":\"https:\/\/puntodincontro.mx\/wp-content\/uploads\/2022\/09\/reggiadimonzavert.webp\",\"contentUrl\":\"https:\/\/puntodincontro.mx\/wp-content\/uploads\/2022\/09\/reggiadimonzavert.webp\",\"width\":423,\"height\":488,\"caption\":\"Un viaggio nei colori italo-messicani alla Reggia di Monza\"},{\"@type\":\"BreadcrumbList\",\"@id\":\"https:\/\/puntodincontro.mx\/2022\/09\/19\/un-viaggio-nel-colore-italo-messicano-alla-reggia-di-monza2\/#breadcrumb\",\"itemListElement\":[{\"@type\":\"ListItem\",\"position\":1,\"name\":\"Home\",\"item\":\"https:\/\/puntodincontro.mx\/\"},{\"@type\":\"ListItem\",\"position\":2,\"name\":\"Un viaggio nei colori italo-messicani alla Reggia di Monza\"}]},{\"@type\":\"WebSite\",\"@id\":\"https:\/\/puntodincontro.mx\/#website\",\"url\":\"https:\/\/puntodincontro.mx\/\",\"name\":\"Puntodincontro\",\"description\":\"Dal 2006 notizie sui rapporti Italia-Messico \/ Desde 2006 noticias sobre las relaciones entre Italia y M\u00e9xico\",\"publisher\":{\"@id\":\"https:\/\/puntodincontro.mx\/#organization\"},\"potentialAction\":[{\"@type\":\"SearchAction\",\"target\":{\"@type\":\"EntryPoint\",\"urlTemplate\":\"https:\/\/puntodincontro.mx\/?s={search_term_string}\"},\"query-input\":{\"@type\":\"PropertyValueSpecification\",\"valueRequired\":true,\"valueName\":\"search_term_string\"}}],\"inLanguage\":\"es\"},{\"@type\":\"Organization\",\"@id\":\"https:\/\/puntodincontro.mx\/#organization\",\"name\":\"Puntodincontro\",\"url\":\"https:\/\/puntodincontro.mx\/\",\"logo\":{\"@type\":\"ImageObject\",\"inLanguage\":\"es\",\"@id\":\"https:\/\/puntodincontro.mx\/#\/schema\/logo\/image\/\",\"url\":\"https:\/\/puntodincontro.mx\/wp-content\/uploads\/2021\/08\/Default-image-for-open-graph-settings.jpg\",\"contentUrl\":\"https:\/\/puntodincontro.mx\/wp-content\/uploads\/2021\/08\/Default-image-for-open-graph-settings.jpg\",\"width\":1200,\"height\":630,\"caption\":\"Puntodincontro\"},\"image\":{\"@id\":\"https:\/\/puntodincontro.mx\/#\/schema\/logo\/image\/\"},\"sameAs\":[\"https:\/\/www.facebook.com\/puntodincontro.mx\",\"https:\/\/x.com\/puntodincontro\",\"https:\/\/www.instagram.com\/puntodincontro.mx\/\",\"https:\/\/www.linkedin.com\/company\/puntodincontro\/\",\"https:\/\/www.youtube.com\/c\/puntodincontromessico\",\"https:\/\/www.patreon.com\/puntodincontro\",\"https:\/\/www.threads.net\/@puntodincontro.mx\"]},{\"@type\":\"Person\",\"@id\":\"https:\/\/puntodincontro.mx\/#\/schema\/person\/d3066d18a16259cbb0c29b0d0e93b556\",\"name\":\"Puntodincontro\",\"image\":{\"@type\":\"ImageObject\",\"inLanguage\":\"es\",\"@id\":\"https:\/\/puntodincontro.mx\/#\/schema\/person\/image\/\",\"url\":\"https:\/\/secure.gravatar.com\/avatar\/0e85b4b3b5e9d6bfcec6a4956d8cc63a?s=96&d=mm&r=g\",\"contentUrl\":\"https:\/\/secure.gravatar.com\/avatar\/0e85b4b3b5e9d6bfcec6a4956d8cc63a?s=96&d=mm&r=g\",\"caption\":\"Puntodincontro\"},\"url\":\"https:\/\/puntodincontro.mx\/es\/author\/puntodincontro\/\"}]}<\/script>\n<!-- \/ Yoast SEO Premium plugin. -->","yoast_head_json":{"title":"Un viaje en el color \u00edtalo-mexicano en la Reggia di Monza","description":"Se inaugurar\u00e1 el 20 de septiembre en la Reggia di Monza Viaggio nel Colore, una iniciativa impulsada por ANVER sobre color y dise\u00f1o.","robots":{"index":"index","follow":"follow","max-snippet":"max-snippet:-1","max-image-preview":"max-image-preview:large","max-video-preview":"max-video-preview:-1"},"canonical":"https:\/\/puntodincontro.mx\/es\/2022\/09\/19\/un-viaje-en-el-color-italo-mexicano-en-la-reggia-di-monza2\/","og_locale":"es_MX","og_type":"article","og_title":"Un viaggio nei colori italo-messicani alla Reggia di Monza","og_description":"Sar\u00e0 inaugurata il 20 settembre nella Reggia di Monza Viaggio nel Colore, un\u2019iniziativa promossa da Anver sul colore e il design.","og_url":"https:\/\/puntodincontro.mx\/es\/2022\/09\/19\/un-viaje-en-el-color-italo-mexicano-en-la-reggia-di-monza2\/","og_site_name":"Puntodincontro","article_publisher":"https:\/\/www.facebook.com\/puntodincontro.mx","article_published_time":"2022-09-19T18:25:01+00:00","article_modified_time":"2022-09-19T18:32:28+00:00","og_image":[{"width":423,"height":488,"url":"https:\/\/puntodincontro.mx\/wp-content\/uploads\/2022\/09\/reggiadimonzavert.webp","type":"image\/webp"}],"author":"Puntodincontro","twitter_card":"summary_large_image","twitter_creator":"@puntodincontro","twitter_site":"@puntodincontro","twitter_misc":{"Escrito por":"Puntodincontro","Tiempo de lectura":"1 minuto"},"schema":{"@context":"https:\/\/schema.org","@graph":[{"@type":"NewsArticle","@id":"https:\/\/puntodincontro.mx\/2022\/09\/19\/un-viaggio-nel-colore-italo-messicano-alla-reggia-di-monza2\/#article","isPartOf":{"@id":"https:\/\/puntodincontro.mx\/2022\/09\/19\/un-viaggio-nel-colore-italo-messicano-alla-reggia-di-monza2\/"},"author":{"name":"Puntodincontro","@id":"https:\/\/puntodincontro.mx\/#\/schema\/person\/d3066d18a16259cbb0c29b0d0e93b556"},"headline":"Un viaggio nei colori italo-messicani alla Reggia di Monza","datePublished":"2022-09-19T18:25:01+00:00","dateModified":"2022-09-19T18:32:28+00:00","mainEntityOfPage":{"@id":"https:\/\/puntodincontro.mx\/2022\/09\/19\/un-viaggio-nel-colore-italo-messicano-alla-reggia-di-monza2\/"},"wordCount":245,"commentCount":0,"publisher":{"@id":"https:\/\/puntodincontro.mx\/#organization"},"image":{"@id":"https:\/\/puntodincontro.mx\/2022\/09\/19\/un-viaggio-nel-colore-italo-messicano-alla-reggia-di-monza2\/#primaryimage"},"thumbnailUrl":"https:\/\/puntodincontro.mx\/wp-content\/uploads\/2022\/09\/reggiadimonzavert.webp","articleSection":["Messico in Italia"],"inLanguage":"es","potentialAction":[{"@type":"CommentAction","name":"Comment","target":["https:\/\/puntodincontro.mx\/2022\/09\/19\/un-viaggio-nel-colore-italo-messicano-alla-reggia-di-monza2\/#respond"]}]},{"@type":"WebPage","@id":"https:\/\/puntodincontro.mx\/2022\/09\/19\/un-viaggio-nel-colore-italo-messicano-alla-reggia-di-monza2\/","url":"https:\/\/puntodincontro.mx\/2022\/09\/19\/un-viaggio-nel-colore-italo-messicano-alla-reggia-di-monza2\/","name":"Un viaje en el color \u00edtalo-mexicano en la Reggia di Monza","isPartOf":{"@id":"https:\/\/puntodincontro.mx\/#website"},"primaryImageOfPage":{"@id":"https:\/\/puntodincontro.mx\/2022\/09\/19\/un-viaggio-nel-colore-italo-messicano-alla-reggia-di-monza2\/#primaryimage"},"image":{"@id":"https:\/\/puntodincontro.mx\/2022\/09\/19\/un-viaggio-nel-colore-italo-messicano-alla-reggia-di-monza2\/#primaryimage"},"thumbnailUrl":"https:\/\/puntodincontro.mx\/wp-content\/uploads\/2022\/09\/reggiadimonzavert.webp","datePublished":"2022-09-19T18:25:01+00:00","dateModified":"2022-09-19T18:32:28+00:00","description":"Se inaugurar\u00e1 el 20 de septiembre en la Reggia di Monza Viaggio nel Colore, una iniciativa impulsada por ANVER sobre color y dise\u00f1o.","breadcrumb":{"@id":"https:\/\/puntodincontro.mx\/2022\/09\/19\/un-viaggio-nel-colore-italo-messicano-alla-reggia-di-monza2\/#breadcrumb"},"inLanguage":"es","potentialAction":[{"@type":"ReadAction","target":["https:\/\/puntodincontro.mx\/2022\/09\/19\/un-viaggio-nel-colore-italo-messicano-alla-reggia-di-monza2\/"]}]},{"@type":"ImageObject","inLanguage":"es","@id":"https:\/\/puntodincontro.mx\/2022\/09\/19\/un-viaggio-nel-colore-italo-messicano-alla-reggia-di-monza2\/#primaryimage","url":"https:\/\/puntodincontro.mx\/wp-content\/uploads\/2022\/09\/reggiadimonzavert.webp","contentUrl":"https:\/\/puntodincontro.mx\/wp-content\/uploads\/2022\/09\/reggiadimonzavert.webp","width":423,"height":488,"caption":"Un viaggio nei colori italo-messicani alla Reggia di Monza"},{"@type":"BreadcrumbList","@id":"https:\/\/puntodincontro.mx\/2022\/09\/19\/un-viaggio-nel-colore-italo-messicano-alla-reggia-di-monza2\/#breadcrumb","itemListElement":[{"@type":"ListItem","position":1,"name":"Home","item":"https:\/\/puntodincontro.mx\/"},{"@type":"ListItem","position":2,"name":"Un viaggio nei colori italo-messicani alla Reggia di Monza"}]},{"@type":"WebSite","@id":"https:\/\/puntodincontro.mx\/#website","url":"https:\/\/puntodincontro.mx\/","name":"Puntodincontro","description":"Desde el 2006 noticias sobre las relaciones entre Italia y M\u00e9xico \/ Dal 2006 notizie sui rapporti Italia-Messico","publisher":{"@id":"https:\/\/puntodincontro.mx\/#organization"},"potentialAction":[{"@type":"SearchAction","target":{"@type":"EntryPoint","urlTemplate":"https:\/\/puntodincontro.mx\/?s={search_term_string}"},"query-input":{"@type":"PropertyValueSpecification","valueRequired":true,"valueName":"search_term_string"}}],"inLanguage":"es"},{"@type":"Organization","@id":"https:\/\/puntodincontro.mx\/#organization","name":"Puntodincontro","url":"https:\/\/puntodincontro.mx\/","logo":{"@type":"ImageObject","inLanguage":"es","@id":"https:\/\/puntodincontro.mx\/#\/schema\/logo\/image\/","url":"https:\/\/puntodincontro.mx\/wp-content\/uploads\/2021\/08\/Default-image-for-open-graph-settings.jpg","contentUrl":"https:\/\/puntodincontro.mx\/wp-content\/uploads\/2021\/08\/Default-image-for-open-graph-settings.jpg","width":1200,"height":630,"caption":"Puntodincontro"},"image":{"@id":"https:\/\/puntodincontro.mx\/#\/schema\/logo\/image\/"},"sameAs":["https:\/\/www.facebook.com\/puntodincontro.mx","https:\/\/x.com\/puntodincontro","https:\/\/www.instagram.com\/puntodincontro.mx\/","https:\/\/www.linkedin.com\/company\/puntodincontro\/","https:\/\/www.youtube.com\/c\/puntodincontromessico","https:\/\/www.patreon.com\/puntodincontro","https:\/\/www.threads.net\/@puntodincontro.mx"]},{"@type":"Person","@id":"https:\/\/puntodincontro.mx\/#\/schema\/person\/d3066d18a16259cbb0c29b0d0e93b556","name":"Puntodincontro","image":{"@type":"ImageObject","inLanguage":"es","@id":"https:\/\/puntodincontro.mx\/#\/schema\/person\/image\/","url":"https:\/\/secure.gravatar.com\/avatar\/0e85b4b3b5e9d6bfcec6a4956d8cc63a?s=96&d=mm&r=g","contentUrl":"https:\/\/secure.gravatar.com\/avatar\/0e85b4b3b5e9d6bfcec6a4956d8cc63a?s=96&d=mm&r=g","caption":"Puntodincontro"},"url":"https:\/\/puntodincontro.mx\/es\/author\/puntodincontro\/"}]}},"_links":{"self":[{"href":"https:\/\/puntodincontro.mx\/es\/wp-json\/wp\/v2\/posts\/7642"}],"collection":[{"href":"https:\/\/puntodincontro.mx\/es\/wp-json\/wp\/v2\/posts"}],"about":[{"href":"https:\/\/puntodincontro.mx\/es\/wp-json\/wp\/v2\/types\/post"}],"author":[{"embeddable":true,"href":"https:\/\/puntodincontro.mx\/es\/wp-json\/wp\/v2\/users\/2"}],"replies":[{"embeddable":true,"href":"https:\/\/puntodincontro.mx\/es\/wp-json\/wp\/v2\/comments?post=7642"}],"version-history":[{"count":7,"href":"https:\/\/puntodincontro.mx\/es\/wp-json\/wp\/v2\/posts\/7642\/revisions"}],"predecessor-version":[{"id":7653,"href":"https:\/\/puntodincontro.mx\/es\/wp-json\/wp\/v2\/posts\/7642\/revisions\/7653"}],"wp:featuredmedia":[{"embeddable":true,"href":"https:\/\/puntodincontro.mx\/es\/wp-json\/wp\/v2\/media\/7648"}],"wp:attachment":[{"href":"https:\/\/puntodincontro.mx\/es\/wp-json\/wp\/v2\/media?parent=7642"}],"wp:term":[{"taxonomy":"category","embeddable":true,"href":"https:\/\/puntodincontro.mx\/es\/wp-json\/wp\/v2\/categories?post=7642"},{"taxonomy":"post_tag","embeddable":true,"href":"https:\/\/puntodincontro.mx\/es\/wp-json\/wp\/v2\/tags?post=7642"}],"curies":[{"name":"wp","href":"https:\/\/api.w.org\/{rel}","templated":true}]}}