{"id":7673,"date":"2022-09-20T08:37:01","date_gmt":"2022-09-20T13:37:01","guid":{"rendered":"https:\/\/puntodincontro.mx\/?p=7673"},"modified":"2022-09-20T08:37:02","modified_gmt":"2022-09-20T13:37:02","slug":"no-a-la-ambiguedad-porque-las-autocracias-explotan-la-vacilacion","status":"publish","type":"post","link":"https:\/\/puntodincontro.mx\/es\/2022\/09\/20\/draghi-evitare-le-ambiguita-perche-le-autocrazie-sfruttano-le-esitazioni\/","title":{"rendered":"Draghi: \u00abNo a la ambig\u00fcedad, porque las autocracias explotan la vacilaci\u00f3n\u00bb"},"content":{"rendered":"<p class=\"translation-block\"><strong>07:45 hrs.<\/strong> - \u00abDi\u00e1logo, pero sin ambig\u00fcedad, porque las autocracias prosperan ante la vacilaci\u00f3n\u00bb.<\/p>\n\n\n\n<p class=\"translation-block\">Esta es la receta que Mario Draghi repiti\u00f3 en Nueva York ante los asistentes a la 57 edici\u00f3n de la cena anual de premiaci\u00f3n de la <a href=\"https:\/\/appealofconscience.org\/\" target=\"_blank\"><em>Appeal of Coscience Foundation<\/em><\/a>, la organizaci\u00f3n que le otorg\u00f3 el galard\u00f3n al estadista del a\u00f1o que, antes que \u00e9l, recibieron varios jefes de Estado y de Gobierno, entre ellos Gorbachov, Angela Merkel y, hace apenas 12 meses, Shinzo Abe, recordado por el primer ministro en la apertura de su discurso.<\/p>\n\n\n\n<p>Joe Biden, en un mensaje a la fundaci\u00f3n, agradeci\u00f3 a Draghi por su liderazgo y \u00abvoz poderosa\u00bb en la promoci\u00f3n de los derechos humanos. Las palabras del discurso de Henry Kissinger tambi\u00e9n fueron halagadoras: \u00abSu coraje y su visi\u00f3n har\u00e1n que se quede con nosotros por mucho tiempo\u00bb, dijo el exsecretario de Estado estadounidense.<\/p>\n\n\n\n<p>Ante el riesgo de una nueva Guerra Fr\u00eda, de una nueva polarizaci\u00f3n desencadenada por el conflicto en Ucrania, explic\u00f3 el primer ministro italiano, ser\u00e1 la forma en que \u00abtratemos con las autocracias\u00bb la que definir\u00e1 \u00abnuestra capacidad para dar forma al futuro\u00bb.<\/p>\n\n\n\n<p>Por ello, a\u00f1adi\u00f3, se necesita \u00abfranqueza, coherencia y compromiso\u00bb, adem\u00e1s de ser \u00abclaros y expl\u00edcitos sobre los valores fundantes de nuestras sociedades\u00bb: la fe en la democracia y el estado de derecho, el respeto a los derechos humanos y la solidaridad mundial.<\/p>\n\n\n\n<p>Estos son ideales que deben \u00abguiar nuestra pol\u00edtica exterior de manera clara y predecible\u00bb. Si se traza una \u00abl\u00ednea roja\u00bb, hay que respetarla, si se hace un compromiso hay que honrarlo, aunque sea para no \u00ablamentarlo despu\u00e9s\u00bb.<\/p>\n\n\n\n<p>Tambi\u00e9n debemos estar dispuestos a colaborar con gobiernos autoritarios, pero sin \u00abcomprometer nuestros valores fundamentales\u00bb. Una afirmaci\u00f3n que se aplica sobre todo a la crisis de Ucrania: la Uni\u00f3n Europea, Estados Unidos y todo Occidente se han mostrado \u00abfirmes y unidos\u00bb en su apoyo a Kiev, cuyo \u00abhero\u00edsmo\u00bb es \u00abun poderoso recordatorio de los valores por los que luchamos y de lo que podr\u00edamos perder\u00bb.<\/p>\n\n\n\n<p>A pesar de la \u00abtristeza\u00bb de estos tiempos, Draghi se mostr\u00f3 optimista ante la posibilidad de que Rusia pueda \u00abvolver a las reglas que firm\u00f3 en 1945\u00bb y que Ucrania pueda encontrar esa paz que no debemos dejar de buscar.<\/p>\n\n\n\n<p>\u00abSolo la cooperaci\u00f3n global\u00bb \u2014concluy\u00f3\u2014 \u00abpuede ayudar a resolver los problemas globales, incluyendo la pandemia y el cambio clim\u00e1tico\u00bb.<\/p>\n\n\n\n<p>El primer ministro italiano asistir\u00e1 esta noche a la asamblea general de la ONU.<\/p>\n\n\n\n<div style=\"height:12px\" aria-hidden=\"true\" class=\"wp-block-spacer\"><\/div>\n\n\n\n\n\n<div style=\"height:12px\" aria-hidden=\"true\" class=\"wp-block-spacer\"><\/div>\n\n\n<!-- Ad space powered by WP AdCenter v2.5.7 - https:\/\/wpadcenter.com\/ --><div class=\"wpadcenter-adgroup\" ><div class=\"wpadcenter-adgroup__row wpadcenter-aligncenter\"><div class=\"wpadcenter-ad-container\" ><div id=\"wpadcenter-ad-18464\" class=\"ad-placement\"><div class=\"wpadcenter-ad-inner\" ><a id=\"wpadcenter_ad\" data-value=\"18464\" data-placement=\"\" href=\"https:\/\/www.productosremo.com\/\" target=\"_blank\" class=\"wpadcenter-ad-inner__item\" ><img decoding=\"async\"   src=\"https:\/\/puntodincontro.mx\/wp-content\/uploads\/2021\/08\/remobanner.jpg\" class=\"attachment-post-thumbnail size-post-thumbnail wp-post-image\" alt=\"\" srcset=\"https:\/\/puntodincontro.mx\/wp-content\/uploads\/2021\/08\/remobanner.jpg 200w, https:\/\/puntodincontro.mx\/wp-content\/uploads\/2021\/08\/remobanner-16x5.jpg 16w\" sizes=\"(max-width: 200px) 100vw, 200px\" \/><\/a><\/div><\/div><\/div><div class=\"wpadcenter-ad-container\" ><div id=\"wpadcenter-ad-5305\" class=\"ad-placement\"><div class=\"wpadcenter-ad-inner\" ><a id=\"wpadcenter_ad\" data-value=\"5305\" data-placement=\"\" href=\"https:\/\/faitalia.com.mx\/\" target=\"_blank\" class=\"wpadcenter-ad-inner__item\" ><img decoding=\"async\"   src=\"https:\/\/puntodincontro.mx\/wp-content\/uploads\/2022\/05\/gruppodino.jpg\" class=\"attachment-post-thumbnail size-post-thumbnail wp-post-image\" alt=\"\" srcset=\"https:\/\/puntodincontro.mx\/wp-content\/uploads\/2022\/05\/gruppodino.jpg 200w, https:\/\/puntodincontro.mx\/wp-content\/uploads\/2022\/05\/gruppodino-18x5.jpg 18w\" sizes=\"(max-width: 200px) 100vw, 200px\" \/><\/a><\/div><\/div><\/div><div class=\"wpadcenter-ad-container\" ><div id=\"wpadcenter-ad-3781\" class=\"ad-placement\"><div class=\"wpadcenter-ad-inner\" ><a id=\"wpadcenter_ad\" data-value=\"3781\" data-placement=\"\" href=\"https:\/\/cannizzo.com.mx\/\" target=\"_blank\" class=\"wpadcenter-ad-inner__item\" ><img decoding=\"async\"   src=\"https:\/\/puntodincontro.mx\/wp-content\/uploads\/2022\/03\/cannizzo2.jpg\" class=\"attachment-post-thumbnail size-post-thumbnail wp-post-image\" alt=\"\" srcset=\"https:\/\/puntodincontro.mx\/wp-content\/uploads\/2022\/03\/cannizzo2.jpg 200w, https:\/\/puntodincontro.mx\/wp-content\/uploads\/2022\/03\/cannizzo2-18x5.jpg 18w\" sizes=\"(max-width: 200px) 100vw, 200px\" \/><\/a><\/div><\/div><\/div><\/div><div class=\"wpadcenter-adgroup__row wpadcenter-aligncenter\"><div class=\"wpadcenter-ad-container\" ><div id=\"wpadcenter-ad-1704\" class=\"ad-placement\"><div class=\"wpadcenter-ad-inner\" ><a id=\"wpadcenter_ad\" data-value=\"1704\" data-placement=\"\" href=\"https:\/\/puntodincontro.mx\/es\/2021\/12\/24\/inps-verificacion-de-supervivencia-de-los-pensionados-en-el-extranjero\/\" target=\"_blank\" class=\"wpadcenter-ad-inner__item\" ><img decoding=\"async\"   src=\"https:\/\/puntodincontro.mx\/wp-content\/uploads\/2021\/11\/logo-ital.jpg\" class=\"attachment-post-thumbnail size-post-thumbnail wp-post-image\" alt=\"Patronato ITAL Messico\" srcset=\"https:\/\/puntodincontro.mx\/wp-content\/uploads\/2021\/11\/logo-ital.jpg 200w, https:\/\/puntodincontro.mx\/wp-content\/uploads\/2021\/11\/logo-ital-16x5.jpg 16w\" sizes=\"(max-width: 200px) 100vw, 200px\" \/><\/a><\/div><\/div><\/div><div class=\"wpadcenter-ad-container\" ><div id=\"wpadcenter-ad-1538\" class=\"ad-placement\"><div class=\"wpadcenter-ad-inner\" ><a id=\"wpadcenter_ad\" data-value=\"1538\" data-placement=\"\" href=\"https:\/\/asociacionitaliana.org\/\" target=\"_blank\" class=\"wpadcenter-ad-inner__item\" ><img decoding=\"async\"   src=\"https:\/\/puntodincontro.mx\/wp-content\/uploads\/2021\/11\/aialogo.jpg\" class=\"attachment-post-thumbnail size-post-thumbnail wp-post-image\" alt=\"Associazione Italiana di Assistenza IAP\" srcset=\"https:\/\/puntodincontro.mx\/wp-content\/uploads\/2021\/11\/aialogo.jpg 200w, https:\/\/puntodincontro.mx\/wp-content\/uploads\/2021\/11\/aialogo-18x5.jpg 18w\" sizes=\"(max-width: 200px) 100vw, 200px\" \/><\/a><\/div><\/div><\/div><div class=\"wpadcenter-ad-container\" ><div id=\"wpadcenter-ad-1513\" class=\"ad-placement\"><div class=\"wpadcenter-ad-inner\" ><a id=\"wpadcenter_ad\" data-value=\"1513\" data-placement=\"\" href=\"https:\/\/gcinmuebles.mx\" target=\"_blank\" class=\"wpadcenter-ad-inner__item\" ><img decoding=\"async\"   src=\"https:\/\/puntodincontro.mx\/wp-content\/uploads\/2021\/10\/gcinmuebleslogopunto-1.jpg\" class=\"attachment-post-thumbnail size-post-thumbnail wp-post-image\" alt=\"\" srcset=\"https:\/\/puntodincontro.mx\/wp-content\/uploads\/2021\/10\/gcinmuebleslogopunto-1.jpg 200w, https:\/\/puntodincontro.mx\/wp-content\/uploads\/2021\/10\/gcinmuebleslogopunto-1-18x5.jpg 18w\" sizes=\"(max-width: 200px) 100vw, 200px\" \/><\/a><\/div><\/div><\/div><\/div><div class=\"wpadcenter-adgroup__row wpadcenter-aligncenter\"><div class=\"wpadcenter-ad-container\" ><div id=\"wpadcenter-ad-1374\" class=\"ad-placement\"><div class=\"wpadcenter-ad-inner\" ><a id=\"wpadcenter_ad\" data-value=\"1374\" data-placement=\"\" href=\"https:\/\/www.9colonne.it\/\" target=\"_blank\" class=\"wpadcenter-ad-inner__item\" ><img decoding=\"async\"   src=\"https:\/\/puntodincontro.mx\/wp-content\/uploads\/2021\/10\/Banner9colonne.gif\" class=\"attachment-post-thumbnail size-post-thumbnail wp-post-image\" alt=\"\" \/><\/a><\/div><\/div><\/div><div class=\"wpadcenter-ad-container\" ><div id=\"wpadcenter-ad-276\" class=\"ad-placement\"><div class=\"wpadcenter-ad-inner\" ><a id=\"wpadcenter_ad\" data-value=\"276\" data-placement=\"\" href=\"http:\/\/www.camaraitaliana.mx\/\" target=\"_blank\" class=\"wpadcenter-ad-inner__item\" ><img decoding=\"async\"   src=\"https:\/\/puntodincontro.mx\/wp-content\/uploads\/2021\/08\/ccimnuovo.jpg\" class=\"attachment-post-thumbnail size-post-thumbnail wp-post-image\" alt=\"\" srcset=\"https:\/\/puntodincontro.mx\/wp-content\/uploads\/2021\/08\/ccimnuovo.jpg 200w, https:\/\/puntodincontro.mx\/wp-content\/uploads\/2021\/08\/ccimnuovo-18x5.jpg 18w\" sizes=\"(max-width: 200px) 100vw, 200px\" \/><\/a><\/div><\/div><\/div><div class=\"wpadcenter-ad-container\" ><div id=\"wpadcenter-ad-272\" class=\"ad-placement\"><div class=\"wpadcenter-ad-inner\" ><a id=\"wpadcenter_ad\" data-value=\"272\" data-placement=\"\" href=\"http:\/\/corix.us\/\" target=\"_blank\" class=\"wpadcenter-ad-inner__item\" ><img decoding=\"async\"   src=\"https:\/\/puntodincontro.mx\/wp-content\/uploads\/2021\/08\/corixbanner-1.jpg\" class=\"attachment-post-thumbnail size-post-thumbnail wp-post-image\" alt=\"\" srcset=\"https:\/\/puntodincontro.mx\/wp-content\/uploads\/2021\/08\/corixbanner-1.jpg 200w, https:\/\/puntodincontro.mx\/wp-content\/uploads\/2021\/08\/corixbanner-1-16x5.jpg 16w\" sizes=\"(max-width: 200px) 100vw, 200px\" \/><\/a><\/div><\/div><\/div><\/div><div class=\"wpadcenter-adgroup__row wpadcenter-aligncenter\"><div class=\"wpadcenter-ad-container\" ><div id=\"wpadcenter-ad-266\" class=\"ad-placement\"><div class=\"wpadcenter-ad-inner\" ><a id=\"wpadcenter_ad\" data-value=\"266\" data-placement=\"\" href=\"https:\/\/www.prinsel.com.mx\/\" target=\"_blank\" class=\"wpadcenter-ad-inner__item\" ><img decoding=\"async\"   src=\"https:\/\/puntodincontro.mx\/wp-content\/uploads\/2021\/08\/prinselbanner-1.jpg\" class=\"attachment-post-thumbnail size-post-thumbnail wp-post-image\" alt=\"\" srcset=\"https:\/\/puntodincontro.mx\/wp-content\/uploads\/2021\/08\/prinselbanner-1.jpg 200w, https:\/\/puntodincontro.mx\/wp-content\/uploads\/2021\/08\/prinselbanner-1-16x5.jpg 16w\" sizes=\"(max-width: 200px) 100vw, 200px\" \/><\/a><\/div><\/div><\/div><div class=\"wpadcenter-ad-container\" ><div id=\"wpadcenter-ad-261\" class=\"ad-placement\"><div class=\"wpadcenter-ad-inner\" ><a id=\"wpadcenter_ad\" data-value=\"261\" data-placement=\"\" href=\"https:\/\/ambcittadelmessico.esteri.it\/ambasciata_cittadelmessico\/it\/\" target=\"_blank\" class=\"wpadcenter-ad-inner__item\" ><img decoding=\"async\"   src=\"https:\/\/puntodincontro.mx\/wp-content\/uploads\/2021\/08\/ambasciatabanner-1.jpg\" class=\"attachment-post-thumbnail size-post-thumbnail wp-post-image\" alt=\"\" srcset=\"https:\/\/puntodincontro.mx\/wp-content\/uploads\/2021\/08\/ambasciatabanner-1.jpg 200w, https:\/\/puntodincontro.mx\/wp-content\/uploads\/2021\/08\/ambasciatabanner-1-16x5.jpg 16w\" sizes=\"(max-width: 200px) 100vw, 200px\" \/><\/a><\/div><\/div><\/div><\/div><\/div>\n\n\n<div style=\"height:12px\" aria-hidden=\"true\" class=\"wp-block-spacer\"><\/div>","protected":false},"excerpt":{"rendered":"<p>Ore 07.45 &#8211; \u00abDialogo, ma niente ambiguit\u00e0, perch\u00e9 le autocrazie prosperano davanti alle esitazioni\u00bb. \u00c8 questa la ricetta che Mario Draghi ha ripetuto a New York alla platea della 57ma edizione della cena annuale di premiazione della Appeal of Conscience Foundation, l&#8217;organizzazione che gli ha conferito il premio allo statista dell&#8217;anno che, prima di lui, hanno ricevuto diversi capi di Stato e di governo, tra cui Gorbachev, Angela Merkel e, proprio 12 mesi fa, Shinzo Abe, ricordato dal presidente del Consiglio dei ministri in apertura del suo discorso. Joe Biden, in un messaggio alla fondazione, ha ringraziato Draghi per la&#8230; <\/p>","protected":false},"author":2,"featured_media":7680,"comment_status":"open","ping_status":"open","sticky":false,"template":"","format":"standard","meta":{"_monsterinsights_skip_tracking":false,"_monsterinsights_sitenote_active":false,"_monsterinsights_sitenote_note":"","_monsterinsights_sitenote_category":0,"footnotes":""},"categories":[5],"tags":[],"class_list":["post-7673","post","type-post","status-publish","format-standard","has-post-thumbnail","hentry","category-italia-nel-mondo"],"yoast_head":"<!-- This site is optimized with the Yoast SEO Premium plugin v18.4 (Yoast SEO v25.6) - https:\/\/yoast.com\/wordpress\/plugins\/seo\/ -->\n<title>Draghi: \u00abEvitare le ambiguit\u00e0, perch\u00e9 le autocrazie ne approfittano\u00bb<\/title>\n<meta name=\"description\" content=\"Lo ha detto il premier italiano Mario Draghi alla Appeal of Conscience Foundation, che gli ha conferito il premio allo statista dell&#039;anno.\" \/>\n<meta name=\"robots\" content=\"index, follow, max-snippet:-1, max-image-preview:large, max-video-preview:-1\" \/>\n<link rel=\"canonical\" href=\"https:\/\/puntodincontro.mx\/es\/2022\/09\/20\/no-a-la-ambiguedad-porque-las-autocracias-explotan-la-vacilacion\/\" \/>\n<meta property=\"og:locale\" content=\"es_MX\" \/>\n<meta property=\"og:type\" content=\"article\" \/>\n<meta property=\"og:title\" content=\"Draghi: \u00abEvitare le ambiguit\u00e0, perch\u00e9 le autocrazie sfruttano le esitazioni\u00bb\" \/>\n<meta property=\"og:description\" content=\"Lo ha detto il premier italiano Mario Draghi alla Appeal of Conscience Foundation, che gli ha conferito il premio allo statista dell&#039;anno.\" \/>\n<meta property=\"og:url\" content=\"https:\/\/puntodincontro.mx\/es\/2022\/09\/20\/no-a-la-ambiguedad-porque-las-autocracias-explotan-la-vacilacion\/\" \/>\n<meta property=\"og:site_name\" content=\"Puntodincontro\" \/>\n<meta property=\"article:publisher\" content=\"https:\/\/www.facebook.com\/puntodincontro.mx\" \/>\n<meta property=\"article:published_time\" content=\"2022-09-20T13:37:01+00:00\" \/>\n<meta property=\"article:modified_time\" content=\"2022-09-20T13:37:02+00:00\" \/>\n<meta property=\"og:image\" content=\"https:\/\/puntodincontro.mx\/wp-content\/uploads\/2022\/09\/dragipremiatovert.webp\" \/>\n\t<meta property=\"og:image:width\" content=\"423\" \/>\n\t<meta property=\"og:image:height\" content=\"488\" \/>\n\t<meta property=\"og:image:type\" content=\"image\/webp\" \/>\n<meta name=\"author\" content=\"Puntodincontro\" \/>\n<meta name=\"twitter:card\" content=\"summary_large_image\" \/>\n<meta name=\"twitter:creator\" content=\"@puntodincontro\" \/>\n<meta name=\"twitter:site\" content=\"@puntodincontro\" \/>\n<meta name=\"twitter:label1\" content=\"Escrito por\" \/>\n\t<meta name=\"twitter:data1\" content=\"Puntodincontro\" \/>\n\t<meta name=\"twitter:label2\" content=\"Tiempo de lectura\" \/>\n\t<meta name=\"twitter:data2\" content=\"2 minutos\" \/>\n<script type=\"application\/ld+json\" class=\"yoast-schema-graph\">{\"@context\":\"https:\/\/schema.org\",\"@graph\":[{\"@type\":\"NewsArticle\",\"@id\":\"https:\/\/puntodincontro.mx\/2022\/09\/20\/draghi-evitare-le-ambiguita-perche-le-autocrazie-sfruttano-le-esitazioni\/#article\",\"isPartOf\":{\"@id\":\"https:\/\/puntodincontro.mx\/2022\/09\/20\/draghi-evitare-le-ambiguita-perche-le-autocrazie-sfruttano-le-esitazioni\/\"},\"author\":{\"name\":\"Puntodincontro\",\"@id\":\"https:\/\/puntodincontro.mx\/#\/schema\/person\/d3066d18a16259cbb0c29b0d0e93b556\"},\"headline\":\"Draghi: \u00abEvitare le ambiguit\u00e0, perch\u00e9 le autocrazie sfruttano le esitazioni\u00bb\",\"datePublished\":\"2022-09-20T13:37:01+00:00\",\"dateModified\":\"2022-09-20T13:37:02+00:00\",\"mainEntityOfPage\":{\"@id\":\"https:\/\/puntodincontro.mx\/2022\/09\/20\/draghi-evitare-le-ambiguita-perche-le-autocrazie-sfruttano-le-esitazioni\/\"},\"wordCount\":400,\"commentCount\":0,\"publisher\":{\"@id\":\"https:\/\/puntodincontro.mx\/#organization\"},\"image\":{\"@id\":\"https:\/\/puntodincontro.mx\/2022\/09\/20\/draghi-evitare-le-ambiguita-perche-le-autocrazie-sfruttano-le-esitazioni\/#primaryimage\"},\"thumbnailUrl\":\"https:\/\/puntodincontro.mx\/wp-content\/uploads\/2022\/09\/dragipremiatovert.webp\",\"articleSection\":[\"Italia nel mondo\"],\"inLanguage\":\"es\",\"potentialAction\":[{\"@type\":\"CommentAction\",\"name\":\"Comment\",\"target\":[\"https:\/\/puntodincontro.mx\/2022\/09\/20\/draghi-evitare-le-ambiguita-perche-le-autocrazie-sfruttano-le-esitazioni\/#respond\"]}]},{\"@type\":\"WebPage\",\"@id\":\"https:\/\/puntodincontro.mx\/2022\/09\/20\/draghi-evitare-le-ambiguita-perche-le-autocrazie-sfruttano-le-esitazioni\/\",\"url\":\"https:\/\/puntodincontro.mx\/2022\/09\/20\/draghi-evitare-le-ambiguita-perche-le-autocrazie-sfruttano-le-esitazioni\/\",\"name\":\"Draghi: \u00abEvitare le ambiguit\u00e0, perch\u00e9 le autocrazie ne approfittano\u00bb\",\"isPartOf\":{\"@id\":\"https:\/\/puntodincontro.mx\/#website\"},\"primaryImageOfPage\":{\"@id\":\"https:\/\/puntodincontro.mx\/2022\/09\/20\/draghi-evitare-le-ambiguita-perche-le-autocrazie-sfruttano-le-esitazioni\/#primaryimage\"},\"image\":{\"@id\":\"https:\/\/puntodincontro.mx\/2022\/09\/20\/draghi-evitare-le-ambiguita-perche-le-autocrazie-sfruttano-le-esitazioni\/#primaryimage\"},\"thumbnailUrl\":\"https:\/\/puntodincontro.mx\/wp-content\/uploads\/2022\/09\/dragipremiatovert.webp\",\"datePublished\":\"2022-09-20T13:37:01+00:00\",\"dateModified\":\"2022-09-20T13:37:02+00:00\",\"description\":\"Lo ha detto il premier italiano Mario Draghi alla Appeal of Conscience Foundation, che gli ha conferito il premio allo statista dell'anno.\",\"breadcrumb\":{\"@id\":\"https:\/\/puntodincontro.mx\/2022\/09\/20\/draghi-evitare-le-ambiguita-perche-le-autocrazie-sfruttano-le-esitazioni\/#breadcrumb\"},\"inLanguage\":\"es\",\"potentialAction\":[{\"@type\":\"ReadAction\",\"target\":[\"https:\/\/puntodincontro.mx\/2022\/09\/20\/draghi-evitare-le-ambiguita-perche-le-autocrazie-sfruttano-le-esitazioni\/\"]}]},{\"@type\":\"ImageObject\",\"inLanguage\":\"es\",\"@id\":\"https:\/\/puntodincontro.mx\/2022\/09\/20\/draghi-evitare-le-ambiguita-perche-le-autocrazie-sfruttano-le-esitazioni\/#primaryimage\",\"url\":\"https:\/\/puntodincontro.mx\/wp-content\/uploads\/2022\/09\/dragipremiatovert.webp\",\"contentUrl\":\"https:\/\/puntodincontro.mx\/wp-content\/uploads\/2022\/09\/dragipremiatovert.webp\",\"width\":423,\"height\":488,\"caption\":\"Draghi: \u00abEvitare le ambiguit\u00e0, perch\u00e9 le autocrazie sfruttano le esitazioni\u00bb\"},{\"@type\":\"BreadcrumbList\",\"@id\":\"https:\/\/puntodincontro.mx\/2022\/09\/20\/draghi-evitare-le-ambiguita-perche-le-autocrazie-sfruttano-le-esitazioni\/#breadcrumb\",\"itemListElement\":[{\"@type\":\"ListItem\",\"position\":1,\"name\":\"Home\",\"item\":\"https:\/\/puntodincontro.mx\/\"},{\"@type\":\"ListItem\",\"position\":2,\"name\":\"Draghi: \u00abEvitare le ambiguit\u00e0, perch\u00e9 le autocrazie sfruttano le esitazioni\u00bb\"}]},{\"@type\":\"WebSite\",\"@id\":\"https:\/\/puntodincontro.mx\/#website\",\"url\":\"https:\/\/puntodincontro.mx\/\",\"name\":\"Puntodincontro\",\"description\":\"Dal 2006 notizie sui rapporti Italia-Messico \/ Desde 2006 noticias sobre las relaciones entre Italia y M\u00e9xico\",\"publisher\":{\"@id\":\"https:\/\/puntodincontro.mx\/#organization\"},\"potentialAction\":[{\"@type\":\"SearchAction\",\"target\":{\"@type\":\"EntryPoint\",\"urlTemplate\":\"https:\/\/puntodincontro.mx\/?s={search_term_string}\"},\"query-input\":{\"@type\":\"PropertyValueSpecification\",\"valueRequired\":true,\"valueName\":\"search_term_string\"}}],\"inLanguage\":\"es\"},{\"@type\":\"Organization\",\"@id\":\"https:\/\/puntodincontro.mx\/#organization\",\"name\":\"Puntodincontro\",\"url\":\"https:\/\/puntodincontro.mx\/\",\"logo\":{\"@type\":\"ImageObject\",\"inLanguage\":\"es\",\"@id\":\"https:\/\/puntodincontro.mx\/#\/schema\/logo\/image\/\",\"url\":\"https:\/\/puntodincontro.mx\/wp-content\/uploads\/2021\/08\/Default-image-for-open-graph-settings.jpg\",\"contentUrl\":\"https:\/\/puntodincontro.mx\/wp-content\/uploads\/2021\/08\/Default-image-for-open-graph-settings.jpg\",\"width\":1200,\"height\":630,\"caption\":\"Puntodincontro\"},\"image\":{\"@id\":\"https:\/\/puntodincontro.mx\/#\/schema\/logo\/image\/\"},\"sameAs\":[\"https:\/\/www.facebook.com\/puntodincontro.mx\",\"https:\/\/x.com\/puntodincontro\",\"https:\/\/www.instagram.com\/puntodincontro.mx\/\",\"https:\/\/www.linkedin.com\/company\/puntodincontro\/\",\"https:\/\/www.youtube.com\/c\/puntodincontromessico\",\"https:\/\/www.patreon.com\/puntodincontro\",\"https:\/\/www.threads.net\/@puntodincontro.mx\"]},{\"@type\":\"Person\",\"@id\":\"https:\/\/puntodincontro.mx\/#\/schema\/person\/d3066d18a16259cbb0c29b0d0e93b556\",\"name\":\"Puntodincontro\",\"image\":{\"@type\":\"ImageObject\",\"inLanguage\":\"es\",\"@id\":\"https:\/\/puntodincontro.mx\/#\/schema\/person\/image\/\",\"url\":\"https:\/\/secure.gravatar.com\/avatar\/0e85b4b3b5e9d6bfcec6a4956d8cc63a?s=96&d=mm&r=g\",\"contentUrl\":\"https:\/\/secure.gravatar.com\/avatar\/0e85b4b3b5e9d6bfcec6a4956d8cc63a?s=96&d=mm&r=g\",\"caption\":\"Puntodincontro\"},\"url\":\"https:\/\/puntodincontro.mx\/es\/author\/puntodincontro\/\"}]}<\/script>\n<!-- \/ Yoast SEO Premium plugin. -->","yoast_head_json":{"title":"Draghi: \u00abNo a la ambig\u00fcedad, porque las autocracias explotan la vacilaci\u00f3n\u00bb","description":"Lo ha detto il premier italiano Mario Draghi alla Appeal of Conscience Foundation, che gli ha conferito il premio allo statista dell'anno.","robots":{"index":"index","follow":"follow","max-snippet":"max-snippet:-1","max-image-preview":"max-image-preview:large","max-video-preview":"max-video-preview:-1"},"canonical":"https:\/\/puntodincontro.mx\/es\/2022\/09\/20\/no-a-la-ambiguedad-porque-las-autocracias-explotan-la-vacilacion\/","og_locale":"es_MX","og_type":"article","og_title":"Draghi: \u00abEvitare le ambiguit\u00e0, perch\u00e9 le autocrazie sfruttano le esitazioni\u00bb","og_description":"Lo ha detto il premier italiano Mario Draghi alla Appeal of Conscience Foundation, che gli ha conferito il premio allo statista dell'anno.","og_url":"https:\/\/puntodincontro.mx\/es\/2022\/09\/20\/no-a-la-ambiguedad-porque-las-autocracias-explotan-la-vacilacion\/","og_site_name":"Puntodincontro","article_publisher":"https:\/\/www.facebook.com\/puntodincontro.mx","article_published_time":"2022-09-20T13:37:01+00:00","article_modified_time":"2022-09-20T13:37:02+00:00","og_image":[{"width":423,"height":488,"url":"https:\/\/puntodincontro.mx\/wp-content\/uploads\/2022\/09\/dragipremiatovert.webp","type":"image\/webp"}],"author":"Puntodincontro","twitter_card":"summary_large_image","twitter_creator":"@puntodincontro","twitter_site":"@puntodincontro","twitter_misc":{"Escrito por":"Puntodincontro","Tiempo de lectura":"2 minutos"},"schema":{"@context":"https:\/\/schema.org","@graph":[{"@type":"NewsArticle","@id":"https:\/\/puntodincontro.mx\/2022\/09\/20\/draghi-evitare-le-ambiguita-perche-le-autocrazie-sfruttano-le-esitazioni\/#article","isPartOf":{"@id":"https:\/\/puntodincontro.mx\/2022\/09\/20\/draghi-evitare-le-ambiguita-perche-le-autocrazie-sfruttano-le-esitazioni\/"},"author":{"name":"Puntodincontro","@id":"https:\/\/puntodincontro.mx\/#\/schema\/person\/d3066d18a16259cbb0c29b0d0e93b556"},"headline":"Draghi: \u00abEvitare le ambiguit\u00e0, perch\u00e9 le autocrazie sfruttano le esitazioni\u00bb","datePublished":"2022-09-20T13:37:01+00:00","dateModified":"2022-09-20T13:37:02+00:00","mainEntityOfPage":{"@id":"https:\/\/puntodincontro.mx\/2022\/09\/20\/draghi-evitare-le-ambiguita-perche-le-autocrazie-sfruttano-le-esitazioni\/"},"wordCount":400,"commentCount":0,"publisher":{"@id":"https:\/\/puntodincontro.mx\/#organization"},"image":{"@id":"https:\/\/puntodincontro.mx\/2022\/09\/20\/draghi-evitare-le-ambiguita-perche-le-autocrazie-sfruttano-le-esitazioni\/#primaryimage"},"thumbnailUrl":"https:\/\/puntodincontro.mx\/wp-content\/uploads\/2022\/09\/dragipremiatovert.webp","articleSection":["Italia nel mondo"],"inLanguage":"es","potentialAction":[{"@type":"CommentAction","name":"Comment","target":["https:\/\/puntodincontro.mx\/2022\/09\/20\/draghi-evitare-le-ambiguita-perche-le-autocrazie-sfruttano-le-esitazioni\/#respond"]}]},{"@type":"WebPage","@id":"https:\/\/puntodincontro.mx\/2022\/09\/20\/draghi-evitare-le-ambiguita-perche-le-autocrazie-sfruttano-le-esitazioni\/","url":"https:\/\/puntodincontro.mx\/2022\/09\/20\/draghi-evitare-le-ambiguita-perche-le-autocrazie-sfruttano-le-esitazioni\/","name":"Draghi: \u00abNo a la ambig\u00fcedad, porque las autocracias explotan la vacilaci\u00f3n\u00bb","isPartOf":{"@id":"https:\/\/puntodincontro.mx\/#website"},"primaryImageOfPage":{"@id":"https:\/\/puntodincontro.mx\/2022\/09\/20\/draghi-evitare-le-ambiguita-perche-le-autocrazie-sfruttano-le-esitazioni\/#primaryimage"},"image":{"@id":"https:\/\/puntodincontro.mx\/2022\/09\/20\/draghi-evitare-le-ambiguita-perche-le-autocrazie-sfruttano-le-esitazioni\/#primaryimage"},"thumbnailUrl":"https:\/\/puntodincontro.mx\/wp-content\/uploads\/2022\/09\/dragipremiatovert.webp","datePublished":"2022-09-20T13:37:01+00:00","dateModified":"2022-09-20T13:37:02+00:00","description":"Lo ha detto il premier italiano Mario Draghi alla Appeal of Conscience Foundation, che gli ha conferito il premio allo statista dell'anno.","breadcrumb":{"@id":"https:\/\/puntodincontro.mx\/2022\/09\/20\/draghi-evitare-le-ambiguita-perche-le-autocrazie-sfruttano-le-esitazioni\/#breadcrumb"},"inLanguage":"es","potentialAction":[{"@type":"ReadAction","target":["https:\/\/puntodincontro.mx\/2022\/09\/20\/draghi-evitare-le-ambiguita-perche-le-autocrazie-sfruttano-le-esitazioni\/"]}]},{"@type":"ImageObject","inLanguage":"es","@id":"https:\/\/puntodincontro.mx\/2022\/09\/20\/draghi-evitare-le-ambiguita-perche-le-autocrazie-sfruttano-le-esitazioni\/#primaryimage","url":"https:\/\/puntodincontro.mx\/wp-content\/uploads\/2022\/09\/dragipremiatovert.webp","contentUrl":"https:\/\/puntodincontro.mx\/wp-content\/uploads\/2022\/09\/dragipremiatovert.webp","width":423,"height":488,"caption":"Draghi: \u00abEvitare le ambiguit\u00e0, perch\u00e9 le autocrazie sfruttano le esitazioni\u00bb"},{"@type":"BreadcrumbList","@id":"https:\/\/puntodincontro.mx\/2022\/09\/20\/draghi-evitare-le-ambiguita-perche-le-autocrazie-sfruttano-le-esitazioni\/#breadcrumb","itemListElement":[{"@type":"ListItem","position":1,"name":"Home","item":"https:\/\/puntodincontro.mx\/"},{"@type":"ListItem","position":2,"name":"Draghi: \u00abEvitare le ambiguit\u00e0, perch\u00e9 le autocrazie sfruttano le esitazioni\u00bb"}]},{"@type":"WebSite","@id":"https:\/\/puntodincontro.mx\/#website","url":"https:\/\/puntodincontro.mx\/","name":"Puntodincontro","description":"Desde el 2006 noticias sobre las relaciones entre Italia y M\u00e9xico \/ Dal 2006 notizie sui rapporti Italia-Messico","publisher":{"@id":"https:\/\/puntodincontro.mx\/#organization"},"potentialAction":[{"@type":"SearchAction","target":{"@type":"EntryPoint","urlTemplate":"https:\/\/puntodincontro.mx\/?s={search_term_string}"},"query-input":{"@type":"PropertyValueSpecification","valueRequired":true,"valueName":"search_term_string"}}],"inLanguage":"es"},{"@type":"Organization","@id":"https:\/\/puntodincontro.mx\/#organization","name":"Puntodincontro","url":"https:\/\/puntodincontro.mx\/","logo":{"@type":"ImageObject","inLanguage":"es","@id":"https:\/\/puntodincontro.mx\/#\/schema\/logo\/image\/","url":"https:\/\/puntodincontro.mx\/wp-content\/uploads\/2021\/08\/Default-image-for-open-graph-settings.jpg","contentUrl":"https:\/\/puntodincontro.mx\/wp-content\/uploads\/2021\/08\/Default-image-for-open-graph-settings.jpg","width":1200,"height":630,"caption":"Puntodincontro"},"image":{"@id":"https:\/\/puntodincontro.mx\/#\/schema\/logo\/image\/"},"sameAs":["https:\/\/www.facebook.com\/puntodincontro.mx","https:\/\/x.com\/puntodincontro","https:\/\/www.instagram.com\/puntodincontro.mx\/","https:\/\/www.linkedin.com\/company\/puntodincontro\/","https:\/\/www.youtube.com\/c\/puntodincontromessico","https:\/\/www.patreon.com\/puntodincontro","https:\/\/www.threads.net\/@puntodincontro.mx"]},{"@type":"Person","@id":"https:\/\/puntodincontro.mx\/#\/schema\/person\/d3066d18a16259cbb0c29b0d0e93b556","name":"Puntodincontro","image":{"@type":"ImageObject","inLanguage":"es","@id":"https:\/\/puntodincontro.mx\/#\/schema\/person\/image\/","url":"https:\/\/secure.gravatar.com\/avatar\/0e85b4b3b5e9d6bfcec6a4956d8cc63a?s=96&d=mm&r=g","contentUrl":"https:\/\/secure.gravatar.com\/avatar\/0e85b4b3b5e9d6bfcec6a4956d8cc63a?s=96&d=mm&r=g","caption":"Puntodincontro"},"url":"https:\/\/puntodincontro.mx\/es\/author\/puntodincontro\/"}]}},"_links":{"self":[{"href":"https:\/\/puntodincontro.mx\/es\/wp-json\/wp\/v2\/posts\/7673"}],"collection":[{"href":"https:\/\/puntodincontro.mx\/es\/wp-json\/wp\/v2\/posts"}],"about":[{"href":"https:\/\/puntodincontro.mx\/es\/wp-json\/wp\/v2\/types\/post"}],"author":[{"embeddable":true,"href":"https:\/\/puntodincontro.mx\/es\/wp-json\/wp\/v2\/users\/2"}],"replies":[{"embeddable":true,"href":"https:\/\/puntodincontro.mx\/es\/wp-json\/wp\/v2\/comments?post=7673"}],"version-history":[{"count":5,"href":"https:\/\/puntodincontro.mx\/es\/wp-json\/wp\/v2\/posts\/7673\/revisions"}],"predecessor-version":[{"id":7682,"href":"https:\/\/puntodincontro.mx\/es\/wp-json\/wp\/v2\/posts\/7673\/revisions\/7682"}],"wp:featuredmedia":[{"embeddable":true,"href":"https:\/\/puntodincontro.mx\/es\/wp-json\/wp\/v2\/media\/7680"}],"wp:attachment":[{"href":"https:\/\/puntodincontro.mx\/es\/wp-json\/wp\/v2\/media?parent=7673"}],"wp:term":[{"taxonomy":"category","embeddable":true,"href":"https:\/\/puntodincontro.mx\/es\/wp-json\/wp\/v2\/categories?post=7673"},{"taxonomy":"post_tag","embeddable":true,"href":"https:\/\/puntodincontro.mx\/es\/wp-json\/wp\/v2\/tags?post=7673"}],"curies":[{"name":"wp","href":"https:\/\/api.w.org\/{rel}","templated":true}]}}