{"id":7811,"date":"2022-09-23T17:39:24","date_gmt":"2022-09-23T22:39:24","guid":{"rendered":"https:\/\/puntodincontro.mx\/?p=7811"},"modified":"2022-09-23T17:40:17","modified_gmt":"2022-09-23T22:40:17","slug":"visita-a-roma-del-gobernador-del-estado-de-jalisco-enrique-alfaro","status":"publish","type":"post","link":"https:\/\/puntodincontro.mx\/es\/2022\/09\/23\/visita-a-roma-del-governatore-dello-stato-di-jalisco-enrique-alfaro\/","title":{"rendered":"Visita a Roma del Gobernador del Estado de Jalisco Enrique Alfaro"},"content":{"rendered":"<p class=\"translation-block\"><strong>17:25 hrs.<\/strong> - Durante su visita en Roma ayer y hoy, el Gobernador del Estado de Jalisco, Enrique Alfaro, firm\u00f3 un convenio de cooperaci\u00f3n con la Organizaci\u00f3n de las Naciones Unidas para la Agricultura y la Alimentaci\u00f3n (FAO), cuya sede se encuentra en la capital italiana.<\/p>\n\n\n\n<p class=\"translation-block\">El acuerdo incluye el proyecto <a href=\"https:\/\/mexico.un.org\/es\/180745-anuncian-programa-de-apoyo-mujeres-emprendedoras-rurales-para-el-estado-de-jalisco-en-mexico\" target=\"_blank\"><em>Medios de vida para mujeres rurales de Jalisco<\/em><\/a>, un programa que mira a empoderar a las mujeres empresarias del Estado a trav\u00e9s de la tutor\u00eda y el apoyo entre pares, mejorando y potenciando su participaci\u00f3n en la econom\u00eda. La iniciativa es financiada por el Gobierno de Irlanda e implementada por la Secretar\u00eda de Agricultura y Desarrollo Rural (Sader) de Jalisco y la FAO.<\/p>\n\n\n\n<p>La carta de intenci\u00f3n tambi\u00e9n incluye planes de trabajo para la seguridad alimentaria de 13 municipios del Estado, el manejo de la pesca en la zona costera y la zonificaci\u00f3n agroecol\u00f3gica para cadenas productivas prioritarias.<\/p>\n\n\n\n<p class=\"translation-block\">Por otra parte, Alfaro firm\u00f3 un acuerdo (en la foto) con la Asociaci\u00f3n Econ\u00f3mica de M\u00e9xico en Italia (<a href=\"https:\/\/puntodincontro.mx\/es\/2022\/05\/18\/hacia-la-camara-de-comercio-de-mexico-en-italia\/\" target=\"_blank\" rel=\"noreferrer noopener\">AEMI<\/a>), representada por su presidente Letizia Magaldi y su directora Cecile de Mauleon. \u00abUna gran oportunidad\u00bb \u2014afirm\u00f3 el mandatario\u2014 \u00abpara fortalecer las relaciones econ\u00f3micas entre las empresas italianas y Jalisco, principalmente enlos sectores de alimentos, bebidas, turismo, industria f\u00edlmica y comercio\u00bb.<\/p>\n\n\n\n<p>\u00abDejamos sobre la mesa\u00bb \u2014a\u00f1adi\u00f3\u2014 \u00abnuestro inter\u00e9s para crear nuevos proyectos con empresas como Ferrero, Casa Guadalupe en Ostuni y Jes\u00fas Garc\u00e9s Lambert, director y productor de cine y documentales\u00bb.<\/p>\n\n\n\n<p>El titular del poder ejecutivo del Estado de Jalisco se reuni\u00f3 tambi\u00e9n con Aldo Davoli, director de Relaciones Internacionales del grupo Campari, quien inform\u00f3 que la compa\u00f1\u00eda ha invertido 63.4 millones de d\u00f3lares en el primer semestre de 2022, con el cual ha logrado producir m\u00e1s de 15 millones de litros de tequila en la Destiladora San Nicol\u00e1s, fundada en 1998 por Don Ra\u00fal Plascencia y desde 2008 propiedad del grupo italiano. Davoli explic\u00f3 que la destiler\u00eda se encuentra en proceso de expansi\u00f3n y pretende llegar al doble de producci\u00f3n para 2025.<\/p>\n\n\n\n<div style=\"height:12px\" aria-hidden=\"true\" class=\"wp-block-spacer\"><\/div>\n\n\n<!-- Ad space powered by WP AdCenter v2.5.7 - https:\/\/wpadcenter.com\/ --><div class=\"wpadcenter-adgroup\" ><div class=\"wpadcenter-adgroup__row wpadcenter-aligncenter\"><div class=\"wpadcenter-ad-container\" ><div id=\"wpadcenter-ad-18464\" class=\"ad-placement\"><div class=\"wpadcenter-ad-inner\" ><a id=\"wpadcenter_ad\" data-value=\"18464\" data-placement=\"\" href=\"https:\/\/www.productosremo.com\/\" target=\"_blank\" class=\"wpadcenter-ad-inner__item\" ><img decoding=\"async\"   src=\"https:\/\/puntodincontro.mx\/wp-content\/uploads\/2021\/08\/remobanner.jpg\" class=\"attachment-post-thumbnail size-post-thumbnail wp-post-image\" alt=\"\" srcset=\"https:\/\/puntodincontro.mx\/wp-content\/uploads\/2021\/08\/remobanner.jpg 200w, https:\/\/puntodincontro.mx\/wp-content\/uploads\/2021\/08\/remobanner-16x5.jpg 16w\" sizes=\"(max-width: 200px) 100vw, 200px\" \/><\/a><\/div><\/div><\/div><div class=\"wpadcenter-ad-container\" ><div id=\"wpadcenter-ad-5305\" class=\"ad-placement\"><div class=\"wpadcenter-ad-inner\" ><a id=\"wpadcenter_ad\" data-value=\"5305\" data-placement=\"\" href=\"https:\/\/ambcittadelmessico.esteri.it\/ambasciata_cittadelmessico\/it\/\" target=\"_blank\" class=\"wpadcenter-ad-inner__item\" ><img decoding=\"async\"   src=\"https:\/\/puntodincontro.mx\/wp-content\/uploads\/2022\/05\/Ambasciata.jpg\" class=\"attachment-post-thumbnail size-post-thumbnail wp-post-image\" alt=\"\" srcset=\"https:\/\/puntodincontro.mx\/wp-content\/uploads\/2022\/05\/Ambasciata.jpg 200w, https:\/\/puntodincontro.mx\/wp-content\/uploads\/2022\/05\/Ambasciata-18x5.jpg 18w\" sizes=\"(max-width: 200px) 100vw, 200px\" \/><\/a><\/div><\/div><\/div><div class=\"wpadcenter-ad-container\" ><div id=\"wpadcenter-ad-3781\" class=\"ad-placement\"><div class=\"wpadcenter-ad-inner\" ><a id=\"wpadcenter_ad\" data-value=\"3781\" data-placement=\"\" href=\"https:\/\/cannizzo.com.mx\/\" target=\"_blank\" class=\"wpadcenter-ad-inner__item\" ><img decoding=\"async\"   src=\"https:\/\/puntodincontro.mx\/wp-content\/uploads\/2022\/03\/cannizzo2.jpg\" class=\"attachment-post-thumbnail size-post-thumbnail wp-post-image\" alt=\"\" srcset=\"https:\/\/puntodincontro.mx\/wp-content\/uploads\/2022\/03\/cannizzo2.jpg 200w, https:\/\/puntodincontro.mx\/wp-content\/uploads\/2022\/03\/cannizzo2-18x5.jpg 18w\" sizes=\"(max-width: 200px) 100vw, 200px\" \/><\/a><\/div><\/div><\/div><\/div><div class=\"wpadcenter-adgroup__row wpadcenter-aligncenter\"><div class=\"wpadcenter-ad-container\" ><div id=\"wpadcenter-ad-1704\" class=\"ad-placement\"><div class=\"wpadcenter-ad-inner\" ><a id=\"wpadcenter_ad\" data-value=\"1704\" data-placement=\"\" href=\"https:\/\/puntodincontro.mx\/es\/2021\/12\/24\/inps-verificacion-de-supervivencia-de-los-pensionados-en-el-extranjero\/\" target=\"_blank\" class=\"wpadcenter-ad-inner__item\" ><img decoding=\"async\"   src=\"https:\/\/puntodincontro.mx\/wp-content\/uploads\/2021\/11\/logo-ital.jpg\" class=\"attachment-post-thumbnail size-post-thumbnail wp-post-image\" alt=\"Patronato ITAL Messico\" srcset=\"https:\/\/puntodincontro.mx\/wp-content\/uploads\/2021\/11\/logo-ital.jpg 200w, https:\/\/puntodincontro.mx\/wp-content\/uploads\/2021\/11\/logo-ital-16x5.jpg 16w\" sizes=\"(max-width: 200px) 100vw, 200px\" \/><\/a><\/div><\/div><\/div><div class=\"wpadcenter-ad-container\" ><div id=\"wpadcenter-ad-1538\" class=\"ad-placement\"><div class=\"wpadcenter-ad-inner\" ><a id=\"wpadcenter_ad\" data-value=\"1538\" data-placement=\"\" href=\"https:\/\/asociacionitaliana.org\/\" target=\"_blank\" class=\"wpadcenter-ad-inner__item\" ><img decoding=\"async\"   src=\"https:\/\/puntodincontro.mx\/wp-content\/uploads\/2021\/11\/aialogo.jpg\" class=\"attachment-post-thumbnail size-post-thumbnail wp-post-image\" alt=\"Associazione Italiana di Assistenza IAP\" srcset=\"https:\/\/puntodincontro.mx\/wp-content\/uploads\/2021\/11\/aialogo.jpg 200w, https:\/\/puntodincontro.mx\/wp-content\/uploads\/2021\/11\/aialogo-18x5.jpg 18w\" sizes=\"(max-width: 200px) 100vw, 200px\" \/><\/a><\/div><\/div><\/div><div class=\"wpadcenter-ad-container\" ><div id=\"wpadcenter-ad-1513\" class=\"ad-placement\"><div class=\"wpadcenter-ad-inner\" ><a id=\"wpadcenter_ad\" data-value=\"1513\" data-placement=\"\" href=\"https:\/\/gcinmuebles.mx\" target=\"_blank\" class=\"wpadcenter-ad-inner__item\" ><img decoding=\"async\"   src=\"https:\/\/puntodincontro.mx\/wp-content\/uploads\/2021\/10\/gcinmuebleslogopunto-1.jpg\" class=\"attachment-post-thumbnail size-post-thumbnail wp-post-image\" alt=\"\" srcset=\"https:\/\/puntodincontro.mx\/wp-content\/uploads\/2021\/10\/gcinmuebleslogopunto-1.jpg 200w, https:\/\/puntodincontro.mx\/wp-content\/uploads\/2021\/10\/gcinmuebleslogopunto-1-18x5.jpg 18w\" sizes=\"(max-width: 200px) 100vw, 200px\" \/><\/a><\/div><\/div><\/div><\/div><div class=\"wpadcenter-adgroup__row wpadcenter-aligncenter\"><div class=\"wpadcenter-ad-container\" ><div id=\"wpadcenter-ad-1374\" class=\"ad-placement\"><div class=\"wpadcenter-ad-inner\" ><a id=\"wpadcenter_ad\" data-value=\"1374\" data-placement=\"\" href=\"https:\/\/www.9colonne.it\/\" target=\"_blank\" class=\"wpadcenter-ad-inner__item\" ><img decoding=\"async\"   src=\"https:\/\/puntodincontro.mx\/wp-content\/uploads\/2021\/10\/Banner9colonne.gif\" class=\"attachment-post-thumbnail size-post-thumbnail wp-post-image\" alt=\"\" \/><\/a><\/div><\/div><\/div><div class=\"wpadcenter-ad-container\" ><div id=\"wpadcenter-ad-276\" class=\"ad-placement\"><div class=\"wpadcenter-ad-inner\" ><a id=\"wpadcenter_ad\" data-value=\"276\" data-placement=\"\" href=\"http:\/\/www.camaraitaliana.mx\/\" target=\"_blank\" class=\"wpadcenter-ad-inner__item\" ><img decoding=\"async\"   src=\"https:\/\/puntodincontro.mx\/wp-content\/uploads\/2021\/08\/ccimnuovo.jpg\" class=\"attachment-post-thumbnail size-post-thumbnail wp-post-image\" alt=\"\" srcset=\"https:\/\/puntodincontro.mx\/wp-content\/uploads\/2021\/08\/ccimnuovo.jpg 200w, https:\/\/puntodincontro.mx\/wp-content\/uploads\/2021\/08\/ccimnuovo-18x5.jpg 18w\" sizes=\"(max-width: 200px) 100vw, 200px\" \/><\/a><\/div><\/div><\/div><div class=\"wpadcenter-ad-container\" ><div id=\"wpadcenter-ad-272\" class=\"ad-placement\"><div class=\"wpadcenter-ad-inner\" ><a id=\"wpadcenter_ad\" data-value=\"272\" data-placement=\"\" href=\"http:\/\/corix.us\/\" target=\"_blank\" class=\"wpadcenter-ad-inner__item\" ><img decoding=\"async\"   src=\"https:\/\/puntodincontro.mx\/wp-content\/uploads\/2021\/08\/corixbanner-1.jpg\" class=\"attachment-post-thumbnail size-post-thumbnail wp-post-image\" alt=\"\" srcset=\"https:\/\/puntodincontro.mx\/wp-content\/uploads\/2021\/08\/corixbanner-1.jpg 200w, https:\/\/puntodincontro.mx\/wp-content\/uploads\/2021\/08\/corixbanner-1-16x5.jpg 16w\" sizes=\"(max-width: 200px) 100vw, 200px\" \/><\/a><\/div><\/div><\/div><\/div><div class=\"wpadcenter-adgroup__row wpadcenter-aligncenter\"><div class=\"wpadcenter-ad-container\" ><div id=\"wpadcenter-ad-266\" class=\"ad-placement\"><div class=\"wpadcenter-ad-inner\" ><a id=\"wpadcenter_ad\" data-value=\"266\" data-placement=\"\" href=\"https:\/\/www.prinsel.com.mx\/\" target=\"_blank\" class=\"wpadcenter-ad-inner__item\" ><img decoding=\"async\"   src=\"https:\/\/puntodincontro.mx\/wp-content\/uploads\/2021\/08\/prinselbanner-1.jpg\" class=\"attachment-post-thumbnail size-post-thumbnail wp-post-image\" alt=\"\" srcset=\"https:\/\/puntodincontro.mx\/wp-content\/uploads\/2021\/08\/prinselbanner-1.jpg 200w, https:\/\/puntodincontro.mx\/wp-content\/uploads\/2021\/08\/prinselbanner-1-16x5.jpg 16w\" sizes=\"(max-width: 200px) 100vw, 200px\" \/><\/a><\/div><\/div><\/div><div class=\"wpadcenter-ad-container\" ><div id=\"wpadcenter-ad-261\" class=\"ad-placement\"><div class=\"wpadcenter-ad-inner\" ><a id=\"wpadcenter_ad\" data-value=\"261\" data-placement=\"\" href=\"https:\/\/faitalia.com.mx\/\" target=\"_blank\" class=\"wpadcenter-ad-inner__item\" ><img decoding=\"async\"   src=\"https:\/\/puntodincontro.mx\/wp-content\/uploads\/2021\/08\/gruppodino.jpg\" class=\"attachment-post-thumbnail size-post-thumbnail wp-post-image\" alt=\"\" srcset=\"https:\/\/puntodincontro.mx\/wp-content\/uploads\/2021\/08\/gruppodino.jpg 200w, https:\/\/puntodincontro.mx\/wp-content\/uploads\/2021\/08\/gruppodino-18x5.jpg 18w\" sizes=\"(max-width: 200px) 100vw, 200px\" \/><\/a><\/div><\/div><\/div><\/div><\/div>\n\n\n<div style=\"height:12px\" aria-hidden=\"true\" class=\"wp-block-spacer\"><\/div>","protected":false},"excerpt":{"rendered":"<p>Ore 17.25 &#8211; Nel corso della sua visita a Roma di ieri e oggi, il Governatore dello Stato di Jalisco, Enrique Alfaro, ha firmato un accordo di cooperazione con l&#8217;Organizzazione delle Nazioni Unite per l&#8217;alimentazione e l&#8217;agricoltura (FAO), la cui sede si trova nella capitale italiana. L&#8217;accordo include il progetto Medios de vida para mujeres de Jalisco, un programma che mira a potenziare la partecipazione delle donne imprenditrici nello Stato attraverso tutoraggio e sostegno tra pari, migliorando e promuovendo la loro partecipazione nell&#8217;economia. L&#8217;iniziativa \u00e8 finanziata dal governo irlandese e attuata dal ministero per l&#8217;agricoltura e lo sviluppo rurale (Sader)&#8230; <\/p>","protected":false},"author":2,"featured_media":7817,"comment_status":"open","ping_status":"open","sticky":false,"template":"","format":"standard","meta":{"_monsterinsights_skip_tracking":false,"_monsterinsights_sitenote_active":false,"_monsterinsights_sitenote_note":"","_monsterinsights_sitenote_category":0,"footnotes":""},"categories":[6],"tags":[],"class_list":["post-7811","post","type-post","status-publish","format-standard","has-post-thumbnail","hentry","category-messico-in-italia"],"yoast_head":"<!-- This site is optimized with the Yoast SEO Premium plugin v18.4 (Yoast SEO v25.6) - https:\/\/yoast.com\/wordpress\/plugins\/seo\/ -->\n<title>Visita a Roma del governatore dello Stato di Jalisco Enrique Alfaro<\/title>\n<meta name=\"description\" content=\"Durante la sua visita a Roma di ieri e oggi, il Governatore dello Stato di Jalisco, Enrique Alfaro, ha firmato accordi di cooperazione.\" \/>\n<meta name=\"robots\" content=\"index, follow, max-snippet:-1, max-image-preview:large, max-video-preview:-1\" \/>\n<link rel=\"canonical\" href=\"https:\/\/puntodincontro.mx\/es\/2022\/09\/23\/visita-a-roma-del-gobernador-del-estado-de-jalisco-enrique-alfaro\/\" \/>\n<meta property=\"og:locale\" content=\"es_MX\" \/>\n<meta property=\"og:type\" content=\"article\" \/>\n<meta property=\"og:title\" content=\"Visita a Roma del governatore dello Stato di Jalisco Enrique Alfaro\" \/>\n<meta property=\"og:description\" content=\"Durante la sua visita a Roma di ieri e oggi, il Governatore dello Stato di Jalisco, Enrique Alfaro, ha firmato accordi di cooperazione.\" \/>\n<meta property=\"og:url\" content=\"https:\/\/puntodincontro.mx\/es\/2022\/09\/23\/visita-a-roma-del-gobernador-del-estado-de-jalisco-enrique-alfaro\/\" \/>\n<meta property=\"og:site_name\" content=\"Puntodincontro\" \/>\n<meta property=\"article:publisher\" content=\"https:\/\/www.facebook.com\/puntodincontro.mx\" \/>\n<meta property=\"article:published_time\" content=\"2022-09-23T22:39:24+00:00\" \/>\n<meta property=\"article:modified_time\" content=\"2022-09-23T22:40:17+00:00\" \/>\n<meta property=\"og:image\" content=\"https:\/\/puntodincontro.mx\/wp-content\/uploads\/2022\/09\/alfaroromavert.webp\" \/>\n\t<meta property=\"og:image:width\" content=\"423\" \/>\n\t<meta property=\"og:image:height\" content=\"488\" \/>\n\t<meta property=\"og:image:type\" content=\"image\/webp\" \/>\n<meta name=\"author\" content=\"Puntodincontro\" \/>\n<meta name=\"twitter:card\" content=\"summary_large_image\" \/>\n<meta name=\"twitter:creator\" content=\"@puntodincontro\" \/>\n<meta name=\"twitter:site\" content=\"@puntodincontro\" \/>\n<meta name=\"twitter:label1\" content=\"Escrito por\" \/>\n\t<meta name=\"twitter:data1\" content=\"Puntodincontro\" \/>\n\t<meta name=\"twitter:label2\" content=\"Tiempo de lectura\" \/>\n\t<meta name=\"twitter:data2\" content=\"2 minutos\" \/>\n<script type=\"application\/ld+json\" class=\"yoast-schema-graph\">{\"@context\":\"https:\/\/schema.org\",\"@graph\":[{\"@type\":\"NewsArticle\",\"@id\":\"https:\/\/puntodincontro.mx\/2022\/09\/23\/visita-a-roma-del-governatore-dello-stato-di-jalisco-enrique-alfaro\/#article\",\"isPartOf\":{\"@id\":\"https:\/\/puntodincontro.mx\/2022\/09\/23\/visita-a-roma-del-governatore-dello-stato-di-jalisco-enrique-alfaro\/\"},\"author\":{\"name\":\"Puntodincontro\",\"@id\":\"https:\/\/puntodincontro.mx\/#\/schema\/person\/d3066d18a16259cbb0c29b0d0e93b556\"},\"headline\":\"Visita a Roma del governatore dello Stato di Jalisco Enrique Alfaro\",\"datePublished\":\"2022-09-23T22:39:24+00:00\",\"dateModified\":\"2022-09-23T22:40:17+00:00\",\"mainEntityOfPage\":{\"@id\":\"https:\/\/puntodincontro.mx\/2022\/09\/23\/visita-a-roma-del-governatore-dello-stato-di-jalisco-enrique-alfaro\/\"},\"wordCount\":330,\"commentCount\":0,\"publisher\":{\"@id\":\"https:\/\/puntodincontro.mx\/#organization\"},\"image\":{\"@id\":\"https:\/\/puntodincontro.mx\/2022\/09\/23\/visita-a-roma-del-governatore-dello-stato-di-jalisco-enrique-alfaro\/#primaryimage\"},\"thumbnailUrl\":\"https:\/\/puntodincontro.mx\/wp-content\/uploads\/2022\/09\/alfaroromavert.webp\",\"articleSection\":[\"Messico in Italia\"],\"inLanguage\":\"es\",\"potentialAction\":[{\"@type\":\"CommentAction\",\"name\":\"Comment\",\"target\":[\"https:\/\/puntodincontro.mx\/2022\/09\/23\/visita-a-roma-del-governatore-dello-stato-di-jalisco-enrique-alfaro\/#respond\"]}]},{\"@type\":\"WebPage\",\"@id\":\"https:\/\/puntodincontro.mx\/2022\/09\/23\/visita-a-roma-del-governatore-dello-stato-di-jalisco-enrique-alfaro\/\",\"url\":\"https:\/\/puntodincontro.mx\/2022\/09\/23\/visita-a-roma-del-governatore-dello-stato-di-jalisco-enrique-alfaro\/\",\"name\":\"Visita a Roma del governatore dello Stato di Jalisco Enrique Alfaro\",\"isPartOf\":{\"@id\":\"https:\/\/puntodincontro.mx\/#website\"},\"primaryImageOfPage\":{\"@id\":\"https:\/\/puntodincontro.mx\/2022\/09\/23\/visita-a-roma-del-governatore-dello-stato-di-jalisco-enrique-alfaro\/#primaryimage\"},\"image\":{\"@id\":\"https:\/\/puntodincontro.mx\/2022\/09\/23\/visita-a-roma-del-governatore-dello-stato-di-jalisco-enrique-alfaro\/#primaryimage\"},\"thumbnailUrl\":\"https:\/\/puntodincontro.mx\/wp-content\/uploads\/2022\/09\/alfaroromavert.webp\",\"datePublished\":\"2022-09-23T22:39:24+00:00\",\"dateModified\":\"2022-09-23T22:40:17+00:00\",\"description\":\"Durante la sua visita a Roma di ieri e oggi, il Governatore dello Stato di Jalisco, Enrique Alfaro, ha firmato accordi di cooperazione.\",\"breadcrumb\":{\"@id\":\"https:\/\/puntodincontro.mx\/2022\/09\/23\/visita-a-roma-del-governatore-dello-stato-di-jalisco-enrique-alfaro\/#breadcrumb\"},\"inLanguage\":\"es\",\"potentialAction\":[{\"@type\":\"ReadAction\",\"target\":[\"https:\/\/puntodincontro.mx\/2022\/09\/23\/visita-a-roma-del-governatore-dello-stato-di-jalisco-enrique-alfaro\/\"]}]},{\"@type\":\"ImageObject\",\"inLanguage\":\"es\",\"@id\":\"https:\/\/puntodincontro.mx\/2022\/09\/23\/visita-a-roma-del-governatore-dello-stato-di-jalisco-enrique-alfaro\/#primaryimage\",\"url\":\"https:\/\/puntodincontro.mx\/wp-content\/uploads\/2022\/09\/alfaroromavert.webp\",\"contentUrl\":\"https:\/\/puntodincontro.mx\/wp-content\/uploads\/2022\/09\/alfaroromavert.webp\",\"width\":423,\"height\":488,\"caption\":\"Visita a Roma del governatore dello Stato di Jalisco Enrique Alfaro\"},{\"@type\":\"BreadcrumbList\",\"@id\":\"https:\/\/puntodincontro.mx\/2022\/09\/23\/visita-a-roma-del-governatore-dello-stato-di-jalisco-enrique-alfaro\/#breadcrumb\",\"itemListElement\":[{\"@type\":\"ListItem\",\"position\":1,\"name\":\"Home\",\"item\":\"https:\/\/puntodincontro.mx\/\"},{\"@type\":\"ListItem\",\"position\":2,\"name\":\"Visita a Roma del governatore dello Stato di Jalisco Enrique Alfaro\"}]},{\"@type\":\"WebSite\",\"@id\":\"https:\/\/puntodincontro.mx\/#website\",\"url\":\"https:\/\/puntodincontro.mx\/\",\"name\":\"Puntodincontro\",\"description\":\"Dal 2006 notizie sui rapporti Italia-Messico \/ Desde 2006 noticias sobre las relaciones entre Italia y M\u00e9xico\",\"publisher\":{\"@id\":\"https:\/\/puntodincontro.mx\/#organization\"},\"potentialAction\":[{\"@type\":\"SearchAction\",\"target\":{\"@type\":\"EntryPoint\",\"urlTemplate\":\"https:\/\/puntodincontro.mx\/?s={search_term_string}\"},\"query-input\":{\"@type\":\"PropertyValueSpecification\",\"valueRequired\":true,\"valueName\":\"search_term_string\"}}],\"inLanguage\":\"es\"},{\"@type\":\"Organization\",\"@id\":\"https:\/\/puntodincontro.mx\/#organization\",\"name\":\"Puntodincontro\",\"url\":\"https:\/\/puntodincontro.mx\/\",\"logo\":{\"@type\":\"ImageObject\",\"inLanguage\":\"es\",\"@id\":\"https:\/\/puntodincontro.mx\/#\/schema\/logo\/image\/\",\"url\":\"https:\/\/puntodincontro.mx\/wp-content\/uploads\/2021\/08\/Default-image-for-open-graph-settings.jpg\",\"contentUrl\":\"https:\/\/puntodincontro.mx\/wp-content\/uploads\/2021\/08\/Default-image-for-open-graph-settings.jpg\",\"width\":1200,\"height\":630,\"caption\":\"Puntodincontro\"},\"image\":{\"@id\":\"https:\/\/puntodincontro.mx\/#\/schema\/logo\/image\/\"},\"sameAs\":[\"https:\/\/www.facebook.com\/puntodincontro.mx\",\"https:\/\/x.com\/puntodincontro\",\"https:\/\/www.instagram.com\/puntodincontro.mx\/\",\"https:\/\/www.linkedin.com\/company\/puntodincontro\/\",\"https:\/\/www.youtube.com\/c\/puntodincontromessico\",\"https:\/\/www.patreon.com\/puntodincontro\",\"https:\/\/www.threads.net\/@puntodincontro.mx\"]},{\"@type\":\"Person\",\"@id\":\"https:\/\/puntodincontro.mx\/#\/schema\/person\/d3066d18a16259cbb0c29b0d0e93b556\",\"name\":\"Puntodincontro\",\"image\":{\"@type\":\"ImageObject\",\"inLanguage\":\"es\",\"@id\":\"https:\/\/puntodincontro.mx\/#\/schema\/person\/image\/\",\"url\":\"https:\/\/secure.gravatar.com\/avatar\/0e85b4b3b5e9d6bfcec6a4956d8cc63a?s=96&d=mm&r=g\",\"contentUrl\":\"https:\/\/secure.gravatar.com\/avatar\/0e85b4b3b5e9d6bfcec6a4956d8cc63a?s=96&d=mm&r=g\",\"caption\":\"Puntodincontro\"},\"url\":\"https:\/\/puntodincontro.mx\/es\/author\/puntodincontro\/\"}]}<\/script>\n<!-- \/ Yoast SEO Premium plugin. -->","yoast_head_json":{"title":"Visita a Roma del Gobernador del Estado de Jalisco Enrique Alfaro","description":"Durante su visita a Roma ayer y hoy, el Gobernador del Estado de Jalisco, Enrique Alfaro, suscribi\u00f3 convenios de cooperaci\u00f3n.","robots":{"index":"index","follow":"follow","max-snippet":"max-snippet:-1","max-image-preview":"max-image-preview:large","max-video-preview":"max-video-preview:-1"},"canonical":"https:\/\/puntodincontro.mx\/es\/2022\/09\/23\/visita-a-roma-del-gobernador-del-estado-de-jalisco-enrique-alfaro\/","og_locale":"es_MX","og_type":"article","og_title":"Visita a Roma del governatore dello Stato di Jalisco Enrique Alfaro","og_description":"Durante la sua visita a Roma di ieri e oggi, il Governatore dello Stato di Jalisco, Enrique Alfaro, ha firmato accordi di cooperazione.","og_url":"https:\/\/puntodincontro.mx\/es\/2022\/09\/23\/visita-a-roma-del-gobernador-del-estado-de-jalisco-enrique-alfaro\/","og_site_name":"Puntodincontro","article_publisher":"https:\/\/www.facebook.com\/puntodincontro.mx","article_published_time":"2022-09-23T22:39:24+00:00","article_modified_time":"2022-09-23T22:40:17+00:00","og_image":[{"width":423,"height":488,"url":"https:\/\/puntodincontro.mx\/wp-content\/uploads\/2022\/09\/alfaroromavert.webp","type":"image\/webp"}],"author":"Puntodincontro","twitter_card":"summary_large_image","twitter_creator":"@puntodincontro","twitter_site":"@puntodincontro","twitter_misc":{"Escrito por":"Puntodincontro","Tiempo de lectura":"2 minutos"},"schema":{"@context":"https:\/\/schema.org","@graph":[{"@type":"NewsArticle","@id":"https:\/\/puntodincontro.mx\/2022\/09\/23\/visita-a-roma-del-governatore-dello-stato-di-jalisco-enrique-alfaro\/#article","isPartOf":{"@id":"https:\/\/puntodincontro.mx\/2022\/09\/23\/visita-a-roma-del-governatore-dello-stato-di-jalisco-enrique-alfaro\/"},"author":{"name":"Puntodincontro","@id":"https:\/\/puntodincontro.mx\/#\/schema\/person\/d3066d18a16259cbb0c29b0d0e93b556"},"headline":"Visita a Roma del governatore dello Stato di Jalisco Enrique Alfaro","datePublished":"2022-09-23T22:39:24+00:00","dateModified":"2022-09-23T22:40:17+00:00","mainEntityOfPage":{"@id":"https:\/\/puntodincontro.mx\/2022\/09\/23\/visita-a-roma-del-governatore-dello-stato-di-jalisco-enrique-alfaro\/"},"wordCount":330,"commentCount":0,"publisher":{"@id":"https:\/\/puntodincontro.mx\/#organization"},"image":{"@id":"https:\/\/puntodincontro.mx\/2022\/09\/23\/visita-a-roma-del-governatore-dello-stato-di-jalisco-enrique-alfaro\/#primaryimage"},"thumbnailUrl":"https:\/\/puntodincontro.mx\/wp-content\/uploads\/2022\/09\/alfaroromavert.webp","articleSection":["Messico in Italia"],"inLanguage":"es","potentialAction":[{"@type":"CommentAction","name":"Comment","target":["https:\/\/puntodincontro.mx\/2022\/09\/23\/visita-a-roma-del-governatore-dello-stato-di-jalisco-enrique-alfaro\/#respond"]}]},{"@type":"WebPage","@id":"https:\/\/puntodincontro.mx\/2022\/09\/23\/visita-a-roma-del-governatore-dello-stato-di-jalisco-enrique-alfaro\/","url":"https:\/\/puntodincontro.mx\/2022\/09\/23\/visita-a-roma-del-governatore-dello-stato-di-jalisco-enrique-alfaro\/","name":"Visita a Roma del Gobernador del Estado de Jalisco Enrique Alfaro","isPartOf":{"@id":"https:\/\/puntodincontro.mx\/#website"},"primaryImageOfPage":{"@id":"https:\/\/puntodincontro.mx\/2022\/09\/23\/visita-a-roma-del-governatore-dello-stato-di-jalisco-enrique-alfaro\/#primaryimage"},"image":{"@id":"https:\/\/puntodincontro.mx\/2022\/09\/23\/visita-a-roma-del-governatore-dello-stato-di-jalisco-enrique-alfaro\/#primaryimage"},"thumbnailUrl":"https:\/\/puntodincontro.mx\/wp-content\/uploads\/2022\/09\/alfaroromavert.webp","datePublished":"2022-09-23T22:39:24+00:00","dateModified":"2022-09-23T22:40:17+00:00","description":"Durante su visita a Roma ayer y hoy, el Gobernador del Estado de Jalisco, Enrique Alfaro, suscribi\u00f3 convenios de cooperaci\u00f3n.","breadcrumb":{"@id":"https:\/\/puntodincontro.mx\/2022\/09\/23\/visita-a-roma-del-governatore-dello-stato-di-jalisco-enrique-alfaro\/#breadcrumb"},"inLanguage":"es","potentialAction":[{"@type":"ReadAction","target":["https:\/\/puntodincontro.mx\/2022\/09\/23\/visita-a-roma-del-governatore-dello-stato-di-jalisco-enrique-alfaro\/"]}]},{"@type":"ImageObject","inLanguage":"es","@id":"https:\/\/puntodincontro.mx\/2022\/09\/23\/visita-a-roma-del-governatore-dello-stato-di-jalisco-enrique-alfaro\/#primaryimage","url":"https:\/\/puntodincontro.mx\/wp-content\/uploads\/2022\/09\/alfaroromavert.webp","contentUrl":"https:\/\/puntodincontro.mx\/wp-content\/uploads\/2022\/09\/alfaroromavert.webp","width":423,"height":488,"caption":"Visita a Roma del governatore dello Stato di Jalisco Enrique Alfaro"},{"@type":"BreadcrumbList","@id":"https:\/\/puntodincontro.mx\/2022\/09\/23\/visita-a-roma-del-governatore-dello-stato-di-jalisco-enrique-alfaro\/#breadcrumb","itemListElement":[{"@type":"ListItem","position":1,"name":"Home","item":"https:\/\/puntodincontro.mx\/"},{"@type":"ListItem","position":2,"name":"Visita a Roma del governatore dello Stato di Jalisco Enrique Alfaro"}]},{"@type":"WebSite","@id":"https:\/\/puntodincontro.mx\/#website","url":"https:\/\/puntodincontro.mx\/","name":"Puntodincontro","description":"Desde el 2006 noticias sobre las relaciones entre Italia y M\u00e9xico \/ Dal 2006 notizie sui rapporti Italia-Messico","publisher":{"@id":"https:\/\/puntodincontro.mx\/#organization"},"potentialAction":[{"@type":"SearchAction","target":{"@type":"EntryPoint","urlTemplate":"https:\/\/puntodincontro.mx\/?s={search_term_string}"},"query-input":{"@type":"PropertyValueSpecification","valueRequired":true,"valueName":"search_term_string"}}],"inLanguage":"es"},{"@type":"Organization","@id":"https:\/\/puntodincontro.mx\/#organization","name":"Puntodincontro","url":"https:\/\/puntodincontro.mx\/","logo":{"@type":"ImageObject","inLanguage":"es","@id":"https:\/\/puntodincontro.mx\/#\/schema\/logo\/image\/","url":"https:\/\/puntodincontro.mx\/wp-content\/uploads\/2021\/08\/Default-image-for-open-graph-settings.jpg","contentUrl":"https:\/\/puntodincontro.mx\/wp-content\/uploads\/2021\/08\/Default-image-for-open-graph-settings.jpg","width":1200,"height":630,"caption":"Puntodincontro"},"image":{"@id":"https:\/\/puntodincontro.mx\/#\/schema\/logo\/image\/"},"sameAs":["https:\/\/www.facebook.com\/puntodincontro.mx","https:\/\/x.com\/puntodincontro","https:\/\/www.instagram.com\/puntodincontro.mx\/","https:\/\/www.linkedin.com\/company\/puntodincontro\/","https:\/\/www.youtube.com\/c\/puntodincontromessico","https:\/\/www.patreon.com\/puntodincontro","https:\/\/www.threads.net\/@puntodincontro.mx"]},{"@type":"Person","@id":"https:\/\/puntodincontro.mx\/#\/schema\/person\/d3066d18a16259cbb0c29b0d0e93b556","name":"Puntodincontro","image":{"@type":"ImageObject","inLanguage":"es","@id":"https:\/\/puntodincontro.mx\/#\/schema\/person\/image\/","url":"https:\/\/secure.gravatar.com\/avatar\/0e85b4b3b5e9d6bfcec6a4956d8cc63a?s=96&d=mm&r=g","contentUrl":"https:\/\/secure.gravatar.com\/avatar\/0e85b4b3b5e9d6bfcec6a4956d8cc63a?s=96&d=mm&r=g","caption":"Puntodincontro"},"url":"https:\/\/puntodincontro.mx\/es\/author\/puntodincontro\/"}]}},"_links":{"self":[{"href":"https:\/\/puntodincontro.mx\/es\/wp-json\/wp\/v2\/posts\/7811"}],"collection":[{"href":"https:\/\/puntodincontro.mx\/es\/wp-json\/wp\/v2\/posts"}],"about":[{"href":"https:\/\/puntodincontro.mx\/es\/wp-json\/wp\/v2\/types\/post"}],"author":[{"embeddable":true,"href":"https:\/\/puntodincontro.mx\/es\/wp-json\/wp\/v2\/users\/2"}],"replies":[{"embeddable":true,"href":"https:\/\/puntodincontro.mx\/es\/wp-json\/wp\/v2\/comments?post=7811"}],"version-history":[{"count":9,"href":"https:\/\/puntodincontro.mx\/es\/wp-json\/wp\/v2\/posts\/7811\/revisions"}],"predecessor-version":[{"id":7823,"href":"https:\/\/puntodincontro.mx\/es\/wp-json\/wp\/v2\/posts\/7811\/revisions\/7823"}],"wp:featuredmedia":[{"embeddable":true,"href":"https:\/\/puntodincontro.mx\/es\/wp-json\/wp\/v2\/media\/7817"}],"wp:attachment":[{"href":"https:\/\/puntodincontro.mx\/es\/wp-json\/wp\/v2\/media?parent=7811"}],"wp:term":[{"taxonomy":"category","embeddable":true,"href":"https:\/\/puntodincontro.mx\/es\/wp-json\/wp\/v2\/categories?post=7811"},{"taxonomy":"post_tag","embeddable":true,"href":"https:\/\/puntodincontro.mx\/es\/wp-json\/wp\/v2\/tags?post=7811"}],"curies":[{"name":"wp","href":"https:\/\/api.w.org\/{rel}","templated":true}]}}