{"id":8291,"date":"2022-10-07T13:56:48","date_gmt":"2022-10-07T18:56:48","guid":{"rendered":"https:\/\/puntodincontro.mx\/?p=8291"},"modified":"2022-10-07T14:03:30","modified_gmt":"2022-10-07T19:03:30","slug":"delegacion-mexicana-de-proteccion-civil-visita-monteforte","status":"publish","type":"post","link":"https:\/\/puntodincontro.mx\/es\/2022\/10\/07\/delegazione-messicana-della-protezione-civile-in-visita-a-monteforte\/","title":{"rendered":"Delegazione messicana della protezione civile in visita a Monteforte:<br>\u00abIn Italia fenomeni tipici dei climi sub tropicali\u00bb"},"content":{"rendered":"<p class=\"translation-block\"><strong>13:29 hrs.<\/strong> - Una delegaci\u00f3n de la Protecci\u00f3n Civil Nacional de M\u00e9xico estar\u00e1 de <a href=\"https:\/\/puntodincontro.mx\/es\/2022\/06\/27\/colaboracion-entre-mexico-e-italia-en-temas-de-proteccion-civil\/\" target=\"_blank\" rel=\"noreferrer noopener\">visita oficial<\/a> en el Municipio de Monteforte \u2014en la provincia de Avellino, en Campania\u2014 el s\u00e1bado 8 de octubre a las 11 horas, para estudiar el \u201ccaso\u201d de la <a href=\"https:\/\/www.raiplay.it\/video\/2022\/08\/Alluvione-Monteforte-ancora-disagi----Estate-in-diretta---11082022-4f0e8ba8-3422-4831-89cb-d16392689498.html\" target=\"_blank\" rel=\"noreferrer noopener\">inundaci\u00f3n<\/a> del pasado 9 de agosto (en la foto).<\/p>\n\n\n\n<p>Tambi\u00e9n estar\u00e1 presente el titular de la protecci\u00f3n civil regional Italo Giulivo y una representaci\u00f3n de expertos que examinar\u00e1n el plan de emergencia de Monteforte Irpino, aprobado durante la \u00faltima reuni\u00f3n del consejo municipal.<\/p>\n\n\n\n<p>\u00abLa Administraci\u00f3n de Monteforte Irpino ha decidido encomendar la tarea de actualizar nuestro plan de emergencia al ingeniero Mario Perrotta, profesional de gran experiencia y probada competencia, con el objetivo de mejorar la respuesta de rescate y organizaci\u00f3n de las fuerzas presentes en el territorio en relaci\u00f3n a fen\u00f3menos de emergencia que puedan ocurrir en un futuro pr\u00f3ximo. Se realiz\u00f3 as\u00ed una actualizaci\u00f3n fundamental para un territorio de alto riesgo hidrogeol\u00f3gico como el de nuestro pa\u00eds\u00bb \u2014explic\u00f3 el alcalde Costantino Giordano\u2014 \u00abes un gran honor y un placer recibir en nuestro Municipio a expertos mexicanos e italianos, que confirman de la calidad del trabajo que hemos hecho\u00bb.<\/p>\n\n\n\n<p>\u00abLa particularidad y complejidad hidrogeol\u00f3gica del municipio de Monteforte Irpino, aunado a los repentinos cambios clim\u00e1ticos de los \u00faltimos a\u00f1os, han hecho de este centro urbano un caso que merece ser estudiado y profundizado\u00bb, coment\u00f3 el ingeniero Mario Perrotta, autor de la nueva versi\u00f3n del Plan de Emergencia.<\/p>\n\n\n\n<p>\u00abLamentablemente\u00bb \u2014a\u00f1adi\u00f3\u2014 \u00ablos modelos atmosf\u00e9ricos de predicci\u00f3n desarrollados para la Italia mediterr\u00e1nea ya no son fiables para una zona que registra, desde hace algunos a\u00f1os, fen\u00f3menos hidrogeol\u00f3gicos devastadores, propios de un clima subtropical como el del Golfo de M\u00e9xico\u00bb.<\/p>\n\n\n\n<p>\u00abPor lo tanto, es necesario basarnos en modelos similares a los americanos, m\u00e1s confiables para anticipar deslizamientos de tierra y fen\u00f3menos violentos como los registrados, por ejemplo, en la regi\u00f3n de las Marcas\u00bb.<\/p>\n\n\n\n<div style=\"height:12px\" aria-hidden=\"true\" class=\"wp-block-spacer\"><\/div>\n\n\n<!-- Ad space powered by WP AdCenter v2.5.7 - https:\/\/wpadcenter.com\/ --><div class=\"wpadcenter-adgroup\" ><div class=\"wpadcenter-adgroup__row wpadcenter-aligncenter\"><div class=\"wpadcenter-ad-container\" ><div id=\"wpadcenter-ad-18464\" class=\"ad-placement\"><div class=\"wpadcenter-ad-inner\" ><a id=\"wpadcenter_ad\" data-value=\"18464\" data-placement=\"\" href=\"https:\/\/www.productosremo.com\/\" target=\"_blank\" class=\"wpadcenter-ad-inner__item\" ><img decoding=\"async\"   src=\"https:\/\/puntodincontro.mx\/wp-content\/uploads\/2021\/08\/remobanner.jpg\" class=\"attachment-post-thumbnail size-post-thumbnail wp-post-image\" alt=\"\" srcset=\"https:\/\/puntodincontro.mx\/wp-content\/uploads\/2021\/08\/remobanner.jpg 200w, https:\/\/puntodincontro.mx\/wp-content\/uploads\/2021\/08\/remobanner-16x5.jpg 16w\" sizes=\"(max-width: 200px) 100vw, 200px\" \/><\/a><\/div><\/div><\/div><div class=\"wpadcenter-ad-container\" ><div id=\"wpadcenter-ad-5305\" class=\"ad-placement\"><div class=\"wpadcenter-ad-inner\" ><a id=\"wpadcenter_ad\" data-value=\"5305\" data-placement=\"\" href=\"https:\/\/faitalia.com.mx\/\" target=\"_blank\" class=\"wpadcenter-ad-inner__item\" ><img decoding=\"async\"   src=\"https:\/\/puntodincontro.mx\/wp-content\/uploads\/2022\/05\/gruppodino.jpg\" class=\"attachment-post-thumbnail size-post-thumbnail wp-post-image\" alt=\"\" srcset=\"https:\/\/puntodincontro.mx\/wp-content\/uploads\/2022\/05\/gruppodino.jpg 200w, https:\/\/puntodincontro.mx\/wp-content\/uploads\/2022\/05\/gruppodino-18x5.jpg 18w\" sizes=\"(max-width: 200px) 100vw, 200px\" \/><\/a><\/div><\/div><\/div><div class=\"wpadcenter-ad-container\" ><div id=\"wpadcenter-ad-3781\" class=\"ad-placement\"><div class=\"wpadcenter-ad-inner\" ><a id=\"wpadcenter_ad\" data-value=\"3781\" data-placement=\"\" href=\"https:\/\/cannizzo.com.mx\/\" target=\"_blank\" class=\"wpadcenter-ad-inner__item\" ><img decoding=\"async\"   src=\"https:\/\/puntodincontro.mx\/wp-content\/uploads\/2022\/03\/cannizzo2.jpg\" class=\"attachment-post-thumbnail size-post-thumbnail wp-post-image\" alt=\"\" srcset=\"https:\/\/puntodincontro.mx\/wp-content\/uploads\/2022\/03\/cannizzo2.jpg 200w, https:\/\/puntodincontro.mx\/wp-content\/uploads\/2022\/03\/cannizzo2-18x5.jpg 18w\" sizes=\"(max-width: 200px) 100vw, 200px\" \/><\/a><\/div><\/div><\/div><\/div><div class=\"wpadcenter-adgroup__row wpadcenter-aligncenter\"><div class=\"wpadcenter-ad-container\" ><div id=\"wpadcenter-ad-1704\" class=\"ad-placement\"><div class=\"wpadcenter-ad-inner\" ><a id=\"wpadcenter_ad\" data-value=\"1704\" data-placement=\"\" href=\"https:\/\/puntodincontro.mx\/es\/2021\/12\/24\/inps-verificacion-de-supervivencia-de-los-pensionados-en-el-extranjero\/\" target=\"_blank\" class=\"wpadcenter-ad-inner__item\" ><img decoding=\"async\"   src=\"https:\/\/puntodincontro.mx\/wp-content\/uploads\/2021\/11\/logo-ital.jpg\" class=\"attachment-post-thumbnail size-post-thumbnail wp-post-image\" alt=\"Patronato ITAL Messico\" srcset=\"https:\/\/puntodincontro.mx\/wp-content\/uploads\/2021\/11\/logo-ital.jpg 200w, https:\/\/puntodincontro.mx\/wp-content\/uploads\/2021\/11\/logo-ital-16x5.jpg 16w\" sizes=\"(max-width: 200px) 100vw, 200px\" \/><\/a><\/div><\/div><\/div><div class=\"wpadcenter-ad-container\" ><div id=\"wpadcenter-ad-1538\" class=\"ad-placement\"><div class=\"wpadcenter-ad-inner\" ><a id=\"wpadcenter_ad\" data-value=\"1538\" data-placement=\"\" href=\"https:\/\/asociacionitaliana.org\/\" target=\"_blank\" class=\"wpadcenter-ad-inner__item\" ><img decoding=\"async\"   src=\"https:\/\/puntodincontro.mx\/wp-content\/uploads\/2021\/11\/aialogo.jpg\" class=\"attachment-post-thumbnail size-post-thumbnail wp-post-image\" alt=\"Associazione Italiana di Assistenza IAP\" srcset=\"https:\/\/puntodincontro.mx\/wp-content\/uploads\/2021\/11\/aialogo.jpg 200w, https:\/\/puntodincontro.mx\/wp-content\/uploads\/2021\/11\/aialogo-18x5.jpg 18w\" sizes=\"(max-width: 200px) 100vw, 200px\" \/><\/a><\/div><\/div><\/div><div class=\"wpadcenter-ad-container\" ><div id=\"wpadcenter-ad-1513\" class=\"ad-placement\"><div class=\"wpadcenter-ad-inner\" ><a id=\"wpadcenter_ad\" data-value=\"1513\" data-placement=\"\" href=\"https:\/\/gcinmuebles.mx\" target=\"_blank\" class=\"wpadcenter-ad-inner__item\" ><img decoding=\"async\"   src=\"https:\/\/puntodincontro.mx\/wp-content\/uploads\/2021\/10\/gcinmuebleslogopunto-1.jpg\" class=\"attachment-post-thumbnail size-post-thumbnail wp-post-image\" alt=\"\" srcset=\"https:\/\/puntodincontro.mx\/wp-content\/uploads\/2021\/10\/gcinmuebleslogopunto-1.jpg 200w, https:\/\/puntodincontro.mx\/wp-content\/uploads\/2021\/10\/gcinmuebleslogopunto-1-18x5.jpg 18w\" sizes=\"(max-width: 200px) 100vw, 200px\" \/><\/a><\/div><\/div><\/div><\/div><div class=\"wpadcenter-adgroup__row wpadcenter-aligncenter\"><div class=\"wpadcenter-ad-container\" ><div id=\"wpadcenter-ad-1374\" class=\"ad-placement\"><div class=\"wpadcenter-ad-inner\" ><a id=\"wpadcenter_ad\" data-value=\"1374\" data-placement=\"\" href=\"https:\/\/www.9colonne.it\/\" target=\"_blank\" class=\"wpadcenter-ad-inner__item\" ><img decoding=\"async\"   src=\"https:\/\/puntodincontro.mx\/wp-content\/uploads\/2021\/10\/Banner9colonne.gif\" class=\"attachment-post-thumbnail size-post-thumbnail wp-post-image\" alt=\"\" \/><\/a><\/div><\/div><\/div><div class=\"wpadcenter-ad-container\" ><div id=\"wpadcenter-ad-276\" class=\"ad-placement\"><div class=\"wpadcenter-ad-inner\" ><a id=\"wpadcenter_ad\" data-value=\"276\" data-placement=\"\" href=\"http:\/\/www.camaraitaliana.mx\/\" target=\"_blank\" class=\"wpadcenter-ad-inner__item\" ><img decoding=\"async\"   src=\"https:\/\/puntodincontro.mx\/wp-content\/uploads\/2021\/08\/ccimnuovo.jpg\" class=\"attachment-post-thumbnail size-post-thumbnail wp-post-image\" alt=\"\" srcset=\"https:\/\/puntodincontro.mx\/wp-content\/uploads\/2021\/08\/ccimnuovo.jpg 200w, https:\/\/puntodincontro.mx\/wp-content\/uploads\/2021\/08\/ccimnuovo-18x5.jpg 18w\" sizes=\"(max-width: 200px) 100vw, 200px\" \/><\/a><\/div><\/div><\/div><div class=\"wpadcenter-ad-container\" ><div id=\"wpadcenter-ad-272\" class=\"ad-placement\"><div class=\"wpadcenter-ad-inner\" ><a id=\"wpadcenter_ad\" data-value=\"272\" data-placement=\"\" href=\"http:\/\/corix.us\/\" target=\"_blank\" class=\"wpadcenter-ad-inner__item\" ><img decoding=\"async\"   src=\"https:\/\/puntodincontro.mx\/wp-content\/uploads\/2021\/08\/corixbanner-1.jpg\" class=\"attachment-post-thumbnail size-post-thumbnail wp-post-image\" alt=\"\" srcset=\"https:\/\/puntodincontro.mx\/wp-content\/uploads\/2021\/08\/corixbanner-1.jpg 200w, https:\/\/puntodincontro.mx\/wp-content\/uploads\/2021\/08\/corixbanner-1-16x5.jpg 16w\" sizes=\"(max-width: 200px) 100vw, 200px\" \/><\/a><\/div><\/div><\/div><\/div><div class=\"wpadcenter-adgroup__row wpadcenter-aligncenter\"><div class=\"wpadcenter-ad-container\" ><div id=\"wpadcenter-ad-266\" class=\"ad-placement\"><div class=\"wpadcenter-ad-inner\" ><a id=\"wpadcenter_ad\" data-value=\"266\" data-placement=\"\" href=\"https:\/\/www.prinsel.com.mx\/\" target=\"_blank\" class=\"wpadcenter-ad-inner__item\" ><img decoding=\"async\"   src=\"https:\/\/puntodincontro.mx\/wp-content\/uploads\/2021\/08\/prinselbanner-1.jpg\" class=\"attachment-post-thumbnail size-post-thumbnail wp-post-image\" alt=\"\" srcset=\"https:\/\/puntodincontro.mx\/wp-content\/uploads\/2021\/08\/prinselbanner-1.jpg 200w, https:\/\/puntodincontro.mx\/wp-content\/uploads\/2021\/08\/prinselbanner-1-16x5.jpg 16w\" sizes=\"(max-width: 200px) 100vw, 200px\" \/><\/a><\/div><\/div><\/div><div class=\"wpadcenter-ad-container\" ><div id=\"wpadcenter-ad-261\" class=\"ad-placement\"><div class=\"wpadcenter-ad-inner\" ><a id=\"wpadcenter_ad\" data-value=\"261\" data-placement=\"\" href=\"https:\/\/ambcittadelmessico.esteri.it\/ambasciata_cittadelmessico\/it\/\" target=\"_blank\" class=\"wpadcenter-ad-inner__item\" ><img decoding=\"async\"   src=\"https:\/\/puntodincontro.mx\/wp-content\/uploads\/2021\/08\/ambasciatabanner-1.jpg\" class=\"attachment-post-thumbnail size-post-thumbnail wp-post-image\" alt=\"\" srcset=\"https:\/\/puntodincontro.mx\/wp-content\/uploads\/2021\/08\/ambasciatabanner-1.jpg 200w, https:\/\/puntodincontro.mx\/wp-content\/uploads\/2021\/08\/ambasciatabanner-1-16x5.jpg 16w\" sizes=\"(max-width: 200px) 100vw, 200px\" \/><\/a><\/div><\/div><\/div><\/div><\/div>","protected":false},"excerpt":{"rendered":"<p>Ore 13.29 &#8211; Una delegazione della Protezione civile nazionale del Messico sar\u00e0 in visita ufficiale al Comune di Monteforte \u2014nella provincia di Avellino, in Campania\u2014 sabato 8 ottobre alle ore 11, per studiare il \u201ccaso\u201d dell&#8217;alluvione del 9 agosto scorso (nella foto). Sar\u00e0 presente anche il capo della Protezione civile regionale Italo Giulivo e una rappresentanza di esperti che esamineranno il Piano di emergenza di Monteforte Irpino, approvato nell\u2019ultimo consiglio comunale. \u00abL\u2019Amministrazione di Monteforte Irpino ha deciso di affidare l\u2019incarico di aggiornare il nostro piano di emergenza all\u2019ingegner Mario Perrotta, professionista di grande esperienza e provata competenza, con lo scopo&#8230; <\/p>","protected":false},"author":2,"featured_media":8301,"comment_status":"open","ping_status":"open","sticky":false,"template":"","format":"standard","meta":{"_monsterinsights_skip_tracking":false,"_monsterinsights_sitenote_active":false,"_monsterinsights_sitenote_note":"","_monsterinsights_sitenote_category":0,"footnotes":""},"categories":[6],"tags":[],"class_list":["post-8291","post","type-post","status-publish","format-standard","has-post-thumbnail","hentry","category-messico-in-italia"],"yoast_head":"<!-- This site is optimized with the Yoast SEO Premium plugin v18.4 (Yoast SEO v25.6) - https:\/\/yoast.com\/wordpress\/plugins\/seo\/ -->\n<title>Protezione civile: delegazione messicana in visita a Monteforte<\/title>\n<meta name=\"description\" content=\"Una delegazione della Protezione civile nazionale del Messico sar\u00e0 in visita ufficiale al Comune di Monteforte sabato 8 ottobre.\" \/>\n<meta name=\"robots\" content=\"index, follow, max-snippet:-1, max-image-preview:large, max-video-preview:-1\" \/>\n<link rel=\"canonical\" href=\"https:\/\/puntodincontro.mx\/es\/2022\/10\/07\/delegacion-mexicana-de-proteccion-civil-visita-monteforte\/\" \/>\n<meta property=\"og:locale\" content=\"es_MX\" \/>\n<meta property=\"og:type\" content=\"article\" \/>\n<meta property=\"og:title\" content=\"Delegazione messicana della protezione civile in visita a Monteforte:\u00abIn Italia fenomeni tipici dei climi sub tropicali\u00bb\" \/>\n<meta property=\"og:description\" content=\"Una delegazione della Protezione civile nazionale del Messico sar\u00e0 in visita ufficiale al Comune di Monteforte sabato 8 ottobre.\" \/>\n<meta property=\"og:url\" content=\"https:\/\/puntodincontro.mx\/es\/2022\/10\/07\/delegacion-mexicana-de-proteccion-civil-visita-monteforte\/\" \/>\n<meta property=\"og:site_name\" content=\"Puntodincontro\" \/>\n<meta property=\"article:publisher\" content=\"https:\/\/www.facebook.com\/puntodincontro.mx\" \/>\n<meta property=\"article:published_time\" content=\"2022-10-07T18:56:48+00:00\" \/>\n<meta property=\"article:modified_time\" content=\"2022-10-07T19:03:30+00:00\" \/>\n<meta property=\"og:image\" content=\"https:\/\/puntodincontro.mx\/wp-content\/uploads\/2022\/10\/alluvionemontefortevert.webp\" \/>\n\t<meta property=\"og:image:width\" content=\"423\" \/>\n\t<meta property=\"og:image:height\" content=\"488\" \/>\n\t<meta property=\"og:image:type\" content=\"image\/webp\" \/>\n<meta name=\"author\" content=\"Puntodincontro\" \/>\n<meta name=\"twitter:card\" content=\"summary_large_image\" \/>\n<meta name=\"twitter:creator\" content=\"@puntodincontro\" \/>\n<meta name=\"twitter:site\" content=\"@puntodincontro\" \/>\n<meta name=\"twitter:label1\" content=\"Escrito por\" \/>\n\t<meta name=\"twitter:data1\" content=\"Puntodincontro\" \/>\n\t<meta name=\"twitter:label2\" content=\"Tiempo de lectura\" \/>\n\t<meta name=\"twitter:data2\" content=\"1 minuto\" \/>\n<script type=\"application\/ld+json\" class=\"yoast-schema-graph\">{\"@context\":\"https:\/\/schema.org\",\"@graph\":[{\"@type\":\"NewsArticle\",\"@id\":\"https:\/\/puntodincontro.mx\/2022\/10\/07\/delegazione-messicana-della-protezione-civile-in-visita-a-monteforte\/#article\",\"isPartOf\":{\"@id\":\"https:\/\/puntodincontro.mx\/2022\/10\/07\/delegazione-messicana-della-protezione-civile-in-visita-a-monteforte\/\"},\"author\":{\"name\":\"Puntodincontro\",\"@id\":\"https:\/\/puntodincontro.mx\/#\/schema\/person\/d3066d18a16259cbb0c29b0d0e93b556\"},\"headline\":\"Delegazione messicana della protezione civile in visita a Monteforte: \u00abIn Italia fenomeni tipici dei climi sub tropicali\u00bb\",\"datePublished\":\"2022-10-07T18:56:48+00:00\",\"dateModified\":\"2022-10-07T19:03:30+00:00\",\"mainEntityOfPage\":{\"@id\":\"https:\/\/puntodincontro.mx\/2022\/10\/07\/delegazione-messicana-della-protezione-civile-in-visita-a-monteforte\/\"},\"wordCount\":300,\"commentCount\":1,\"publisher\":{\"@id\":\"https:\/\/puntodincontro.mx\/#organization\"},\"image\":{\"@id\":\"https:\/\/puntodincontro.mx\/2022\/10\/07\/delegazione-messicana-della-protezione-civile-in-visita-a-monteforte\/#primaryimage\"},\"thumbnailUrl\":\"https:\/\/puntodincontro.mx\/wp-content\/uploads\/2022\/10\/alluvionemontefortevert.webp\",\"articleSection\":[\"Messico in Italia\"],\"inLanguage\":\"es\",\"potentialAction\":[{\"@type\":\"CommentAction\",\"name\":\"Comment\",\"target\":[\"https:\/\/puntodincontro.mx\/2022\/10\/07\/delegazione-messicana-della-protezione-civile-in-visita-a-monteforte\/#respond\"]}]},{\"@type\":\"WebPage\",\"@id\":\"https:\/\/puntodincontro.mx\/2022\/10\/07\/delegazione-messicana-della-protezione-civile-in-visita-a-monteforte\/\",\"url\":\"https:\/\/puntodincontro.mx\/2022\/10\/07\/delegazione-messicana-della-protezione-civile-in-visita-a-monteforte\/\",\"name\":\"Protezione civile: delegazione messicana in visita a Monteforte\",\"isPartOf\":{\"@id\":\"https:\/\/puntodincontro.mx\/#website\"},\"primaryImageOfPage\":{\"@id\":\"https:\/\/puntodincontro.mx\/2022\/10\/07\/delegazione-messicana-della-protezione-civile-in-visita-a-monteforte\/#primaryimage\"},\"image\":{\"@id\":\"https:\/\/puntodincontro.mx\/2022\/10\/07\/delegazione-messicana-della-protezione-civile-in-visita-a-monteforte\/#primaryimage\"},\"thumbnailUrl\":\"https:\/\/puntodincontro.mx\/wp-content\/uploads\/2022\/10\/alluvionemontefortevert.webp\",\"datePublished\":\"2022-10-07T18:56:48+00:00\",\"dateModified\":\"2022-10-07T19:03:30+00:00\",\"description\":\"Una delegazione della Protezione civile nazionale del Messico sar\u00e0 in visita ufficiale al Comune di Monteforte sabato 8 ottobre.\",\"breadcrumb\":{\"@id\":\"https:\/\/puntodincontro.mx\/2022\/10\/07\/delegazione-messicana-della-protezione-civile-in-visita-a-monteforte\/#breadcrumb\"},\"inLanguage\":\"es\",\"potentialAction\":[{\"@type\":\"ReadAction\",\"target\":[\"https:\/\/puntodincontro.mx\/2022\/10\/07\/delegazione-messicana-della-protezione-civile-in-visita-a-monteforte\/\"]}]},{\"@type\":\"ImageObject\",\"inLanguage\":\"es\",\"@id\":\"https:\/\/puntodincontro.mx\/2022\/10\/07\/delegazione-messicana-della-protezione-civile-in-visita-a-monteforte\/#primaryimage\",\"url\":\"https:\/\/puntodincontro.mx\/wp-content\/uploads\/2022\/10\/alluvionemontefortevert.webp\",\"contentUrl\":\"https:\/\/puntodincontro.mx\/wp-content\/uploads\/2022\/10\/alluvionemontefortevert.webp\",\"width\":423,\"height\":488,\"caption\":\"Delegazione messicana della protezione civile in visita a Monteforte\"},{\"@type\":\"BreadcrumbList\",\"@id\":\"https:\/\/puntodincontro.mx\/2022\/10\/07\/delegazione-messicana-della-protezione-civile-in-visita-a-monteforte\/#breadcrumb\",\"itemListElement\":[{\"@type\":\"ListItem\",\"position\":1,\"name\":\"Home\",\"item\":\"https:\/\/puntodincontro.mx\/\"},{\"@type\":\"ListItem\",\"position\":2,\"name\":\"Delegazione messicana della protezione civile in visita a Monteforte:\u00abIn Italia fenomeni tipici dei climi sub tropicali\u00bb\"}]},{\"@type\":\"WebSite\",\"@id\":\"https:\/\/puntodincontro.mx\/#website\",\"url\":\"https:\/\/puntodincontro.mx\/\",\"name\":\"Puntodincontro\",\"description\":\"Dal 2006 notizie sui rapporti Italia-Messico \/ Desde 2006 noticias sobre las relaciones entre Italia y M\u00e9xico\",\"publisher\":{\"@id\":\"https:\/\/puntodincontro.mx\/#organization\"},\"potentialAction\":[{\"@type\":\"SearchAction\",\"target\":{\"@type\":\"EntryPoint\",\"urlTemplate\":\"https:\/\/puntodincontro.mx\/?s={search_term_string}\"},\"query-input\":{\"@type\":\"PropertyValueSpecification\",\"valueRequired\":true,\"valueName\":\"search_term_string\"}}],\"inLanguage\":\"es\"},{\"@type\":\"Organization\",\"@id\":\"https:\/\/puntodincontro.mx\/#organization\",\"name\":\"Puntodincontro\",\"url\":\"https:\/\/puntodincontro.mx\/\",\"logo\":{\"@type\":\"ImageObject\",\"inLanguage\":\"es\",\"@id\":\"https:\/\/puntodincontro.mx\/#\/schema\/logo\/image\/\",\"url\":\"https:\/\/puntodincontro.mx\/wp-content\/uploads\/2021\/08\/Default-image-for-open-graph-settings.jpg\",\"contentUrl\":\"https:\/\/puntodincontro.mx\/wp-content\/uploads\/2021\/08\/Default-image-for-open-graph-settings.jpg\",\"width\":1200,\"height\":630,\"caption\":\"Puntodincontro\"},\"image\":{\"@id\":\"https:\/\/puntodincontro.mx\/#\/schema\/logo\/image\/\"},\"sameAs\":[\"https:\/\/www.facebook.com\/puntodincontro.mx\",\"https:\/\/x.com\/puntodincontro\",\"https:\/\/www.instagram.com\/puntodincontro.mx\/\",\"https:\/\/www.linkedin.com\/company\/puntodincontro\/\",\"https:\/\/www.youtube.com\/c\/puntodincontromessico\",\"https:\/\/www.patreon.com\/puntodincontro\",\"https:\/\/www.threads.net\/@puntodincontro.mx\"]},{\"@type\":\"Person\",\"@id\":\"https:\/\/puntodincontro.mx\/#\/schema\/person\/d3066d18a16259cbb0c29b0d0e93b556\",\"name\":\"Puntodincontro\",\"image\":{\"@type\":\"ImageObject\",\"inLanguage\":\"es\",\"@id\":\"https:\/\/puntodincontro.mx\/#\/schema\/person\/image\/\",\"url\":\"https:\/\/secure.gravatar.com\/avatar\/0e85b4b3b5e9d6bfcec6a4956d8cc63a?s=96&d=mm&r=g\",\"contentUrl\":\"https:\/\/secure.gravatar.com\/avatar\/0e85b4b3b5e9d6bfcec6a4956d8cc63a?s=96&d=mm&r=g\",\"caption\":\"Puntodincontro\"},\"url\":\"https:\/\/puntodincontro.mx\/es\/author\/puntodincontro\/\"}]}<\/script>\n<!-- \/ Yoast SEO Premium plugin. -->","yoast_head_json":{"title":"Protecci\u00f3n civil: delegaci\u00f3n mexicana visita Monteforte","description":"Una delegaci\u00f3n de la Protecci\u00f3n Civil Nacional de M\u00e9xico estar\u00e1 de visita oficial en el Municipio de Monteforte el s\u00e1bado 8 de octubre.","robots":{"index":"index","follow":"follow","max-snippet":"max-snippet:-1","max-image-preview":"max-image-preview:large","max-video-preview":"max-video-preview:-1"},"canonical":"https:\/\/puntodincontro.mx\/es\/2022\/10\/07\/delegacion-mexicana-de-proteccion-civil-visita-monteforte\/","og_locale":"es_MX","og_type":"article","og_title":"Delegazione messicana della protezione civile in visita a Monteforte:\u00abIn Italia fenomeni tipici dei climi sub tropicali\u00bb","og_description":"Una delegazione della Protezione civile nazionale del Messico sar\u00e0 in visita ufficiale al Comune di Monteforte sabato 8 ottobre.","og_url":"https:\/\/puntodincontro.mx\/es\/2022\/10\/07\/delegacion-mexicana-de-proteccion-civil-visita-monteforte\/","og_site_name":"Puntodincontro","article_publisher":"https:\/\/www.facebook.com\/puntodincontro.mx","article_published_time":"2022-10-07T18:56:48+00:00","article_modified_time":"2022-10-07T19:03:30+00:00","og_image":[{"width":423,"height":488,"url":"https:\/\/puntodincontro.mx\/wp-content\/uploads\/2022\/10\/alluvionemontefortevert.webp","type":"image\/webp"}],"author":"Puntodincontro","twitter_card":"summary_large_image","twitter_creator":"@puntodincontro","twitter_site":"@puntodincontro","twitter_misc":{"Escrito por":"Puntodincontro","Tiempo de lectura":"1 minuto"},"schema":{"@context":"https:\/\/schema.org","@graph":[{"@type":"NewsArticle","@id":"https:\/\/puntodincontro.mx\/2022\/10\/07\/delegazione-messicana-della-protezione-civile-in-visita-a-monteforte\/#article","isPartOf":{"@id":"https:\/\/puntodincontro.mx\/2022\/10\/07\/delegazione-messicana-della-protezione-civile-in-visita-a-monteforte\/"},"author":{"name":"Puntodincontro","@id":"https:\/\/puntodincontro.mx\/#\/schema\/person\/d3066d18a16259cbb0c29b0d0e93b556"},"headline":"Delegazione messicana della protezione civile in visita a Monteforte: \u00abIn Italia fenomeni tipici dei climi sub tropicali\u00bb","datePublished":"2022-10-07T18:56:48+00:00","dateModified":"2022-10-07T19:03:30+00:00","mainEntityOfPage":{"@id":"https:\/\/puntodincontro.mx\/2022\/10\/07\/delegazione-messicana-della-protezione-civile-in-visita-a-monteforte\/"},"wordCount":300,"commentCount":1,"publisher":{"@id":"https:\/\/puntodincontro.mx\/#organization"},"image":{"@id":"https:\/\/puntodincontro.mx\/2022\/10\/07\/delegazione-messicana-della-protezione-civile-in-visita-a-monteforte\/#primaryimage"},"thumbnailUrl":"https:\/\/puntodincontro.mx\/wp-content\/uploads\/2022\/10\/alluvionemontefortevert.webp","articleSection":["Messico in Italia"],"inLanguage":"es","potentialAction":[{"@type":"CommentAction","name":"Comment","target":["https:\/\/puntodincontro.mx\/2022\/10\/07\/delegazione-messicana-della-protezione-civile-in-visita-a-monteforte\/#respond"]}]},{"@type":"WebPage","@id":"https:\/\/puntodincontro.mx\/2022\/10\/07\/delegazione-messicana-della-protezione-civile-in-visita-a-monteforte\/","url":"https:\/\/puntodincontro.mx\/2022\/10\/07\/delegazione-messicana-della-protezione-civile-in-visita-a-monteforte\/","name":"Protecci\u00f3n civil: delegaci\u00f3n mexicana visita Monteforte","isPartOf":{"@id":"https:\/\/puntodincontro.mx\/#website"},"primaryImageOfPage":{"@id":"https:\/\/puntodincontro.mx\/2022\/10\/07\/delegazione-messicana-della-protezione-civile-in-visita-a-monteforte\/#primaryimage"},"image":{"@id":"https:\/\/puntodincontro.mx\/2022\/10\/07\/delegazione-messicana-della-protezione-civile-in-visita-a-monteforte\/#primaryimage"},"thumbnailUrl":"https:\/\/puntodincontro.mx\/wp-content\/uploads\/2022\/10\/alluvionemontefortevert.webp","datePublished":"2022-10-07T18:56:48+00:00","dateModified":"2022-10-07T19:03:30+00:00","description":"Una delegaci\u00f3n de la Protecci\u00f3n Civil Nacional de M\u00e9xico estar\u00e1 de visita oficial en el Municipio de Monteforte el s\u00e1bado 8 de octubre.","breadcrumb":{"@id":"https:\/\/puntodincontro.mx\/2022\/10\/07\/delegazione-messicana-della-protezione-civile-in-visita-a-monteforte\/#breadcrumb"},"inLanguage":"es","potentialAction":[{"@type":"ReadAction","target":["https:\/\/puntodincontro.mx\/2022\/10\/07\/delegazione-messicana-della-protezione-civile-in-visita-a-monteforte\/"]}]},{"@type":"ImageObject","inLanguage":"es","@id":"https:\/\/puntodincontro.mx\/2022\/10\/07\/delegazione-messicana-della-protezione-civile-in-visita-a-monteforte\/#primaryimage","url":"https:\/\/puntodincontro.mx\/wp-content\/uploads\/2022\/10\/alluvionemontefortevert.webp","contentUrl":"https:\/\/puntodincontro.mx\/wp-content\/uploads\/2022\/10\/alluvionemontefortevert.webp","width":423,"height":488,"caption":"Delegazione messicana della protezione civile in visita a Monteforte"},{"@type":"BreadcrumbList","@id":"https:\/\/puntodincontro.mx\/2022\/10\/07\/delegazione-messicana-della-protezione-civile-in-visita-a-monteforte\/#breadcrumb","itemListElement":[{"@type":"ListItem","position":1,"name":"Home","item":"https:\/\/puntodincontro.mx\/"},{"@type":"ListItem","position":2,"name":"Delegazione messicana della protezione civile in visita a Monteforte:\u00abIn Italia fenomeni tipici dei climi sub tropicali\u00bb"}]},{"@type":"WebSite","@id":"https:\/\/puntodincontro.mx\/#website","url":"https:\/\/puntodincontro.mx\/","name":"Puntodincontro","description":"Desde el 2006 noticias sobre las relaciones entre Italia y M\u00e9xico \/ Dal 2006 notizie sui rapporti Italia-Messico","publisher":{"@id":"https:\/\/puntodincontro.mx\/#organization"},"potentialAction":[{"@type":"SearchAction","target":{"@type":"EntryPoint","urlTemplate":"https:\/\/puntodincontro.mx\/?s={search_term_string}"},"query-input":{"@type":"PropertyValueSpecification","valueRequired":true,"valueName":"search_term_string"}}],"inLanguage":"es"},{"@type":"Organization","@id":"https:\/\/puntodincontro.mx\/#organization","name":"Puntodincontro","url":"https:\/\/puntodincontro.mx\/","logo":{"@type":"ImageObject","inLanguage":"es","@id":"https:\/\/puntodincontro.mx\/#\/schema\/logo\/image\/","url":"https:\/\/puntodincontro.mx\/wp-content\/uploads\/2021\/08\/Default-image-for-open-graph-settings.jpg","contentUrl":"https:\/\/puntodincontro.mx\/wp-content\/uploads\/2021\/08\/Default-image-for-open-graph-settings.jpg","width":1200,"height":630,"caption":"Puntodincontro"},"image":{"@id":"https:\/\/puntodincontro.mx\/#\/schema\/logo\/image\/"},"sameAs":["https:\/\/www.facebook.com\/puntodincontro.mx","https:\/\/x.com\/puntodincontro","https:\/\/www.instagram.com\/puntodincontro.mx\/","https:\/\/www.linkedin.com\/company\/puntodincontro\/","https:\/\/www.youtube.com\/c\/puntodincontromessico","https:\/\/www.patreon.com\/puntodincontro","https:\/\/www.threads.net\/@puntodincontro.mx"]},{"@type":"Person","@id":"https:\/\/puntodincontro.mx\/#\/schema\/person\/d3066d18a16259cbb0c29b0d0e93b556","name":"Puntodincontro","image":{"@type":"ImageObject","inLanguage":"es","@id":"https:\/\/puntodincontro.mx\/#\/schema\/person\/image\/","url":"https:\/\/secure.gravatar.com\/avatar\/0e85b4b3b5e9d6bfcec6a4956d8cc63a?s=96&d=mm&r=g","contentUrl":"https:\/\/secure.gravatar.com\/avatar\/0e85b4b3b5e9d6bfcec6a4956d8cc63a?s=96&d=mm&r=g","caption":"Puntodincontro"},"url":"https:\/\/puntodincontro.mx\/es\/author\/puntodincontro\/"}]}},"_links":{"self":[{"href":"https:\/\/puntodincontro.mx\/es\/wp-json\/wp\/v2\/posts\/8291"}],"collection":[{"href":"https:\/\/puntodincontro.mx\/es\/wp-json\/wp\/v2\/posts"}],"about":[{"href":"https:\/\/puntodincontro.mx\/es\/wp-json\/wp\/v2\/types\/post"}],"author":[{"embeddable":true,"href":"https:\/\/puntodincontro.mx\/es\/wp-json\/wp\/v2\/users\/2"}],"replies":[{"embeddable":true,"href":"https:\/\/puntodincontro.mx\/es\/wp-json\/wp\/v2\/comments?post=8291"}],"version-history":[{"count":12,"href":"https:\/\/puntodincontro.mx\/es\/wp-json\/wp\/v2\/posts\/8291\/revisions"}],"predecessor-version":[{"id":8306,"href":"https:\/\/puntodincontro.mx\/es\/wp-json\/wp\/v2\/posts\/8291\/revisions\/8306"}],"wp:featuredmedia":[{"embeddable":true,"href":"https:\/\/puntodincontro.mx\/es\/wp-json\/wp\/v2\/media\/8301"}],"wp:attachment":[{"href":"https:\/\/puntodincontro.mx\/es\/wp-json\/wp\/v2\/media?parent=8291"}],"wp:term":[{"taxonomy":"category","embeddable":true,"href":"https:\/\/puntodincontro.mx\/es\/wp-json\/wp\/v2\/categories?post=8291"},{"taxonomy":"post_tag","embeddable":true,"href":"https:\/\/puntodincontro.mx\/es\/wp-json\/wp\/v2\/tags?post=8291"}],"curies":[{"name":"wp","href":"https:\/\/api.w.org\/{rel}","templated":true}]}}