{"id":8649,"date":"2022-10-24T08:55:16","date_gmt":"2022-10-24T13:55:16","guid":{"rendered":"https:\/\/puntodincontro.mx\/?p=8649"},"modified":"2022-10-24T09:04:01","modified_gmt":"2022-10-24T14:04:01","slug":"mexico-entre-los-paises-con-menos-descanso-para-los-trabajadores","status":"publish","type":"post","link":"https:\/\/puntodincontro.mx\/es\/2022\/10\/24\/il-messico-tra-i-paesi-con-meno-riposo-per-i-lavoratori\/","title":{"rendered":"M\u00e9xico entre los pa\u00edses con menos descanso para los trabajadores"},"content":{"rendered":"<p class=\"translation-block\"><strong>08:19 hrs.<\/strong> - Aun duplicando la cantidad m\u00ednima de d\u00edas de vacaciones, sumados a las fechas de descanso obligatorio previstas en la Ley Federal del Trabajo, M\u00e9xico se mantendr\u00eda como una de las econom\u00edas con los per\u00edodos de reposo m\u00e1s cortos para su fuerza laboral. Lo anterior se desprende de los datos publicados en el <em><a href=\"https:\/\/www.oecd-ilibrary.org\/sites\/c18a4378-en\/index.html?itemId=\/content\/component\/c18a4378-en\" target=\"_blank\" rel=\"noreferrer noopener\">Cuestionario de pol\u00edticas de la OCDE sobre la regulaci\u00f3n del tiempo de trabajo<\/a><\/em> (2020).<\/p>\n\n\n\n<p>La legislaci\u00f3n del pa\u00eds prev\u00e9 8 d\u00edas fijos de inactividad y 6 de vacaciones, por lo que un empleado en M\u00e9xico tiene derecho a 14 d\u00edas libres y pagados en el primer a\u00f1o de trabajo.<\/p>\n\n\n\n<p>Incluso elevando a 12 d\u00edas el per\u00edodo m\u00ednimo de vacaciones, de acuerdo con el planteamiento del dictamen aprobado a finales de septiembre en comisiones del Senado de la Rep\u00fablica, M\u00e9xico apenas alcanzar\u00eda 20 d\u00edas de descanso en los primeros 12 meses del contrato y s\u00f3lo rebasar\u00eda a Canad\u00e1 (19 d\u00edas).<\/p>\n\n\n\n<p>La naci\u00f3n pasar\u00eda as\u00ed de la pen\u00faltima a la antepen\u00faltima posici\u00f3n entre las econom\u00edas de la OCDE con menos d\u00edas descanso para la poblaci\u00f3n trabajadora del sector formal. Al fondo de la tabla se encuentran los Estados Unidos, donde la legislaci\u00f3n federal no prev\u00e9 vacaciones pagadas, sino \u00fanicamente 10 d\u00edas de descanso obligatorio.<\/p>\n\n\n\n<p class=\"translation-block\">\u00abA pesar del aumento que busca la propuesta de reforma, M\u00e9xico seguir\u00eda lejos de los 30 d\u00edas promedio de vacaciones que ofrecen los pa\u00edses de la OCDE\u00bb, se\u00f1ala un <a href=\"https:\/\/imco.org.mx\/aumentar-los-dias-de-descanso-mejora-las-condiciones-laborales-en-el-pais\/\" target=\"_blank\" rel=\"noreferrer noopener\">an\u00e1lisis del Instituto Mexicano para la Competitividad<\/a> (IMCO) publicado el pasado 27 de septiembre.<\/p>\n\n\n\n<p>En Italia las normas indican 20 d\u00edas como m\u00ednimo anual de vacaciones pagadas que, sumados a 12 d\u00edas festivos fijos, arrojan un total de 32 d\u00edas, colocando as\u00ed al Bel Paese en el puesto 15 entre las 36 naciones incluidas en el an\u00e1lisis.<\/p>\n\n\n\n<p class=\"translation-block\">Hace 6 d\u00edas, el 18 de octubre, Morena \u2014el partido que mantiene la mayor\u00eda en <a href=\"https:\/\/puntodincontro.mx\/es\/2021\/09\/27\/mexico-entre-los-pocos-paises-con-un-parlamento-cercano-a-la-igualdad-de-genero2\/\" target=\"_blank\" rel=\"noreferrer noopener\">ambas c\u00e1maras<\/a> del Congreso de la Uni\u00f3n y apoya al presidente L\u00f3pez Obrador\u2014 envi\u00f3 un comunicado al presidente del Senado mexicano, Alejandro Armenta, donde informa que la discusi\u00f3n en el pleno del dictamen que establece un incremento de vacaciones para los empleados desde el primer a\u00f1o de 6 a 12 d\u00edas se suspende hasta nuevo aviso.<\/p>\n\n\n\n<p>\u00abPor instrucciones del senador Ricardo Monreal \u00c1vila, coordinador del Grupo Parlamentario de Morena, le solicito atentamente se difiera la discusi\u00f3n del dictamen de las Comisiones Unidas de Trabajo y de Estudios Legislativos en materia de vacaciones dignas para dos sesiones consecuentes; esto para poder llevar a cabo un mayor an\u00e1lisis sobre el tema\u00bb, refiere el documento.<\/p>\n\n\n\n<div style=\"height:12px\" aria-hidden=\"true\" class=\"wp-block-spacer\"><\/div>\n\n\n\n<p class=\"has-text-align-center has-small-font-size translation-block\"><strong>Vacaciones anuales pagadas y d\u00edas festivos en los pa\u00edses de la OCDE<\/strong><br>\nN\u00famero de d\u00edas por a\u00f1o, 2020<\/p>\n\n\n<div class=\"wp-block-image\">\n<figure class=\"aligncenter size-full\"><img loading=\"lazy\" decoding=\"async\" width=\"800\" height=\"338\" src=\"https:\/\/puntodincontro.mx\/wp-content\/uploads\/2022\/10\/graficogiorniferie-sp.webp\" alt=\"\" class=\"wp-image-8653\" srcset=\"https:\/\/puntodincontro.mx\/wp-content\/uploads\/2022\/10\/graficogiorniferie-sp.webp 800w, https:\/\/puntodincontro.mx\/wp-content\/uploads\/2022\/10\/graficogiorniferie-sp-300x127.webp 300w, https:\/\/puntodincontro.mx\/wp-content\/uploads\/2022\/10\/graficogiorniferie-sp-768x324.webp 768w, https:\/\/puntodincontro.mx\/wp-content\/uploads\/2022\/10\/graficogiorniferie-sp-18x8.webp 18w\" sizes=\"(max-width: 800px) 100vw, 800px\" \/><\/figure><\/div>\n\n\n<p class=\"has-small-font-size\">Nota: Las cifras de vacaciones pagadas se refieren a un empleado que trabaja 5 d\u00edas a la semana, con una permanencia en el empleo de al menos un a\u00f1o. En los Estados Unidos no existe un m\u00ednimo de vacaciones anuales pagadas por ley porque ninguna ley federal permanente exige que los empleadores proporcionen a los empleados vacaciones pagadas. No hay datos para Islandia.<\/p>\n\n\n\n<p class=\"has-small-font-size translation-block\">Fuente: <em>OECD Policy Questionnaire on Working Time Regulation<\/em>, 2020 y Cabrita and Brandsma<\/p>\n\n\n<!-- Ad space powered by WP AdCenter v2.5.7 - https:\/\/wpadcenter.com\/ --><div class=\"wpadcenter-adgroup\" ><div class=\"wpadcenter-adgroup__row wpadcenter-aligncenter\"><div class=\"wpadcenter-ad-container\" ><div id=\"wpadcenter-ad-18464\" class=\"ad-placement\"><div class=\"wpadcenter-ad-inner\" ><a id=\"wpadcenter_ad\" data-value=\"18464\" data-placement=\"\" href=\"https:\/\/www.productosremo.com\/\" target=\"_blank\" class=\"wpadcenter-ad-inner__item\" ><img decoding=\"async\"   src=\"https:\/\/puntodincontro.mx\/wp-content\/uploads\/2021\/08\/remobanner.jpg\" class=\"attachment-post-thumbnail size-post-thumbnail wp-post-image\" alt=\"\" srcset=\"https:\/\/puntodincontro.mx\/wp-content\/uploads\/2021\/08\/remobanner.jpg 200w, https:\/\/puntodincontro.mx\/wp-content\/uploads\/2021\/08\/remobanner-16x5.jpg 16w\" sizes=\"(max-width: 200px) 100vw, 200px\" \/><\/a><\/div><\/div><\/div><div class=\"wpadcenter-ad-container\" ><div id=\"wpadcenter-ad-5305\" class=\"ad-placement\"><div class=\"wpadcenter-ad-inner\" ><a id=\"wpadcenter_ad\" data-value=\"5305\" data-placement=\"\" href=\"https:\/\/ambcittadelmessico.esteri.it\/ambasciata_cittadelmessico\/it\/\" target=\"_blank\" class=\"wpadcenter-ad-inner__item\" ><img decoding=\"async\"   src=\"https:\/\/puntodincontro.mx\/wp-content\/uploads\/2022\/05\/Ambasciata.jpg\" class=\"attachment-post-thumbnail size-post-thumbnail wp-post-image\" alt=\"\" srcset=\"https:\/\/puntodincontro.mx\/wp-content\/uploads\/2022\/05\/Ambasciata.jpg 200w, https:\/\/puntodincontro.mx\/wp-content\/uploads\/2022\/05\/Ambasciata-18x5.jpg 18w\" sizes=\"(max-width: 200px) 100vw, 200px\" \/><\/a><\/div><\/div><\/div><div class=\"wpadcenter-ad-container\" ><div id=\"wpadcenter-ad-3781\" class=\"ad-placement\"><div class=\"wpadcenter-ad-inner\" ><a id=\"wpadcenter_ad\" data-value=\"3781\" data-placement=\"\" href=\"https:\/\/cannizzo.com.mx\/\" target=\"_blank\" class=\"wpadcenter-ad-inner__item\" ><img decoding=\"async\"   src=\"https:\/\/puntodincontro.mx\/wp-content\/uploads\/2022\/03\/cannizzo2.jpg\" class=\"attachment-post-thumbnail size-post-thumbnail wp-post-image\" alt=\"\" srcset=\"https:\/\/puntodincontro.mx\/wp-content\/uploads\/2022\/03\/cannizzo2.jpg 200w, https:\/\/puntodincontro.mx\/wp-content\/uploads\/2022\/03\/cannizzo2-18x5.jpg 18w\" sizes=\"(max-width: 200px) 100vw, 200px\" \/><\/a><\/div><\/div><\/div><\/div><div class=\"wpadcenter-adgroup__row wpadcenter-aligncenter\"><div class=\"wpadcenter-ad-container\" ><div id=\"wpadcenter-ad-1704\" class=\"ad-placement\"><div class=\"wpadcenter-ad-inner\" ><a id=\"wpadcenter_ad\" data-value=\"1704\" data-placement=\"\" href=\"https:\/\/puntodincontro.mx\/es\/2021\/12\/24\/inps-verificacion-de-supervivencia-de-los-pensionados-en-el-extranjero\/\" target=\"_blank\" class=\"wpadcenter-ad-inner__item\" ><img decoding=\"async\"   src=\"https:\/\/puntodincontro.mx\/wp-content\/uploads\/2021\/11\/logo-ital.jpg\" class=\"attachment-post-thumbnail size-post-thumbnail wp-post-image\" alt=\"Patronato ITAL Messico\" srcset=\"https:\/\/puntodincontro.mx\/wp-content\/uploads\/2021\/11\/logo-ital.jpg 200w, https:\/\/puntodincontro.mx\/wp-content\/uploads\/2021\/11\/logo-ital-16x5.jpg 16w\" sizes=\"(max-width: 200px) 100vw, 200px\" \/><\/a><\/div><\/div><\/div><div class=\"wpadcenter-ad-container\" ><div id=\"wpadcenter-ad-1538\" class=\"ad-placement\"><div class=\"wpadcenter-ad-inner\" ><a id=\"wpadcenter_ad\" data-value=\"1538\" data-placement=\"\" href=\"https:\/\/asociacionitaliana.org\/\" target=\"_blank\" class=\"wpadcenter-ad-inner__item\" ><img decoding=\"async\"   src=\"https:\/\/puntodincontro.mx\/wp-content\/uploads\/2021\/11\/aialogo.jpg\" class=\"attachment-post-thumbnail size-post-thumbnail wp-post-image\" alt=\"Associazione Italiana di Assistenza IAP\" srcset=\"https:\/\/puntodincontro.mx\/wp-content\/uploads\/2021\/11\/aialogo.jpg 200w, https:\/\/puntodincontro.mx\/wp-content\/uploads\/2021\/11\/aialogo-18x5.jpg 18w\" sizes=\"(max-width: 200px) 100vw, 200px\" \/><\/a><\/div><\/div><\/div><div class=\"wpadcenter-ad-container\" ><div id=\"wpadcenter-ad-1513\" class=\"ad-placement\"><div class=\"wpadcenter-ad-inner\" ><a id=\"wpadcenter_ad\" data-value=\"1513\" data-placement=\"\" href=\"https:\/\/gcinmuebles.mx\" target=\"_blank\" class=\"wpadcenter-ad-inner__item\" ><img decoding=\"async\"   src=\"https:\/\/puntodincontro.mx\/wp-content\/uploads\/2021\/10\/gcinmuebleslogopunto-1.jpg\" class=\"attachment-post-thumbnail size-post-thumbnail wp-post-image\" alt=\"\" srcset=\"https:\/\/puntodincontro.mx\/wp-content\/uploads\/2021\/10\/gcinmuebleslogopunto-1.jpg 200w, https:\/\/puntodincontro.mx\/wp-content\/uploads\/2021\/10\/gcinmuebleslogopunto-1-18x5.jpg 18w\" sizes=\"(max-width: 200px) 100vw, 200px\" \/><\/a><\/div><\/div><\/div><\/div><div class=\"wpadcenter-adgroup__row wpadcenter-aligncenter\"><div class=\"wpadcenter-ad-container\" ><div id=\"wpadcenter-ad-1374\" class=\"ad-placement\"><div class=\"wpadcenter-ad-inner\" ><a id=\"wpadcenter_ad\" data-value=\"1374\" data-placement=\"\" href=\"https:\/\/www.9colonne.it\/\" target=\"_blank\" class=\"wpadcenter-ad-inner__item\" ><img decoding=\"async\"   src=\"https:\/\/puntodincontro.mx\/wp-content\/uploads\/2021\/10\/Banner9colonne.gif\" class=\"attachment-post-thumbnail size-post-thumbnail wp-post-image\" alt=\"\" \/><\/a><\/div><\/div><\/div><div class=\"wpadcenter-ad-container\" ><div id=\"wpadcenter-ad-276\" class=\"ad-placement\"><div class=\"wpadcenter-ad-inner\" ><a id=\"wpadcenter_ad\" data-value=\"276\" data-placement=\"\" href=\"http:\/\/www.camaraitaliana.mx\/\" target=\"_blank\" class=\"wpadcenter-ad-inner__item\" ><img decoding=\"async\"   src=\"https:\/\/puntodincontro.mx\/wp-content\/uploads\/2021\/08\/ccimnuovo.jpg\" class=\"attachment-post-thumbnail size-post-thumbnail wp-post-image\" alt=\"\" srcset=\"https:\/\/puntodincontro.mx\/wp-content\/uploads\/2021\/08\/ccimnuovo.jpg 200w, https:\/\/puntodincontro.mx\/wp-content\/uploads\/2021\/08\/ccimnuovo-18x5.jpg 18w\" sizes=\"(max-width: 200px) 100vw, 200px\" \/><\/a><\/div><\/div><\/div><div class=\"wpadcenter-ad-container\" ><div id=\"wpadcenter-ad-272\" class=\"ad-placement\"><div class=\"wpadcenter-ad-inner\" ><a id=\"wpadcenter_ad\" data-value=\"272\" data-placement=\"\" href=\"http:\/\/corix.us\/\" target=\"_blank\" class=\"wpadcenter-ad-inner__item\" ><img decoding=\"async\"   src=\"https:\/\/puntodincontro.mx\/wp-content\/uploads\/2021\/08\/corixbanner-1.jpg\" class=\"attachment-post-thumbnail size-post-thumbnail wp-post-image\" alt=\"\" srcset=\"https:\/\/puntodincontro.mx\/wp-content\/uploads\/2021\/08\/corixbanner-1.jpg 200w, https:\/\/puntodincontro.mx\/wp-content\/uploads\/2021\/08\/corixbanner-1-16x5.jpg 16w\" sizes=\"(max-width: 200px) 100vw, 200px\" \/><\/a><\/div><\/div><\/div><\/div><div class=\"wpadcenter-adgroup__row wpadcenter-aligncenter\"><div class=\"wpadcenter-ad-container\" ><div id=\"wpadcenter-ad-266\" class=\"ad-placement\"><div class=\"wpadcenter-ad-inner\" ><a id=\"wpadcenter_ad\" data-value=\"266\" data-placement=\"\" href=\"https:\/\/www.prinsel.com.mx\/\" target=\"_blank\" class=\"wpadcenter-ad-inner__item\" ><img decoding=\"async\"   src=\"https:\/\/puntodincontro.mx\/wp-content\/uploads\/2021\/08\/prinselbanner-1.jpg\" class=\"attachment-post-thumbnail size-post-thumbnail wp-post-image\" alt=\"\" srcset=\"https:\/\/puntodincontro.mx\/wp-content\/uploads\/2021\/08\/prinselbanner-1.jpg 200w, https:\/\/puntodincontro.mx\/wp-content\/uploads\/2021\/08\/prinselbanner-1-16x5.jpg 16w\" sizes=\"(max-width: 200px) 100vw, 200px\" \/><\/a><\/div><\/div><\/div><div class=\"wpadcenter-ad-container\" ><div id=\"wpadcenter-ad-261\" class=\"ad-placement\"><div class=\"wpadcenter-ad-inner\" ><a id=\"wpadcenter_ad\" data-value=\"261\" data-placement=\"\" href=\"https:\/\/faitalia.com.mx\/\" target=\"_blank\" class=\"wpadcenter-ad-inner__item\" ><img decoding=\"async\"   src=\"https:\/\/puntodincontro.mx\/wp-content\/uploads\/2021\/08\/gruppodino.jpg\" class=\"attachment-post-thumbnail size-post-thumbnail wp-post-image\" alt=\"\" srcset=\"https:\/\/puntodincontro.mx\/wp-content\/uploads\/2021\/08\/gruppodino.jpg 200w, https:\/\/puntodincontro.mx\/wp-content\/uploads\/2021\/08\/gruppodino-18x5.jpg 18w\" sizes=\"(max-width: 200px) 100vw, 200px\" \/><\/a><\/div><\/div><\/div><\/div><\/div>\n\n\n<div style=\"height:12px\" aria-hidden=\"true\" class=\"wp-block-spacer\"><\/div>","protected":false},"excerpt":{"rendered":"<p>Ore 08.19 &#8211; Anche raddoppiando il numero minimo di giorni di ferie, sommato alle date di riposo obbligatorie previste dalla Legge federale, il Messico rimarrebbe una delle economie con i periodi di vacanze pi\u00f9 brevi per la propria forza lavoro. \u00c8 quanto risulta dai dati pubblicati nel documento OECD Policy Questionnaire on Working Time Regulation (2020). La legislazione del Paese latinoamericano prevede 8 giorni fissi di inattivit\u00e0 e 6 di ferie, per cui un dipendente in Messico ha diritto a 14 giorni liberi retribuiti nel corso del primo anno di lavoro. Anche elevando il periodo minimo di ferie a 12&#8230; <\/p>","protected":false},"author":2,"featured_media":8662,"comment_status":"open","ping_status":"open","sticky":false,"template":"","format":"standard","meta":{"_monsterinsights_skip_tracking":false,"_monsterinsights_sitenote_active":false,"_monsterinsights_sitenote_note":"","_monsterinsights_sitenote_category":0,"footnotes":""},"categories":[3],"tags":[],"class_list":["post-8649","post","type-post","status-publish","format-standard","has-post-thumbnail","hentry","category-economia-e-finanza"],"yoast_head":"<!-- This site is optimized with the Yoast SEO Premium plugin v18.4 (Yoast SEO v25.6) - https:\/\/yoast.com\/wordpress\/plugins\/seo\/ -->\n<title>Riposo per i lavoratori: il Messico tra i Paesi con meno vacanze<\/title>\n<meta name=\"description\" content=\"Anche raddoppiando il numero di giorni di riposo, il Messico rimarrebbe una delle economie con i periodi di vacanze pi\u00f9 brevi.\" \/>\n<meta name=\"robots\" content=\"index, follow, max-snippet:-1, max-image-preview:large, max-video-preview:-1\" \/>\n<link rel=\"canonical\" href=\"https:\/\/puntodincontro.mx\/es\/2022\/10\/24\/mexico-entre-los-paises-con-menos-descanso-para-los-trabajadores\/\" \/>\n<meta property=\"og:locale\" content=\"es_MX\" \/>\n<meta property=\"og:type\" content=\"article\" \/>\n<meta property=\"og:title\" content=\"Il Messico tra i Paesi con meno riposo per i lavoratori\" \/>\n<meta property=\"og:description\" content=\"Anche raddoppiando il numero di giorni di riposo, il Messico rimarrebbe una delle economie con i periodi di vacanze pi\u00f9 brevi.\" \/>\n<meta property=\"og:url\" content=\"https:\/\/puntodincontro.mx\/es\/2022\/10\/24\/mexico-entre-los-paises-con-menos-descanso-para-los-trabajadores\/\" \/>\n<meta property=\"og:site_name\" content=\"Puntodincontro\" \/>\n<meta property=\"article:publisher\" content=\"https:\/\/www.facebook.com\/puntodincontro.mx\" \/>\n<meta property=\"article:published_time\" content=\"2022-10-24T13:55:16+00:00\" \/>\n<meta property=\"article:modified_time\" content=\"2022-10-24T14:04:01+00:00\" \/>\n<meta property=\"og:image\" content=\"https:\/\/puntodincontro.mx\/wp-content\/uploads\/2022\/10\/giornidiferiecomp.jpg\" \/>\n\t<meta property=\"og:image:width\" content=\"932\" \/>\n\t<meta property=\"og:image:height\" content=\"488\" \/>\n\t<meta property=\"og:image:type\" content=\"image\/jpeg\" \/>\n<meta name=\"author\" content=\"Puntodincontro\" \/>\n<meta name=\"twitter:card\" content=\"summary_large_image\" \/>\n<meta name=\"twitter:creator\" content=\"@puntodincontro\" \/>\n<meta name=\"twitter:site\" content=\"@puntodincontro\" \/>\n<meta name=\"twitter:label1\" content=\"Escrito por\" \/>\n\t<meta name=\"twitter:data1\" content=\"Puntodincontro\" \/>\n\t<meta name=\"twitter:label2\" content=\"Tiempo de lectura\" \/>\n\t<meta name=\"twitter:data2\" content=\"2 minutos\" \/>\n<script type=\"application\/ld+json\" class=\"yoast-schema-graph\">{\"@context\":\"https:\/\/schema.org\",\"@graph\":[{\"@type\":\"NewsArticle\",\"@id\":\"https:\/\/puntodincontro.mx\/2022\/10\/24\/il-messico-tra-i-paesi-con-meno-riposo-per-i-lavoratori\/#article\",\"isPartOf\":{\"@id\":\"https:\/\/puntodincontro.mx\/2022\/10\/24\/il-messico-tra-i-paesi-con-meno-riposo-per-i-lavoratori\/\"},\"author\":{\"name\":\"Puntodincontro\",\"@id\":\"https:\/\/puntodincontro.mx\/#\/schema\/person\/d3066d18a16259cbb0c29b0d0e93b556\"},\"headline\":\"Il Messico tra i Paesi con meno riposo per i lavoratori\",\"datePublished\":\"2022-10-24T13:55:16+00:00\",\"dateModified\":\"2022-10-24T14:04:01+00:00\",\"mainEntityOfPage\":{\"@id\":\"https:\/\/puntodincontro.mx\/2022\/10\/24\/il-messico-tra-i-paesi-con-meno-riposo-per-i-lavoratori\/\"},\"wordCount\":455,\"commentCount\":0,\"publisher\":{\"@id\":\"https:\/\/puntodincontro.mx\/#organization\"},\"image\":{\"@id\":\"https:\/\/puntodincontro.mx\/2022\/10\/24\/il-messico-tra-i-paesi-con-meno-riposo-per-i-lavoratori\/#primaryimage\"},\"thumbnailUrl\":\"https:\/\/puntodincontro.mx\/wp-content\/uploads\/2022\/10\/giornidiferievert.webp\",\"articleSection\":[\"Economia e finanza\"],\"inLanguage\":\"es\",\"potentialAction\":[{\"@type\":\"CommentAction\",\"name\":\"Comment\",\"target\":[\"https:\/\/puntodincontro.mx\/2022\/10\/24\/il-messico-tra-i-paesi-con-meno-riposo-per-i-lavoratori\/#respond\"]}]},{\"@type\":\"WebPage\",\"@id\":\"https:\/\/puntodincontro.mx\/2022\/10\/24\/il-messico-tra-i-paesi-con-meno-riposo-per-i-lavoratori\/\",\"url\":\"https:\/\/puntodincontro.mx\/2022\/10\/24\/il-messico-tra-i-paesi-con-meno-riposo-per-i-lavoratori\/\",\"name\":\"Riposo per i lavoratori: il Messico tra i Paesi con meno vacanze\",\"isPartOf\":{\"@id\":\"https:\/\/puntodincontro.mx\/#website\"},\"primaryImageOfPage\":{\"@id\":\"https:\/\/puntodincontro.mx\/2022\/10\/24\/il-messico-tra-i-paesi-con-meno-riposo-per-i-lavoratori\/#primaryimage\"},\"image\":{\"@id\":\"https:\/\/puntodincontro.mx\/2022\/10\/24\/il-messico-tra-i-paesi-con-meno-riposo-per-i-lavoratori\/#primaryimage\"},\"thumbnailUrl\":\"https:\/\/puntodincontro.mx\/wp-content\/uploads\/2022\/10\/giornidiferievert.webp\",\"datePublished\":\"2022-10-24T13:55:16+00:00\",\"dateModified\":\"2022-10-24T14:04:01+00:00\",\"description\":\"Anche raddoppiando il numero di giorni di riposo, il Messico rimarrebbe una delle economie con i periodi di vacanze pi\u00f9 brevi.\",\"breadcrumb\":{\"@id\":\"https:\/\/puntodincontro.mx\/2022\/10\/24\/il-messico-tra-i-paesi-con-meno-riposo-per-i-lavoratori\/#breadcrumb\"},\"inLanguage\":\"es\",\"potentialAction\":[{\"@type\":\"ReadAction\",\"target\":[\"https:\/\/puntodincontro.mx\/2022\/10\/24\/il-messico-tra-i-paesi-con-meno-riposo-per-i-lavoratori\/\"]}]},{\"@type\":\"ImageObject\",\"inLanguage\":\"es\",\"@id\":\"https:\/\/puntodincontro.mx\/2022\/10\/24\/il-messico-tra-i-paesi-con-meno-riposo-per-i-lavoratori\/#primaryimage\",\"url\":\"https:\/\/puntodincontro.mx\/wp-content\/uploads\/2022\/10\/giornidiferievert.webp\",\"contentUrl\":\"https:\/\/puntodincontro.mx\/wp-content\/uploads\/2022\/10\/giornidiferievert.webp\",\"width\":423,\"height\":488,\"caption\":\"Il Messico tra i Paesi con meno riposo per i lavoratori\"},{\"@type\":\"BreadcrumbList\",\"@id\":\"https:\/\/puntodincontro.mx\/2022\/10\/24\/il-messico-tra-i-paesi-con-meno-riposo-per-i-lavoratori\/#breadcrumb\",\"itemListElement\":[{\"@type\":\"ListItem\",\"position\":1,\"name\":\"Home\",\"item\":\"https:\/\/puntodincontro.mx\/\"},{\"@type\":\"ListItem\",\"position\":2,\"name\":\"Il Messico tra i Paesi con meno riposo per i lavoratori\"}]},{\"@type\":\"WebSite\",\"@id\":\"https:\/\/puntodincontro.mx\/#website\",\"url\":\"https:\/\/puntodincontro.mx\/\",\"name\":\"Puntodincontro\",\"description\":\"Dal 2006 notizie sui rapporti Italia-Messico \/ Desde 2006 noticias sobre las relaciones entre Italia y M\u00e9xico\",\"publisher\":{\"@id\":\"https:\/\/puntodincontro.mx\/#organization\"},\"potentialAction\":[{\"@type\":\"SearchAction\",\"target\":{\"@type\":\"EntryPoint\",\"urlTemplate\":\"https:\/\/puntodincontro.mx\/?s={search_term_string}\"},\"query-input\":{\"@type\":\"PropertyValueSpecification\",\"valueRequired\":true,\"valueName\":\"search_term_string\"}}],\"inLanguage\":\"es\"},{\"@type\":\"Organization\",\"@id\":\"https:\/\/puntodincontro.mx\/#organization\",\"name\":\"Puntodincontro\",\"url\":\"https:\/\/puntodincontro.mx\/\",\"logo\":{\"@type\":\"ImageObject\",\"inLanguage\":\"es\",\"@id\":\"https:\/\/puntodincontro.mx\/#\/schema\/logo\/image\/\",\"url\":\"https:\/\/puntodincontro.mx\/wp-content\/uploads\/2021\/08\/Default-image-for-open-graph-settings.jpg\",\"contentUrl\":\"https:\/\/puntodincontro.mx\/wp-content\/uploads\/2021\/08\/Default-image-for-open-graph-settings.jpg\",\"width\":1200,\"height\":630,\"caption\":\"Puntodincontro\"},\"image\":{\"@id\":\"https:\/\/puntodincontro.mx\/#\/schema\/logo\/image\/\"},\"sameAs\":[\"https:\/\/www.facebook.com\/puntodincontro.mx\",\"https:\/\/x.com\/puntodincontro\",\"https:\/\/www.instagram.com\/puntodincontro.mx\/\",\"https:\/\/www.linkedin.com\/company\/puntodincontro\/\",\"https:\/\/www.youtube.com\/c\/puntodincontromessico\",\"https:\/\/www.patreon.com\/puntodincontro\",\"https:\/\/www.threads.net\/@puntodincontro.mx\"]},{\"@type\":\"Person\",\"@id\":\"https:\/\/puntodincontro.mx\/#\/schema\/person\/d3066d18a16259cbb0c29b0d0e93b556\",\"name\":\"Puntodincontro\",\"image\":{\"@type\":\"ImageObject\",\"inLanguage\":\"es\",\"@id\":\"https:\/\/puntodincontro.mx\/#\/schema\/person\/image\/\",\"url\":\"https:\/\/secure.gravatar.com\/avatar\/0e85b4b3b5e9d6bfcec6a4956d8cc63a?s=96&d=mm&r=g\",\"contentUrl\":\"https:\/\/secure.gravatar.com\/avatar\/0e85b4b3b5e9d6bfcec6a4956d8cc63a?s=96&d=mm&r=g\",\"caption\":\"Puntodincontro\"},\"url\":\"https:\/\/puntodincontro.mx\/es\/author\/puntodincontro\/\"}]}<\/script>\n<!-- \/ Yoast SEO Premium plugin. -->","yoast_head_json":{"title":"Descanso para los trabajadores: M\u00e9xico entre los pa\u00edses con menos vacaciones","description":"Aun duplicando el n\u00famero de d\u00edas de descanso, M\u00e9xico se mantendr\u00eda como una de las econom\u00edas con los per\u00edodos de vacaciones m\u00e1s cortos.","robots":{"index":"index","follow":"follow","max-snippet":"max-snippet:-1","max-image-preview":"max-image-preview:large","max-video-preview":"max-video-preview:-1"},"canonical":"https:\/\/puntodincontro.mx\/es\/2022\/10\/24\/mexico-entre-los-paises-con-menos-descanso-para-los-trabajadores\/","og_locale":"es_MX","og_type":"article","og_title":"Il Messico tra i Paesi con meno riposo per i lavoratori","og_description":"Anche raddoppiando il numero di giorni di riposo, il Messico rimarrebbe una delle economie con i periodi di vacanze pi\u00f9 brevi.","og_url":"https:\/\/puntodincontro.mx\/es\/2022\/10\/24\/mexico-entre-los-paises-con-menos-descanso-para-los-trabajadores\/","og_site_name":"Puntodincontro","article_publisher":"https:\/\/www.facebook.com\/puntodincontro.mx","article_published_time":"2022-10-24T13:55:16+00:00","article_modified_time":"2022-10-24T14:04:01+00:00","og_image":[{"width":932,"height":488,"url":"https:\/\/puntodincontro.mx\/wp-content\/uploads\/2022\/10\/giornidiferiecomp.jpg","type":"image\/jpeg"}],"author":"Puntodincontro","twitter_card":"summary_large_image","twitter_creator":"@puntodincontro","twitter_site":"@puntodincontro","twitter_misc":{"Escrito por":"Puntodincontro","Tiempo de lectura":"2 minutos"},"schema":{"@context":"https:\/\/schema.org","@graph":[{"@type":"NewsArticle","@id":"https:\/\/puntodincontro.mx\/2022\/10\/24\/il-messico-tra-i-paesi-con-meno-riposo-per-i-lavoratori\/#article","isPartOf":{"@id":"https:\/\/puntodincontro.mx\/2022\/10\/24\/il-messico-tra-i-paesi-con-meno-riposo-per-i-lavoratori\/"},"author":{"name":"Puntodincontro","@id":"https:\/\/puntodincontro.mx\/#\/schema\/person\/d3066d18a16259cbb0c29b0d0e93b556"},"headline":"Il Messico tra i Paesi con meno riposo per i lavoratori","datePublished":"2022-10-24T13:55:16+00:00","dateModified":"2022-10-24T14:04:01+00:00","mainEntityOfPage":{"@id":"https:\/\/puntodincontro.mx\/2022\/10\/24\/il-messico-tra-i-paesi-con-meno-riposo-per-i-lavoratori\/"},"wordCount":455,"commentCount":0,"publisher":{"@id":"https:\/\/puntodincontro.mx\/#organization"},"image":{"@id":"https:\/\/puntodincontro.mx\/2022\/10\/24\/il-messico-tra-i-paesi-con-meno-riposo-per-i-lavoratori\/#primaryimage"},"thumbnailUrl":"https:\/\/puntodincontro.mx\/wp-content\/uploads\/2022\/10\/giornidiferievert.webp","articleSection":["Economia e finanza"],"inLanguage":"es","potentialAction":[{"@type":"CommentAction","name":"Comment","target":["https:\/\/puntodincontro.mx\/2022\/10\/24\/il-messico-tra-i-paesi-con-meno-riposo-per-i-lavoratori\/#respond"]}]},{"@type":"WebPage","@id":"https:\/\/puntodincontro.mx\/2022\/10\/24\/il-messico-tra-i-paesi-con-meno-riposo-per-i-lavoratori\/","url":"https:\/\/puntodincontro.mx\/2022\/10\/24\/il-messico-tra-i-paesi-con-meno-riposo-per-i-lavoratori\/","name":"Descanso para los trabajadores: M\u00e9xico entre los pa\u00edses con menos vacaciones","isPartOf":{"@id":"https:\/\/puntodincontro.mx\/#website"},"primaryImageOfPage":{"@id":"https:\/\/puntodincontro.mx\/2022\/10\/24\/il-messico-tra-i-paesi-con-meno-riposo-per-i-lavoratori\/#primaryimage"},"image":{"@id":"https:\/\/puntodincontro.mx\/2022\/10\/24\/il-messico-tra-i-paesi-con-meno-riposo-per-i-lavoratori\/#primaryimage"},"thumbnailUrl":"https:\/\/puntodincontro.mx\/wp-content\/uploads\/2022\/10\/giornidiferievert.webp","datePublished":"2022-10-24T13:55:16+00:00","dateModified":"2022-10-24T14:04:01+00:00","description":"Aun duplicando el n\u00famero de d\u00edas de descanso, M\u00e9xico se mantendr\u00eda como una de las econom\u00edas con los per\u00edodos de vacaciones m\u00e1s cortos.","breadcrumb":{"@id":"https:\/\/puntodincontro.mx\/2022\/10\/24\/il-messico-tra-i-paesi-con-meno-riposo-per-i-lavoratori\/#breadcrumb"},"inLanguage":"es","potentialAction":[{"@type":"ReadAction","target":["https:\/\/puntodincontro.mx\/2022\/10\/24\/il-messico-tra-i-paesi-con-meno-riposo-per-i-lavoratori\/"]}]},{"@type":"ImageObject","inLanguage":"es","@id":"https:\/\/puntodincontro.mx\/2022\/10\/24\/il-messico-tra-i-paesi-con-meno-riposo-per-i-lavoratori\/#primaryimage","url":"https:\/\/puntodincontro.mx\/wp-content\/uploads\/2022\/10\/giornidiferievert.webp","contentUrl":"https:\/\/puntodincontro.mx\/wp-content\/uploads\/2022\/10\/giornidiferievert.webp","width":423,"height":488,"caption":"Il Messico tra i Paesi con meno riposo per i lavoratori"},{"@type":"BreadcrumbList","@id":"https:\/\/puntodincontro.mx\/2022\/10\/24\/il-messico-tra-i-paesi-con-meno-riposo-per-i-lavoratori\/#breadcrumb","itemListElement":[{"@type":"ListItem","position":1,"name":"Home","item":"https:\/\/puntodincontro.mx\/"},{"@type":"ListItem","position":2,"name":"Il Messico tra i Paesi con meno riposo per i lavoratori"}]},{"@type":"WebSite","@id":"https:\/\/puntodincontro.mx\/#website","url":"https:\/\/puntodincontro.mx\/","name":"Puntodincontro","description":"Desde el 2006 noticias sobre las relaciones entre Italia y M\u00e9xico \/ Dal 2006 notizie sui rapporti Italia-Messico","publisher":{"@id":"https:\/\/puntodincontro.mx\/#organization"},"potentialAction":[{"@type":"SearchAction","target":{"@type":"EntryPoint","urlTemplate":"https:\/\/puntodincontro.mx\/?s={search_term_string}"},"query-input":{"@type":"PropertyValueSpecification","valueRequired":true,"valueName":"search_term_string"}}],"inLanguage":"es"},{"@type":"Organization","@id":"https:\/\/puntodincontro.mx\/#organization","name":"Puntodincontro","url":"https:\/\/puntodincontro.mx\/","logo":{"@type":"ImageObject","inLanguage":"es","@id":"https:\/\/puntodincontro.mx\/#\/schema\/logo\/image\/","url":"https:\/\/puntodincontro.mx\/wp-content\/uploads\/2021\/08\/Default-image-for-open-graph-settings.jpg","contentUrl":"https:\/\/puntodincontro.mx\/wp-content\/uploads\/2021\/08\/Default-image-for-open-graph-settings.jpg","width":1200,"height":630,"caption":"Puntodincontro"},"image":{"@id":"https:\/\/puntodincontro.mx\/#\/schema\/logo\/image\/"},"sameAs":["https:\/\/www.facebook.com\/puntodincontro.mx","https:\/\/x.com\/puntodincontro","https:\/\/www.instagram.com\/puntodincontro.mx\/","https:\/\/www.linkedin.com\/company\/puntodincontro\/","https:\/\/www.youtube.com\/c\/puntodincontromessico","https:\/\/www.patreon.com\/puntodincontro","https:\/\/www.threads.net\/@puntodincontro.mx"]},{"@type":"Person","@id":"https:\/\/puntodincontro.mx\/#\/schema\/person\/d3066d18a16259cbb0c29b0d0e93b556","name":"Puntodincontro","image":{"@type":"ImageObject","inLanguage":"es","@id":"https:\/\/puntodincontro.mx\/#\/schema\/person\/image\/","url":"https:\/\/secure.gravatar.com\/avatar\/0e85b4b3b5e9d6bfcec6a4956d8cc63a?s=96&d=mm&r=g","contentUrl":"https:\/\/secure.gravatar.com\/avatar\/0e85b4b3b5e9d6bfcec6a4956d8cc63a?s=96&d=mm&r=g","caption":"Puntodincontro"},"url":"https:\/\/puntodincontro.mx\/es\/author\/puntodincontro\/"}]}},"_links":{"self":[{"href":"https:\/\/puntodincontro.mx\/es\/wp-json\/wp\/v2\/posts\/8649"}],"collection":[{"href":"https:\/\/puntodincontro.mx\/es\/wp-json\/wp\/v2\/posts"}],"about":[{"href":"https:\/\/puntodincontro.mx\/es\/wp-json\/wp\/v2\/types\/post"}],"author":[{"embeddable":true,"href":"https:\/\/puntodincontro.mx\/es\/wp-json\/wp\/v2\/users\/2"}],"replies":[{"embeddable":true,"href":"https:\/\/puntodincontro.mx\/es\/wp-json\/wp\/v2\/comments?post=8649"}],"version-history":[{"count":11,"href":"https:\/\/puntodincontro.mx\/es\/wp-json\/wp\/v2\/posts\/8649\/revisions"}],"predecessor-version":[{"id":8668,"href":"https:\/\/puntodincontro.mx\/es\/wp-json\/wp\/v2\/posts\/8649\/revisions\/8668"}],"wp:featuredmedia":[{"embeddable":true,"href":"https:\/\/puntodincontro.mx\/es\/wp-json\/wp\/v2\/media\/8662"}],"wp:attachment":[{"href":"https:\/\/puntodincontro.mx\/es\/wp-json\/wp\/v2\/media?parent=8649"}],"wp:term":[{"taxonomy":"category","embeddable":true,"href":"https:\/\/puntodincontro.mx\/es\/wp-json\/wp\/v2\/categories?post=8649"},{"taxonomy":"post_tag","embeddable":true,"href":"https:\/\/puntodincontro.mx\/es\/wp-json\/wp\/v2\/tags?post=8649"}],"curies":[{"name":"wp","href":"https:\/\/api.w.org\/{rel}","templated":true}]}}