{"id":8669,"date":"2022-10-24T15:20:21","date_gmt":"2022-10-24T20:20:21","guid":{"rendered":"https:\/\/puntodincontro.mx\/?p=8669"},"modified":"2022-10-24T15:20:22","modified_gmt":"2022-10-24T20:20:22","slug":"la-giornata-mondiale-della-pasta-2022-si-celebra-con-un-record","status":"publish","type":"post","link":"https:\/\/puntodincontro.mx\/es\/2022\/10\/24\/la-giornata-mondiale-della-pasta-2022-si-celebra-con-un-record\/","title":{"rendered":"El D\u00eda Mundial de la Pasta 2022 se celebra con un r\u00e9cord"},"content":{"rendered":"<p class=\"translation-block\"><strong>15:03 hrs.<\/strong> - Consumida en todo el mundo y solo superada por el arroz, la pasta es uno de los alimentos m\u00e1s populares de nuestro planeta.<\/p>\n\n\n\n<p class=\"translation-block\">Este a\u00f1o tambi\u00e9n se celebra el D\u00eda Mundial de la Pasta el 25 de octubre, aniversario organizado por Unione Italia Food e IPO (International Pasta Organisation) y dedicado a uno de los platillos emblem\u00e1ticos de la dieta mediterr\u00e1nea.<\/p>\n\n\n\n<p>Pero \u00bfpor qu\u00e9 el 25 de octubre? No hay una raz\u00f3n precisa, pero exactamente en esta fecha de 1995, durante el primer congreso mundial de productores de pasta, surgi\u00f3 la necesidad de promover su consumo con una iniciativa dedicada. En consecuencia, en 1998 se decidi\u00f3 crear el evento, que ma\u00f1ana se celebra por 25\u00aa vez.<\/p>\n\n\n\n<p>El objetivo de la jornada es llamar la atenci\u00f3n de medios y consumidores sobre c\u00f3mo la pasta es un alimento con m\u00faltiples cualidades, f\u00e1cilmente adaptable a un estilo de vida saludable y din\u00e1mico y capaz de satisfacer cualquier necesidad gastron\u00f3mica.<\/p>\n\n\n\n<p>2022, con un aumento del 33% en las ventas de pasta de Italia al resto del mundo, marca un r\u00e9cord hist\u00f3rico en el que las dificultades econ\u00f3micas han llevado al redescubrimiento de las cualidades de este alimento. Lo anterior surge de un an\u00e1lisis realizado por la Confederaci\u00f3n Nacional de Cultivadores Directos (Coldiretti) \u2014la mayor asociaci\u00f3n que representa y apoya a la agricultura italiana\u2014con base en datos del Istat sobre comercio exterior para los primeros siete meses del a\u00f1o.<\/p>\n\n\n\n<p>\u00abSon los alemanes\u00bb \u2014subraya Coldiretti\u2014 \u00ablos que m\u00e1s gastan para comprar pasta al Bel Paese, con un aumento del 31% en el \u00faltimo a\u00f1o, mientras que Estados Unidos ocupa el segundo lugar y un incremento de +45%, impulsado tambi\u00e9n por la debilidad del euro frente al d\u00f3lar. En tercer lugar se encuentra Francia, con una subida del 25%\u00bb.<\/p>\n\n\n\n<p>En Italia se producen 3.6 millones de toneladas de pasta cada a\u00f1o, equivalentes a aproximadamente 1\/4 de la cifra total global, con 200 mil empresas agr\u00edcolas italianas comprometidas en enviar trigo duro de la m\u00e1s alta calidad a una cadena de suministro que cuenta con 360 compa\u00f1\u00edas y cerca de 7,500 empleados, para una valor total de aproximadamente 5 mil millones de euros\/a\u00f1o.<\/p>\n\n\n\n<p>Con el tiempo tambi\u00e9n han aumentado exponencialmente los formatos de pasta, que ya alcanzan las 300, mientras que a las variedades tradicionales se han sumado las elaboradas con harinas integrales, sin gluten, con harinas alternativas y legumbres. \u00abLa b\u00fasqueda del Made in Italy\u00bb \u2014recuerda Coldiretti\u2014 \u00abha llevado tambi\u00e9n al redescubrimiento de los granos antiguos, trayendo de vuelta al plato al Senatore Cappelli, la Timilia, el Saragolla y otras variedades que han escrito la historia del pa\u00eds en la mesa. Un fen\u00f3meno que tambi\u00e9n ha favorecido la multiplicaci\u00f3n de marcas de pasta que garantizan al 100% el origen nacional del trigo utilizado, impensable hasta hace unos a\u00f1os, pero ahora patrimonio de casi todas las principales casas productoras\u00bb. El resultado es que las ventas de pasta elaborada con trigo italiano garantizado crecieron 14% en valor en los primeros cinco meses de 2022, seg\u00fan un an\u00e1lisis de Coldiretti sobre datos de Ismea. \u00abPara comprar pasta 100% hecha en Italia\u00bb \u2014explica la asociaci\u00f3n\u2014 \u00abes suficiente elegir los paquetes que llevan las indicaciones \u201cPa\u00eds de cultivo del trigo: Italia\u201d y \u201cPa\u00eds de molienda: Italia\u201d. Una elecci\u00f3n de calidad y tambi\u00e9n un apoyo a la econom\u00eda nacional en una situaci\u00f3n en la que los costos del cultivo de cereales se han disparado, casi duplic\u00e1ndose (+80%) a causa de la crisis desencadenada por la guerra\u00bb.<\/p>\n\n\n\n<p class=\"translation-block\">Italia se mantiene como el pa\u00eds con <a href=\"https:\/\/puntodincontro.mx\/es\/2021\/10\/23\/pasta-consumo-anual-per-capita-italia-23-kg-mexico-11-kg\/\" target=\"_blank\" rel=\"noreferrer noopener\">mayor consumo<\/a> de pasta con una cantidad de 23.5 kilogramos anuales per c\u00e1pita frente a los 17 kilos de T\u00fanez, segundo en este ranking especial seguido de Venezuela (15 kg), Grecia (12 kg), Chile (9.4 kg), Estados Unidos (8.8 kg), Argentina y Turqu\u00eda empatados (8.7 kg), datos que atestiguan c\u00f3mo este producto tiene admiradores en todas las latitudes.<\/p>\n\n\n\n<p>\u00abExisten, por lo tanto, las condiciones para responder a la demanda de italianidad de los consumidores e invertir en una agricultura nacional que sea capaz de ofrecer productos de calidad mediante la creaci\u00f3n de relaciones virtuosas en la cadena de suministro con acuerdos que garanticen una compensaci\u00f3n justa por encima de los costos de producci\u00f3n\u00bb, \u00e1firm\u00f3 el presidente de Coldiretti, Ettore Prandini, al subrayar que \u00abla experiencia ha demostrado la importancia de garantizar la transparencia de la informaci\u00f3n para el crecimiento de un sector que es un s\u00edmbolo de Italia en el mundo\u00bb.<\/p>\n\n\n\n<div style=\"height:12px\" aria-hidden=\"true\" class=\"wp-block-spacer\"><\/div>\n\n\n<!-- Ad space powered by WP AdCenter v2.5.7 - https:\/\/wpadcenter.com\/ --><div class=\"wpadcenter-adgroup\" ><div class=\"wpadcenter-adgroup__row wpadcenter-aligncenter\"><div class=\"wpadcenter-ad-container\" ><div id=\"wpadcenter-ad-18464\" class=\"ad-placement\"><div class=\"wpadcenter-ad-inner\" ><a id=\"wpadcenter_ad\" data-value=\"18464\" data-placement=\"\" href=\"https:\/\/www.productosremo.com\/\" target=\"_blank\" class=\"wpadcenter-ad-inner__item\" ><img decoding=\"async\"   src=\"https:\/\/puntodincontro.mx\/wp-content\/uploads\/2021\/08\/remobanner.jpg\" class=\"attachment-post-thumbnail size-post-thumbnail wp-post-image\" alt=\"\" srcset=\"https:\/\/puntodincontro.mx\/wp-content\/uploads\/2021\/08\/remobanner.jpg 200w, https:\/\/puntodincontro.mx\/wp-content\/uploads\/2021\/08\/remobanner-16x5.jpg 16w\" sizes=\"(max-width: 200px) 100vw, 200px\" \/><\/a><\/div><\/div><\/div><div class=\"wpadcenter-ad-container\" ><div id=\"wpadcenter-ad-5305\" class=\"ad-placement\"><div class=\"wpadcenter-ad-inner\" ><a id=\"wpadcenter_ad\" data-value=\"5305\" data-placement=\"\" href=\"https:\/\/ambcittadelmessico.esteri.it\/ambasciata_cittadelmessico\/it\/\" target=\"_blank\" class=\"wpadcenter-ad-inner__item\" ><img decoding=\"async\"   src=\"https:\/\/puntodincontro.mx\/wp-content\/uploads\/2022\/05\/Ambasciata.jpg\" class=\"attachment-post-thumbnail size-post-thumbnail wp-post-image\" alt=\"\" srcset=\"https:\/\/puntodincontro.mx\/wp-content\/uploads\/2022\/05\/Ambasciata.jpg 200w, https:\/\/puntodincontro.mx\/wp-content\/uploads\/2022\/05\/Ambasciata-18x5.jpg 18w\" sizes=\"(max-width: 200px) 100vw, 200px\" \/><\/a><\/div><\/div><\/div><div class=\"wpadcenter-ad-container\" ><div id=\"wpadcenter-ad-3781\" class=\"ad-placement\"><div class=\"wpadcenter-ad-inner\" ><a id=\"wpadcenter_ad\" data-value=\"3781\" data-placement=\"\" href=\"https:\/\/cannizzo.com.mx\/\" target=\"_blank\" class=\"wpadcenter-ad-inner__item\" ><img decoding=\"async\"   src=\"https:\/\/puntodincontro.mx\/wp-content\/uploads\/2022\/03\/cannizzo2.jpg\" class=\"attachment-post-thumbnail size-post-thumbnail wp-post-image\" alt=\"\" srcset=\"https:\/\/puntodincontro.mx\/wp-content\/uploads\/2022\/03\/cannizzo2.jpg 200w, https:\/\/puntodincontro.mx\/wp-content\/uploads\/2022\/03\/cannizzo2-18x5.jpg 18w\" sizes=\"(max-width: 200px) 100vw, 200px\" \/><\/a><\/div><\/div><\/div><\/div><div class=\"wpadcenter-adgroup__row wpadcenter-aligncenter\"><div class=\"wpadcenter-ad-container\" ><div id=\"wpadcenter-ad-1704\" class=\"ad-placement\"><div class=\"wpadcenter-ad-inner\" ><a id=\"wpadcenter_ad\" data-value=\"1704\" data-placement=\"\" href=\"https:\/\/puntodincontro.mx\/es\/2021\/12\/24\/inps-verificacion-de-supervivencia-de-los-pensionados-en-el-extranjero\/\" target=\"_blank\" class=\"wpadcenter-ad-inner__item\" ><img decoding=\"async\"   src=\"https:\/\/puntodincontro.mx\/wp-content\/uploads\/2021\/11\/logo-ital.jpg\" class=\"attachment-post-thumbnail size-post-thumbnail wp-post-image\" alt=\"Patronato ITAL Messico\" srcset=\"https:\/\/puntodincontro.mx\/wp-content\/uploads\/2021\/11\/logo-ital.jpg 200w, https:\/\/puntodincontro.mx\/wp-content\/uploads\/2021\/11\/logo-ital-16x5.jpg 16w\" sizes=\"(max-width: 200px) 100vw, 200px\" \/><\/a><\/div><\/div><\/div><div class=\"wpadcenter-ad-container\" ><div id=\"wpadcenter-ad-1538\" class=\"ad-placement\"><div class=\"wpadcenter-ad-inner\" ><a id=\"wpadcenter_ad\" data-value=\"1538\" data-placement=\"\" href=\"https:\/\/asociacionitaliana.org\/\" target=\"_blank\" class=\"wpadcenter-ad-inner__item\" ><img decoding=\"async\"   src=\"https:\/\/puntodincontro.mx\/wp-content\/uploads\/2021\/11\/aialogo.jpg\" class=\"attachment-post-thumbnail size-post-thumbnail wp-post-image\" alt=\"Associazione Italiana di Assistenza IAP\" srcset=\"https:\/\/puntodincontro.mx\/wp-content\/uploads\/2021\/11\/aialogo.jpg 200w, https:\/\/puntodincontro.mx\/wp-content\/uploads\/2021\/11\/aialogo-18x5.jpg 18w\" sizes=\"(max-width: 200px) 100vw, 200px\" \/><\/a><\/div><\/div><\/div><div class=\"wpadcenter-ad-container\" ><div id=\"wpadcenter-ad-1513\" class=\"ad-placement\"><div class=\"wpadcenter-ad-inner\" ><a id=\"wpadcenter_ad\" data-value=\"1513\" data-placement=\"\" href=\"https:\/\/gcinmuebles.mx\" target=\"_blank\" class=\"wpadcenter-ad-inner__item\" ><img decoding=\"async\"   src=\"https:\/\/puntodincontro.mx\/wp-content\/uploads\/2021\/10\/gcinmuebleslogopunto-1.jpg\" class=\"attachment-post-thumbnail size-post-thumbnail wp-post-image\" alt=\"\" srcset=\"https:\/\/puntodincontro.mx\/wp-content\/uploads\/2021\/10\/gcinmuebleslogopunto-1.jpg 200w, https:\/\/puntodincontro.mx\/wp-content\/uploads\/2021\/10\/gcinmuebleslogopunto-1-18x5.jpg 18w\" sizes=\"(max-width: 200px) 100vw, 200px\" \/><\/a><\/div><\/div><\/div><\/div><div class=\"wpadcenter-adgroup__row wpadcenter-aligncenter\"><div class=\"wpadcenter-ad-container\" ><div id=\"wpadcenter-ad-1374\" class=\"ad-placement\"><div class=\"wpadcenter-ad-inner\" ><a id=\"wpadcenter_ad\" data-value=\"1374\" data-placement=\"\" href=\"https:\/\/www.9colonne.it\/\" target=\"_blank\" class=\"wpadcenter-ad-inner__item\" ><img decoding=\"async\"   src=\"https:\/\/puntodincontro.mx\/wp-content\/uploads\/2021\/10\/Banner9colonne.gif\" class=\"attachment-post-thumbnail size-post-thumbnail wp-post-image\" alt=\"\" \/><\/a><\/div><\/div><\/div><div class=\"wpadcenter-ad-container\" ><div id=\"wpadcenter-ad-276\" class=\"ad-placement\"><div class=\"wpadcenter-ad-inner\" ><a id=\"wpadcenter_ad\" data-value=\"276\" data-placement=\"\" href=\"http:\/\/www.camaraitaliana.mx\/\" target=\"_blank\" class=\"wpadcenter-ad-inner__item\" ><img decoding=\"async\"   src=\"https:\/\/puntodincontro.mx\/wp-content\/uploads\/2021\/08\/ccimnuovo.jpg\" class=\"attachment-post-thumbnail size-post-thumbnail wp-post-image\" alt=\"\" srcset=\"https:\/\/puntodincontro.mx\/wp-content\/uploads\/2021\/08\/ccimnuovo.jpg 200w, https:\/\/puntodincontro.mx\/wp-content\/uploads\/2021\/08\/ccimnuovo-18x5.jpg 18w\" sizes=\"(max-width: 200px) 100vw, 200px\" \/><\/a><\/div><\/div><\/div><div class=\"wpadcenter-ad-container\" ><div id=\"wpadcenter-ad-272\" class=\"ad-placement\"><div class=\"wpadcenter-ad-inner\" ><a id=\"wpadcenter_ad\" data-value=\"272\" data-placement=\"\" href=\"http:\/\/corix.us\/\" target=\"_blank\" class=\"wpadcenter-ad-inner__item\" ><img decoding=\"async\"   src=\"https:\/\/puntodincontro.mx\/wp-content\/uploads\/2021\/08\/corixbanner-1.jpg\" class=\"attachment-post-thumbnail size-post-thumbnail wp-post-image\" alt=\"\" srcset=\"https:\/\/puntodincontro.mx\/wp-content\/uploads\/2021\/08\/corixbanner-1.jpg 200w, https:\/\/puntodincontro.mx\/wp-content\/uploads\/2021\/08\/corixbanner-1-16x5.jpg 16w\" sizes=\"(max-width: 200px) 100vw, 200px\" \/><\/a><\/div><\/div><\/div><\/div><div class=\"wpadcenter-adgroup__row wpadcenter-aligncenter\"><div class=\"wpadcenter-ad-container\" ><div id=\"wpadcenter-ad-266\" class=\"ad-placement\"><div class=\"wpadcenter-ad-inner\" ><a id=\"wpadcenter_ad\" data-value=\"266\" data-placement=\"\" href=\"https:\/\/www.prinsel.com.mx\/\" target=\"_blank\" class=\"wpadcenter-ad-inner__item\" ><img decoding=\"async\"   src=\"https:\/\/puntodincontro.mx\/wp-content\/uploads\/2021\/08\/prinselbanner-1.jpg\" class=\"attachment-post-thumbnail size-post-thumbnail wp-post-image\" alt=\"\" srcset=\"https:\/\/puntodincontro.mx\/wp-content\/uploads\/2021\/08\/prinselbanner-1.jpg 200w, https:\/\/puntodincontro.mx\/wp-content\/uploads\/2021\/08\/prinselbanner-1-16x5.jpg 16w\" sizes=\"(max-width: 200px) 100vw, 200px\" \/><\/a><\/div><\/div><\/div><div class=\"wpadcenter-ad-container\" ><div id=\"wpadcenter-ad-261\" class=\"ad-placement\"><div class=\"wpadcenter-ad-inner\" ><a id=\"wpadcenter_ad\" data-value=\"261\" data-placement=\"\" href=\"https:\/\/faitalia.com.mx\/\" target=\"_blank\" class=\"wpadcenter-ad-inner__item\" ><img decoding=\"async\"   src=\"https:\/\/puntodincontro.mx\/wp-content\/uploads\/2021\/08\/gruppodino.jpg\" class=\"attachment-post-thumbnail size-post-thumbnail wp-post-image\" alt=\"\" srcset=\"https:\/\/puntodincontro.mx\/wp-content\/uploads\/2021\/08\/gruppodino.jpg 200w, https:\/\/puntodincontro.mx\/wp-content\/uploads\/2021\/08\/gruppodino-18x5.jpg 18w\" sizes=\"(max-width: 200px) 100vw, 200px\" \/><\/a><\/div><\/div><\/div><\/div><\/div>\n\n\n<div style=\"height:12px\" aria-hidden=\"true\" class=\"wp-block-spacer\"><\/div>","protected":false},"excerpt":{"rendered":"<p>Ore 15.03 &#8211; Consumata in tutto il mondo e seconda solo al riso, la pasta \u00e8 tra i cibi pi\u00f9 apprezzati del nostro pianeta. Anche quest\u2019anno il 25 ottobre si celebra il World Pasta Day, la ricorrenza organizzata da Unione Italia Food ed IPO (International Pasta Organisation) dedicata a uno dei piatti simbolo della dieta mediterranea. Ma perch\u00e9 proprio il 25 ottobre? Non vi \u00e8 una motivazione precisa, ma esattamente in questa data del 1995, durante il primo congresso mondiale dei produttori di pasta, nacque l\u2019esigenza di promuoverne il consumo con un\u2019iniziativa dedicata. Di conseguenza, nel 1998 si decise di&#8230; <\/p>","protected":false},"author":2,"featured_media":8675,"comment_status":"open","ping_status":"open","sticky":false,"template":"","format":"standard","meta":{"_monsterinsights_skip_tracking":false,"_monsterinsights_sitenote_active":false,"_monsterinsights_sitenote_note":"","_monsterinsights_sitenote_category":0,"footnotes":""},"categories":[5],"tags":[],"class_list":["post-8669","post","type-post","status-publish","format-standard","has-post-thumbnail","hentry","category-italia-nel-mondo"],"yoast_head":"<!-- This site is optimized with the Yoast SEO Premium plugin v18.4 (Yoast SEO v25.6) - https:\/\/yoast.com\/wordpress\/plugins\/seo\/ -->\n<title>La Giornata mondiale della pasta 2022 si celebra con un record<\/title>\n<meta name=\"description\" content=\"Anche quest\u2019anno il 25 ottobre si celebra il World Pasta Day, ricorrenza organizzata da Unione Italia Food ed IPO.\" \/>\n<meta name=\"robots\" content=\"index, follow, max-snippet:-1, max-image-preview:large, max-video-preview:-1\" \/>\n<link rel=\"canonical\" href=\"https:\/\/puntodincontro.mx\/es\/2022\/10\/24\/la-giornata-mondiale-della-pasta-2022-si-celebra-con-un-record\/\" \/>\n<meta property=\"og:locale\" content=\"es_MX\" \/>\n<meta property=\"og:type\" content=\"article\" \/>\n<meta property=\"og:title\" content=\"La Giornata mondiale della pasta 2022 si celebra con un record\" \/>\n<meta property=\"og:description\" content=\"Anche quest\u2019anno il 25 ottobre si celebra il World Pasta Day, ricorrenza organizzata da Unione Italia Food ed IPO.\" \/>\n<meta property=\"og:url\" content=\"https:\/\/puntodincontro.mx\/es\/2022\/10\/24\/la-giornata-mondiale-della-pasta-2022-si-celebra-con-un-record\/\" \/>\n<meta property=\"og:site_name\" content=\"Puntodincontro\" \/>\n<meta property=\"article:publisher\" content=\"https:\/\/www.facebook.com\/puntodincontro.mx\" \/>\n<meta property=\"article:published_time\" content=\"2022-10-24T20:20:21+00:00\" \/>\n<meta property=\"article:modified_time\" content=\"2022-10-24T20:20:22+00:00\" \/>\n<meta property=\"og:image\" content=\"https:\/\/puntodincontro.mx\/wp-content\/uploads\/2022\/10\/giornatamondialedellapastacomp.jpg\" \/>\n\t<meta property=\"og:image:width\" content=\"932\" \/>\n\t<meta property=\"og:image:height\" content=\"488\" \/>\n\t<meta property=\"og:image:type\" content=\"image\/jpeg\" \/>\n<meta name=\"author\" content=\"Puntodincontro\" \/>\n<meta name=\"twitter:card\" content=\"summary_large_image\" \/>\n<meta name=\"twitter:creator\" content=\"@puntodincontro\" \/>\n<meta name=\"twitter:site\" content=\"@puntodincontro\" \/>\n<meta name=\"twitter:label1\" content=\"Escrito por\" \/>\n\t<meta name=\"twitter:data1\" content=\"Puntodincontro\" \/>\n\t<meta name=\"twitter:label2\" content=\"Tiempo de lectura\" \/>\n\t<meta name=\"twitter:data2\" content=\"3 minutos\" \/>\n<script type=\"application\/ld+json\" class=\"yoast-schema-graph\">{\"@context\":\"https:\/\/schema.org\",\"@graph\":[{\"@type\":\"NewsArticle\",\"@id\":\"https:\/\/puntodincontro.mx\/2022\/10\/24\/la-giornata-mondiale-della-pasta-2022-si-celebra-con-un-record\/#article\",\"isPartOf\":{\"@id\":\"https:\/\/puntodincontro.mx\/2022\/10\/24\/la-giornata-mondiale-della-pasta-2022-si-celebra-con-un-record\/\"},\"author\":{\"name\":\"Puntodincontro\",\"@id\":\"https:\/\/puntodincontro.mx\/#\/schema\/person\/d3066d18a16259cbb0c29b0d0e93b556\"},\"headline\":\"La Giornata mondiale della pasta 2022 si celebra con un record\",\"datePublished\":\"2022-10-24T20:20:21+00:00\",\"dateModified\":\"2022-10-24T20:20:22+00:00\",\"mainEntityOfPage\":{\"@id\":\"https:\/\/puntodincontro.mx\/2022\/10\/24\/la-giornata-mondiale-della-pasta-2022-si-celebra-con-un-record\/\"},\"wordCount\":675,\"commentCount\":0,\"publisher\":{\"@id\":\"https:\/\/puntodincontro.mx\/#organization\"},\"image\":{\"@id\":\"https:\/\/puntodincontro.mx\/2022\/10\/24\/la-giornata-mondiale-della-pasta-2022-si-celebra-con-un-record\/#primaryimage\"},\"thumbnailUrl\":\"https:\/\/puntodincontro.mx\/wp-content\/uploads\/2022\/10\/giornatamondialedellapastavert.webp\",\"articleSection\":[\"Italia nel mondo\"],\"inLanguage\":\"es\",\"potentialAction\":[{\"@type\":\"CommentAction\",\"name\":\"Comment\",\"target\":[\"https:\/\/puntodincontro.mx\/2022\/10\/24\/la-giornata-mondiale-della-pasta-2022-si-celebra-con-un-record\/#respond\"]}]},{\"@type\":\"WebPage\",\"@id\":\"https:\/\/puntodincontro.mx\/2022\/10\/24\/la-giornata-mondiale-della-pasta-2022-si-celebra-con-un-record\/\",\"url\":\"https:\/\/puntodincontro.mx\/2022\/10\/24\/la-giornata-mondiale-della-pasta-2022-si-celebra-con-un-record\/\",\"name\":\"La Giornata mondiale della pasta 2022 si celebra con un record\",\"isPartOf\":{\"@id\":\"https:\/\/puntodincontro.mx\/#website\"},\"primaryImageOfPage\":{\"@id\":\"https:\/\/puntodincontro.mx\/2022\/10\/24\/la-giornata-mondiale-della-pasta-2022-si-celebra-con-un-record\/#primaryimage\"},\"image\":{\"@id\":\"https:\/\/puntodincontro.mx\/2022\/10\/24\/la-giornata-mondiale-della-pasta-2022-si-celebra-con-un-record\/#primaryimage\"},\"thumbnailUrl\":\"https:\/\/puntodincontro.mx\/wp-content\/uploads\/2022\/10\/giornatamondialedellapastavert.webp\",\"datePublished\":\"2022-10-24T20:20:21+00:00\",\"dateModified\":\"2022-10-24T20:20:22+00:00\",\"description\":\"Anche quest\u2019anno il 25 ottobre si celebra il World Pasta Day, ricorrenza organizzata da Unione Italia Food ed IPO.\",\"breadcrumb\":{\"@id\":\"https:\/\/puntodincontro.mx\/2022\/10\/24\/la-giornata-mondiale-della-pasta-2022-si-celebra-con-un-record\/#breadcrumb\"},\"inLanguage\":\"es\",\"potentialAction\":[{\"@type\":\"ReadAction\",\"target\":[\"https:\/\/puntodincontro.mx\/2022\/10\/24\/la-giornata-mondiale-della-pasta-2022-si-celebra-con-un-record\/\"]}]},{\"@type\":\"ImageObject\",\"inLanguage\":\"es\",\"@id\":\"https:\/\/puntodincontro.mx\/2022\/10\/24\/la-giornata-mondiale-della-pasta-2022-si-celebra-con-un-record\/#primaryimage\",\"url\":\"https:\/\/puntodincontro.mx\/wp-content\/uploads\/2022\/10\/giornatamondialedellapastavert.webp\",\"contentUrl\":\"https:\/\/puntodincontro.mx\/wp-content\/uploads\/2022\/10\/giornatamondialedellapastavert.webp\",\"width\":423,\"height\":488,\"caption\":\"La Giornata mondiale della pasta 2022 si celebra con un record\"},{\"@type\":\"BreadcrumbList\",\"@id\":\"https:\/\/puntodincontro.mx\/2022\/10\/24\/la-giornata-mondiale-della-pasta-2022-si-celebra-con-un-record\/#breadcrumb\",\"itemListElement\":[{\"@type\":\"ListItem\",\"position\":1,\"name\":\"Home\",\"item\":\"https:\/\/puntodincontro.mx\/\"},{\"@type\":\"ListItem\",\"position\":2,\"name\":\"La Giornata mondiale della pasta 2022 si celebra con un record\"}]},{\"@type\":\"WebSite\",\"@id\":\"https:\/\/puntodincontro.mx\/#website\",\"url\":\"https:\/\/puntodincontro.mx\/\",\"name\":\"Puntodincontro\",\"description\":\"Dal 2006 notizie sui rapporti Italia-Messico \/ Desde 2006 noticias sobre las relaciones entre Italia y M\u00e9xico\",\"publisher\":{\"@id\":\"https:\/\/puntodincontro.mx\/#organization\"},\"potentialAction\":[{\"@type\":\"SearchAction\",\"target\":{\"@type\":\"EntryPoint\",\"urlTemplate\":\"https:\/\/puntodincontro.mx\/?s={search_term_string}\"},\"query-input\":{\"@type\":\"PropertyValueSpecification\",\"valueRequired\":true,\"valueName\":\"search_term_string\"}}],\"inLanguage\":\"es\"},{\"@type\":\"Organization\",\"@id\":\"https:\/\/puntodincontro.mx\/#organization\",\"name\":\"Puntodincontro\",\"url\":\"https:\/\/puntodincontro.mx\/\",\"logo\":{\"@type\":\"ImageObject\",\"inLanguage\":\"es\",\"@id\":\"https:\/\/puntodincontro.mx\/#\/schema\/logo\/image\/\",\"url\":\"https:\/\/puntodincontro.mx\/wp-content\/uploads\/2021\/08\/Default-image-for-open-graph-settings.jpg\",\"contentUrl\":\"https:\/\/puntodincontro.mx\/wp-content\/uploads\/2021\/08\/Default-image-for-open-graph-settings.jpg\",\"width\":1200,\"height\":630,\"caption\":\"Puntodincontro\"},\"image\":{\"@id\":\"https:\/\/puntodincontro.mx\/#\/schema\/logo\/image\/\"},\"sameAs\":[\"https:\/\/www.facebook.com\/puntodincontro.mx\",\"https:\/\/x.com\/puntodincontro\",\"https:\/\/www.instagram.com\/puntodincontro.mx\/\",\"https:\/\/www.linkedin.com\/company\/puntodincontro\/\",\"https:\/\/www.youtube.com\/c\/puntodincontromessico\",\"https:\/\/www.patreon.com\/puntodincontro\",\"https:\/\/www.threads.net\/@puntodincontro.mx\"]},{\"@type\":\"Person\",\"@id\":\"https:\/\/puntodincontro.mx\/#\/schema\/person\/d3066d18a16259cbb0c29b0d0e93b556\",\"name\":\"Puntodincontro\",\"image\":{\"@type\":\"ImageObject\",\"inLanguage\":\"es\",\"@id\":\"https:\/\/puntodincontro.mx\/#\/schema\/person\/image\/\",\"url\":\"https:\/\/secure.gravatar.com\/avatar\/0e85b4b3b5e9d6bfcec6a4956d8cc63a?s=96&d=mm&r=g\",\"contentUrl\":\"https:\/\/secure.gravatar.com\/avatar\/0e85b4b3b5e9d6bfcec6a4956d8cc63a?s=96&d=mm&r=g\",\"caption\":\"Puntodincontro\"},\"url\":\"https:\/\/puntodincontro.mx\/es\/author\/puntodincontro\/\"}]}<\/script>\n<!-- \/ Yoast SEO Premium plugin. -->","yoast_head_json":{"title":"El D\u00eda Mundial de la Pasta 2022 se celebra con un r\u00e9cord","description":"Tambi\u00e9n este a\u00f1o el 25 de octubre se celebra el D\u00eda Mundial de la Pasta, recurrencia organizada por Unione Italia Food e IPO.","robots":{"index":"index","follow":"follow","max-snippet":"max-snippet:-1","max-image-preview":"max-image-preview:large","max-video-preview":"max-video-preview:-1"},"canonical":"https:\/\/puntodincontro.mx\/es\/2022\/10\/24\/la-giornata-mondiale-della-pasta-2022-si-celebra-con-un-record\/","og_locale":"es_MX","og_type":"article","og_title":"La Giornata mondiale della pasta 2022 si celebra con un record","og_description":"Anche quest\u2019anno il 25 ottobre si celebra il World Pasta Day, ricorrenza organizzata da Unione Italia Food ed IPO.","og_url":"https:\/\/puntodincontro.mx\/es\/2022\/10\/24\/la-giornata-mondiale-della-pasta-2022-si-celebra-con-un-record\/","og_site_name":"Puntodincontro","article_publisher":"https:\/\/www.facebook.com\/puntodincontro.mx","article_published_time":"2022-10-24T20:20:21+00:00","article_modified_time":"2022-10-24T20:20:22+00:00","og_image":[{"width":932,"height":488,"url":"https:\/\/puntodincontro.mx\/wp-content\/uploads\/2022\/10\/giornatamondialedellapastacomp.jpg","type":"image\/jpeg"}],"author":"Puntodincontro","twitter_card":"summary_large_image","twitter_creator":"@puntodincontro","twitter_site":"@puntodincontro","twitter_misc":{"Escrito por":"Puntodincontro","Tiempo de lectura":"3 minutos"},"schema":{"@context":"https:\/\/schema.org","@graph":[{"@type":"NewsArticle","@id":"https:\/\/puntodincontro.mx\/2022\/10\/24\/la-giornata-mondiale-della-pasta-2022-si-celebra-con-un-record\/#article","isPartOf":{"@id":"https:\/\/puntodincontro.mx\/2022\/10\/24\/la-giornata-mondiale-della-pasta-2022-si-celebra-con-un-record\/"},"author":{"name":"Puntodincontro","@id":"https:\/\/puntodincontro.mx\/#\/schema\/person\/d3066d18a16259cbb0c29b0d0e93b556"},"headline":"La Giornata mondiale della pasta 2022 si celebra con un record","datePublished":"2022-10-24T20:20:21+00:00","dateModified":"2022-10-24T20:20:22+00:00","mainEntityOfPage":{"@id":"https:\/\/puntodincontro.mx\/2022\/10\/24\/la-giornata-mondiale-della-pasta-2022-si-celebra-con-un-record\/"},"wordCount":675,"commentCount":0,"publisher":{"@id":"https:\/\/puntodincontro.mx\/#organization"},"image":{"@id":"https:\/\/puntodincontro.mx\/2022\/10\/24\/la-giornata-mondiale-della-pasta-2022-si-celebra-con-un-record\/#primaryimage"},"thumbnailUrl":"https:\/\/puntodincontro.mx\/wp-content\/uploads\/2022\/10\/giornatamondialedellapastavert.webp","articleSection":["Italia nel mondo"],"inLanguage":"es","potentialAction":[{"@type":"CommentAction","name":"Comment","target":["https:\/\/puntodincontro.mx\/2022\/10\/24\/la-giornata-mondiale-della-pasta-2022-si-celebra-con-un-record\/#respond"]}]},{"@type":"WebPage","@id":"https:\/\/puntodincontro.mx\/2022\/10\/24\/la-giornata-mondiale-della-pasta-2022-si-celebra-con-un-record\/","url":"https:\/\/puntodincontro.mx\/2022\/10\/24\/la-giornata-mondiale-della-pasta-2022-si-celebra-con-un-record\/","name":"El D\u00eda Mundial de la Pasta 2022 se celebra con un r\u00e9cord","isPartOf":{"@id":"https:\/\/puntodincontro.mx\/#website"},"primaryImageOfPage":{"@id":"https:\/\/puntodincontro.mx\/2022\/10\/24\/la-giornata-mondiale-della-pasta-2022-si-celebra-con-un-record\/#primaryimage"},"image":{"@id":"https:\/\/puntodincontro.mx\/2022\/10\/24\/la-giornata-mondiale-della-pasta-2022-si-celebra-con-un-record\/#primaryimage"},"thumbnailUrl":"https:\/\/puntodincontro.mx\/wp-content\/uploads\/2022\/10\/giornatamondialedellapastavert.webp","datePublished":"2022-10-24T20:20:21+00:00","dateModified":"2022-10-24T20:20:22+00:00","description":"Tambi\u00e9n este a\u00f1o el 25 de octubre se celebra el D\u00eda Mundial de la Pasta, recurrencia organizada por Unione Italia Food e IPO.","breadcrumb":{"@id":"https:\/\/puntodincontro.mx\/2022\/10\/24\/la-giornata-mondiale-della-pasta-2022-si-celebra-con-un-record\/#breadcrumb"},"inLanguage":"es","potentialAction":[{"@type":"ReadAction","target":["https:\/\/puntodincontro.mx\/2022\/10\/24\/la-giornata-mondiale-della-pasta-2022-si-celebra-con-un-record\/"]}]},{"@type":"ImageObject","inLanguage":"es","@id":"https:\/\/puntodincontro.mx\/2022\/10\/24\/la-giornata-mondiale-della-pasta-2022-si-celebra-con-un-record\/#primaryimage","url":"https:\/\/puntodincontro.mx\/wp-content\/uploads\/2022\/10\/giornatamondialedellapastavert.webp","contentUrl":"https:\/\/puntodincontro.mx\/wp-content\/uploads\/2022\/10\/giornatamondialedellapastavert.webp","width":423,"height":488,"caption":"La Giornata mondiale della pasta 2022 si celebra con un record"},{"@type":"BreadcrumbList","@id":"https:\/\/puntodincontro.mx\/2022\/10\/24\/la-giornata-mondiale-della-pasta-2022-si-celebra-con-un-record\/#breadcrumb","itemListElement":[{"@type":"ListItem","position":1,"name":"Home","item":"https:\/\/puntodincontro.mx\/"},{"@type":"ListItem","position":2,"name":"La Giornata mondiale della pasta 2022 si celebra con un record"}]},{"@type":"WebSite","@id":"https:\/\/puntodincontro.mx\/#website","url":"https:\/\/puntodincontro.mx\/","name":"Puntodincontro","description":"Desde el 2006 noticias sobre las relaciones entre Italia y M\u00e9xico \/ Dal 2006 notizie sui rapporti Italia-Messico","publisher":{"@id":"https:\/\/puntodincontro.mx\/#organization"},"potentialAction":[{"@type":"SearchAction","target":{"@type":"EntryPoint","urlTemplate":"https:\/\/puntodincontro.mx\/?s={search_term_string}"},"query-input":{"@type":"PropertyValueSpecification","valueRequired":true,"valueName":"search_term_string"}}],"inLanguage":"es"},{"@type":"Organization","@id":"https:\/\/puntodincontro.mx\/#organization","name":"Puntodincontro","url":"https:\/\/puntodincontro.mx\/","logo":{"@type":"ImageObject","inLanguage":"es","@id":"https:\/\/puntodincontro.mx\/#\/schema\/logo\/image\/","url":"https:\/\/puntodincontro.mx\/wp-content\/uploads\/2021\/08\/Default-image-for-open-graph-settings.jpg","contentUrl":"https:\/\/puntodincontro.mx\/wp-content\/uploads\/2021\/08\/Default-image-for-open-graph-settings.jpg","width":1200,"height":630,"caption":"Puntodincontro"},"image":{"@id":"https:\/\/puntodincontro.mx\/#\/schema\/logo\/image\/"},"sameAs":["https:\/\/www.facebook.com\/puntodincontro.mx","https:\/\/x.com\/puntodincontro","https:\/\/www.instagram.com\/puntodincontro.mx\/","https:\/\/www.linkedin.com\/company\/puntodincontro\/","https:\/\/www.youtube.com\/c\/puntodincontromessico","https:\/\/www.patreon.com\/puntodincontro","https:\/\/www.threads.net\/@puntodincontro.mx"]},{"@type":"Person","@id":"https:\/\/puntodincontro.mx\/#\/schema\/person\/d3066d18a16259cbb0c29b0d0e93b556","name":"Puntodincontro","image":{"@type":"ImageObject","inLanguage":"es","@id":"https:\/\/puntodincontro.mx\/#\/schema\/person\/image\/","url":"https:\/\/secure.gravatar.com\/avatar\/0e85b4b3b5e9d6bfcec6a4956d8cc63a?s=96&d=mm&r=g","contentUrl":"https:\/\/secure.gravatar.com\/avatar\/0e85b4b3b5e9d6bfcec6a4956d8cc63a?s=96&d=mm&r=g","caption":"Puntodincontro"},"url":"https:\/\/puntodincontro.mx\/es\/author\/puntodincontro\/"}]}},"_links":{"self":[{"href":"https:\/\/puntodincontro.mx\/es\/wp-json\/wp\/v2\/posts\/8669"}],"collection":[{"href":"https:\/\/puntodincontro.mx\/es\/wp-json\/wp\/v2\/posts"}],"about":[{"href":"https:\/\/puntodincontro.mx\/es\/wp-json\/wp\/v2\/types\/post"}],"author":[{"embeddable":true,"href":"https:\/\/puntodincontro.mx\/es\/wp-json\/wp\/v2\/users\/2"}],"replies":[{"embeddable":true,"href":"https:\/\/puntodincontro.mx\/es\/wp-json\/wp\/v2\/comments?post=8669"}],"version-history":[{"count":6,"href":"https:\/\/puntodincontro.mx\/es\/wp-json\/wp\/v2\/posts\/8669\/revisions"}],"predecessor-version":[{"id":8678,"href":"https:\/\/puntodincontro.mx\/es\/wp-json\/wp\/v2\/posts\/8669\/revisions\/8678"}],"wp:featuredmedia":[{"embeddable":true,"href":"https:\/\/puntodincontro.mx\/es\/wp-json\/wp\/v2\/media\/8675"}],"wp:attachment":[{"href":"https:\/\/puntodincontro.mx\/es\/wp-json\/wp\/v2\/media?parent=8669"}],"wp:term":[{"taxonomy":"category","embeddable":true,"href":"https:\/\/puntodincontro.mx\/es\/wp-json\/wp\/v2\/categories?post=8669"},{"taxonomy":"post_tag","embeddable":true,"href":"https:\/\/puntodincontro.mx\/es\/wp-json\/wp\/v2\/tags?post=8669"}],"curies":[{"name":"wp","href":"https:\/\/api.w.org\/{rel}","templated":true}]}}