{"id":8747,"date":"2022-10-26T18:50:23","date_gmt":"2022-10-26T23:50:23","guid":{"rendered":"https:\/\/puntodincontro.mx\/?p=8747"},"modified":"2022-10-26T18:50:25","modified_gmt":"2022-10-26T23:50:25","slug":"colirio-italiano-post-catarata-tambien-en-mexico","status":"publish","type":"post","link":"https:\/\/puntodincontro.mx\/es\/2022\/10\/26\/collirio-italiano-post-cataratta-anche-in-messico\/","title":{"rendered":"Colirio italiano post catarata tambi\u00e9n en M\u00e9xico"},"content":{"rendered":"<p class=\"translation-block\"><strong>18:27 hrs.<\/strong> - Qued\u00f3 registrada tambi\u00e9n en M\u00e9xico y en el Sudeste Asi\u00e1tico \u2014Tailandia, Singapur, Filipinas y Hong Kong\u2014 la primera combinaci\u00f3n fija en colirio de un antibi\u00f3tico de quinolona (levofloxacino) y un antiinflamatorio esteroideo (dexametasona) que reduce el tiempo de administraci\u00f3n del antibi\u00f3tico de 14 a 7 d\u00edas para la prevenci\u00f3n de infecciones y la prevenci\u00f3n y control de la inflamaci\u00f3n asociada a la cirug\u00eda de cataratas en adultos.<\/p>\n\n\n\n<p class=\"translation-block\">El colirio, desarrollado con el apoyo de oftalm\u00f3logos italianos, como se afirma en una nota publicada hoy por NTC Srl \u2014empresa milanesa especializada en investigaci\u00f3n y desarrollo de <a href=\"https:\/\/puntodincontro.mx\/es\/category\/salute-e-benessere\/\" target=\"_blank\" rel=\"noreferrer noopener\">productos farmac\u00e9uticos<\/a>\u2014 representa una soluci\u00f3n terap\u00e9utica innovadora registrada en m\u00e1s de 40 naciones en todo el mundo y para cuya comercializaci\u00f3n se han concedido derechos en m\u00e1s de 80 pa\u00edses.<\/p>\n\n\n\n<p class=\"translation-block\">En M\u00e9xico, los derechos de licencia y distribuci\u00f3n fueron concedidos a <a href=\"https:\/\/laboratoriosgrin.com\/\" target=\"_blank\" rel=\"noreferrer noopener\">Laboratorios Grin<\/a> S.A. de C.V, una filial de propiedad \u00fanica de Lupin, centrada en el desarrollo, fabricaci\u00f3n y distribuci\u00f3n de medicamentos de clase mundial y l\u00edder en el segmento oftalmol\u00f3gico.<\/p>\n\n\n\n<p class=\"translation-block\">\u00abLa eficacia de este colirio qued\u00f3 demostrada con el estudio <em> Leader7<\/em>, que demostr\u00f3 que el uso de levofloxacino\/dexametasona, 4 gotas al d\u00eda durante 7 d\u00edas, posiblemente complementado, seg\u00fan la opini\u00f3n del m\u00e9dico, con dexametasona sola, durante 7 d\u00edas m\u00e1s, es una nueva referencia para nosotros los cl\u00ednicos en el tratamiento de cataratas\u00bb, comenta el coordinador del estudio, Francesco Bandello, director de la Unidad de Oftalmolog\u00eda del Hospital San Raffaele de Mil\u00e1n. \u00abEste es\u00bb \u2014a\u00f1ade\u2014 \u00abun gran avance en el tratamiento post cataratas, ya que ahora los pacientes pueden disponer de un \u00fanico colirio que combate la aparici\u00f3n de infecciones y controla la inflamaci\u00f3n y que, sobre todo, reduce a la mitad el tiempo de exposici\u00f3n a los antibi\u00f3ticos\u00bb.<\/p>\n\n\n\n<p>Al respecto, Antonio Marino, director de Oftalmolog\u00eda de la UOC de Oftalmolog\u00eda del Hospital Garibaldi de Catania, explica: \u00abUsar el antibi\u00f3tico por menos tiempo es un hito importante en la lucha contra la resistencia a los antibi\u00f3ticos, un fen\u00f3meno lamentablemente muy frecuente sobre todo en oftalmolog\u00eda, donde tenemos poca disponibilidad y terapias obsoletas\u00bb.<\/p>\n\n\n\n<p>\u00abEn este contexto\u00bb \u2014contin\u00faa\u2014 \u00abla nueva combinaci\u00f3n fija representa un paso adelante en el manejo posquir\u00fargico de la catarata. La reducci\u00f3n del tiempo de tratamiento de 14 a 7 d\u00edas garantiza tanto una mejor adherencia terap\u00e9utica por parte de los pacientes, que en su mayor\u00eda son ancianos, como al mismo tiempo\u00bb una reducci\u00f3n \u00abde la probabilidad de que se manifiesten resistencias\u00bb.<\/p>\n\n\n\n<p>\u00abNTC siempre ha sido muy activa en la lucha contra la resistencia a los antibi\u00f3ticos y estamos contentos con la continua expansi\u00f3n internacional de este producto\u00bb, dice Riccardo Carbucicchio, CEO de la compa\u00f1\u00eda italiana. \u00abVer un producto dise\u00f1ado y desarrollado en Italia alcanzar una expansi\u00f3n casi global es motivo de gran orgullo para nosotros. Esperamos que gracias a este resultado\u00bb \u2014concluye\u2014 \u00ablas personas que se someten a una operaci\u00f3n de cataratas puedan beneficiarse de este innovador f\u00e1rmaco en cada vez m\u00e1s zonas del mundo\u00bb.<\/p>\n\n\n\n<div style=\"height:12px\" aria-hidden=\"true\" class=\"wp-block-spacer\"><\/div>\n\n\n<!-- Ad space powered by WP AdCenter v2.5.7 - https:\/\/wpadcenter.com\/ --><div class=\"wpadcenter-adgroup\" ><div class=\"wpadcenter-adgroup__row wpadcenter-aligncenter\"><div class=\"wpadcenter-ad-container\" ><div id=\"wpadcenter-ad-18464\" class=\"ad-placement\"><div class=\"wpadcenter-ad-inner\" ><a id=\"wpadcenter_ad\" data-value=\"18464\" data-placement=\"\" href=\"https:\/\/www.productosremo.com\/\" target=\"_blank\" class=\"wpadcenter-ad-inner__item\" ><img decoding=\"async\"   src=\"https:\/\/puntodincontro.mx\/wp-content\/uploads\/2021\/08\/remobanner.jpg\" class=\"attachment-post-thumbnail size-post-thumbnail wp-post-image\" alt=\"\" srcset=\"https:\/\/puntodincontro.mx\/wp-content\/uploads\/2021\/08\/remobanner.jpg 200w, https:\/\/puntodincontro.mx\/wp-content\/uploads\/2021\/08\/remobanner-16x5.jpg 16w\" sizes=\"(max-width: 200px) 100vw, 200px\" \/><\/a><\/div><\/div><\/div><div class=\"wpadcenter-ad-container\" ><div id=\"wpadcenter-ad-5305\" class=\"ad-placement\"><div class=\"wpadcenter-ad-inner\" ><a id=\"wpadcenter_ad\" data-value=\"5305\" data-placement=\"\" href=\"https:\/\/faitalia.com.mx\/\" target=\"_blank\" class=\"wpadcenter-ad-inner__item\" ><img decoding=\"async\"   src=\"https:\/\/puntodincontro.mx\/wp-content\/uploads\/2022\/05\/gruppodino.jpg\" class=\"attachment-post-thumbnail size-post-thumbnail wp-post-image\" alt=\"\" srcset=\"https:\/\/puntodincontro.mx\/wp-content\/uploads\/2022\/05\/gruppodino.jpg 200w, https:\/\/puntodincontro.mx\/wp-content\/uploads\/2022\/05\/gruppodino-18x5.jpg 18w\" sizes=\"(max-width: 200px) 100vw, 200px\" \/><\/a><\/div><\/div><\/div><div class=\"wpadcenter-ad-container\" ><div id=\"wpadcenter-ad-3781\" class=\"ad-placement\"><div class=\"wpadcenter-ad-inner\" ><a id=\"wpadcenter_ad\" data-value=\"3781\" data-placement=\"\" href=\"https:\/\/cannizzo.com.mx\/\" target=\"_blank\" class=\"wpadcenter-ad-inner__item\" ><img decoding=\"async\"   src=\"https:\/\/puntodincontro.mx\/wp-content\/uploads\/2022\/03\/cannizzo2.jpg\" class=\"attachment-post-thumbnail size-post-thumbnail wp-post-image\" alt=\"\" srcset=\"https:\/\/puntodincontro.mx\/wp-content\/uploads\/2022\/03\/cannizzo2.jpg 200w, https:\/\/puntodincontro.mx\/wp-content\/uploads\/2022\/03\/cannizzo2-18x5.jpg 18w\" sizes=\"(max-width: 200px) 100vw, 200px\" \/><\/a><\/div><\/div><\/div><\/div><div class=\"wpadcenter-adgroup__row wpadcenter-aligncenter\"><div class=\"wpadcenter-ad-container\" ><div id=\"wpadcenter-ad-1704\" class=\"ad-placement\"><div class=\"wpadcenter-ad-inner\" ><a id=\"wpadcenter_ad\" data-value=\"1704\" data-placement=\"\" href=\"https:\/\/puntodincontro.mx\/es\/2021\/12\/24\/inps-verificacion-de-supervivencia-de-los-pensionados-en-el-extranjero\/\" target=\"_blank\" class=\"wpadcenter-ad-inner__item\" ><img decoding=\"async\"   src=\"https:\/\/puntodincontro.mx\/wp-content\/uploads\/2021\/11\/logo-ital.jpg\" class=\"attachment-post-thumbnail size-post-thumbnail wp-post-image\" alt=\"Patronato ITAL Messico\" srcset=\"https:\/\/puntodincontro.mx\/wp-content\/uploads\/2021\/11\/logo-ital.jpg 200w, https:\/\/puntodincontro.mx\/wp-content\/uploads\/2021\/11\/logo-ital-16x5.jpg 16w\" sizes=\"(max-width: 200px) 100vw, 200px\" \/><\/a><\/div><\/div><\/div><div class=\"wpadcenter-ad-container\" ><div id=\"wpadcenter-ad-1538\" class=\"ad-placement\"><div class=\"wpadcenter-ad-inner\" ><a id=\"wpadcenter_ad\" data-value=\"1538\" data-placement=\"\" href=\"https:\/\/asociacionitaliana.org\/\" target=\"_blank\" class=\"wpadcenter-ad-inner__item\" ><img decoding=\"async\"   src=\"https:\/\/puntodincontro.mx\/wp-content\/uploads\/2021\/11\/aialogo.jpg\" class=\"attachment-post-thumbnail size-post-thumbnail wp-post-image\" alt=\"Associazione Italiana di Assistenza IAP\" srcset=\"https:\/\/puntodincontro.mx\/wp-content\/uploads\/2021\/11\/aialogo.jpg 200w, https:\/\/puntodincontro.mx\/wp-content\/uploads\/2021\/11\/aialogo-18x5.jpg 18w\" sizes=\"(max-width: 200px) 100vw, 200px\" \/><\/a><\/div><\/div><\/div><div class=\"wpadcenter-ad-container\" ><div id=\"wpadcenter-ad-1513\" class=\"ad-placement\"><div class=\"wpadcenter-ad-inner\" ><a id=\"wpadcenter_ad\" data-value=\"1513\" data-placement=\"\" href=\"https:\/\/gcinmuebles.mx\" target=\"_blank\" class=\"wpadcenter-ad-inner__item\" ><img decoding=\"async\"   src=\"https:\/\/puntodincontro.mx\/wp-content\/uploads\/2021\/10\/gcinmuebleslogopunto-1.jpg\" class=\"attachment-post-thumbnail size-post-thumbnail wp-post-image\" alt=\"\" srcset=\"https:\/\/puntodincontro.mx\/wp-content\/uploads\/2021\/10\/gcinmuebleslogopunto-1.jpg 200w, https:\/\/puntodincontro.mx\/wp-content\/uploads\/2021\/10\/gcinmuebleslogopunto-1-18x5.jpg 18w\" sizes=\"(max-width: 200px) 100vw, 200px\" \/><\/a><\/div><\/div><\/div><\/div><div class=\"wpadcenter-adgroup__row wpadcenter-aligncenter\"><div class=\"wpadcenter-ad-container\" ><div id=\"wpadcenter-ad-1374\" class=\"ad-placement\"><div class=\"wpadcenter-ad-inner\" ><a id=\"wpadcenter_ad\" data-value=\"1374\" data-placement=\"\" href=\"https:\/\/www.9colonne.it\/\" target=\"_blank\" class=\"wpadcenter-ad-inner__item\" ><img decoding=\"async\"   src=\"https:\/\/puntodincontro.mx\/wp-content\/uploads\/2021\/10\/Banner9colonne.gif\" class=\"attachment-post-thumbnail size-post-thumbnail wp-post-image\" alt=\"\" \/><\/a><\/div><\/div><\/div><div class=\"wpadcenter-ad-container\" ><div id=\"wpadcenter-ad-276\" class=\"ad-placement\"><div class=\"wpadcenter-ad-inner\" ><a id=\"wpadcenter_ad\" data-value=\"276\" data-placement=\"\" href=\"http:\/\/www.camaraitaliana.mx\/\" target=\"_blank\" class=\"wpadcenter-ad-inner__item\" ><img decoding=\"async\"   src=\"https:\/\/puntodincontro.mx\/wp-content\/uploads\/2021\/08\/ccimnuovo.jpg\" class=\"attachment-post-thumbnail size-post-thumbnail wp-post-image\" alt=\"\" srcset=\"https:\/\/puntodincontro.mx\/wp-content\/uploads\/2021\/08\/ccimnuovo.jpg 200w, https:\/\/puntodincontro.mx\/wp-content\/uploads\/2021\/08\/ccimnuovo-18x5.jpg 18w\" sizes=\"(max-width: 200px) 100vw, 200px\" \/><\/a><\/div><\/div><\/div><div class=\"wpadcenter-ad-container\" ><div id=\"wpadcenter-ad-272\" class=\"ad-placement\"><div class=\"wpadcenter-ad-inner\" ><a id=\"wpadcenter_ad\" data-value=\"272\" data-placement=\"\" href=\"http:\/\/corix.us\/\" target=\"_blank\" class=\"wpadcenter-ad-inner__item\" ><img decoding=\"async\"   src=\"https:\/\/puntodincontro.mx\/wp-content\/uploads\/2021\/08\/corixbanner-1.jpg\" class=\"attachment-post-thumbnail size-post-thumbnail wp-post-image\" alt=\"\" srcset=\"https:\/\/puntodincontro.mx\/wp-content\/uploads\/2021\/08\/corixbanner-1.jpg 200w, https:\/\/puntodincontro.mx\/wp-content\/uploads\/2021\/08\/corixbanner-1-16x5.jpg 16w\" sizes=\"(max-width: 200px) 100vw, 200px\" \/><\/a><\/div><\/div><\/div><\/div><div class=\"wpadcenter-adgroup__row wpadcenter-aligncenter\"><div class=\"wpadcenter-ad-container\" ><div id=\"wpadcenter-ad-266\" class=\"ad-placement\"><div class=\"wpadcenter-ad-inner\" ><a id=\"wpadcenter_ad\" data-value=\"266\" data-placement=\"\" href=\"https:\/\/www.prinsel.com.mx\/\" target=\"_blank\" class=\"wpadcenter-ad-inner__item\" ><img decoding=\"async\"   src=\"https:\/\/puntodincontro.mx\/wp-content\/uploads\/2021\/08\/prinselbanner-1.jpg\" class=\"attachment-post-thumbnail size-post-thumbnail wp-post-image\" alt=\"\" srcset=\"https:\/\/puntodincontro.mx\/wp-content\/uploads\/2021\/08\/prinselbanner-1.jpg 200w, https:\/\/puntodincontro.mx\/wp-content\/uploads\/2021\/08\/prinselbanner-1-16x5.jpg 16w\" sizes=\"(max-width: 200px) 100vw, 200px\" \/><\/a><\/div><\/div><\/div><div class=\"wpadcenter-ad-container\" ><div id=\"wpadcenter-ad-261\" class=\"ad-placement\"><div class=\"wpadcenter-ad-inner\" ><a id=\"wpadcenter_ad\" data-value=\"261\" data-placement=\"\" href=\"https:\/\/ambcittadelmessico.esteri.it\/ambasciata_cittadelmessico\/it\/\" target=\"_blank\" class=\"wpadcenter-ad-inner__item\" ><img decoding=\"async\"   src=\"https:\/\/puntodincontro.mx\/wp-content\/uploads\/2021\/08\/ambasciatabanner-1.jpg\" class=\"attachment-post-thumbnail size-post-thumbnail wp-post-image\" alt=\"\" srcset=\"https:\/\/puntodincontro.mx\/wp-content\/uploads\/2021\/08\/ambasciatabanner-1.jpg 200w, https:\/\/puntodincontro.mx\/wp-content\/uploads\/2021\/08\/ambasciatabanner-1-16x5.jpg 16w\" sizes=\"(max-width: 200px) 100vw, 200px\" \/><\/a><\/div><\/div><\/div><\/div><\/div>\n\n\n<div style=\"height:12px\" aria-hidden=\"true\" class=\"wp-block-spacer\"><\/div>","protected":false},"excerpt":{"rendered":"<p>Ore 18.27 &#8211; \u00c8 stata registrata anche in Messico e nel Sud-Est asiatico \u2014Thailandia, Singapore, Filippine e Hong Kong\u2014 la prima combinazione fissa in collirio di un antibiotico chinolonico (levofloxacina) e un antinfiammatorio steroideo (desametasone) che riduce il tempo di somministrazione dell\u2019antibiotico da 14 a 7 giorni per la prevenzione delle infezioni e la prevenzione e il controllo dell\u2019infiammazione associate all&#8217;intervento di cataratta negli adulti. Il collirio, sviluppato con il supporto degli oculisti italiani \u2014come si legge in una nota diffusa oggi da Ntc Srl, azienda milanese specializzata nella ricerca e sviluppo di prodotti farmaceutici\u2014 rappresenta un&#8217;innovativa soluzione terapeutica registrata&#8230; <\/p>","protected":false},"author":2,"featured_media":8752,"comment_status":"open","ping_status":"open","sticky":false,"template":"","format":"standard","meta":{"_monsterinsights_skip_tracking":false,"_monsterinsights_sitenote_active":false,"_monsterinsights_sitenote_note":"","_monsterinsights_sitenote_category":0,"footnotes":""},"categories":[7],"tags":[],"class_list":["post-8747","post","type-post","status-publish","format-standard","has-post-thumbnail","hentry","category-salute-e-benessere"],"yoast_head":"<!-- This site is optimized with the Yoast SEO Premium plugin v18.4 (Yoast SEO v25.6) - https:\/\/yoast.com\/wordpress\/plugins\/seo\/ -->\n<title>Collirio italiano post cataratta anche in Messico<\/title>\n<meta name=\"description\" content=\"\u00c8 stato registrato anche in Messico un innovatiivo collirio, sviluppato in Italia, per la gestione post-chirurgica delle cataratte.\" \/>\n<meta name=\"robots\" content=\"index, follow, max-snippet:-1, max-image-preview:large, max-video-preview:-1\" \/>\n<link rel=\"canonical\" href=\"https:\/\/puntodincontro.mx\/es\/2022\/10\/26\/colirio-italiano-post-catarata-tambien-en-mexico\/\" \/>\n<meta property=\"og:locale\" content=\"es_MX\" \/>\n<meta property=\"og:type\" content=\"article\" \/>\n<meta property=\"og:title\" content=\"Collirio italiano post cataratta anche in Messico\" \/>\n<meta property=\"og:description\" content=\"\u00c8 stato registrato anche in Messico un innovatiivo collirio, sviluppato in Italia, per la gestione post-chirurgica delle cataratte.\" \/>\n<meta property=\"og:url\" content=\"https:\/\/puntodincontro.mx\/es\/2022\/10\/26\/colirio-italiano-post-catarata-tambien-en-mexico\/\" \/>\n<meta property=\"og:site_name\" content=\"Puntodincontro\" \/>\n<meta property=\"article:publisher\" content=\"https:\/\/www.facebook.com\/puntodincontro.mx\" \/>\n<meta property=\"article:published_time\" content=\"2022-10-26T23:50:23+00:00\" \/>\n<meta property=\"article:modified_time\" content=\"2022-10-26T23:50:25+00:00\" \/>\n<meta property=\"og:image\" content=\"https:\/\/puntodincontro.mx\/wp-content\/uploads\/2022\/10\/occhiocolliriocomp.jpg\" \/>\n\t<meta property=\"og:image:width\" content=\"932\" \/>\n\t<meta property=\"og:image:height\" content=\"488\" \/>\n\t<meta property=\"og:image:type\" content=\"image\/jpeg\" \/>\n<meta name=\"author\" content=\"Puntodincontro\" \/>\n<meta name=\"twitter:card\" content=\"summary_large_image\" \/>\n<meta name=\"twitter:creator\" content=\"@puntodincontro\" \/>\n<meta name=\"twitter:site\" content=\"@puntodincontro\" \/>\n<meta name=\"twitter:label1\" content=\"Escrito por\" \/>\n\t<meta name=\"twitter:data1\" content=\"Puntodincontro\" \/>\n\t<meta name=\"twitter:label2\" content=\"Tiempo de lectura\" \/>\n\t<meta name=\"twitter:data2\" content=\"2 minutos\" \/>\n<script type=\"application\/ld+json\" class=\"yoast-schema-graph\">{\"@context\":\"https:\/\/schema.org\",\"@graph\":[{\"@type\":\"NewsArticle\",\"@id\":\"https:\/\/puntodincontro.mx\/2022\/10\/26\/collirio-italiano-post-cataratta-anche-in-messico\/#article\",\"isPartOf\":{\"@id\":\"https:\/\/puntodincontro.mx\/2022\/10\/26\/collirio-italiano-post-cataratta-anche-in-messico\/\"},\"author\":{\"name\":\"Puntodincontro\",\"@id\":\"https:\/\/puntodincontro.mx\/#\/schema\/person\/d3066d18a16259cbb0c29b0d0e93b556\"},\"headline\":\"Collirio italiano post cataratta anche in Messico\",\"datePublished\":\"2022-10-26T23:50:23+00:00\",\"dateModified\":\"2022-10-26T23:50:25+00:00\",\"mainEntityOfPage\":{\"@id\":\"https:\/\/puntodincontro.mx\/2022\/10\/26\/collirio-italiano-post-cataratta-anche-in-messico\/\"},\"wordCount\":448,\"commentCount\":0,\"publisher\":{\"@id\":\"https:\/\/puntodincontro.mx\/#organization\"},\"image\":{\"@id\":\"https:\/\/puntodincontro.mx\/2022\/10\/26\/collirio-italiano-post-cataratta-anche-in-messico\/#primaryimage\"},\"thumbnailUrl\":\"https:\/\/puntodincontro.mx\/wp-content\/uploads\/2022\/10\/occhiocolliriovert.webp\",\"articleSection\":[\"Salute e benessere\"],\"inLanguage\":\"es\",\"potentialAction\":[{\"@type\":\"CommentAction\",\"name\":\"Comment\",\"target\":[\"https:\/\/puntodincontro.mx\/2022\/10\/26\/collirio-italiano-post-cataratta-anche-in-messico\/#respond\"]}]},{\"@type\":\"WebPage\",\"@id\":\"https:\/\/puntodincontro.mx\/2022\/10\/26\/collirio-italiano-post-cataratta-anche-in-messico\/\",\"url\":\"https:\/\/puntodincontro.mx\/2022\/10\/26\/collirio-italiano-post-cataratta-anche-in-messico\/\",\"name\":\"Collirio italiano post cataratta anche in Messico\",\"isPartOf\":{\"@id\":\"https:\/\/puntodincontro.mx\/#website\"},\"primaryImageOfPage\":{\"@id\":\"https:\/\/puntodincontro.mx\/2022\/10\/26\/collirio-italiano-post-cataratta-anche-in-messico\/#primaryimage\"},\"image\":{\"@id\":\"https:\/\/puntodincontro.mx\/2022\/10\/26\/collirio-italiano-post-cataratta-anche-in-messico\/#primaryimage\"},\"thumbnailUrl\":\"https:\/\/puntodincontro.mx\/wp-content\/uploads\/2022\/10\/occhiocolliriovert.webp\",\"datePublished\":\"2022-10-26T23:50:23+00:00\",\"dateModified\":\"2022-10-26T23:50:25+00:00\",\"description\":\"\u00c8 stato registrato anche in Messico un innovatiivo collirio, sviluppato in Italia, per la gestione post-chirurgica delle cataratte.\",\"breadcrumb\":{\"@id\":\"https:\/\/puntodincontro.mx\/2022\/10\/26\/collirio-italiano-post-cataratta-anche-in-messico\/#breadcrumb\"},\"inLanguage\":\"es\",\"potentialAction\":[{\"@type\":\"ReadAction\",\"target\":[\"https:\/\/puntodincontro.mx\/2022\/10\/26\/collirio-italiano-post-cataratta-anche-in-messico\/\"]}]},{\"@type\":\"ImageObject\",\"inLanguage\":\"es\",\"@id\":\"https:\/\/puntodincontro.mx\/2022\/10\/26\/collirio-italiano-post-cataratta-anche-in-messico\/#primaryimage\",\"url\":\"https:\/\/puntodincontro.mx\/wp-content\/uploads\/2022\/10\/occhiocolliriovert.webp\",\"contentUrl\":\"https:\/\/puntodincontro.mx\/wp-content\/uploads\/2022\/10\/occhiocolliriovert.webp\",\"width\":423,\"height\":488,\"caption\":\"Collirio italiano post cataratta anche in Messico\"},{\"@type\":\"BreadcrumbList\",\"@id\":\"https:\/\/puntodincontro.mx\/2022\/10\/26\/collirio-italiano-post-cataratta-anche-in-messico\/#breadcrumb\",\"itemListElement\":[{\"@type\":\"ListItem\",\"position\":1,\"name\":\"Home\",\"item\":\"https:\/\/puntodincontro.mx\/\"},{\"@type\":\"ListItem\",\"position\":2,\"name\":\"Collirio italiano post cataratta anche in Messico\"}]},{\"@type\":\"WebSite\",\"@id\":\"https:\/\/puntodincontro.mx\/#website\",\"url\":\"https:\/\/puntodincontro.mx\/\",\"name\":\"Puntodincontro\",\"description\":\"Dal 2006 notizie sui rapporti Italia-Messico \/ Desde 2006 noticias sobre las relaciones entre Italia y M\u00e9xico\",\"publisher\":{\"@id\":\"https:\/\/puntodincontro.mx\/#organization\"},\"potentialAction\":[{\"@type\":\"SearchAction\",\"target\":{\"@type\":\"EntryPoint\",\"urlTemplate\":\"https:\/\/puntodincontro.mx\/?s={search_term_string}\"},\"query-input\":{\"@type\":\"PropertyValueSpecification\",\"valueRequired\":true,\"valueName\":\"search_term_string\"}}],\"inLanguage\":\"es\"},{\"@type\":\"Organization\",\"@id\":\"https:\/\/puntodincontro.mx\/#organization\",\"name\":\"Puntodincontro\",\"url\":\"https:\/\/puntodincontro.mx\/\",\"logo\":{\"@type\":\"ImageObject\",\"inLanguage\":\"es\",\"@id\":\"https:\/\/puntodincontro.mx\/#\/schema\/logo\/image\/\",\"url\":\"https:\/\/puntodincontro.mx\/wp-content\/uploads\/2021\/08\/Default-image-for-open-graph-settings.jpg\",\"contentUrl\":\"https:\/\/puntodincontro.mx\/wp-content\/uploads\/2021\/08\/Default-image-for-open-graph-settings.jpg\",\"width\":1200,\"height\":630,\"caption\":\"Puntodincontro\"},\"image\":{\"@id\":\"https:\/\/puntodincontro.mx\/#\/schema\/logo\/image\/\"},\"sameAs\":[\"https:\/\/www.facebook.com\/puntodincontro.mx\",\"https:\/\/x.com\/puntodincontro\",\"https:\/\/www.instagram.com\/puntodincontro.mx\/\",\"https:\/\/www.linkedin.com\/company\/puntodincontro\/\",\"https:\/\/www.youtube.com\/c\/puntodincontromessico\",\"https:\/\/www.patreon.com\/puntodincontro\",\"https:\/\/www.threads.net\/@puntodincontro.mx\"]},{\"@type\":\"Person\",\"@id\":\"https:\/\/puntodincontro.mx\/#\/schema\/person\/d3066d18a16259cbb0c29b0d0e93b556\",\"name\":\"Puntodincontro\",\"image\":{\"@type\":\"ImageObject\",\"inLanguage\":\"es\",\"@id\":\"https:\/\/puntodincontro.mx\/#\/schema\/person\/image\/\",\"url\":\"https:\/\/secure.gravatar.com\/avatar\/0e85b4b3b5e9d6bfcec6a4956d8cc63a?s=96&d=mm&r=g\",\"contentUrl\":\"https:\/\/secure.gravatar.com\/avatar\/0e85b4b3b5e9d6bfcec6a4956d8cc63a?s=96&d=mm&r=g\",\"caption\":\"Puntodincontro\"},\"url\":\"https:\/\/puntodincontro.mx\/es\/author\/puntodincontro\/\"}]}<\/script>\n<!-- \/ Yoast SEO Premium plugin. -->","yoast_head_json":{"title":"Colirio italiano post catarata tambi\u00e9n en M\u00e9xico","description":"Qued\u00f3 registrado tambi\u00e9n en M\u00e9xico un innovador colirio desarrollado en Italia para el manejo posquir\u00fargico de las cataratas.","robots":{"index":"index","follow":"follow","max-snippet":"max-snippet:-1","max-image-preview":"max-image-preview:large","max-video-preview":"max-video-preview:-1"},"canonical":"https:\/\/puntodincontro.mx\/es\/2022\/10\/26\/colirio-italiano-post-catarata-tambien-en-mexico\/","og_locale":"es_MX","og_type":"article","og_title":"Collirio italiano post cataratta anche in Messico","og_description":"\u00c8 stato registrato anche in Messico un innovatiivo collirio, sviluppato in Italia, per la gestione post-chirurgica delle cataratte.","og_url":"https:\/\/puntodincontro.mx\/es\/2022\/10\/26\/colirio-italiano-post-catarata-tambien-en-mexico\/","og_site_name":"Puntodincontro","article_publisher":"https:\/\/www.facebook.com\/puntodincontro.mx","article_published_time":"2022-10-26T23:50:23+00:00","article_modified_time":"2022-10-26T23:50:25+00:00","og_image":[{"width":932,"height":488,"url":"https:\/\/puntodincontro.mx\/wp-content\/uploads\/2022\/10\/occhiocolliriocomp.jpg","type":"image\/jpeg"}],"author":"Puntodincontro","twitter_card":"summary_large_image","twitter_creator":"@puntodincontro","twitter_site":"@puntodincontro","twitter_misc":{"Escrito por":"Puntodincontro","Tiempo de lectura":"2 minutos"},"schema":{"@context":"https:\/\/schema.org","@graph":[{"@type":"NewsArticle","@id":"https:\/\/puntodincontro.mx\/2022\/10\/26\/collirio-italiano-post-cataratta-anche-in-messico\/#article","isPartOf":{"@id":"https:\/\/puntodincontro.mx\/2022\/10\/26\/collirio-italiano-post-cataratta-anche-in-messico\/"},"author":{"name":"Puntodincontro","@id":"https:\/\/puntodincontro.mx\/#\/schema\/person\/d3066d18a16259cbb0c29b0d0e93b556"},"headline":"Collirio italiano post cataratta anche in Messico","datePublished":"2022-10-26T23:50:23+00:00","dateModified":"2022-10-26T23:50:25+00:00","mainEntityOfPage":{"@id":"https:\/\/puntodincontro.mx\/2022\/10\/26\/collirio-italiano-post-cataratta-anche-in-messico\/"},"wordCount":448,"commentCount":0,"publisher":{"@id":"https:\/\/puntodincontro.mx\/#organization"},"image":{"@id":"https:\/\/puntodincontro.mx\/2022\/10\/26\/collirio-italiano-post-cataratta-anche-in-messico\/#primaryimage"},"thumbnailUrl":"https:\/\/puntodincontro.mx\/wp-content\/uploads\/2022\/10\/occhiocolliriovert.webp","articleSection":["Salute e benessere"],"inLanguage":"es","potentialAction":[{"@type":"CommentAction","name":"Comment","target":["https:\/\/puntodincontro.mx\/2022\/10\/26\/collirio-italiano-post-cataratta-anche-in-messico\/#respond"]}]},{"@type":"WebPage","@id":"https:\/\/puntodincontro.mx\/2022\/10\/26\/collirio-italiano-post-cataratta-anche-in-messico\/","url":"https:\/\/puntodincontro.mx\/2022\/10\/26\/collirio-italiano-post-cataratta-anche-in-messico\/","name":"Colirio italiano post catarata tambi\u00e9n en M\u00e9xico","isPartOf":{"@id":"https:\/\/puntodincontro.mx\/#website"},"primaryImageOfPage":{"@id":"https:\/\/puntodincontro.mx\/2022\/10\/26\/collirio-italiano-post-cataratta-anche-in-messico\/#primaryimage"},"image":{"@id":"https:\/\/puntodincontro.mx\/2022\/10\/26\/collirio-italiano-post-cataratta-anche-in-messico\/#primaryimage"},"thumbnailUrl":"https:\/\/puntodincontro.mx\/wp-content\/uploads\/2022\/10\/occhiocolliriovert.webp","datePublished":"2022-10-26T23:50:23+00:00","dateModified":"2022-10-26T23:50:25+00:00","description":"Qued\u00f3 registrado tambi\u00e9n en M\u00e9xico un innovador colirio desarrollado en Italia para el manejo posquir\u00fargico de las cataratas.","breadcrumb":{"@id":"https:\/\/puntodincontro.mx\/2022\/10\/26\/collirio-italiano-post-cataratta-anche-in-messico\/#breadcrumb"},"inLanguage":"es","potentialAction":[{"@type":"ReadAction","target":["https:\/\/puntodincontro.mx\/2022\/10\/26\/collirio-italiano-post-cataratta-anche-in-messico\/"]}]},{"@type":"ImageObject","inLanguage":"es","@id":"https:\/\/puntodincontro.mx\/2022\/10\/26\/collirio-italiano-post-cataratta-anche-in-messico\/#primaryimage","url":"https:\/\/puntodincontro.mx\/wp-content\/uploads\/2022\/10\/occhiocolliriovert.webp","contentUrl":"https:\/\/puntodincontro.mx\/wp-content\/uploads\/2022\/10\/occhiocolliriovert.webp","width":423,"height":488,"caption":"Collirio italiano post cataratta anche in Messico"},{"@type":"BreadcrumbList","@id":"https:\/\/puntodincontro.mx\/2022\/10\/26\/collirio-italiano-post-cataratta-anche-in-messico\/#breadcrumb","itemListElement":[{"@type":"ListItem","position":1,"name":"Home","item":"https:\/\/puntodincontro.mx\/"},{"@type":"ListItem","position":2,"name":"Collirio italiano post cataratta anche in Messico"}]},{"@type":"WebSite","@id":"https:\/\/puntodincontro.mx\/#website","url":"https:\/\/puntodincontro.mx\/","name":"Puntodincontro","description":"Desde el 2006 noticias sobre las relaciones entre Italia y M\u00e9xico \/ Dal 2006 notizie sui rapporti Italia-Messico","publisher":{"@id":"https:\/\/puntodincontro.mx\/#organization"},"potentialAction":[{"@type":"SearchAction","target":{"@type":"EntryPoint","urlTemplate":"https:\/\/puntodincontro.mx\/?s={search_term_string}"},"query-input":{"@type":"PropertyValueSpecification","valueRequired":true,"valueName":"search_term_string"}}],"inLanguage":"es"},{"@type":"Organization","@id":"https:\/\/puntodincontro.mx\/#organization","name":"Puntodincontro","url":"https:\/\/puntodincontro.mx\/","logo":{"@type":"ImageObject","inLanguage":"es","@id":"https:\/\/puntodincontro.mx\/#\/schema\/logo\/image\/","url":"https:\/\/puntodincontro.mx\/wp-content\/uploads\/2021\/08\/Default-image-for-open-graph-settings.jpg","contentUrl":"https:\/\/puntodincontro.mx\/wp-content\/uploads\/2021\/08\/Default-image-for-open-graph-settings.jpg","width":1200,"height":630,"caption":"Puntodincontro"},"image":{"@id":"https:\/\/puntodincontro.mx\/#\/schema\/logo\/image\/"},"sameAs":["https:\/\/www.facebook.com\/puntodincontro.mx","https:\/\/x.com\/puntodincontro","https:\/\/www.instagram.com\/puntodincontro.mx\/","https:\/\/www.linkedin.com\/company\/puntodincontro\/","https:\/\/www.youtube.com\/c\/puntodincontromessico","https:\/\/www.patreon.com\/puntodincontro","https:\/\/www.threads.net\/@puntodincontro.mx"]},{"@type":"Person","@id":"https:\/\/puntodincontro.mx\/#\/schema\/person\/d3066d18a16259cbb0c29b0d0e93b556","name":"Puntodincontro","image":{"@type":"ImageObject","inLanguage":"es","@id":"https:\/\/puntodincontro.mx\/#\/schema\/person\/image\/","url":"https:\/\/secure.gravatar.com\/avatar\/0e85b4b3b5e9d6bfcec6a4956d8cc63a?s=96&d=mm&r=g","contentUrl":"https:\/\/secure.gravatar.com\/avatar\/0e85b4b3b5e9d6bfcec6a4956d8cc63a?s=96&d=mm&r=g","caption":"Puntodincontro"},"url":"https:\/\/puntodincontro.mx\/es\/author\/puntodincontro\/"}]}},"_links":{"self":[{"href":"https:\/\/puntodincontro.mx\/es\/wp-json\/wp\/v2\/posts\/8747"}],"collection":[{"href":"https:\/\/puntodincontro.mx\/es\/wp-json\/wp\/v2\/posts"}],"about":[{"href":"https:\/\/puntodincontro.mx\/es\/wp-json\/wp\/v2\/types\/post"}],"author":[{"embeddable":true,"href":"https:\/\/puntodincontro.mx\/es\/wp-json\/wp\/v2\/users\/2"}],"replies":[{"embeddable":true,"href":"https:\/\/puntodincontro.mx\/es\/wp-json\/wp\/v2\/comments?post=8747"}],"version-history":[{"count":5,"href":"https:\/\/puntodincontro.mx\/es\/wp-json\/wp\/v2\/posts\/8747\/revisions"}],"predecessor-version":[{"id":8755,"href":"https:\/\/puntodincontro.mx\/es\/wp-json\/wp\/v2\/posts\/8747\/revisions\/8755"}],"wp:featuredmedia":[{"embeddable":true,"href":"https:\/\/puntodincontro.mx\/es\/wp-json\/wp\/v2\/media\/8752"}],"wp:attachment":[{"href":"https:\/\/puntodincontro.mx\/es\/wp-json\/wp\/v2\/media?parent=8747"}],"wp:term":[{"taxonomy":"category","embeddable":true,"href":"https:\/\/puntodincontro.mx\/es\/wp-json\/wp\/v2\/categories?post=8747"},{"taxonomy":"post_tag","embeddable":true,"href":"https:\/\/puntodincontro.mx\/es\/wp-json\/wp\/v2\/tags?post=8747"}],"curies":[{"name":"wp","href":"https:\/\/api.w.org\/{rel}","templated":true}]}}