{"id":8979,"date":"2022-11-07T14:45:09","date_gmt":"2022-11-07T20:45:09","guid":{"rendered":"https:\/\/puntodincontro.mx\/?p=8979"},"modified":"2022-11-07T21:16:36","modified_gmt":"2022-11-08T03:16:36","slug":"aeromexico-vuelo-directo-cdmx-roma-desde-marzo-de-2023","status":"publish","type":"post","link":"https:\/\/puntodincontro.mx\/es\/2022\/11\/07\/aeromexico-volo-diretto-citta-del-messico-roma-da-marzo-2023\/","title":{"rendered":"Aerom\u00e9xico: vuelo directo CdMx-Roma a partir de marzo de 2023"},"content":{"rendered":"<p class=\"translation-block\"><strong>13:12 hrs.<\/strong> - Aerom\u00e9xico volar\u00e1 sin escalas entre Roma y la Ciudad de M\u00e9xico a partir del 26 de marzo por primera vez en su historia reciente. Con la incorporaci\u00f3n de este nuevo destino a su red global, la <a href=\"https:\/\/aeromexico.com\/es-mx?gclid=CjwKCAiA9qKbBhAzEiwAS4yeDUc5BKueR2nau3QSfB-yoSf9NWQ6pz7pa_JWQR7a3UsTYJIhe984iRoCSl8QAvD_BwE&amp;gclsrc=aw.ds\" target=\"_blank\">aerol\u00ednea<\/a> operar\u00e1 tres vuelos semanales en esta ruta, que aumentar\u00e1n a cinco antes del 1 de junio. Esto tambi\u00e9n beneficiar\u00e1 a los clientes en ciudades como Mil\u00e1n, Tur\u00edn, G\u00e9nova, Venecia, Florencia, N\u00e1poles, Catania y Bolonia, quienes podr\u00e1n aprovechar conexiones m\u00e1s eficientes para llegar a todo M\u00e9xico y tambi\u00e9n a Centro\/Sudam\u00e9rica y el Caribe.<\/p>\n\n\n\n<p class=\"translation-block\">Con los nuevos vuelos, la oferta de Aerom\u00e9xico para conectar <a href=\"https:\/\/puntodincontro.mx\/es\/2022\/02\/17\/record-en-2022-para-los-vuelos-entre-europa-y-mexico\/\" target=\"_blank\" rel=\"noreferrer noopener\">Europa con M\u00e9xico<\/a> se incrementar\u00e1 en m\u00e1s de un 20% respecto al verano de 2022, operando 54 frecuencias semanales. Esta es la operaci\u00f3n m\u00e1s grande en la historia de la compa\u00f1\u00eda entre los dos territorios, volando el Boeing 787 Dreamliner, uno de los aviones m\u00e1s seguros, modernos, eficientes y amigables con el medio ambiente que existen.<\/p>\n\n\n\n<p>Al respecto, Pasquale Speranza, director comercial de Aerom\u00e9xico para Europa y Asia coment\u00f3: \u00abEstamos encantados de sumar un destino m\u00e1s en el continente europeo, que es el resultado del trabajo constante y el compromiso de la compa\u00f1\u00eda por conectar la regi\u00f3n con el resto del mundo\u00bb.<\/p>\n\n\n\n<p>\u00abNos sentimos honrados de dar la bienvenida a Aerom\u00e9xico y al nuevo vuelo directo entre Roma y la Ciudad de M\u00e9xico\u00bb \u2014dijo Federico Scriboni, jefe de desarrollo comercial de Aeroporti di Roma\u2014 \u00abseg\u00fan fuentes de IATA, en 2019 m\u00e1s de 220,000 pasajeros volaron entre Italia y M\u00e9xico representando un cuenca de tr\u00e1fico de alto potencial para la conectividad a\u00e9rea, econ\u00f3mica y cultural entre los dos pa\u00edses. Estamos seguros que la puesta en marcha de esta ruta contribuir\u00e1 a mejorar la accesibilidad, desarrollando los flujos e intercambios entre el Centro-Sur de Europa y Centroam\u00e9rica. Despu\u00e9s de un verano r\u00e9cord para las compa\u00f1\u00edas norteamericanas que registraron un +20% de pasajeros en octubre en comparaci\u00f3n con el mismo mes de 2019, Roma se confirma como uno de los destinos m\u00e1s populares para el pr\u00f3ximo verano de 2023\u00bb.<\/p>\n\n\n\n<p>\u00abLa reactivaci\u00f3n del vuelo directo entre Roma y la Ciudad de M\u00e9xico llena un vac\u00edo que existi\u00f3 en los \u00faltimos dos a\u00f1os y medio en el marco de las excelentes relaciones entre los dos pa\u00edses: es una herramienta indispensable para concretar el potencial de los flujos entre dos de los destinos tur\u00edsticos m\u00e1s importantes del mundo y que en la \u00e9poca previa a la pandemia superaba las 150 mil unidades al a\u00f1o en ambos sentidos\u00bb, coment\u00f3 el embajador de Italia en M\u00e9xico, Luigi De Chiara.<\/p>\n\n\n\n<p>\u00abLa conexi\u00f3n tambi\u00e9n es de fundamental importancia para los viajes de negocios y contribuir\u00e1 a incrementar a\u00fan m\u00e1s la relaci\u00f3n econ\u00f3mico-comercial entre las dos naciones\u00bb, agreg\u00f3 el diplom\u00e1tico.<\/p>\n\n\n\n<p><\/p>\n\n\n\n<div style=\"height:12px\" aria-hidden=\"true\" class=\"wp-block-spacer\"><\/div>\n\n\n<!-- Ad space powered by WP AdCenter v2.5.7 - https:\/\/wpadcenter.com\/ --><div class=\"wpadcenter-adgroup\" ><div class=\"wpadcenter-adgroup__row wpadcenter-aligncenter\"><div class=\"wpadcenter-ad-container\" ><div id=\"wpadcenter-ad-18464\" class=\"ad-placement\"><div class=\"wpadcenter-ad-inner\" ><a id=\"wpadcenter_ad\" data-value=\"18464\" data-placement=\"\" href=\"https:\/\/www.productosremo.com\/\" target=\"_blank\" class=\"wpadcenter-ad-inner__item\" ><img decoding=\"async\"   src=\"https:\/\/puntodincontro.mx\/wp-content\/uploads\/2021\/08\/remobanner.jpg\" class=\"attachment-post-thumbnail size-post-thumbnail wp-post-image\" alt=\"\" srcset=\"https:\/\/puntodincontro.mx\/wp-content\/uploads\/2021\/08\/remobanner.jpg 200w, https:\/\/puntodincontro.mx\/wp-content\/uploads\/2021\/08\/remobanner-16x5.jpg 16w\" sizes=\"(max-width: 200px) 100vw, 200px\" \/><\/a><\/div><\/div><\/div><div class=\"wpadcenter-ad-container\" ><div id=\"wpadcenter-ad-5305\" class=\"ad-placement\"><div class=\"wpadcenter-ad-inner\" ><a id=\"wpadcenter_ad\" data-value=\"5305\" data-placement=\"\" href=\"https:\/\/ambcittadelmessico.esteri.it\/ambasciata_cittadelmessico\/it\/\" target=\"_blank\" class=\"wpadcenter-ad-inner__item\" ><img decoding=\"async\"   src=\"https:\/\/puntodincontro.mx\/wp-content\/uploads\/2022\/05\/Ambasciata.jpg\" class=\"attachment-post-thumbnail size-post-thumbnail wp-post-image\" alt=\"\" srcset=\"https:\/\/puntodincontro.mx\/wp-content\/uploads\/2022\/05\/Ambasciata.jpg 200w, https:\/\/puntodincontro.mx\/wp-content\/uploads\/2022\/05\/Ambasciata-18x5.jpg 18w\" sizes=\"(max-width: 200px) 100vw, 200px\" \/><\/a><\/div><\/div><\/div><div class=\"wpadcenter-ad-container\" ><div id=\"wpadcenter-ad-3781\" class=\"ad-placement\"><div class=\"wpadcenter-ad-inner\" ><a id=\"wpadcenter_ad\" data-value=\"3781\" data-placement=\"\" href=\"https:\/\/cannizzo.com.mx\/\" target=\"_blank\" class=\"wpadcenter-ad-inner__item\" ><img decoding=\"async\"   src=\"https:\/\/puntodincontro.mx\/wp-content\/uploads\/2022\/03\/cannizzo2.jpg\" class=\"attachment-post-thumbnail size-post-thumbnail wp-post-image\" alt=\"\" srcset=\"https:\/\/puntodincontro.mx\/wp-content\/uploads\/2022\/03\/cannizzo2.jpg 200w, https:\/\/puntodincontro.mx\/wp-content\/uploads\/2022\/03\/cannizzo2-18x5.jpg 18w\" sizes=\"(max-width: 200px) 100vw, 200px\" \/><\/a><\/div><\/div><\/div><\/div><div class=\"wpadcenter-adgroup__row wpadcenter-aligncenter\"><div class=\"wpadcenter-ad-container\" ><div id=\"wpadcenter-ad-1704\" class=\"ad-placement\"><div class=\"wpadcenter-ad-inner\" ><a id=\"wpadcenter_ad\" data-value=\"1704\" data-placement=\"\" href=\"https:\/\/puntodincontro.mx\/es\/2021\/12\/24\/inps-verificacion-de-supervivencia-de-los-pensionados-en-el-extranjero\/\" target=\"_blank\" class=\"wpadcenter-ad-inner__item\" ><img decoding=\"async\"   src=\"https:\/\/puntodincontro.mx\/wp-content\/uploads\/2021\/11\/logo-ital.jpg\" class=\"attachment-post-thumbnail size-post-thumbnail wp-post-image\" alt=\"Patronato ITAL Messico\" srcset=\"https:\/\/puntodincontro.mx\/wp-content\/uploads\/2021\/11\/logo-ital.jpg 200w, https:\/\/puntodincontro.mx\/wp-content\/uploads\/2021\/11\/logo-ital-16x5.jpg 16w\" sizes=\"(max-width: 200px) 100vw, 200px\" \/><\/a><\/div><\/div><\/div><div class=\"wpadcenter-ad-container\" ><div id=\"wpadcenter-ad-1538\" class=\"ad-placement\"><div class=\"wpadcenter-ad-inner\" ><a id=\"wpadcenter_ad\" data-value=\"1538\" data-placement=\"\" href=\"https:\/\/asociacionitaliana.org\/\" target=\"_blank\" class=\"wpadcenter-ad-inner__item\" ><img decoding=\"async\"   src=\"https:\/\/puntodincontro.mx\/wp-content\/uploads\/2021\/11\/aialogo.jpg\" class=\"attachment-post-thumbnail size-post-thumbnail wp-post-image\" alt=\"Associazione Italiana di Assistenza IAP\" srcset=\"https:\/\/puntodincontro.mx\/wp-content\/uploads\/2021\/11\/aialogo.jpg 200w, https:\/\/puntodincontro.mx\/wp-content\/uploads\/2021\/11\/aialogo-18x5.jpg 18w\" sizes=\"(max-width: 200px) 100vw, 200px\" \/><\/a><\/div><\/div><\/div><div class=\"wpadcenter-ad-container\" ><div id=\"wpadcenter-ad-1513\" class=\"ad-placement\"><div class=\"wpadcenter-ad-inner\" ><a id=\"wpadcenter_ad\" data-value=\"1513\" data-placement=\"\" href=\"https:\/\/gcinmuebles.mx\" target=\"_blank\" class=\"wpadcenter-ad-inner__item\" ><img decoding=\"async\"   src=\"https:\/\/puntodincontro.mx\/wp-content\/uploads\/2021\/10\/gcinmuebleslogopunto-1.jpg\" class=\"attachment-post-thumbnail size-post-thumbnail wp-post-image\" alt=\"\" srcset=\"https:\/\/puntodincontro.mx\/wp-content\/uploads\/2021\/10\/gcinmuebleslogopunto-1.jpg 200w, https:\/\/puntodincontro.mx\/wp-content\/uploads\/2021\/10\/gcinmuebleslogopunto-1-18x5.jpg 18w\" sizes=\"(max-width: 200px) 100vw, 200px\" \/><\/a><\/div><\/div><\/div><\/div><div class=\"wpadcenter-adgroup__row wpadcenter-aligncenter\"><div class=\"wpadcenter-ad-container\" ><div id=\"wpadcenter-ad-1374\" class=\"ad-placement\"><div class=\"wpadcenter-ad-inner\" ><a id=\"wpadcenter_ad\" data-value=\"1374\" data-placement=\"\" href=\"https:\/\/www.9colonne.it\/\" target=\"_blank\" class=\"wpadcenter-ad-inner__item\" ><img decoding=\"async\"   src=\"https:\/\/puntodincontro.mx\/wp-content\/uploads\/2021\/10\/Banner9colonne.gif\" class=\"attachment-post-thumbnail size-post-thumbnail wp-post-image\" alt=\"\" \/><\/a><\/div><\/div><\/div><div class=\"wpadcenter-ad-container\" ><div id=\"wpadcenter-ad-276\" class=\"ad-placement\"><div class=\"wpadcenter-ad-inner\" ><a id=\"wpadcenter_ad\" data-value=\"276\" data-placement=\"\" href=\"http:\/\/www.camaraitaliana.mx\/\" target=\"_blank\" class=\"wpadcenter-ad-inner__item\" ><img decoding=\"async\"   src=\"https:\/\/puntodincontro.mx\/wp-content\/uploads\/2021\/08\/ccimnuovo.jpg\" class=\"attachment-post-thumbnail size-post-thumbnail wp-post-image\" alt=\"\" srcset=\"https:\/\/puntodincontro.mx\/wp-content\/uploads\/2021\/08\/ccimnuovo.jpg 200w, https:\/\/puntodincontro.mx\/wp-content\/uploads\/2021\/08\/ccimnuovo-18x5.jpg 18w\" sizes=\"(max-width: 200px) 100vw, 200px\" \/><\/a><\/div><\/div><\/div><div class=\"wpadcenter-ad-container\" ><div id=\"wpadcenter-ad-272\" class=\"ad-placement\"><div class=\"wpadcenter-ad-inner\" ><a id=\"wpadcenter_ad\" data-value=\"272\" data-placement=\"\" href=\"http:\/\/corix.us\/\" target=\"_blank\" class=\"wpadcenter-ad-inner__item\" ><img decoding=\"async\"   src=\"https:\/\/puntodincontro.mx\/wp-content\/uploads\/2021\/08\/corixbanner-1.jpg\" class=\"attachment-post-thumbnail size-post-thumbnail wp-post-image\" alt=\"\" srcset=\"https:\/\/puntodincontro.mx\/wp-content\/uploads\/2021\/08\/corixbanner-1.jpg 200w, https:\/\/puntodincontro.mx\/wp-content\/uploads\/2021\/08\/corixbanner-1-16x5.jpg 16w\" sizes=\"(max-width: 200px) 100vw, 200px\" \/><\/a><\/div><\/div><\/div><\/div><div class=\"wpadcenter-adgroup__row wpadcenter-aligncenter\"><div class=\"wpadcenter-ad-container\" ><div id=\"wpadcenter-ad-266\" class=\"ad-placement\"><div class=\"wpadcenter-ad-inner\" ><a id=\"wpadcenter_ad\" data-value=\"266\" data-placement=\"\" href=\"https:\/\/www.prinsel.com.mx\/\" target=\"_blank\" class=\"wpadcenter-ad-inner__item\" ><img decoding=\"async\"   src=\"https:\/\/puntodincontro.mx\/wp-content\/uploads\/2021\/08\/prinselbanner-1.jpg\" class=\"attachment-post-thumbnail size-post-thumbnail wp-post-image\" alt=\"\" srcset=\"https:\/\/puntodincontro.mx\/wp-content\/uploads\/2021\/08\/prinselbanner-1.jpg 200w, https:\/\/puntodincontro.mx\/wp-content\/uploads\/2021\/08\/prinselbanner-1-16x5.jpg 16w\" sizes=\"(max-width: 200px) 100vw, 200px\" \/><\/a><\/div><\/div><\/div><div class=\"wpadcenter-ad-container\" ><div id=\"wpadcenter-ad-261\" class=\"ad-placement\"><div class=\"wpadcenter-ad-inner\" ><a id=\"wpadcenter_ad\" data-value=\"261\" data-placement=\"\" href=\"https:\/\/faitalia.com.mx\/\" target=\"_blank\" class=\"wpadcenter-ad-inner__item\" ><img decoding=\"async\"   src=\"https:\/\/puntodincontro.mx\/wp-content\/uploads\/2021\/08\/gruppodino.jpg\" class=\"attachment-post-thumbnail size-post-thumbnail wp-post-image\" alt=\"\" srcset=\"https:\/\/puntodincontro.mx\/wp-content\/uploads\/2021\/08\/gruppodino.jpg 200w, https:\/\/puntodincontro.mx\/wp-content\/uploads\/2021\/08\/gruppodino-18x5.jpg 18w\" sizes=\"(max-width: 200px) 100vw, 200px\" \/><\/a><\/div><\/div><\/div><\/div><\/div>\n\n\n<div style=\"height:12px\" aria-hidden=\"true\" class=\"wp-block-spacer\"><\/div>","protected":false},"excerpt":{"rendered":"<p>Ore 13.12 &#8211; Aerom\u00e9xico voler\u00e0 dal prossimo 26 marzo senza scalo tra Roma e Citt\u00e0 del Messico per la prima volta nella sua storia recente. Aggiungendo questa nuova destinazione alla sua rete globale, l&#8217;aerolinea operer\u00e0 tre voli settimanali su questa rotta, che aumenteranno a cinque entro il 1\u00b0 giugno. Ci\u00f2 andr\u00e0 a vantaggio anche dei clienti in citt\u00e0 come Milano, Torino, Genova, Venezia, Firenze, Napoli, Catania e Bologna, che potranno usufruire di collegamenti pi\u00f9 efficienti su tutto il Messico ed anche verso il Centro\/Sud America e Caraibi. Con i nuovi voli, l&#8217;offerta di Aerom\u00e9xico per collegare l&#8217;Europa con il Messico&#8230; <\/p>","protected":false},"author":2,"featured_media":8986,"comment_status":"open","ping_status":"open","sticky":false,"template":"","format":"standard","meta":{"_monsterinsights_skip_tracking":false,"_monsterinsights_sitenote_active":false,"_monsterinsights_sitenote_note":"","_monsterinsights_sitenote_category":0,"footnotes":""},"categories":[8],"tags":[],"class_list":["post-8979","post","type-post","status-publish","format-standard","has-post-thumbnail","hentry","category-viaggi"],"yoast_head":"<!-- This site is optimized with the Yoast SEO Premium plugin v18.4 (Yoast SEO v25.6) - https:\/\/yoast.com\/wordpress\/plugins\/seo\/ -->\n<title>Aerom\u00e9xico: volo diretto Citt\u00e0 del Messico-Roma da marzo 2023<\/title>\n<meta name=\"description\" content=\"Aerom\u00e9xico voler\u00e0 dal prossimo 26 marzo senza scalo tra Roma e Citt\u00e0 del Messico per la prima volta nella sua storia recente.\" \/>\n<meta name=\"robots\" content=\"index, follow, max-snippet:-1, max-image-preview:large, max-video-preview:-1\" \/>\n<link rel=\"canonical\" href=\"https:\/\/puntodincontro.mx\/es\/2022\/11\/07\/aeromexico-vuelo-directo-cdmx-roma-desde-marzo-de-2023\/\" \/>\n<meta property=\"og:locale\" content=\"es_MX\" \/>\n<meta property=\"og:type\" content=\"article\" \/>\n<meta property=\"og:title\" content=\"Aerom\u00e9xico: volo diretto Citt\u00e0 del Messico-Roma da marzo 2023\" \/>\n<meta property=\"og:description\" content=\"Aerom\u00e9xico voler\u00e0 dal prossimo 26 marzo senza scalo tra Roma e Citt\u00e0 del Messico per la prima volta nella sua storia recente.\" \/>\n<meta property=\"og:url\" content=\"https:\/\/puntodincontro.mx\/es\/2022\/11\/07\/aeromexico-vuelo-directo-cdmx-roma-desde-marzo-de-2023\/\" \/>\n<meta property=\"og:site_name\" content=\"Puntodincontro\" \/>\n<meta property=\"article:publisher\" content=\"https:\/\/www.facebook.com\/puntodincontro.mx\" \/>\n<meta property=\"article:published_time\" content=\"2022-11-07T20:45:09+00:00\" \/>\n<meta property=\"article:modified_time\" content=\"2022-11-08T03:16:36+00:00\" \/>\n<meta property=\"og:image\" content=\"https:\/\/puntodincontro.mx\/wp-content\/uploads\/2022\/11\/aeromexicoromacdmxcomp.jpg\" \/>\n\t<meta property=\"og:image:width\" content=\"932\" \/>\n\t<meta property=\"og:image:height\" content=\"488\" \/>\n\t<meta property=\"og:image:type\" content=\"image\/jpeg\" \/>\n<meta name=\"author\" content=\"Puntodincontro\" \/>\n<meta name=\"twitter:card\" content=\"summary_large_image\" \/>\n<meta name=\"twitter:creator\" content=\"@puntodincontro\" \/>\n<meta name=\"twitter:site\" content=\"@puntodincontro\" \/>\n<meta name=\"twitter:label1\" content=\"Escrito por\" \/>\n\t<meta name=\"twitter:data1\" content=\"Puntodincontro\" \/>\n\t<meta name=\"twitter:label2\" content=\"Tiempo de lectura\" \/>\n\t<meta name=\"twitter:data2\" content=\"2 minutos\" \/>\n<script type=\"application\/ld+json\" class=\"yoast-schema-graph\">{\"@context\":\"https:\/\/schema.org\",\"@graph\":[{\"@type\":\"NewsArticle\",\"@id\":\"https:\/\/puntodincontro.mx\/2022\/11\/07\/aeromexico-volo-diretto-citta-del-messico-roma-da-marzo-2023\/#article\",\"isPartOf\":{\"@id\":\"https:\/\/puntodincontro.mx\/2022\/11\/07\/aeromexico-volo-diretto-citta-del-messico-roma-da-marzo-2023\/\"},\"author\":{\"name\":\"Puntodincontro\",\"@id\":\"https:\/\/puntodincontro.mx\/#\/schema\/person\/d3066d18a16259cbb0c29b0d0e93b556\"},\"headline\":\"Aerom\u00e9xico: volo diretto Citt\u00e0 del Messico-Roma da marzo 2023\",\"datePublished\":\"2022-11-07T20:45:09+00:00\",\"dateModified\":\"2022-11-08T03:16:36+00:00\",\"mainEntityOfPage\":{\"@id\":\"https:\/\/puntodincontro.mx\/2022\/11\/07\/aeromexico-volo-diretto-citta-del-messico-roma-da-marzo-2023\/\"},\"wordCount\":425,\"commentCount\":2,\"publisher\":{\"@id\":\"https:\/\/puntodincontro.mx\/#organization\"},\"image\":{\"@id\":\"https:\/\/puntodincontro.mx\/2022\/11\/07\/aeromexico-volo-diretto-citta-del-messico-roma-da-marzo-2023\/#primaryimage\"},\"thumbnailUrl\":\"https:\/\/puntodincontro.mx\/wp-content\/uploads\/2022\/11\/aeromexicoromacdmxvert.webp\",\"articleSection\":[\"Viaggi\"],\"inLanguage\":\"es\",\"potentialAction\":[{\"@type\":\"CommentAction\",\"name\":\"Comment\",\"target\":[\"https:\/\/puntodincontro.mx\/2022\/11\/07\/aeromexico-volo-diretto-citta-del-messico-roma-da-marzo-2023\/#respond\"]}]},{\"@type\":\"WebPage\",\"@id\":\"https:\/\/puntodincontro.mx\/2022\/11\/07\/aeromexico-volo-diretto-citta-del-messico-roma-da-marzo-2023\/\",\"url\":\"https:\/\/puntodincontro.mx\/2022\/11\/07\/aeromexico-volo-diretto-citta-del-messico-roma-da-marzo-2023\/\",\"name\":\"Aerom\u00e9xico: volo diretto Citt\u00e0 del Messico-Roma da marzo 2023\",\"isPartOf\":{\"@id\":\"https:\/\/puntodincontro.mx\/#website\"},\"primaryImageOfPage\":{\"@id\":\"https:\/\/puntodincontro.mx\/2022\/11\/07\/aeromexico-volo-diretto-citta-del-messico-roma-da-marzo-2023\/#primaryimage\"},\"image\":{\"@id\":\"https:\/\/puntodincontro.mx\/2022\/11\/07\/aeromexico-volo-diretto-citta-del-messico-roma-da-marzo-2023\/#primaryimage\"},\"thumbnailUrl\":\"https:\/\/puntodincontro.mx\/wp-content\/uploads\/2022\/11\/aeromexicoromacdmxvert.webp\",\"datePublished\":\"2022-11-07T20:45:09+00:00\",\"dateModified\":\"2022-11-08T03:16:36+00:00\",\"description\":\"Aerom\u00e9xico voler\u00e0 dal prossimo 26 marzo senza scalo tra Roma e Citt\u00e0 del Messico per la prima volta nella sua storia recente.\",\"breadcrumb\":{\"@id\":\"https:\/\/puntodincontro.mx\/2022\/11\/07\/aeromexico-volo-diretto-citta-del-messico-roma-da-marzo-2023\/#breadcrumb\"},\"inLanguage\":\"es\",\"potentialAction\":[{\"@type\":\"ReadAction\",\"target\":[\"https:\/\/puntodincontro.mx\/2022\/11\/07\/aeromexico-volo-diretto-citta-del-messico-roma-da-marzo-2023\/\"]}]},{\"@type\":\"ImageObject\",\"inLanguage\":\"es\",\"@id\":\"https:\/\/puntodincontro.mx\/2022\/11\/07\/aeromexico-volo-diretto-citta-del-messico-roma-da-marzo-2023\/#primaryimage\",\"url\":\"https:\/\/puntodincontro.mx\/wp-content\/uploads\/2022\/11\/aeromexicoromacdmxvert.webp\",\"contentUrl\":\"https:\/\/puntodincontro.mx\/wp-content\/uploads\/2022\/11\/aeromexicoromacdmxvert.webp\",\"width\":423,\"height\":488,\"caption\":\"Aerom\u00e9xico: volo diretto Citt\u00e0 del Messico-Roma da marzo 2023\"},{\"@type\":\"BreadcrumbList\",\"@id\":\"https:\/\/puntodincontro.mx\/2022\/11\/07\/aeromexico-volo-diretto-citta-del-messico-roma-da-marzo-2023\/#breadcrumb\",\"itemListElement\":[{\"@type\":\"ListItem\",\"position\":1,\"name\":\"Home\",\"item\":\"https:\/\/puntodincontro.mx\/\"},{\"@type\":\"ListItem\",\"position\":2,\"name\":\"Aerom\u00e9xico: volo diretto Citt\u00e0 del Messico-Roma da marzo 2023\"}]},{\"@type\":\"WebSite\",\"@id\":\"https:\/\/puntodincontro.mx\/#website\",\"url\":\"https:\/\/puntodincontro.mx\/\",\"name\":\"Puntodincontro\",\"description\":\"Dal 2006 notizie sui rapporti Italia-Messico \/ Desde 2006 noticias sobre las relaciones entre Italia y M\u00e9xico\",\"publisher\":{\"@id\":\"https:\/\/puntodincontro.mx\/#organization\"},\"potentialAction\":[{\"@type\":\"SearchAction\",\"target\":{\"@type\":\"EntryPoint\",\"urlTemplate\":\"https:\/\/puntodincontro.mx\/?s={search_term_string}\"},\"query-input\":{\"@type\":\"PropertyValueSpecification\",\"valueRequired\":true,\"valueName\":\"search_term_string\"}}],\"inLanguage\":\"es\"},{\"@type\":\"Organization\",\"@id\":\"https:\/\/puntodincontro.mx\/#organization\",\"name\":\"Puntodincontro\",\"url\":\"https:\/\/puntodincontro.mx\/\",\"logo\":{\"@type\":\"ImageObject\",\"inLanguage\":\"es\",\"@id\":\"https:\/\/puntodincontro.mx\/#\/schema\/logo\/image\/\",\"url\":\"https:\/\/puntodincontro.mx\/wp-content\/uploads\/2021\/08\/Default-image-for-open-graph-settings.jpg\",\"contentUrl\":\"https:\/\/puntodincontro.mx\/wp-content\/uploads\/2021\/08\/Default-image-for-open-graph-settings.jpg\",\"width\":1200,\"height\":630,\"caption\":\"Puntodincontro\"},\"image\":{\"@id\":\"https:\/\/puntodincontro.mx\/#\/schema\/logo\/image\/\"},\"sameAs\":[\"https:\/\/www.facebook.com\/puntodincontro.mx\",\"https:\/\/x.com\/puntodincontro\",\"https:\/\/www.instagram.com\/puntodincontro.mx\/\",\"https:\/\/www.linkedin.com\/company\/puntodincontro\/\",\"https:\/\/www.youtube.com\/c\/puntodincontromessico\",\"https:\/\/www.patreon.com\/puntodincontro\",\"https:\/\/www.threads.net\/@puntodincontro.mx\"]},{\"@type\":\"Person\",\"@id\":\"https:\/\/puntodincontro.mx\/#\/schema\/person\/d3066d18a16259cbb0c29b0d0e93b556\",\"name\":\"Puntodincontro\",\"image\":{\"@type\":\"ImageObject\",\"inLanguage\":\"es\",\"@id\":\"https:\/\/puntodincontro.mx\/#\/schema\/person\/image\/\",\"url\":\"https:\/\/secure.gravatar.com\/avatar\/0e85b4b3b5e9d6bfcec6a4956d8cc63a?s=96&d=mm&r=g\",\"contentUrl\":\"https:\/\/secure.gravatar.com\/avatar\/0e85b4b3b5e9d6bfcec6a4956d8cc63a?s=96&d=mm&r=g\",\"caption\":\"Puntodincontro\"},\"url\":\"https:\/\/puntodincontro.mx\/es\/author\/puntodincontro\/\"}]}<\/script>\n<!-- \/ Yoast SEO Premium plugin. -->","yoast_head_json":{"title":"Aerom\u00e9xico: vuelo directo CdMx-Roma a partir de marzo de 2023","description":"Aerom\u00e9xico volar\u00e1 sin escalas entre Roma y la Ciudad de M\u00e9xico a partir del 26 de marzo por primera vez en su historia reciente.","robots":{"index":"index","follow":"follow","max-snippet":"max-snippet:-1","max-image-preview":"max-image-preview:large","max-video-preview":"max-video-preview:-1"},"canonical":"https:\/\/puntodincontro.mx\/es\/2022\/11\/07\/aeromexico-vuelo-directo-cdmx-roma-desde-marzo-de-2023\/","og_locale":"es_MX","og_type":"article","og_title":"Aerom\u00e9xico: volo diretto Citt\u00e0 del Messico-Roma da marzo 2023","og_description":"Aerom\u00e9xico voler\u00e0 dal prossimo 26 marzo senza scalo tra Roma e Citt\u00e0 del Messico per la prima volta nella sua storia recente.","og_url":"https:\/\/puntodincontro.mx\/es\/2022\/11\/07\/aeromexico-vuelo-directo-cdmx-roma-desde-marzo-de-2023\/","og_site_name":"Puntodincontro","article_publisher":"https:\/\/www.facebook.com\/puntodincontro.mx","article_published_time":"2022-11-07T20:45:09+00:00","article_modified_time":"2022-11-08T03:16:36+00:00","og_image":[{"width":932,"height":488,"url":"https:\/\/puntodincontro.mx\/wp-content\/uploads\/2022\/11\/aeromexicoromacdmxcomp.jpg","type":"image\/jpeg"}],"author":"Puntodincontro","twitter_card":"summary_large_image","twitter_creator":"@puntodincontro","twitter_site":"@puntodincontro","twitter_misc":{"Escrito por":"Puntodincontro","Tiempo de lectura":"2 minutos"},"schema":{"@context":"https:\/\/schema.org","@graph":[{"@type":"NewsArticle","@id":"https:\/\/puntodincontro.mx\/2022\/11\/07\/aeromexico-volo-diretto-citta-del-messico-roma-da-marzo-2023\/#article","isPartOf":{"@id":"https:\/\/puntodincontro.mx\/2022\/11\/07\/aeromexico-volo-diretto-citta-del-messico-roma-da-marzo-2023\/"},"author":{"name":"Puntodincontro","@id":"https:\/\/puntodincontro.mx\/#\/schema\/person\/d3066d18a16259cbb0c29b0d0e93b556"},"headline":"Aerom\u00e9xico: volo diretto Citt\u00e0 del Messico-Roma da marzo 2023","datePublished":"2022-11-07T20:45:09+00:00","dateModified":"2022-11-08T03:16:36+00:00","mainEntityOfPage":{"@id":"https:\/\/puntodincontro.mx\/2022\/11\/07\/aeromexico-volo-diretto-citta-del-messico-roma-da-marzo-2023\/"},"wordCount":425,"commentCount":2,"publisher":{"@id":"https:\/\/puntodincontro.mx\/#organization"},"image":{"@id":"https:\/\/puntodincontro.mx\/2022\/11\/07\/aeromexico-volo-diretto-citta-del-messico-roma-da-marzo-2023\/#primaryimage"},"thumbnailUrl":"https:\/\/puntodincontro.mx\/wp-content\/uploads\/2022\/11\/aeromexicoromacdmxvert.webp","articleSection":["Viaggi"],"inLanguage":"es","potentialAction":[{"@type":"CommentAction","name":"Comment","target":["https:\/\/puntodincontro.mx\/2022\/11\/07\/aeromexico-volo-diretto-citta-del-messico-roma-da-marzo-2023\/#respond"]}]},{"@type":"WebPage","@id":"https:\/\/puntodincontro.mx\/2022\/11\/07\/aeromexico-volo-diretto-citta-del-messico-roma-da-marzo-2023\/","url":"https:\/\/puntodincontro.mx\/2022\/11\/07\/aeromexico-volo-diretto-citta-del-messico-roma-da-marzo-2023\/","name":"Aerom\u00e9xico: vuelo directo CdMx-Roma a partir de marzo de 2023","isPartOf":{"@id":"https:\/\/puntodincontro.mx\/#website"},"primaryImageOfPage":{"@id":"https:\/\/puntodincontro.mx\/2022\/11\/07\/aeromexico-volo-diretto-citta-del-messico-roma-da-marzo-2023\/#primaryimage"},"image":{"@id":"https:\/\/puntodincontro.mx\/2022\/11\/07\/aeromexico-volo-diretto-citta-del-messico-roma-da-marzo-2023\/#primaryimage"},"thumbnailUrl":"https:\/\/puntodincontro.mx\/wp-content\/uploads\/2022\/11\/aeromexicoromacdmxvert.webp","datePublished":"2022-11-07T20:45:09+00:00","dateModified":"2022-11-08T03:16:36+00:00","description":"Aerom\u00e9xico volar\u00e1 sin escalas entre Roma y la Ciudad de M\u00e9xico a partir del 26 de marzo por primera vez en su historia reciente.","breadcrumb":{"@id":"https:\/\/puntodincontro.mx\/2022\/11\/07\/aeromexico-volo-diretto-citta-del-messico-roma-da-marzo-2023\/#breadcrumb"},"inLanguage":"es","potentialAction":[{"@type":"ReadAction","target":["https:\/\/puntodincontro.mx\/2022\/11\/07\/aeromexico-volo-diretto-citta-del-messico-roma-da-marzo-2023\/"]}]},{"@type":"ImageObject","inLanguage":"es","@id":"https:\/\/puntodincontro.mx\/2022\/11\/07\/aeromexico-volo-diretto-citta-del-messico-roma-da-marzo-2023\/#primaryimage","url":"https:\/\/puntodincontro.mx\/wp-content\/uploads\/2022\/11\/aeromexicoromacdmxvert.webp","contentUrl":"https:\/\/puntodincontro.mx\/wp-content\/uploads\/2022\/11\/aeromexicoromacdmxvert.webp","width":423,"height":488,"caption":"Aerom\u00e9xico: volo diretto Citt\u00e0 del Messico-Roma da marzo 2023"},{"@type":"BreadcrumbList","@id":"https:\/\/puntodincontro.mx\/2022\/11\/07\/aeromexico-volo-diretto-citta-del-messico-roma-da-marzo-2023\/#breadcrumb","itemListElement":[{"@type":"ListItem","position":1,"name":"Home","item":"https:\/\/puntodincontro.mx\/"},{"@type":"ListItem","position":2,"name":"Aerom\u00e9xico: volo diretto Citt\u00e0 del Messico-Roma da marzo 2023"}]},{"@type":"WebSite","@id":"https:\/\/puntodincontro.mx\/#website","url":"https:\/\/puntodincontro.mx\/","name":"Puntodincontro","description":"Desde el 2006 noticias sobre las relaciones entre Italia y M\u00e9xico \/ Dal 2006 notizie sui rapporti Italia-Messico","publisher":{"@id":"https:\/\/puntodincontro.mx\/#organization"},"potentialAction":[{"@type":"SearchAction","target":{"@type":"EntryPoint","urlTemplate":"https:\/\/puntodincontro.mx\/?s={search_term_string}"},"query-input":{"@type":"PropertyValueSpecification","valueRequired":true,"valueName":"search_term_string"}}],"inLanguage":"es"},{"@type":"Organization","@id":"https:\/\/puntodincontro.mx\/#organization","name":"Puntodincontro","url":"https:\/\/puntodincontro.mx\/","logo":{"@type":"ImageObject","inLanguage":"es","@id":"https:\/\/puntodincontro.mx\/#\/schema\/logo\/image\/","url":"https:\/\/puntodincontro.mx\/wp-content\/uploads\/2021\/08\/Default-image-for-open-graph-settings.jpg","contentUrl":"https:\/\/puntodincontro.mx\/wp-content\/uploads\/2021\/08\/Default-image-for-open-graph-settings.jpg","width":1200,"height":630,"caption":"Puntodincontro"},"image":{"@id":"https:\/\/puntodincontro.mx\/#\/schema\/logo\/image\/"},"sameAs":["https:\/\/www.facebook.com\/puntodincontro.mx","https:\/\/x.com\/puntodincontro","https:\/\/www.instagram.com\/puntodincontro.mx\/","https:\/\/www.linkedin.com\/company\/puntodincontro\/","https:\/\/www.youtube.com\/c\/puntodincontromessico","https:\/\/www.patreon.com\/puntodincontro","https:\/\/www.threads.net\/@puntodincontro.mx"]},{"@type":"Person","@id":"https:\/\/puntodincontro.mx\/#\/schema\/person\/d3066d18a16259cbb0c29b0d0e93b556","name":"Puntodincontro","image":{"@type":"ImageObject","inLanguage":"es","@id":"https:\/\/puntodincontro.mx\/#\/schema\/person\/image\/","url":"https:\/\/secure.gravatar.com\/avatar\/0e85b4b3b5e9d6bfcec6a4956d8cc63a?s=96&d=mm&r=g","contentUrl":"https:\/\/secure.gravatar.com\/avatar\/0e85b4b3b5e9d6bfcec6a4956d8cc63a?s=96&d=mm&r=g","caption":"Puntodincontro"},"url":"https:\/\/puntodincontro.mx\/es\/author\/puntodincontro\/"}]}},"_links":{"self":[{"href":"https:\/\/puntodincontro.mx\/es\/wp-json\/wp\/v2\/posts\/8979"}],"collection":[{"href":"https:\/\/puntodincontro.mx\/es\/wp-json\/wp\/v2\/posts"}],"about":[{"href":"https:\/\/puntodincontro.mx\/es\/wp-json\/wp\/v2\/types\/post"}],"author":[{"embeddable":true,"href":"https:\/\/puntodincontro.mx\/es\/wp-json\/wp\/v2\/users\/2"}],"replies":[{"embeddable":true,"href":"https:\/\/puntodincontro.mx\/es\/wp-json\/wp\/v2\/comments?post=8979"}],"version-history":[{"count":8,"href":"https:\/\/puntodincontro.mx\/es\/wp-json\/wp\/v2\/posts\/8979\/revisions"}],"predecessor-version":[{"id":8991,"href":"https:\/\/puntodincontro.mx\/es\/wp-json\/wp\/v2\/posts\/8979\/revisions\/8991"}],"wp:featuredmedia":[{"embeddable":true,"href":"https:\/\/puntodincontro.mx\/es\/wp-json\/wp\/v2\/media\/8986"}],"wp:attachment":[{"href":"https:\/\/puntodincontro.mx\/es\/wp-json\/wp\/v2\/media?parent=8979"}],"wp:term":[{"taxonomy":"category","embeddable":true,"href":"https:\/\/puntodincontro.mx\/es\/wp-json\/wp\/v2\/categories?post=8979"},{"taxonomy":"post_tag","embeddable":true,"href":"https:\/\/puntodincontro.mx\/es\/wp-json\/wp\/v2\/tags?post=8979"}],"curies":[{"name":"wp","href":"https:\/\/api.w.org\/{rel}","templated":true}]}}