{"id":9085,"date":"2022-11-10T23:39:45","date_gmt":"2022-11-11T05:39:45","guid":{"rendered":"https:\/\/puntodincontro.mx\/?p=9085"},"modified":"2022-11-11T05:25:40","modified_gmt":"2022-11-11T11:25:40","slug":"pensiones-italianas-revaluadas-a-partir-del-1-de-enero","status":"publish","type":"post","link":"https:\/\/puntodincontro.mx\/es\/2022\/11\/10\/pensioni-italiane-rivalutate-dal-1-gennaio-ecco-gli-aumenti-in-arrivo\/","title":{"rendered":"Pensiones italianas revaluadas a partir del 1\u00ba de enero"},"content":{"rendered":"<p class=\"translation-block\"><strong>23:01 hrs.<\/strong> - A partir del 1\u00ba de enero de 2023 \u2014como resultado del <a href=\"https:\/\/www.mef.gov.it\/ufficio-stampa\/comunicati\/2022\/MEF-Giorgetti-firma-decreto-su-adeguamento-pensioni\/\" target=\"_blank\">decreto<\/a> firmado por el ministro de Econom\u00eda, Giancarlo Giorgetti\u2014 se aplicar\u00e1 la revalorizaci\u00f3n de las pensiones con lo que los cheques se indexar\u00e1n a la tendencia inflacionaria de 2022.<\/p>\n\n\n\n<p>El ajuste ser\u00e1 del 7.3%, pero s\u00f3lo se beneficiar\u00e1n \u00edntegramente los titulares de tratamientos que no superen los 2,101.52 euros mensuales, correspondientes a 4 veces el m\u00ednimo del INPS, que es de 525.38 euros.<\/p>\n\n\n\n<p>Los incrementos ir\u00e1n desde aproximadamente 38 euros mensuales para las pensiones m\u00ednimas hasta los 52 euros netos para las de mil euros. Para montos de 2,000 euros brutos el aumento ser\u00e1 de 100 euros y los cheques de 4,000 euros brutos aumentar\u00e1n en 150 \u20ac netos.<\/p>\n\n\n\n<p>El c\u00e1lculo se realiz\u00f3 provisionalmente en base a la variaci\u00f3n porcentual que se produjo en los \u00edndices de precios al consumidor proporcionados por el ISTAT el 3 de noviembre de 2022. Pero existe la posibilidad de que la proyecci\u00f3n para los meses de noviembre y diciembre est\u00e9 por debajo del dato real a finales de a\u00f1o. Por lo tanto, la revalorizaci\u00f3n podr\u00eda ser a\u00fan mayor. En este caso, los pensionistas recibir\u00e1n un ajuste el pr\u00f3ximo a\u00f1o, como ya sucedi\u00f3 en 2022.<\/p>\n\n\n\n<p>Tambi\u00e9n en 2023, el esquema de indexaci\u00f3n de pensiones ser\u00e1 el adoptado este a\u00f1o. El ajuste ser\u00e1 \u00edntegro (100%) para los cheques no superiores a 4 veces el m\u00ednimo INPS, fijado en 525.38 euros; bajar\u00e1 al 90% para tratamientos entre 4 y 5 veces el m\u00ednimo y al 75% para pensiones por encima del umbral de 5 veces el m\u00ednimo. La revalorizaci\u00f3n se aplicar\u00e1 sobre los importes brutos de los cheques, incluyendo el ajuste de 0.2% pagado a principios de noviembre de este a\u00f1o.<\/p>\n\n\n\n<p>Considerando el esquema de indexaci\u00f3n vigente, los cheques equivalentes al m\u00ednimo INPS (525 euros) se beneficiar\u00e1n de un incremento mensual de 38 euros netos. El aumento ascender\u00e1 a 52 euros para tratamientos de mil euros brutos al mes. Evidentemente, ser\u00e1 a\u00fan m\u00e1s fuerte la revalorizaci\u00f3n para las pensiones de 1,500 euros brutos, que deber\u00eda ser de 110 euros brutos (75 euros netos), y para las de 2 mil euros (con un ajuste de 146 euros brutos correspondientes a 100 euros netos). Yendo m\u00e1s arriba, un tratamiento de 2,500 euros brutos deber\u00eda reforzarse cada mes con otros 180 euros brutos, que pasan a ser 111 netos, mientras que una pensi\u00f3n de 4 mil euros deber\u00eda revalorizarse por encima de los 260 euros brutos, que ser\u00edan 150 euros netos al mes.<\/p>\n\n\n\n<p><\/p>\n\n\n\n<div style=\"height:12px\" aria-hidden=\"true\" class=\"wp-block-spacer\"><\/div>\n\n\n<!-- Ad space powered by WP AdCenter v2.5.7 - https:\/\/wpadcenter.com\/ --><div class=\"wpadcenter-adgroup\" ><div class=\"wpadcenter-adgroup__row wpadcenter-aligncenter\"><div class=\"wpadcenter-ad-container\" ><div id=\"wpadcenter-ad-18464\" class=\"ad-placement\"><div class=\"wpadcenter-ad-inner\" ><a id=\"wpadcenter_ad\" data-value=\"18464\" data-placement=\"\" href=\"https:\/\/www.productosremo.com\/\" target=\"_blank\" class=\"wpadcenter-ad-inner__item\" ><img decoding=\"async\"   src=\"https:\/\/puntodincontro.mx\/wp-content\/uploads\/2021\/08\/remobanner.jpg\" class=\"attachment-post-thumbnail size-post-thumbnail wp-post-image\" alt=\"\" srcset=\"https:\/\/puntodincontro.mx\/wp-content\/uploads\/2021\/08\/remobanner.jpg 200w, https:\/\/puntodincontro.mx\/wp-content\/uploads\/2021\/08\/remobanner-16x5.jpg 16w\" sizes=\"(max-width: 200px) 100vw, 200px\" \/><\/a><\/div><\/div><\/div><div class=\"wpadcenter-ad-container\" ><div id=\"wpadcenter-ad-5305\" class=\"ad-placement\"><div class=\"wpadcenter-ad-inner\" ><a id=\"wpadcenter_ad\" data-value=\"5305\" data-placement=\"\" href=\"https:\/\/ambcittadelmessico.esteri.it\/ambasciata_cittadelmessico\/it\/\" target=\"_blank\" class=\"wpadcenter-ad-inner__item\" ><img decoding=\"async\"   src=\"https:\/\/puntodincontro.mx\/wp-content\/uploads\/2022\/05\/Ambasciata.jpg\" class=\"attachment-post-thumbnail size-post-thumbnail wp-post-image\" alt=\"\" srcset=\"https:\/\/puntodincontro.mx\/wp-content\/uploads\/2022\/05\/Ambasciata.jpg 200w, https:\/\/puntodincontro.mx\/wp-content\/uploads\/2022\/05\/Ambasciata-18x5.jpg 18w\" sizes=\"(max-width: 200px) 100vw, 200px\" \/><\/a><\/div><\/div><\/div><div class=\"wpadcenter-ad-container\" ><div id=\"wpadcenter-ad-3781\" class=\"ad-placement\"><div class=\"wpadcenter-ad-inner\" ><a id=\"wpadcenter_ad\" data-value=\"3781\" data-placement=\"\" href=\"https:\/\/cannizzo.com.mx\/\" target=\"_blank\" class=\"wpadcenter-ad-inner__item\" ><img decoding=\"async\"   src=\"https:\/\/puntodincontro.mx\/wp-content\/uploads\/2022\/03\/cannizzo2.jpg\" class=\"attachment-post-thumbnail size-post-thumbnail wp-post-image\" alt=\"\" srcset=\"https:\/\/puntodincontro.mx\/wp-content\/uploads\/2022\/03\/cannizzo2.jpg 200w, https:\/\/puntodincontro.mx\/wp-content\/uploads\/2022\/03\/cannizzo2-18x5.jpg 18w\" sizes=\"(max-width: 200px) 100vw, 200px\" \/><\/a><\/div><\/div><\/div><\/div><div class=\"wpadcenter-adgroup__row wpadcenter-aligncenter\"><div class=\"wpadcenter-ad-container\" ><div id=\"wpadcenter-ad-1704\" class=\"ad-placement\"><div class=\"wpadcenter-ad-inner\" ><a id=\"wpadcenter_ad\" data-value=\"1704\" data-placement=\"\" href=\"https:\/\/puntodincontro.mx\/es\/2021\/12\/24\/inps-verificacion-de-supervivencia-de-los-pensionados-en-el-extranjero\/\" target=\"_blank\" class=\"wpadcenter-ad-inner__item\" ><img decoding=\"async\"   src=\"https:\/\/puntodincontro.mx\/wp-content\/uploads\/2021\/11\/logo-ital.jpg\" class=\"attachment-post-thumbnail size-post-thumbnail wp-post-image\" alt=\"Patronato ITAL Messico\" srcset=\"https:\/\/puntodincontro.mx\/wp-content\/uploads\/2021\/11\/logo-ital.jpg 200w, https:\/\/puntodincontro.mx\/wp-content\/uploads\/2021\/11\/logo-ital-16x5.jpg 16w\" sizes=\"(max-width: 200px) 100vw, 200px\" \/><\/a><\/div><\/div><\/div><div class=\"wpadcenter-ad-container\" ><div id=\"wpadcenter-ad-1538\" class=\"ad-placement\"><div class=\"wpadcenter-ad-inner\" ><a id=\"wpadcenter_ad\" data-value=\"1538\" data-placement=\"\" href=\"https:\/\/asociacionitaliana.org\/\" target=\"_blank\" class=\"wpadcenter-ad-inner__item\" ><img decoding=\"async\"   src=\"https:\/\/puntodincontro.mx\/wp-content\/uploads\/2021\/11\/aialogo.jpg\" class=\"attachment-post-thumbnail size-post-thumbnail wp-post-image\" alt=\"Associazione Italiana di Assistenza IAP\" srcset=\"https:\/\/puntodincontro.mx\/wp-content\/uploads\/2021\/11\/aialogo.jpg 200w, https:\/\/puntodincontro.mx\/wp-content\/uploads\/2021\/11\/aialogo-18x5.jpg 18w\" sizes=\"(max-width: 200px) 100vw, 200px\" \/><\/a><\/div><\/div><\/div><div class=\"wpadcenter-ad-container\" ><div id=\"wpadcenter-ad-1513\" class=\"ad-placement\"><div class=\"wpadcenter-ad-inner\" ><a id=\"wpadcenter_ad\" data-value=\"1513\" data-placement=\"\" href=\"https:\/\/gcinmuebles.mx\" target=\"_blank\" class=\"wpadcenter-ad-inner__item\" ><img decoding=\"async\"   src=\"https:\/\/puntodincontro.mx\/wp-content\/uploads\/2021\/10\/gcinmuebleslogopunto-1.jpg\" class=\"attachment-post-thumbnail size-post-thumbnail wp-post-image\" alt=\"\" srcset=\"https:\/\/puntodincontro.mx\/wp-content\/uploads\/2021\/10\/gcinmuebleslogopunto-1.jpg 200w, https:\/\/puntodincontro.mx\/wp-content\/uploads\/2021\/10\/gcinmuebleslogopunto-1-18x5.jpg 18w\" sizes=\"(max-width: 200px) 100vw, 200px\" \/><\/a><\/div><\/div><\/div><\/div><div class=\"wpadcenter-adgroup__row wpadcenter-aligncenter\"><div class=\"wpadcenter-ad-container\" ><div id=\"wpadcenter-ad-1374\" class=\"ad-placement\"><div class=\"wpadcenter-ad-inner\" ><a id=\"wpadcenter_ad\" data-value=\"1374\" data-placement=\"\" href=\"https:\/\/www.9colonne.it\/\" target=\"_blank\" class=\"wpadcenter-ad-inner__item\" ><img decoding=\"async\"   src=\"https:\/\/puntodincontro.mx\/wp-content\/uploads\/2021\/10\/Banner9colonne.gif\" class=\"attachment-post-thumbnail size-post-thumbnail wp-post-image\" alt=\"\" \/><\/a><\/div><\/div><\/div><div class=\"wpadcenter-ad-container\" ><div id=\"wpadcenter-ad-276\" class=\"ad-placement\"><div class=\"wpadcenter-ad-inner\" ><a id=\"wpadcenter_ad\" data-value=\"276\" data-placement=\"\" href=\"http:\/\/www.camaraitaliana.mx\/\" target=\"_blank\" class=\"wpadcenter-ad-inner__item\" ><img decoding=\"async\"   src=\"https:\/\/puntodincontro.mx\/wp-content\/uploads\/2021\/08\/ccimnuovo.jpg\" class=\"attachment-post-thumbnail size-post-thumbnail wp-post-image\" alt=\"\" srcset=\"https:\/\/puntodincontro.mx\/wp-content\/uploads\/2021\/08\/ccimnuovo.jpg 200w, https:\/\/puntodincontro.mx\/wp-content\/uploads\/2021\/08\/ccimnuovo-18x5.jpg 18w\" sizes=\"(max-width: 200px) 100vw, 200px\" \/><\/a><\/div><\/div><\/div><div class=\"wpadcenter-ad-container\" ><div id=\"wpadcenter-ad-272\" class=\"ad-placement\"><div class=\"wpadcenter-ad-inner\" ><a id=\"wpadcenter_ad\" data-value=\"272\" data-placement=\"\" href=\"http:\/\/corix.us\/\" target=\"_blank\" class=\"wpadcenter-ad-inner__item\" ><img decoding=\"async\"   src=\"https:\/\/puntodincontro.mx\/wp-content\/uploads\/2021\/08\/corixbanner-1.jpg\" class=\"attachment-post-thumbnail size-post-thumbnail wp-post-image\" alt=\"\" srcset=\"https:\/\/puntodincontro.mx\/wp-content\/uploads\/2021\/08\/corixbanner-1.jpg 200w, https:\/\/puntodincontro.mx\/wp-content\/uploads\/2021\/08\/corixbanner-1-16x5.jpg 16w\" sizes=\"(max-width: 200px) 100vw, 200px\" \/><\/a><\/div><\/div><\/div><\/div><div class=\"wpadcenter-adgroup__row wpadcenter-aligncenter\"><div class=\"wpadcenter-ad-container\" ><div id=\"wpadcenter-ad-266\" class=\"ad-placement\"><div class=\"wpadcenter-ad-inner\" ><a id=\"wpadcenter_ad\" data-value=\"266\" data-placement=\"\" href=\"https:\/\/www.prinsel.com.mx\/\" target=\"_blank\" class=\"wpadcenter-ad-inner__item\" ><img decoding=\"async\"   src=\"https:\/\/puntodincontro.mx\/wp-content\/uploads\/2021\/08\/prinselbanner-1.jpg\" class=\"attachment-post-thumbnail size-post-thumbnail wp-post-image\" alt=\"\" srcset=\"https:\/\/puntodincontro.mx\/wp-content\/uploads\/2021\/08\/prinselbanner-1.jpg 200w, https:\/\/puntodincontro.mx\/wp-content\/uploads\/2021\/08\/prinselbanner-1-16x5.jpg 16w\" sizes=\"(max-width: 200px) 100vw, 200px\" \/><\/a><\/div><\/div><\/div><div class=\"wpadcenter-ad-container\" ><div id=\"wpadcenter-ad-261\" class=\"ad-placement\"><div class=\"wpadcenter-ad-inner\" ><a id=\"wpadcenter_ad\" data-value=\"261\" data-placement=\"\" href=\"https:\/\/faitalia.com.mx\/\" target=\"_blank\" class=\"wpadcenter-ad-inner__item\" ><img decoding=\"async\"   src=\"https:\/\/puntodincontro.mx\/wp-content\/uploads\/2021\/08\/gruppodino.jpg\" class=\"attachment-post-thumbnail size-post-thumbnail wp-post-image\" alt=\"\" srcset=\"https:\/\/puntodincontro.mx\/wp-content\/uploads\/2021\/08\/gruppodino.jpg 200w, https:\/\/puntodincontro.mx\/wp-content\/uploads\/2021\/08\/gruppodino-18x5.jpg 18w\" sizes=\"(max-width: 200px) 100vw, 200px\" \/><\/a><\/div><\/div><\/div><\/div><\/div>\n\n\n<div style=\"height:12px\" aria-hidden=\"true\" class=\"wp-block-spacer\"><\/div>","protected":false},"excerpt":{"rendered":"<p>Ore 23.01 &#8211; Dal 1\u00b0 gennaio 2023 \u2014per effetto del decreto firmato dal ministro dell\u2019Economia, Giancarlo Giorgetti\u2014 scatter\u00e0 la rivalutazione delle pensioni con cui gli assegni verranno indicizzati all\u2019andamento dell\u2019inflazione 2022. L\u2019adeguamento sar\u00e0 del 7,3%, ma a usufruirne in forma piena saranno solo i titolari di trattamenti che non superano i 2.101,52 euro mensili, corrispondenti a 4 volte il minimo Inps, che \u00e8 di 525,38 euro. Gli aumenti oscilleranno da circa 38 euro al mese per le pensioni minime a 52 euro netti per quelle da mille euro. Cresceranno di 100 euro i trattamenti da 2.000 euro lordi e di&#8230; <\/p>","protected":false},"author":2,"featured_media":9090,"comment_status":"open","ping_status":"open","sticky":false,"template":"","format":"standard","meta":{"_monsterinsights_skip_tracking":false,"_monsterinsights_sitenote_active":false,"_monsterinsights_sitenote_note":"","_monsterinsights_sitenote_category":0,"footnotes":""},"categories":[3],"tags":[],"class_list":["post-9085","post","type-post","status-publish","format-standard","has-post-thumbnail","hentry","category-economia-e-finanza"],"yoast_head":"<!-- This site is optimized with the Yoast SEO Premium plugin v18.4 (Yoast SEO v25.6) - https:\/\/yoast.com\/wordpress\/plugins\/seo\/ -->\n<title>Pensioni italiane rivalutate dal 1\u00b0 gennaio: ecco gli aumenti in arrivo<\/title>\n<meta name=\"description\" content=\"Dal 1\u00b0 gennaio 2023 \u2014per effetto del decreto firmato dal ministro Giancarlo Giorgetti\u2014 scatter\u00e0 la rivalutazione delle pensioni.\" \/>\n<meta name=\"robots\" content=\"index, follow, max-snippet:-1, max-image-preview:large, max-video-preview:-1\" \/>\n<link rel=\"canonical\" href=\"https:\/\/puntodincontro.mx\/es\/2022\/11\/10\/pensiones-italianas-revaluadas-a-partir-del-1-de-enero\/\" \/>\n<meta property=\"og:locale\" content=\"es_MX\" \/>\n<meta property=\"og:type\" content=\"article\" \/>\n<meta property=\"og:title\" content=\"Pensioni italiane rivalutate dal 1\u00b0 gennaio: ecco gli aumenti in arrivo\" \/>\n<meta property=\"og:description\" content=\"Dal 1\u00b0 gennaio 2023 \u2014per effetto del decreto firmato dal ministro Giancarlo Giorgetti\u2014 scatter\u00e0 la rivalutazione delle pensioni.\" \/>\n<meta property=\"og:url\" content=\"https:\/\/puntodincontro.mx\/es\/2022\/11\/10\/pensiones-italianas-revaluadas-a-partir-del-1-de-enero\/\" \/>\n<meta property=\"og:site_name\" content=\"Puntodincontro\" \/>\n<meta property=\"article:publisher\" content=\"https:\/\/www.facebook.com\/puntodincontro.mx\" \/>\n<meta property=\"article:published_time\" content=\"2022-11-11T05:39:45+00:00\" \/>\n<meta property=\"article:modified_time\" content=\"2022-11-11T11:25:40+00:00\" \/>\n<meta property=\"og:image\" content=\"https:\/\/puntodincontro.mx\/wp-content\/uploads\/2022\/11\/rivalutazionepensionicomp.jpg\" \/>\n\t<meta property=\"og:image:width\" content=\"932\" \/>\n\t<meta property=\"og:image:height\" content=\"488\" \/>\n\t<meta property=\"og:image:type\" content=\"image\/jpeg\" \/>\n<meta name=\"author\" content=\"Puntodincontro\" \/>\n<meta name=\"twitter:card\" content=\"summary_large_image\" \/>\n<meta name=\"twitter:creator\" content=\"@puntodincontro\" \/>\n<meta name=\"twitter:site\" content=\"@puntodincontro\" \/>\n<meta name=\"twitter:label1\" content=\"Escrito por\" \/>\n\t<meta name=\"twitter:data1\" content=\"Puntodincontro\" \/>\n\t<meta name=\"twitter:label2\" content=\"Tiempo de lectura\" \/>\n\t<meta name=\"twitter:data2\" content=\"2 minutos\" \/>\n<script type=\"application\/ld+json\" class=\"yoast-schema-graph\">{\"@context\":\"https:\/\/schema.org\",\"@graph\":[{\"@type\":\"NewsArticle\",\"@id\":\"https:\/\/puntodincontro.mx\/2022\/11\/10\/pensioni-italiane-rivalutate-dal-1-gennaio-ecco-gli-aumenti-in-arrivo\/#article\",\"isPartOf\":{\"@id\":\"https:\/\/puntodincontro.mx\/2022\/11\/10\/pensioni-italiane-rivalutate-dal-1-gennaio-ecco-gli-aumenti-in-arrivo\/\"},\"author\":{\"name\":\"Puntodincontro\",\"@id\":\"https:\/\/puntodincontro.mx\/#\/schema\/person\/d3066d18a16259cbb0c29b0d0e93b556\"},\"headline\":\"Pensioni italiane rivalutate dal 1\u00b0 gennaio: ecco gli aumenti in arrivo\",\"datePublished\":\"2022-11-11T05:39:45+00:00\",\"dateModified\":\"2022-11-11T11:25:40+00:00\",\"mainEntityOfPage\":{\"@id\":\"https:\/\/puntodincontro.mx\/2022\/11\/10\/pensioni-italiane-rivalutate-dal-1-gennaio-ecco-gli-aumenti-in-arrivo\/\"},\"wordCount\":368,\"commentCount\":0,\"publisher\":{\"@id\":\"https:\/\/puntodincontro.mx\/#organization\"},\"image\":{\"@id\":\"https:\/\/puntodincontro.mx\/2022\/11\/10\/pensioni-italiane-rivalutate-dal-1-gennaio-ecco-gli-aumenti-in-arrivo\/#primaryimage\"},\"thumbnailUrl\":\"https:\/\/puntodincontro.mx\/wp-content\/uploads\/2022\/11\/rivalutazionepensionivert.webp\",\"articleSection\":[\"Economia e finanza\"],\"inLanguage\":\"es\",\"potentialAction\":[{\"@type\":\"CommentAction\",\"name\":\"Comment\",\"target\":[\"https:\/\/puntodincontro.mx\/2022\/11\/10\/pensioni-italiane-rivalutate-dal-1-gennaio-ecco-gli-aumenti-in-arrivo\/#respond\"]}]},{\"@type\":\"WebPage\",\"@id\":\"https:\/\/puntodincontro.mx\/2022\/11\/10\/pensioni-italiane-rivalutate-dal-1-gennaio-ecco-gli-aumenti-in-arrivo\/\",\"url\":\"https:\/\/puntodincontro.mx\/2022\/11\/10\/pensioni-italiane-rivalutate-dal-1-gennaio-ecco-gli-aumenti-in-arrivo\/\",\"name\":\"Pensioni italiane rivalutate dal 1\u00b0 gennaio: ecco gli aumenti in arrivo\",\"isPartOf\":{\"@id\":\"https:\/\/puntodincontro.mx\/#website\"},\"primaryImageOfPage\":{\"@id\":\"https:\/\/puntodincontro.mx\/2022\/11\/10\/pensioni-italiane-rivalutate-dal-1-gennaio-ecco-gli-aumenti-in-arrivo\/#primaryimage\"},\"image\":{\"@id\":\"https:\/\/puntodincontro.mx\/2022\/11\/10\/pensioni-italiane-rivalutate-dal-1-gennaio-ecco-gli-aumenti-in-arrivo\/#primaryimage\"},\"thumbnailUrl\":\"https:\/\/puntodincontro.mx\/wp-content\/uploads\/2022\/11\/rivalutazionepensionivert.webp\",\"datePublished\":\"2022-11-11T05:39:45+00:00\",\"dateModified\":\"2022-11-11T11:25:40+00:00\",\"description\":\"Dal 1\u00b0 gennaio 2023 \u2014per effetto del decreto firmato dal ministro Giancarlo Giorgetti\u2014 scatter\u00e0 la rivalutazione delle pensioni.\",\"breadcrumb\":{\"@id\":\"https:\/\/puntodincontro.mx\/2022\/11\/10\/pensioni-italiane-rivalutate-dal-1-gennaio-ecco-gli-aumenti-in-arrivo\/#breadcrumb\"},\"inLanguage\":\"es\",\"potentialAction\":[{\"@type\":\"ReadAction\",\"target\":[\"https:\/\/puntodincontro.mx\/2022\/11\/10\/pensioni-italiane-rivalutate-dal-1-gennaio-ecco-gli-aumenti-in-arrivo\/\"]}]},{\"@type\":\"ImageObject\",\"inLanguage\":\"es\",\"@id\":\"https:\/\/puntodincontro.mx\/2022\/11\/10\/pensioni-italiane-rivalutate-dal-1-gennaio-ecco-gli-aumenti-in-arrivo\/#primaryimage\",\"url\":\"https:\/\/puntodincontro.mx\/wp-content\/uploads\/2022\/11\/rivalutazionepensionivert.webp\",\"contentUrl\":\"https:\/\/puntodincontro.mx\/wp-content\/uploads\/2022\/11\/rivalutazionepensionivert.webp\",\"width\":423,\"height\":488,\"caption\":\"Pensioni italiane rivalutate dal 1\u00b0 gennaio: ecco gli aumenti in arrivo\"},{\"@type\":\"BreadcrumbList\",\"@id\":\"https:\/\/puntodincontro.mx\/2022\/11\/10\/pensioni-italiane-rivalutate-dal-1-gennaio-ecco-gli-aumenti-in-arrivo\/#breadcrumb\",\"itemListElement\":[{\"@type\":\"ListItem\",\"position\":1,\"name\":\"Home\",\"item\":\"https:\/\/puntodincontro.mx\/\"},{\"@type\":\"ListItem\",\"position\":2,\"name\":\"Pensioni italiane rivalutate dal 1\u00b0 gennaio: ecco gli aumenti in arrivo\"}]},{\"@type\":\"WebSite\",\"@id\":\"https:\/\/puntodincontro.mx\/#website\",\"url\":\"https:\/\/puntodincontro.mx\/\",\"name\":\"Puntodincontro\",\"description\":\"Dal 2006 notizie sui rapporti Italia-Messico \/ Desde 2006 noticias sobre las relaciones entre Italia y M\u00e9xico\",\"publisher\":{\"@id\":\"https:\/\/puntodincontro.mx\/#organization\"},\"potentialAction\":[{\"@type\":\"SearchAction\",\"target\":{\"@type\":\"EntryPoint\",\"urlTemplate\":\"https:\/\/puntodincontro.mx\/?s={search_term_string}\"},\"query-input\":{\"@type\":\"PropertyValueSpecification\",\"valueRequired\":true,\"valueName\":\"search_term_string\"}}],\"inLanguage\":\"es\"},{\"@type\":\"Organization\",\"@id\":\"https:\/\/puntodincontro.mx\/#organization\",\"name\":\"Puntodincontro\",\"url\":\"https:\/\/puntodincontro.mx\/\",\"logo\":{\"@type\":\"ImageObject\",\"inLanguage\":\"es\",\"@id\":\"https:\/\/puntodincontro.mx\/#\/schema\/logo\/image\/\",\"url\":\"https:\/\/puntodincontro.mx\/wp-content\/uploads\/2021\/08\/Default-image-for-open-graph-settings.jpg\",\"contentUrl\":\"https:\/\/puntodincontro.mx\/wp-content\/uploads\/2021\/08\/Default-image-for-open-graph-settings.jpg\",\"width\":1200,\"height\":630,\"caption\":\"Puntodincontro\"},\"image\":{\"@id\":\"https:\/\/puntodincontro.mx\/#\/schema\/logo\/image\/\"},\"sameAs\":[\"https:\/\/www.facebook.com\/puntodincontro.mx\",\"https:\/\/x.com\/puntodincontro\",\"https:\/\/www.instagram.com\/puntodincontro.mx\/\",\"https:\/\/www.linkedin.com\/company\/puntodincontro\/\",\"https:\/\/www.youtube.com\/c\/puntodincontromessico\",\"https:\/\/www.patreon.com\/puntodincontro\",\"https:\/\/www.threads.net\/@puntodincontro.mx\"]},{\"@type\":\"Person\",\"@id\":\"https:\/\/puntodincontro.mx\/#\/schema\/person\/d3066d18a16259cbb0c29b0d0e93b556\",\"name\":\"Puntodincontro\",\"image\":{\"@type\":\"ImageObject\",\"inLanguage\":\"es\",\"@id\":\"https:\/\/puntodincontro.mx\/#\/schema\/person\/image\/\",\"url\":\"https:\/\/secure.gravatar.com\/avatar\/0e85b4b3b5e9d6bfcec6a4956d8cc63a?s=96&d=mm&r=g\",\"contentUrl\":\"https:\/\/secure.gravatar.com\/avatar\/0e85b4b3b5e9d6bfcec6a4956d8cc63a?s=96&d=mm&r=g\",\"caption\":\"Puntodincontro\"},\"url\":\"https:\/\/puntodincontro.mx\/es\/author\/puntodincontro\/\"}]}<\/script>\n<!-- \/ Yoast SEO Premium plugin. -->","yoast_head_json":{"title":"Pensiones italianas revaluadas a partir del 1\u00ba de enero","description":"A partir del 1\u00ba de enero de 2023 \u2014como resultado del decreto firmado por el ministro Giorgetti\u2014 se activar\u00e1 la revalorizaci\u00f3n de las pensiones.","robots":{"index":"index","follow":"follow","max-snippet":"max-snippet:-1","max-image-preview":"max-image-preview:large","max-video-preview":"max-video-preview:-1"},"canonical":"https:\/\/puntodincontro.mx\/es\/2022\/11\/10\/pensiones-italianas-revaluadas-a-partir-del-1-de-enero\/","og_locale":"es_MX","og_type":"article","og_title":"Pensioni italiane rivalutate dal 1\u00b0 gennaio: ecco gli aumenti in arrivo","og_description":"Dal 1\u00b0 gennaio 2023 \u2014per effetto del decreto firmato dal ministro Giancarlo Giorgetti\u2014 scatter\u00e0 la rivalutazione delle pensioni.","og_url":"https:\/\/puntodincontro.mx\/es\/2022\/11\/10\/pensiones-italianas-revaluadas-a-partir-del-1-de-enero\/","og_site_name":"Puntodincontro","article_publisher":"https:\/\/www.facebook.com\/puntodincontro.mx","article_published_time":"2022-11-11T05:39:45+00:00","article_modified_time":"2022-11-11T11:25:40+00:00","og_image":[{"width":932,"height":488,"url":"https:\/\/puntodincontro.mx\/wp-content\/uploads\/2022\/11\/rivalutazionepensionicomp.jpg","type":"image\/jpeg"}],"author":"Puntodincontro","twitter_card":"summary_large_image","twitter_creator":"@puntodincontro","twitter_site":"@puntodincontro","twitter_misc":{"Escrito por":"Puntodincontro","Tiempo de lectura":"2 minutos"},"schema":{"@context":"https:\/\/schema.org","@graph":[{"@type":"NewsArticle","@id":"https:\/\/puntodincontro.mx\/2022\/11\/10\/pensioni-italiane-rivalutate-dal-1-gennaio-ecco-gli-aumenti-in-arrivo\/#article","isPartOf":{"@id":"https:\/\/puntodincontro.mx\/2022\/11\/10\/pensioni-italiane-rivalutate-dal-1-gennaio-ecco-gli-aumenti-in-arrivo\/"},"author":{"name":"Puntodincontro","@id":"https:\/\/puntodincontro.mx\/#\/schema\/person\/d3066d18a16259cbb0c29b0d0e93b556"},"headline":"Pensioni italiane rivalutate dal 1\u00b0 gennaio: ecco gli aumenti in arrivo","datePublished":"2022-11-11T05:39:45+00:00","dateModified":"2022-11-11T11:25:40+00:00","mainEntityOfPage":{"@id":"https:\/\/puntodincontro.mx\/2022\/11\/10\/pensioni-italiane-rivalutate-dal-1-gennaio-ecco-gli-aumenti-in-arrivo\/"},"wordCount":368,"commentCount":0,"publisher":{"@id":"https:\/\/puntodincontro.mx\/#organization"},"image":{"@id":"https:\/\/puntodincontro.mx\/2022\/11\/10\/pensioni-italiane-rivalutate-dal-1-gennaio-ecco-gli-aumenti-in-arrivo\/#primaryimage"},"thumbnailUrl":"https:\/\/puntodincontro.mx\/wp-content\/uploads\/2022\/11\/rivalutazionepensionivert.webp","articleSection":["Economia e finanza"],"inLanguage":"es","potentialAction":[{"@type":"CommentAction","name":"Comment","target":["https:\/\/puntodincontro.mx\/2022\/11\/10\/pensioni-italiane-rivalutate-dal-1-gennaio-ecco-gli-aumenti-in-arrivo\/#respond"]}]},{"@type":"WebPage","@id":"https:\/\/puntodincontro.mx\/2022\/11\/10\/pensioni-italiane-rivalutate-dal-1-gennaio-ecco-gli-aumenti-in-arrivo\/","url":"https:\/\/puntodincontro.mx\/2022\/11\/10\/pensioni-italiane-rivalutate-dal-1-gennaio-ecco-gli-aumenti-in-arrivo\/","name":"Pensiones italianas revaluadas a partir del 1\u00ba de enero","isPartOf":{"@id":"https:\/\/puntodincontro.mx\/#website"},"primaryImageOfPage":{"@id":"https:\/\/puntodincontro.mx\/2022\/11\/10\/pensioni-italiane-rivalutate-dal-1-gennaio-ecco-gli-aumenti-in-arrivo\/#primaryimage"},"image":{"@id":"https:\/\/puntodincontro.mx\/2022\/11\/10\/pensioni-italiane-rivalutate-dal-1-gennaio-ecco-gli-aumenti-in-arrivo\/#primaryimage"},"thumbnailUrl":"https:\/\/puntodincontro.mx\/wp-content\/uploads\/2022\/11\/rivalutazionepensionivert.webp","datePublished":"2022-11-11T05:39:45+00:00","dateModified":"2022-11-11T11:25:40+00:00","description":"A partir del 1\u00ba de enero de 2023 \u2014como resultado del decreto firmado por el ministro Giorgetti\u2014 se activar\u00e1 la revalorizaci\u00f3n de las pensiones.","breadcrumb":{"@id":"https:\/\/puntodincontro.mx\/2022\/11\/10\/pensioni-italiane-rivalutate-dal-1-gennaio-ecco-gli-aumenti-in-arrivo\/#breadcrumb"},"inLanguage":"es","potentialAction":[{"@type":"ReadAction","target":["https:\/\/puntodincontro.mx\/2022\/11\/10\/pensioni-italiane-rivalutate-dal-1-gennaio-ecco-gli-aumenti-in-arrivo\/"]}]},{"@type":"ImageObject","inLanguage":"es","@id":"https:\/\/puntodincontro.mx\/2022\/11\/10\/pensioni-italiane-rivalutate-dal-1-gennaio-ecco-gli-aumenti-in-arrivo\/#primaryimage","url":"https:\/\/puntodincontro.mx\/wp-content\/uploads\/2022\/11\/rivalutazionepensionivert.webp","contentUrl":"https:\/\/puntodincontro.mx\/wp-content\/uploads\/2022\/11\/rivalutazionepensionivert.webp","width":423,"height":488,"caption":"Pensioni italiane rivalutate dal 1\u00b0 gennaio: ecco gli aumenti in arrivo"},{"@type":"BreadcrumbList","@id":"https:\/\/puntodincontro.mx\/2022\/11\/10\/pensioni-italiane-rivalutate-dal-1-gennaio-ecco-gli-aumenti-in-arrivo\/#breadcrumb","itemListElement":[{"@type":"ListItem","position":1,"name":"Home","item":"https:\/\/puntodincontro.mx\/"},{"@type":"ListItem","position":2,"name":"Pensioni italiane rivalutate dal 1\u00b0 gennaio: ecco gli aumenti in arrivo"}]},{"@type":"WebSite","@id":"https:\/\/puntodincontro.mx\/#website","url":"https:\/\/puntodincontro.mx\/","name":"Puntodincontro","description":"Desde el 2006 noticias sobre las relaciones entre Italia y M\u00e9xico \/ Dal 2006 notizie sui rapporti Italia-Messico","publisher":{"@id":"https:\/\/puntodincontro.mx\/#organization"},"potentialAction":[{"@type":"SearchAction","target":{"@type":"EntryPoint","urlTemplate":"https:\/\/puntodincontro.mx\/?s={search_term_string}"},"query-input":{"@type":"PropertyValueSpecification","valueRequired":true,"valueName":"search_term_string"}}],"inLanguage":"es"},{"@type":"Organization","@id":"https:\/\/puntodincontro.mx\/#organization","name":"Puntodincontro","url":"https:\/\/puntodincontro.mx\/","logo":{"@type":"ImageObject","inLanguage":"es","@id":"https:\/\/puntodincontro.mx\/#\/schema\/logo\/image\/","url":"https:\/\/puntodincontro.mx\/wp-content\/uploads\/2021\/08\/Default-image-for-open-graph-settings.jpg","contentUrl":"https:\/\/puntodincontro.mx\/wp-content\/uploads\/2021\/08\/Default-image-for-open-graph-settings.jpg","width":1200,"height":630,"caption":"Puntodincontro"},"image":{"@id":"https:\/\/puntodincontro.mx\/#\/schema\/logo\/image\/"},"sameAs":["https:\/\/www.facebook.com\/puntodincontro.mx","https:\/\/x.com\/puntodincontro","https:\/\/www.instagram.com\/puntodincontro.mx\/","https:\/\/www.linkedin.com\/company\/puntodincontro\/","https:\/\/www.youtube.com\/c\/puntodincontromessico","https:\/\/www.patreon.com\/puntodincontro","https:\/\/www.threads.net\/@puntodincontro.mx"]},{"@type":"Person","@id":"https:\/\/puntodincontro.mx\/#\/schema\/person\/d3066d18a16259cbb0c29b0d0e93b556","name":"Puntodincontro","image":{"@type":"ImageObject","inLanguage":"es","@id":"https:\/\/puntodincontro.mx\/#\/schema\/person\/image\/","url":"https:\/\/secure.gravatar.com\/avatar\/0e85b4b3b5e9d6bfcec6a4956d8cc63a?s=96&d=mm&r=g","contentUrl":"https:\/\/secure.gravatar.com\/avatar\/0e85b4b3b5e9d6bfcec6a4956d8cc63a?s=96&d=mm&r=g","caption":"Puntodincontro"},"url":"https:\/\/puntodincontro.mx\/es\/author\/puntodincontro\/"}]}},"_links":{"self":[{"href":"https:\/\/puntodincontro.mx\/es\/wp-json\/wp\/v2\/posts\/9085"}],"collection":[{"href":"https:\/\/puntodincontro.mx\/es\/wp-json\/wp\/v2\/posts"}],"about":[{"href":"https:\/\/puntodincontro.mx\/es\/wp-json\/wp\/v2\/types\/post"}],"author":[{"embeddable":true,"href":"https:\/\/puntodincontro.mx\/es\/wp-json\/wp\/v2\/users\/2"}],"replies":[{"embeddable":true,"href":"https:\/\/puntodincontro.mx\/es\/wp-json\/wp\/v2\/comments?post=9085"}],"version-history":[{"count":8,"href":"https:\/\/puntodincontro.mx\/es\/wp-json\/wp\/v2\/posts\/9085\/revisions"}],"predecessor-version":[{"id":9099,"href":"https:\/\/puntodincontro.mx\/es\/wp-json\/wp\/v2\/posts\/9085\/revisions\/9099"}],"wp:featuredmedia":[{"embeddable":true,"href":"https:\/\/puntodincontro.mx\/es\/wp-json\/wp\/v2\/media\/9090"}],"wp:attachment":[{"href":"https:\/\/puntodincontro.mx\/es\/wp-json\/wp\/v2\/media?parent=9085"}],"wp:term":[{"taxonomy":"category","embeddable":true,"href":"https:\/\/puntodincontro.mx\/es\/wp-json\/wp\/v2\/categories?post=9085"},{"taxonomy":"post_tag","embeddable":true,"href":"https:\/\/puntodincontro.mx\/es\/wp-json\/wp\/v2\/tags?post=9085"}],"curies":[{"name":"wp","href":"https:\/\/api.w.org\/{rel}","templated":true}]}}