{"id":9592,"date":"2022-12-10T07:15:02","date_gmt":"2022-12-10T13:15:02","guid":{"rendered":"https:\/\/puntodincontro.mx\/?p=9592"},"modified":"2022-12-10T07:15:44","modified_gmt":"2022-12-10T13:15:44","slug":"mexico-eu-y-canada-calientan-motores-para-el-mundial-2026","status":"publish","type":"post","link":"https:\/\/puntodincontro.mx\/es\/2022\/12\/10\/messico-usa-e-canada-scaldano-i-motori-per-il-mondiale-2026\/","title":{"rendered":"M\u00e9xico, EU y Canad\u00e1 calientan motores para el Mundial 2026"},"content":{"rendered":"<p class=\"translation-block\"><strong>06:14 hrs.<\/strong> - M\u00e9xico, EU y Canad\u00e1 est\u00e1n a punto de hacer historia en la Copa del Mundo.<\/p>\n\n\n\n<p>Despu\u00e9s de la final de Qatar 2022, prevista para el 18 de diciembre, depender\u00e1 de estas tres importantes naciones organizar juntas la pr\u00f3xima Copa Mundial de la FIFA. Tambi\u00e9n habr\u00e1 un cambio importante en el formato del torneo, ya que, por primera vez, se pasar\u00e1 de los tradicionales 32 a 48 equipos, en 16 ciudades diferentes.<\/p>\n\n\n\n<p class=\"translation-block\">\u00abCreo que esta parte del mundo no se da cuenta de lo que suceder\u00e1 aqu\u00ed en 2026. Estos tres pa\u00edses se revolucionar\u00e1n y se volver\u00e1n a transformar. El mundo inundar\u00e1 M\u00e9xico, Estados Unidos y Canad\u00e1 con una gran ola de alegr\u00eda y felicidad, porque as\u00ed es el futbol. El futbol es tambi\u00e9n el deporte de los inmigrantes, la inclusi\u00f3n y la unidad. Con 48 pa\u00edses que llegar\u00e1n y jugar\u00e1n esta Copa del Mundo, ser\u00e1 incre\u00edble y el futbol en ese momento en M\u00e9xico, EU y Canad\u00e1 alcanzar\u00e1 un nivel completamente diferente. En esta parte del mundo son l\u00edderes mundiales en muchas \u00e1reas: en la econom\u00eda, en el deporte, etc. Pero en el deporte n\u00famero uno del mundo que es el futbol, \u200b\u200btodav\u00eda no lo son y el objetivo debe ser convertirse en l\u00edderes tambi\u00e9n en este sector. Estas ciudades organizar\u00e1n una fant\u00e1stica Copa del Mundo. Hoy la Copa del Mundo tiene 64 partidos. En 2026 la Copa del Mundo tendr\u00e1 80 Superbowls, 80 partidos incre\u00edbles, 80 finales y debemos asegurarnos de que se jueguen en las mejores condiciones\u00bb, dijo el abogado \u00edtalo-suizo Gianni Infantino, presidente de la FIFA, con motivo de la <a href=\"https:\/\/www.fifa.com\/fifaplus\/es\/tournaments\/mens\/worldcup\/canadamexicousa2026\" target=\"_blank\" rel=\"noreferrer noopener\">conferencia de presentaci\u00f3n oficial<\/a> el 17 de junio.<\/p>\n\n\n\n<p>El empresario canadiense de origen italiano Victor Montagliani, presidente de la Confederaci\u00f3n Norteamericana, Centroamericana y del Caribe de F\u00fatbol (CONCACAF), habl\u00f3 de la emoci\u00f3n de llevar un torneo multicultural y global a sociedades tan diferentes, inspiradas por el deporte. \u00abLos dos somos hijos de inmigrantes: yo en Norteam\u00e9rica y Gianni en Suiza y probablemente el f\u00fatbol es lo que m\u00e1s uni\u00f3 a nuestros antepasados. Este trofeo significa mucho para muchas personas. Podemos conectar muchos de nuestros recuerdos en nuestras vidas a este trofeo, por lo que es una ocasi\u00f3n importante para nuestra regi\u00f3n y para los tres pa\u00edses\u00bb.<\/p>\n\n\n\n<p>En M\u00e9xico, EU y Canad\u00e1, la Ciudad de M\u00e9xico, Guadalajara, Monterrey, Atlanta, Boston, Dallas, Houston, Kansas City, Los \u00c1ngeles, Nueva York, Filadelfia, San Francisco, Seattle, Toronto y Vancouver ser\u00e1n las ciudades elegidas para albergar la 23\u00aa edici\u00f3n del evento mundial.<\/p>\n\n\n\n<div style=\"height:12px\" aria-hidden=\"true\" class=\"wp-block-spacer\"><\/div>\n\n\n<!-- Ad space powered by WP AdCenter v2.5.7 - https:\/\/wpadcenter.com\/ --><div class=\"wpadcenter-adgroup\" ><div class=\"wpadcenter-adgroup__row wpadcenter-aligncenter\"><div class=\"wpadcenter-ad-container\" ><div id=\"wpadcenter-ad-18464\" class=\"ad-placement\"><div class=\"wpadcenter-ad-inner\" ><a id=\"wpadcenter_ad\" data-value=\"18464\" data-placement=\"\" href=\"https:\/\/www.productosremo.com\/\" target=\"_blank\" class=\"wpadcenter-ad-inner__item\" ><img decoding=\"async\"   src=\"https:\/\/puntodincontro.mx\/wp-content\/uploads\/2021\/08\/remobanner.jpg\" class=\"attachment-post-thumbnail size-post-thumbnail wp-post-image\" alt=\"\" srcset=\"https:\/\/puntodincontro.mx\/wp-content\/uploads\/2021\/08\/remobanner.jpg 200w, https:\/\/puntodincontro.mx\/wp-content\/uploads\/2021\/08\/remobanner-16x5.jpg 16w\" sizes=\"(max-width: 200px) 100vw, 200px\" \/><\/a><\/div><\/div><\/div><div class=\"wpadcenter-ad-container\" ><div id=\"wpadcenter-ad-5305\" class=\"ad-placement\"><div class=\"wpadcenter-ad-inner\" ><a id=\"wpadcenter_ad\" data-value=\"5305\" data-placement=\"\" href=\"https:\/\/ambcittadelmessico.esteri.it\/ambasciata_cittadelmessico\/it\/\" target=\"_blank\" class=\"wpadcenter-ad-inner__item\" ><img decoding=\"async\"   src=\"https:\/\/puntodincontro.mx\/wp-content\/uploads\/2022\/05\/Ambasciata.jpg\" class=\"attachment-post-thumbnail size-post-thumbnail wp-post-image\" alt=\"\" srcset=\"https:\/\/puntodincontro.mx\/wp-content\/uploads\/2022\/05\/Ambasciata.jpg 200w, https:\/\/puntodincontro.mx\/wp-content\/uploads\/2022\/05\/Ambasciata-18x5.jpg 18w\" sizes=\"(max-width: 200px) 100vw, 200px\" \/><\/a><\/div><\/div><\/div><div class=\"wpadcenter-ad-container\" ><div id=\"wpadcenter-ad-3781\" class=\"ad-placement\"><div class=\"wpadcenter-ad-inner\" ><a id=\"wpadcenter_ad\" data-value=\"3781\" data-placement=\"\" href=\"https:\/\/cannizzo.com.mx\/\" target=\"_blank\" class=\"wpadcenter-ad-inner__item\" ><img decoding=\"async\"   src=\"https:\/\/puntodincontro.mx\/wp-content\/uploads\/2022\/03\/cannizzo2.jpg\" class=\"attachment-post-thumbnail size-post-thumbnail wp-post-image\" alt=\"\" srcset=\"https:\/\/puntodincontro.mx\/wp-content\/uploads\/2022\/03\/cannizzo2.jpg 200w, https:\/\/puntodincontro.mx\/wp-content\/uploads\/2022\/03\/cannizzo2-18x5.jpg 18w\" sizes=\"(max-width: 200px) 100vw, 200px\" \/><\/a><\/div><\/div><\/div><\/div><div class=\"wpadcenter-adgroup__row wpadcenter-aligncenter\"><div class=\"wpadcenter-ad-container\" ><div id=\"wpadcenter-ad-1704\" class=\"ad-placement\"><div class=\"wpadcenter-ad-inner\" ><a id=\"wpadcenter_ad\" data-value=\"1704\" data-placement=\"\" href=\"https:\/\/puntodincontro.mx\/es\/2021\/12\/24\/inps-verificacion-de-supervivencia-de-los-pensionados-en-el-extranjero\/\" target=\"_blank\" class=\"wpadcenter-ad-inner__item\" ><img decoding=\"async\"   src=\"https:\/\/puntodincontro.mx\/wp-content\/uploads\/2021\/11\/logo-ital.jpg\" class=\"attachment-post-thumbnail size-post-thumbnail wp-post-image\" alt=\"Patronato ITAL Messico\" srcset=\"https:\/\/puntodincontro.mx\/wp-content\/uploads\/2021\/11\/logo-ital.jpg 200w, https:\/\/puntodincontro.mx\/wp-content\/uploads\/2021\/11\/logo-ital-16x5.jpg 16w\" sizes=\"(max-width: 200px) 100vw, 200px\" \/><\/a><\/div><\/div><\/div><div class=\"wpadcenter-ad-container\" ><div id=\"wpadcenter-ad-1538\" class=\"ad-placement\"><div class=\"wpadcenter-ad-inner\" ><a id=\"wpadcenter_ad\" data-value=\"1538\" data-placement=\"\" href=\"https:\/\/asociacionitaliana.org\/\" target=\"_blank\" class=\"wpadcenter-ad-inner__item\" ><img decoding=\"async\"   src=\"https:\/\/puntodincontro.mx\/wp-content\/uploads\/2021\/11\/aialogo.jpg\" class=\"attachment-post-thumbnail size-post-thumbnail wp-post-image\" alt=\"Associazione Italiana di Assistenza IAP\" srcset=\"https:\/\/puntodincontro.mx\/wp-content\/uploads\/2021\/11\/aialogo.jpg 200w, https:\/\/puntodincontro.mx\/wp-content\/uploads\/2021\/11\/aialogo-18x5.jpg 18w\" sizes=\"(max-width: 200px) 100vw, 200px\" \/><\/a><\/div><\/div><\/div><div class=\"wpadcenter-ad-container\" ><div id=\"wpadcenter-ad-1513\" class=\"ad-placement\"><div class=\"wpadcenter-ad-inner\" ><a id=\"wpadcenter_ad\" data-value=\"1513\" data-placement=\"\" href=\"https:\/\/gcinmuebles.mx\" target=\"_blank\" class=\"wpadcenter-ad-inner__item\" ><img decoding=\"async\"   src=\"https:\/\/puntodincontro.mx\/wp-content\/uploads\/2021\/10\/gcinmuebleslogopunto-1.jpg\" class=\"attachment-post-thumbnail size-post-thumbnail wp-post-image\" alt=\"\" srcset=\"https:\/\/puntodincontro.mx\/wp-content\/uploads\/2021\/10\/gcinmuebleslogopunto-1.jpg 200w, https:\/\/puntodincontro.mx\/wp-content\/uploads\/2021\/10\/gcinmuebleslogopunto-1-18x5.jpg 18w\" sizes=\"(max-width: 200px) 100vw, 200px\" \/><\/a><\/div><\/div><\/div><\/div><div class=\"wpadcenter-adgroup__row wpadcenter-aligncenter\"><div class=\"wpadcenter-ad-container\" ><div id=\"wpadcenter-ad-1374\" class=\"ad-placement\"><div class=\"wpadcenter-ad-inner\" ><a id=\"wpadcenter_ad\" data-value=\"1374\" data-placement=\"\" href=\"https:\/\/www.9colonne.it\/\" target=\"_blank\" class=\"wpadcenter-ad-inner__item\" ><img decoding=\"async\"   src=\"https:\/\/puntodincontro.mx\/wp-content\/uploads\/2021\/10\/Banner9colonne.gif\" class=\"attachment-post-thumbnail size-post-thumbnail wp-post-image\" alt=\"\" \/><\/a><\/div><\/div><\/div><div class=\"wpadcenter-ad-container\" ><div id=\"wpadcenter-ad-276\" class=\"ad-placement\"><div class=\"wpadcenter-ad-inner\" ><a id=\"wpadcenter_ad\" data-value=\"276\" data-placement=\"\" href=\"http:\/\/www.camaraitaliana.mx\/\" target=\"_blank\" class=\"wpadcenter-ad-inner__item\" ><img decoding=\"async\"   src=\"https:\/\/puntodincontro.mx\/wp-content\/uploads\/2021\/08\/ccimnuovo.jpg\" class=\"attachment-post-thumbnail size-post-thumbnail wp-post-image\" alt=\"\" srcset=\"https:\/\/puntodincontro.mx\/wp-content\/uploads\/2021\/08\/ccimnuovo.jpg 200w, https:\/\/puntodincontro.mx\/wp-content\/uploads\/2021\/08\/ccimnuovo-18x5.jpg 18w\" sizes=\"(max-width: 200px) 100vw, 200px\" \/><\/a><\/div><\/div><\/div><div class=\"wpadcenter-ad-container\" ><div id=\"wpadcenter-ad-272\" class=\"ad-placement\"><div class=\"wpadcenter-ad-inner\" ><a id=\"wpadcenter_ad\" data-value=\"272\" data-placement=\"\" href=\"http:\/\/corix.us\/\" target=\"_blank\" class=\"wpadcenter-ad-inner__item\" ><img decoding=\"async\"   src=\"https:\/\/puntodincontro.mx\/wp-content\/uploads\/2021\/08\/corixbanner-1.jpg\" class=\"attachment-post-thumbnail size-post-thumbnail wp-post-image\" alt=\"\" srcset=\"https:\/\/puntodincontro.mx\/wp-content\/uploads\/2021\/08\/corixbanner-1.jpg 200w, https:\/\/puntodincontro.mx\/wp-content\/uploads\/2021\/08\/corixbanner-1-16x5.jpg 16w\" sizes=\"(max-width: 200px) 100vw, 200px\" \/><\/a><\/div><\/div><\/div><\/div><div class=\"wpadcenter-adgroup__row wpadcenter-aligncenter\"><div class=\"wpadcenter-ad-container\" ><div id=\"wpadcenter-ad-266\" class=\"ad-placement\"><div class=\"wpadcenter-ad-inner\" ><a id=\"wpadcenter_ad\" data-value=\"266\" data-placement=\"\" href=\"https:\/\/www.prinsel.com.mx\/\" target=\"_blank\" class=\"wpadcenter-ad-inner__item\" ><img decoding=\"async\"   src=\"https:\/\/puntodincontro.mx\/wp-content\/uploads\/2021\/08\/prinselbanner-1.jpg\" class=\"attachment-post-thumbnail size-post-thumbnail wp-post-image\" alt=\"\" srcset=\"https:\/\/puntodincontro.mx\/wp-content\/uploads\/2021\/08\/prinselbanner-1.jpg 200w, https:\/\/puntodincontro.mx\/wp-content\/uploads\/2021\/08\/prinselbanner-1-16x5.jpg 16w\" sizes=\"(max-width: 200px) 100vw, 200px\" \/><\/a><\/div><\/div><\/div><div class=\"wpadcenter-ad-container\" ><div id=\"wpadcenter-ad-261\" class=\"ad-placement\"><div class=\"wpadcenter-ad-inner\" ><a id=\"wpadcenter_ad\" data-value=\"261\" data-placement=\"\" href=\"https:\/\/faitalia.com.mx\/\" target=\"_blank\" class=\"wpadcenter-ad-inner__item\" ><img decoding=\"async\"   src=\"https:\/\/puntodincontro.mx\/wp-content\/uploads\/2021\/08\/gruppodino.jpg\" class=\"attachment-post-thumbnail size-post-thumbnail wp-post-image\" alt=\"\" srcset=\"https:\/\/puntodincontro.mx\/wp-content\/uploads\/2021\/08\/gruppodino.jpg 200w, https:\/\/puntodincontro.mx\/wp-content\/uploads\/2021\/08\/gruppodino-18x5.jpg 18w\" sizes=\"(max-width: 200px) 100vw, 200px\" \/><\/a><\/div><\/div><\/div><\/div><\/div>","protected":false},"excerpt":{"rendered":"<p>Ore 06.14 &#8211; Messico, Usa e Canada stanno per entrare nella storia dei Mondiali di calcio. Dopo la finale di Qatar 2022, in programma il 18 dicembre, toccher\u00e0 a queste tre importanti nazioni organizzare insieme la prossima coppa del mondo della FIFA. \u00c8 prevista anche una importante modifica del formato del torneo, perch\u00e9, per la prima volta, si passer\u00e0 dalle tradizionali 32 a 48 squadre, in 16 citt\u00e0 diverse. \u00abPenso che questa parte del mondo non si renda conto di cosa accadr\u00e0 qui nel 2026. Questi tre Paesi saranno capovolti e poi capovolti di nuovo. Il mondo invader\u00e0 Messico, Stati&#8230; <\/p>","protected":false},"author":2,"featured_media":9598,"comment_status":"open","ping_status":"open","sticky":false,"template":"","format":"standard","meta":{"_monsterinsights_skip_tracking":false,"_monsterinsights_sitenote_active":false,"_monsterinsights_sitenote_note":"","_monsterinsights_sitenote_category":0,"footnotes":""},"categories":[11],"tags":[],"class_list":["post-9592","post","type-post","status-publish","format-standard","has-post-thumbnail","hentry","category-sport"],"yoast_head":"<!-- This site is optimized with the Yoast SEO Premium plugin v18.4 (Yoast SEO v25.6) - https:\/\/yoast.com\/wordpress\/plugins\/seo\/ -->\n<title>Messico, Usa e Canada scaldano i motori per il Mondiale 2026<\/title>\n<meta name=\"description\" content=\"Dopo la finale di Qatar 2022 il 18 dicembre, toccher\u00e0 a queste tre importanti nazioni organizzare la prossima coppa del mondo della FIFA.\" \/>\n<meta name=\"robots\" content=\"index, follow, max-snippet:-1, max-image-preview:large, max-video-preview:-1\" \/>\n<link rel=\"canonical\" href=\"https:\/\/puntodincontro.mx\/es\/2022\/12\/10\/mexico-eu-y-canada-calientan-motores-para-el-mundial-2026\/\" \/>\n<meta property=\"og:locale\" content=\"es_MX\" \/>\n<meta property=\"og:type\" content=\"article\" \/>\n<meta property=\"og:title\" content=\"Messico, Usa e Canada scaldano i motori per il Mondiale 2026\" \/>\n<meta property=\"og:description\" content=\"Dopo la finale di Qatar 2022 il 18 dicembre, toccher\u00e0 a queste tre importanti nazioni organizzare la prossima coppa del mondo della FIFA.\" \/>\n<meta property=\"og:url\" content=\"https:\/\/puntodincontro.mx\/es\/2022\/12\/10\/mexico-eu-y-canada-calientan-motores-para-el-mundial-2026\/\" \/>\n<meta property=\"og:site_name\" content=\"Puntodincontro\" \/>\n<meta property=\"article:publisher\" content=\"https:\/\/www.facebook.com\/puntodincontro.mx\" \/>\n<meta property=\"article:published_time\" content=\"2022-12-10T13:15:02+00:00\" \/>\n<meta property=\"article:modified_time\" content=\"2022-12-10T13:15:44+00:00\" \/>\n<meta property=\"og:image\" content=\"https:\/\/puntodincontro.mx\/wp-content\/uploads\/2022\/12\/messicousaecanadacomp.jpg\" \/>\n\t<meta property=\"og:image:width\" content=\"932\" \/>\n\t<meta property=\"og:image:height\" content=\"488\" \/>\n\t<meta property=\"og:image:type\" content=\"image\/jpeg\" \/>\n<meta name=\"author\" content=\"Puntodincontro\" \/>\n<meta name=\"twitter:card\" content=\"summary_large_image\" \/>\n<meta name=\"twitter:creator\" content=\"@puntodincontro\" \/>\n<meta name=\"twitter:site\" content=\"@puntodincontro\" \/>\n<meta name=\"twitter:label1\" content=\"Escrito por\" \/>\n\t<meta name=\"twitter:data1\" content=\"Puntodincontro\" \/>\n\t<meta name=\"twitter:label2\" content=\"Tiempo de lectura\" \/>\n\t<meta name=\"twitter:data2\" content=\"2 minutos\" \/>\n<script type=\"application\/ld+json\" class=\"yoast-schema-graph\">{\"@context\":\"https:\/\/schema.org\",\"@graph\":[{\"@type\":\"NewsArticle\",\"@id\":\"https:\/\/puntodincontro.mx\/2022\/12\/10\/messico-usa-e-canada-scaldano-i-motori-per-il-mondiale-2026\/#article\",\"isPartOf\":{\"@id\":\"https:\/\/puntodincontro.mx\/2022\/12\/10\/messico-usa-e-canada-scaldano-i-motori-per-il-mondiale-2026\/\"},\"author\":{\"name\":\"Puntodincontro\",\"@id\":\"https:\/\/puntodincontro.mx\/#\/schema\/person\/d3066d18a16259cbb0c29b0d0e93b556\"},\"headline\":\"Messico, Usa e Canada scaldano i motori per il Mondiale 2026\",\"datePublished\":\"2022-12-10T13:15:02+00:00\",\"dateModified\":\"2022-12-10T13:15:44+00:00\",\"mainEntityOfPage\":{\"@id\":\"https:\/\/puntodincontro.mx\/2022\/12\/10\/messico-usa-e-canada-scaldano-i-motori-per-il-mondiale-2026\/\"},\"wordCount\":393,\"commentCount\":0,\"publisher\":{\"@id\":\"https:\/\/puntodincontro.mx\/#organization\"},\"image\":{\"@id\":\"https:\/\/puntodincontro.mx\/2022\/12\/10\/messico-usa-e-canada-scaldano-i-motori-per-il-mondiale-2026\/#primaryimage\"},\"thumbnailUrl\":\"https:\/\/puntodincontro.mx\/wp-content\/uploads\/2022\/12\/messicousaecanadavert.webp\",\"articleSection\":[\"Sport\"],\"inLanguage\":\"es\",\"potentialAction\":[{\"@type\":\"CommentAction\",\"name\":\"Comment\",\"target\":[\"https:\/\/puntodincontro.mx\/2022\/12\/10\/messico-usa-e-canada-scaldano-i-motori-per-il-mondiale-2026\/#respond\"]}]},{\"@type\":\"WebPage\",\"@id\":\"https:\/\/puntodincontro.mx\/2022\/12\/10\/messico-usa-e-canada-scaldano-i-motori-per-il-mondiale-2026\/\",\"url\":\"https:\/\/puntodincontro.mx\/2022\/12\/10\/messico-usa-e-canada-scaldano-i-motori-per-il-mondiale-2026\/\",\"name\":\"Messico, Usa e Canada scaldano i motori per il Mondiale 2026\",\"isPartOf\":{\"@id\":\"https:\/\/puntodincontro.mx\/#website\"},\"primaryImageOfPage\":{\"@id\":\"https:\/\/puntodincontro.mx\/2022\/12\/10\/messico-usa-e-canada-scaldano-i-motori-per-il-mondiale-2026\/#primaryimage\"},\"image\":{\"@id\":\"https:\/\/puntodincontro.mx\/2022\/12\/10\/messico-usa-e-canada-scaldano-i-motori-per-il-mondiale-2026\/#primaryimage\"},\"thumbnailUrl\":\"https:\/\/puntodincontro.mx\/wp-content\/uploads\/2022\/12\/messicousaecanadavert.webp\",\"datePublished\":\"2022-12-10T13:15:02+00:00\",\"dateModified\":\"2022-12-10T13:15:44+00:00\",\"description\":\"Dopo la finale di Qatar 2022 il 18 dicembre, toccher\u00e0 a queste tre importanti nazioni organizzare la prossima coppa del mondo della FIFA.\",\"breadcrumb\":{\"@id\":\"https:\/\/puntodincontro.mx\/2022\/12\/10\/messico-usa-e-canada-scaldano-i-motori-per-il-mondiale-2026\/#breadcrumb\"},\"inLanguage\":\"es\",\"potentialAction\":[{\"@type\":\"ReadAction\",\"target\":[\"https:\/\/puntodincontro.mx\/2022\/12\/10\/messico-usa-e-canada-scaldano-i-motori-per-il-mondiale-2026\/\"]}]},{\"@type\":\"ImageObject\",\"inLanguage\":\"es\",\"@id\":\"https:\/\/puntodincontro.mx\/2022\/12\/10\/messico-usa-e-canada-scaldano-i-motori-per-il-mondiale-2026\/#primaryimage\",\"url\":\"https:\/\/puntodincontro.mx\/wp-content\/uploads\/2022\/12\/messicousaecanadavert.webp\",\"contentUrl\":\"https:\/\/puntodincontro.mx\/wp-content\/uploads\/2022\/12\/messicousaecanadavert.webp\",\"width\":423,\"height\":488,\"caption\":\"Messico, Usa e Canada scaldano i motori per il Mondiale 2026\"},{\"@type\":\"BreadcrumbList\",\"@id\":\"https:\/\/puntodincontro.mx\/2022\/12\/10\/messico-usa-e-canada-scaldano-i-motori-per-il-mondiale-2026\/#breadcrumb\",\"itemListElement\":[{\"@type\":\"ListItem\",\"position\":1,\"name\":\"Home\",\"item\":\"https:\/\/puntodincontro.mx\/\"},{\"@type\":\"ListItem\",\"position\":2,\"name\":\"Messico, Usa e Canada scaldano i motori per il Mondiale 2026\"}]},{\"@type\":\"WebSite\",\"@id\":\"https:\/\/puntodincontro.mx\/#website\",\"url\":\"https:\/\/puntodincontro.mx\/\",\"name\":\"Puntodincontro\",\"description\":\"Dal 2006 notizie sui rapporti Italia-Messico \/ Desde 2006 noticias sobre las relaciones entre Italia y M\u00e9xico\",\"publisher\":{\"@id\":\"https:\/\/puntodincontro.mx\/#organization\"},\"potentialAction\":[{\"@type\":\"SearchAction\",\"target\":{\"@type\":\"EntryPoint\",\"urlTemplate\":\"https:\/\/puntodincontro.mx\/?s={search_term_string}\"},\"query-input\":{\"@type\":\"PropertyValueSpecification\",\"valueRequired\":true,\"valueName\":\"search_term_string\"}}],\"inLanguage\":\"es\"},{\"@type\":\"Organization\",\"@id\":\"https:\/\/puntodincontro.mx\/#organization\",\"name\":\"Puntodincontro\",\"url\":\"https:\/\/puntodincontro.mx\/\",\"logo\":{\"@type\":\"ImageObject\",\"inLanguage\":\"es\",\"@id\":\"https:\/\/puntodincontro.mx\/#\/schema\/logo\/image\/\",\"url\":\"https:\/\/puntodincontro.mx\/wp-content\/uploads\/2021\/08\/Default-image-for-open-graph-settings.jpg\",\"contentUrl\":\"https:\/\/puntodincontro.mx\/wp-content\/uploads\/2021\/08\/Default-image-for-open-graph-settings.jpg\",\"width\":1200,\"height\":630,\"caption\":\"Puntodincontro\"},\"image\":{\"@id\":\"https:\/\/puntodincontro.mx\/#\/schema\/logo\/image\/\"},\"sameAs\":[\"https:\/\/www.facebook.com\/puntodincontro.mx\",\"https:\/\/x.com\/puntodincontro\",\"https:\/\/www.instagram.com\/puntodincontro.mx\/\",\"https:\/\/www.linkedin.com\/company\/puntodincontro\/\",\"https:\/\/www.youtube.com\/c\/puntodincontromessico\",\"https:\/\/www.patreon.com\/puntodincontro\",\"https:\/\/www.threads.net\/@puntodincontro.mx\"]},{\"@type\":\"Person\",\"@id\":\"https:\/\/puntodincontro.mx\/#\/schema\/person\/d3066d18a16259cbb0c29b0d0e93b556\",\"name\":\"Puntodincontro\",\"image\":{\"@type\":\"ImageObject\",\"inLanguage\":\"es\",\"@id\":\"https:\/\/puntodincontro.mx\/#\/schema\/person\/image\/\",\"url\":\"https:\/\/secure.gravatar.com\/avatar\/0e85b4b3b5e9d6bfcec6a4956d8cc63a?s=96&d=mm&r=g\",\"contentUrl\":\"https:\/\/secure.gravatar.com\/avatar\/0e85b4b3b5e9d6bfcec6a4956d8cc63a?s=96&d=mm&r=g\",\"caption\":\"Puntodincontro\"},\"url\":\"https:\/\/puntodincontro.mx\/es\/author\/puntodincontro\/\"}]}<\/script>\n<!-- \/ Yoast SEO Premium plugin. -->","yoast_head_json":{"title":"M\u00e9xico, EU y Canad\u00e1 calientan motores para el Mundial 2026","description":"Despu\u00e9s de la final de Qatar 2022 el 18 de diciembre, depender\u00e1 de estas tres importantes naciones organizar la pr\u00f3xima copa mundial de la FIFA.","robots":{"index":"index","follow":"follow","max-snippet":"max-snippet:-1","max-image-preview":"max-image-preview:large","max-video-preview":"max-video-preview:-1"},"canonical":"https:\/\/puntodincontro.mx\/es\/2022\/12\/10\/mexico-eu-y-canada-calientan-motores-para-el-mundial-2026\/","og_locale":"es_MX","og_type":"article","og_title":"Messico, Usa e Canada scaldano i motori per il Mondiale 2026","og_description":"Dopo la finale di Qatar 2022 il 18 dicembre, toccher\u00e0 a queste tre importanti nazioni organizzare la prossima coppa del mondo della FIFA.","og_url":"https:\/\/puntodincontro.mx\/es\/2022\/12\/10\/mexico-eu-y-canada-calientan-motores-para-el-mundial-2026\/","og_site_name":"Puntodincontro","article_publisher":"https:\/\/www.facebook.com\/puntodincontro.mx","article_published_time":"2022-12-10T13:15:02+00:00","article_modified_time":"2022-12-10T13:15:44+00:00","og_image":[{"width":932,"height":488,"url":"https:\/\/puntodincontro.mx\/wp-content\/uploads\/2022\/12\/messicousaecanadacomp.jpg","type":"image\/jpeg"}],"author":"Puntodincontro","twitter_card":"summary_large_image","twitter_creator":"@puntodincontro","twitter_site":"@puntodincontro","twitter_misc":{"Escrito por":"Puntodincontro","Tiempo de lectura":"2 minutos"},"schema":{"@context":"https:\/\/schema.org","@graph":[{"@type":"NewsArticle","@id":"https:\/\/puntodincontro.mx\/2022\/12\/10\/messico-usa-e-canada-scaldano-i-motori-per-il-mondiale-2026\/#article","isPartOf":{"@id":"https:\/\/puntodincontro.mx\/2022\/12\/10\/messico-usa-e-canada-scaldano-i-motori-per-il-mondiale-2026\/"},"author":{"name":"Puntodincontro","@id":"https:\/\/puntodincontro.mx\/#\/schema\/person\/d3066d18a16259cbb0c29b0d0e93b556"},"headline":"Messico, Usa e Canada scaldano i motori per il Mondiale 2026","datePublished":"2022-12-10T13:15:02+00:00","dateModified":"2022-12-10T13:15:44+00:00","mainEntityOfPage":{"@id":"https:\/\/puntodincontro.mx\/2022\/12\/10\/messico-usa-e-canada-scaldano-i-motori-per-il-mondiale-2026\/"},"wordCount":393,"commentCount":0,"publisher":{"@id":"https:\/\/puntodincontro.mx\/#organization"},"image":{"@id":"https:\/\/puntodincontro.mx\/2022\/12\/10\/messico-usa-e-canada-scaldano-i-motori-per-il-mondiale-2026\/#primaryimage"},"thumbnailUrl":"https:\/\/puntodincontro.mx\/wp-content\/uploads\/2022\/12\/messicousaecanadavert.webp","articleSection":["Sport"],"inLanguage":"es","potentialAction":[{"@type":"CommentAction","name":"Comment","target":["https:\/\/puntodincontro.mx\/2022\/12\/10\/messico-usa-e-canada-scaldano-i-motori-per-il-mondiale-2026\/#respond"]}]},{"@type":"WebPage","@id":"https:\/\/puntodincontro.mx\/2022\/12\/10\/messico-usa-e-canada-scaldano-i-motori-per-il-mondiale-2026\/","url":"https:\/\/puntodincontro.mx\/2022\/12\/10\/messico-usa-e-canada-scaldano-i-motori-per-il-mondiale-2026\/","name":"M\u00e9xico, EU y Canad\u00e1 calientan motores para el Mundial 2026","isPartOf":{"@id":"https:\/\/puntodincontro.mx\/#website"},"primaryImageOfPage":{"@id":"https:\/\/puntodincontro.mx\/2022\/12\/10\/messico-usa-e-canada-scaldano-i-motori-per-il-mondiale-2026\/#primaryimage"},"image":{"@id":"https:\/\/puntodincontro.mx\/2022\/12\/10\/messico-usa-e-canada-scaldano-i-motori-per-il-mondiale-2026\/#primaryimage"},"thumbnailUrl":"https:\/\/puntodincontro.mx\/wp-content\/uploads\/2022\/12\/messicousaecanadavert.webp","datePublished":"2022-12-10T13:15:02+00:00","dateModified":"2022-12-10T13:15:44+00:00","description":"Despu\u00e9s de la final de Qatar 2022 el 18 de diciembre, depender\u00e1 de estas tres importantes naciones organizar la pr\u00f3xima copa mundial de la FIFA.","breadcrumb":{"@id":"https:\/\/puntodincontro.mx\/2022\/12\/10\/messico-usa-e-canada-scaldano-i-motori-per-il-mondiale-2026\/#breadcrumb"},"inLanguage":"es","potentialAction":[{"@type":"ReadAction","target":["https:\/\/puntodincontro.mx\/2022\/12\/10\/messico-usa-e-canada-scaldano-i-motori-per-il-mondiale-2026\/"]}]},{"@type":"ImageObject","inLanguage":"es","@id":"https:\/\/puntodincontro.mx\/2022\/12\/10\/messico-usa-e-canada-scaldano-i-motori-per-il-mondiale-2026\/#primaryimage","url":"https:\/\/puntodincontro.mx\/wp-content\/uploads\/2022\/12\/messicousaecanadavert.webp","contentUrl":"https:\/\/puntodincontro.mx\/wp-content\/uploads\/2022\/12\/messicousaecanadavert.webp","width":423,"height":488,"caption":"Messico, Usa e Canada scaldano i motori per il Mondiale 2026"},{"@type":"BreadcrumbList","@id":"https:\/\/puntodincontro.mx\/2022\/12\/10\/messico-usa-e-canada-scaldano-i-motori-per-il-mondiale-2026\/#breadcrumb","itemListElement":[{"@type":"ListItem","position":1,"name":"Home","item":"https:\/\/puntodincontro.mx\/"},{"@type":"ListItem","position":2,"name":"Messico, Usa e Canada scaldano i motori per il Mondiale 2026"}]},{"@type":"WebSite","@id":"https:\/\/puntodincontro.mx\/#website","url":"https:\/\/puntodincontro.mx\/","name":"Puntodincontro","description":"Desde el 2006 noticias sobre las relaciones entre Italia y M\u00e9xico \/ Dal 2006 notizie sui rapporti Italia-Messico","publisher":{"@id":"https:\/\/puntodincontro.mx\/#organization"},"potentialAction":[{"@type":"SearchAction","target":{"@type":"EntryPoint","urlTemplate":"https:\/\/puntodincontro.mx\/?s={search_term_string}"},"query-input":{"@type":"PropertyValueSpecification","valueRequired":true,"valueName":"search_term_string"}}],"inLanguage":"es"},{"@type":"Organization","@id":"https:\/\/puntodincontro.mx\/#organization","name":"Puntodincontro","url":"https:\/\/puntodincontro.mx\/","logo":{"@type":"ImageObject","inLanguage":"es","@id":"https:\/\/puntodincontro.mx\/#\/schema\/logo\/image\/","url":"https:\/\/puntodincontro.mx\/wp-content\/uploads\/2021\/08\/Default-image-for-open-graph-settings.jpg","contentUrl":"https:\/\/puntodincontro.mx\/wp-content\/uploads\/2021\/08\/Default-image-for-open-graph-settings.jpg","width":1200,"height":630,"caption":"Puntodincontro"},"image":{"@id":"https:\/\/puntodincontro.mx\/#\/schema\/logo\/image\/"},"sameAs":["https:\/\/www.facebook.com\/puntodincontro.mx","https:\/\/x.com\/puntodincontro","https:\/\/www.instagram.com\/puntodincontro.mx\/","https:\/\/www.linkedin.com\/company\/puntodincontro\/","https:\/\/www.youtube.com\/c\/puntodincontromessico","https:\/\/www.patreon.com\/puntodincontro","https:\/\/www.threads.net\/@puntodincontro.mx"]},{"@type":"Person","@id":"https:\/\/puntodincontro.mx\/#\/schema\/person\/d3066d18a16259cbb0c29b0d0e93b556","name":"Puntodincontro","image":{"@type":"ImageObject","inLanguage":"es","@id":"https:\/\/puntodincontro.mx\/#\/schema\/person\/image\/","url":"https:\/\/secure.gravatar.com\/avatar\/0e85b4b3b5e9d6bfcec6a4956d8cc63a?s=96&d=mm&r=g","contentUrl":"https:\/\/secure.gravatar.com\/avatar\/0e85b4b3b5e9d6bfcec6a4956d8cc63a?s=96&d=mm&r=g","caption":"Puntodincontro"},"url":"https:\/\/puntodincontro.mx\/es\/author\/puntodincontro\/"}]}},"_links":{"self":[{"href":"https:\/\/puntodincontro.mx\/es\/wp-json\/wp\/v2\/posts\/9592"}],"collection":[{"href":"https:\/\/puntodincontro.mx\/es\/wp-json\/wp\/v2\/posts"}],"about":[{"href":"https:\/\/puntodincontro.mx\/es\/wp-json\/wp\/v2\/types\/post"}],"author":[{"embeddable":true,"href":"https:\/\/puntodincontro.mx\/es\/wp-json\/wp\/v2\/users\/2"}],"replies":[{"embeddable":true,"href":"https:\/\/puntodincontro.mx\/es\/wp-json\/wp\/v2\/comments?post=9592"}],"version-history":[{"count":8,"href":"https:\/\/puntodincontro.mx\/es\/wp-json\/wp\/v2\/posts\/9592\/revisions"}],"predecessor-version":[{"id":9604,"href":"https:\/\/puntodincontro.mx\/es\/wp-json\/wp\/v2\/posts\/9592\/revisions\/9604"}],"wp:featuredmedia":[{"embeddable":true,"href":"https:\/\/puntodincontro.mx\/es\/wp-json\/wp\/v2\/media\/9598"}],"wp:attachment":[{"href":"https:\/\/puntodincontro.mx\/es\/wp-json\/wp\/v2\/media?parent=9592"}],"wp:term":[{"taxonomy":"category","embeddable":true,"href":"https:\/\/puntodincontro.mx\/es\/wp-json\/wp\/v2\/categories?post=9592"},{"taxonomy":"post_tag","embeddable":true,"href":"https:\/\/puntodincontro.mx\/es\/wp-json\/wp\/v2\/tags?post=9592"}],"curies":[{"name":"wp","href":"https:\/\/api.w.org\/{rel}","templated":true}]}}