{"id":970,"date":"2021-09-28T06:07:47","date_gmt":"2021-09-28T11:07:47","guid":{"rendered":"https:\/\/puntodincontro.mx\/?p=970"},"modified":"2021-09-28T06:27:42","modified_gmt":"2021-09-28T11:27:42","slug":"il-bicentenario-dellindipendenza-messicana-nella-piazza-che-ricorda-la-costituzione-spagnola","status":"publish","type":"post","link":"https:\/\/puntodincontro.mx\/es\/2021\/09\/28\/il-bicentenario-dellindipendenza-messicana-nella-piazza-che-ricorda-la-costituzione-spagnola\/","title":{"rendered":"El bicentenario de la independencia mexicana en la plaza que recuerda la constituci\u00f3n espa\u00f1ola"},"content":{"rendered":"<p class=\"translation-block\"><strong>05:57 hrs.<\/strong> \u2013 La Plaza de la Constituci\u00f3n, conocida popularmente como El Z\u00f3calo, es la plaza principal de la Ciudad de M\u00e9xico y una de las m\u00e1s grandes del mundo (195 x 240 m). Su nombre recuerda la Constituci\u00f3n de C\u00e1diz, promulgada en 1812 en Espa\u00f1a, que estableci\u00f3 el sufragio universal indirecto masculino, la libertad de industria, la libertad de prensa y concedi\u00f3 la ciudadan\u00eda espa\u00f1ola a todos los nacidos en los territorios de la colonia, sin l\u00edmites continentales.<\/p>\n\n\n\n<p>Parad\u00f3jicamente, este mismo lugar, que celebra una Carta Magna Ib\u00e9rica, fue el escenario anoche de la celebraci\u00f3n del bicentenario de la independencia de M\u00e9xico de Espa\u00f1a, en un a\u00f1o que tambi\u00e9n conmemora el 500 aniversario de la conquista de Tenochtitl\u00e1n por Hern\u00e1n Cort\u00e9s.<\/p>\n\n\n\n<p>Un gran espect\u00e1culo hist\u00f3rico marc\u00f3 los festejos en presencia del presidente Andr\u00e9s Manuel L\u00f3pez Obrador, l\u00edderes de la administraci\u00f3n p\u00fablica mexicana y representantes de otros pa\u00edses, entre ellos una delegaci\u00f3n italiana encabezada por el subsecretario de Relaciones Exteriores, Benedetto della Vedova.<\/p>\n\n\n\n<p>Con la ocasi\u00f3n, el pa\u00eds norteamericano recuerda un tercer evento centenario: el 700 aniversario de la fundaci\u00f3n de Tenochtitlan.<\/p>\n\n\n\n<p>El 27 de septiembre marca la conmemoraci\u00f3n de la \u201centrada triunfal\u201d del ej\u00e9rcito insurgente a la Ciudad de M\u00e9xico en 1821, considerado el evento fundacional de la independencia mexicana. \u00abLo que sucedi\u00f3 ese d\u00eda, hace 200 a\u00f1os, marc\u00f3 para siempre nuestra separaci\u00f3n pol\u00edtica de Espa\u00f1a\u00bb, dijo el presidente en un mensaje a la naci\u00f3n.<\/p>\n\n\n\n<p>En un espect\u00e1culo de aproximadamente dos horas transmitido por cadenas de televisi\u00f3n y redes sociales con fuegos artificiales, m\u00fasica y efectos de luz, se reconstruyeron diversos episodios de la historia del pa\u00eds, desde las culturas prehisp\u00e1nicas hasta la Guerra de la Independencia (1810-1821).<\/p>\n\n\n\n<div class=\"wp-block-image\"><figure class=\"aligncenter size-full\"><img loading=\"lazy\" decoding=\"async\" width=\"932\" height=\"699\" src=\"https:\/\/puntodincontro.mx\/wp-content\/uploads\/2021\/09\/ricevimentoconclusivo.jpg\" alt=\"\" class=\"wp-image-976\" srcset=\"https:\/\/puntodincontro.mx\/wp-content\/uploads\/2021\/09\/ricevimentoconclusivo.jpg 932w, https:\/\/puntodincontro.mx\/wp-content\/uploads\/2021\/09\/ricevimentoconclusivo-300x225.jpg 300w, https:\/\/puntodincontro.mx\/wp-content\/uploads\/2021\/09\/ricevimentoconclusivo-768x576.jpg 768w, https:\/\/puntodincontro.mx\/wp-content\/uploads\/2021\/09\/ricevimentoconclusivo-16x12.jpg 16w\" sizes=\"(max-width: 932px) 100vw, 932px\" \/><\/figure><\/div>\n\n\n\n<p class=\"has-text-align-center\">El presidente de M\u00e9xico L\u00f3pez Obrador con el subsecretario Della Vedova, el general Riccardi y el embajador De Chiara en la recepci\u00f3n final de las celebraciones del bicentenario<\/p>\n\n\n\n<div style=\"height:12px\" aria-hidden=\"true\" class=\"wp-block-spacer\"><\/div>\n\n\n\n\n\n<div style=\"height:12px\" aria-hidden=\"true\" class=\"wp-block-spacer\"><\/div>","protected":false},"excerpt":{"rendered":"<p>Ore 05.57 &#8211; La Plaza de la Constituci\u00f3n, popolarmente conosciuta come El Z\u00f3calo, \u00e8 la piazza principale di Citt\u00e0 del Messico e una delle pi\u00f9 grandi del mondo (195 x 240 m). Il suo nome ricorda la Costituzione di Cadice, promulgata nel 1812 in Spagna, che stabiliva il suffragio universale maschile indiretto, la libert\u00e0 di industria, la libert\u00e0 di stampa e concedeva la cittadinanza spagnola a tutti i nati nei territori della colonia, senza limiti continentali. Paradossalmente, proprio questo luogo, che celebra una Magna Carta iberica, \u00e8 stato teatro ieri sera della celebrazione del bicentenario dell&#8217;indipendenza del Messico dalla Spagna,&#8230; <\/p>","protected":false},"author":2,"featured_media":972,"comment_status":"open","ping_status":"open","sticky":false,"template":"","format":"standard","meta":{"_monsterinsights_skip_tracking":false,"_monsterinsights_sitenote_active":false,"_monsterinsights_sitenote_note":"","_monsterinsights_sitenote_category":0,"footnotes":""},"categories":[18],"tags":[],"class_list":["post-970","post","type-post","status-publish","format-standard","has-post-thumbnail","hentry","category-cronaca"],"yoast_head":"<!-- This site is optimized with the Yoast SEO Premium plugin v18.4 (Yoast SEO v25.6) - https:\/\/yoast.com\/wordpress\/plugins\/seo\/ -->\n<title>Il bicentenario dell&#039;indipendenza messicana nella piazza che ricorda la costituzione spagnola Puntodincontro<\/title>\n<meta name=\"description\" content=\"La Plaza de la Constituci\u00f3n, popolarmente conosciuta come El Z\u00f3calo, \u00e8 la piazza principale di Citt\u00e0 del Messico e una delle pi\u00f9 grandi del mondo (195 x 240 m). Il suo nome ricorda la Costituzione di Cadice, promulgata nel 1812 in Spagna, che stabiliva il suffragio universale maschile indiretto, la libert\u00e0 di industria, la libert\u00e0 di stampa e concedeva la cittadinanza spagnola a tutti i nati nei territori della colonia, senza limiti continentali.\" \/>\n<meta name=\"robots\" content=\"index, follow, max-snippet:-1, max-image-preview:large, max-video-preview:-1\" \/>\n<link rel=\"canonical\" href=\"https:\/\/puntodincontro.mx\/es\/2021\/09\/28\/il-bicentenario-dellindipendenza-messicana-nella-piazza-che-ricorda-la-costituzione-spagnola\/\" \/>\n<meta property=\"og:locale\" content=\"es_MX\" \/>\n<meta property=\"og:type\" content=\"article\" \/>\n<meta property=\"og:title\" content=\"Il bicentenario dell&#039;indipendenza messicana nella piazza che ricorda la costituzione spagnola\" \/>\n<meta property=\"og:description\" content=\"La Plaza de la Constituci\u00f3n, popolarmente conosciuta come El Z\u00f3calo, \u00e8 la piazza principale di Citt\u00e0 del Messico e una delle pi\u00f9 grandi del mondo (195 x 240 m). Il suo nome ricorda la Costituzione di Cadice, promulgata nel 1812 in Spagna, che stabiliva il suffragio universale maschile indiretto, la libert\u00e0 di industria, la libert\u00e0 di stampa e concedeva la cittadinanza spagnola a tutti i nati nei territori della colonia, senza limiti continentali.\" \/>\n<meta property=\"og:url\" content=\"https:\/\/puntodincontro.mx\/es\/2021\/09\/28\/il-bicentenario-dellindipendenza-messicana-nella-piazza-che-ricorda-la-costituzione-spagnola\/\" \/>\n<meta property=\"og:site_name\" content=\"Puntodincontro\" \/>\n<meta property=\"article:publisher\" content=\"https:\/\/www.facebook.com\/puntodincontro.mx\" \/>\n<meta property=\"article:published_time\" content=\"2021-09-28T11:07:47+00:00\" \/>\n<meta property=\"article:modified_time\" content=\"2021-09-28T11:27:42+00:00\" \/>\n<meta property=\"og:image\" content=\"https:\/\/puntodincontro.mx\/wp-content\/uploads\/2021\/09\/bicentenariodellindipendenzavert.webp\" \/>\n\t<meta property=\"og:image:width\" content=\"423\" \/>\n\t<meta property=\"og:image:height\" content=\"488\" \/>\n\t<meta property=\"og:image:type\" content=\"image\/webp\" \/>\n<meta name=\"author\" content=\"Puntodincontro\" \/>\n<meta name=\"twitter:card\" content=\"summary_large_image\" \/>\n<meta name=\"twitter:creator\" content=\"@puntodincontro\" \/>\n<meta name=\"twitter:site\" content=\"@puntodincontro\" \/>\n<meta name=\"twitter:label1\" content=\"Escrito por\" \/>\n\t<meta name=\"twitter:data1\" content=\"Puntodincontro\" \/>\n\t<meta name=\"twitter:label2\" content=\"Tiempo de lectura\" \/>\n\t<meta name=\"twitter:data2\" content=\"2 minutos\" \/>\n<script type=\"application\/ld+json\" class=\"yoast-schema-graph\">{\"@context\":\"https:\/\/schema.org\",\"@graph\":[{\"@type\":\"NewsArticle\",\"@id\":\"https:\/\/puntodincontro.mx\/2021\/09\/28\/il-bicentenario-dellindipendenza-messicana-nella-piazza-che-ricorda-la-costituzione-spagnola\/#article\",\"isPartOf\":{\"@id\":\"https:\/\/puntodincontro.mx\/2021\/09\/28\/il-bicentenario-dellindipendenza-messicana-nella-piazza-che-ricorda-la-costituzione-spagnola\/\"},\"author\":{\"name\":\"Puntodincontro\",\"@id\":\"https:\/\/puntodincontro.mx\/#\/schema\/person\/d3066d18a16259cbb0c29b0d0e93b556\"},\"headline\":\"Il bicentenario dell&#8217;indipendenza messicana nella piazza che ricorda la costituzione spagnola\",\"datePublished\":\"2021-09-28T11:07:47+00:00\",\"dateModified\":\"2021-09-28T11:27:42+00:00\",\"mainEntityOfPage\":{\"@id\":\"https:\/\/puntodincontro.mx\/2021\/09\/28\/il-bicentenario-dellindipendenza-messicana-nella-piazza-che-ricorda-la-costituzione-spagnola\/\"},\"wordCount\":304,\"commentCount\":0,\"publisher\":{\"@id\":\"https:\/\/puntodincontro.mx\/#organization\"},\"image\":{\"@id\":\"https:\/\/puntodincontro.mx\/2021\/09\/28\/il-bicentenario-dellindipendenza-messicana-nella-piazza-che-ricorda-la-costituzione-spagnola\/#primaryimage\"},\"thumbnailUrl\":\"https:\/\/puntodincontro.mx\/wp-content\/uploads\/2021\/09\/bicentenariodellindipendenzavert.webp\",\"articleSection\":[\"Cronaca\"],\"inLanguage\":\"es\",\"potentialAction\":[{\"@type\":\"CommentAction\",\"name\":\"Comment\",\"target\":[\"https:\/\/puntodincontro.mx\/2021\/09\/28\/il-bicentenario-dellindipendenza-messicana-nella-piazza-che-ricorda-la-costituzione-spagnola\/#respond\"]}]},{\"@type\":\"WebPage\",\"@id\":\"https:\/\/puntodincontro.mx\/2021\/09\/28\/il-bicentenario-dellindipendenza-messicana-nella-piazza-che-ricorda-la-costituzione-spagnola\/\",\"url\":\"https:\/\/puntodincontro.mx\/2021\/09\/28\/il-bicentenario-dellindipendenza-messicana-nella-piazza-che-ricorda-la-costituzione-spagnola\/\",\"name\":\"Il bicentenario dell'indipendenza messicana nella piazza che ricorda la costituzione spagnola Puntodincontro\",\"isPartOf\":{\"@id\":\"https:\/\/puntodincontro.mx\/#website\"},\"primaryImageOfPage\":{\"@id\":\"https:\/\/puntodincontro.mx\/2021\/09\/28\/il-bicentenario-dellindipendenza-messicana-nella-piazza-che-ricorda-la-costituzione-spagnola\/#primaryimage\"},\"image\":{\"@id\":\"https:\/\/puntodincontro.mx\/2021\/09\/28\/il-bicentenario-dellindipendenza-messicana-nella-piazza-che-ricorda-la-costituzione-spagnola\/#primaryimage\"},\"thumbnailUrl\":\"https:\/\/puntodincontro.mx\/wp-content\/uploads\/2021\/09\/bicentenariodellindipendenzavert.webp\",\"datePublished\":\"2021-09-28T11:07:47+00:00\",\"dateModified\":\"2021-09-28T11:27:42+00:00\",\"description\":\"La Plaza de la Constituci\u00f3n, popolarmente conosciuta come El Z\u00f3calo, \u00e8 la piazza principale di Citt\u00e0 del Messico e una delle pi\u00f9 grandi del mondo (195 x 240 m). Il suo nome ricorda la Costituzione di Cadice, promulgata nel 1812 in Spagna, che stabiliva il suffragio universale maschile indiretto, la libert\u00e0 di industria, la libert\u00e0 di stampa e concedeva la cittadinanza spagnola a tutti i nati nei territori della colonia, senza limiti continentali.\",\"breadcrumb\":{\"@id\":\"https:\/\/puntodincontro.mx\/2021\/09\/28\/il-bicentenario-dellindipendenza-messicana-nella-piazza-che-ricorda-la-costituzione-spagnola\/#breadcrumb\"},\"inLanguage\":\"es\",\"potentialAction\":[{\"@type\":\"ReadAction\",\"target\":[\"https:\/\/puntodincontro.mx\/2021\/09\/28\/il-bicentenario-dellindipendenza-messicana-nella-piazza-che-ricorda-la-costituzione-spagnola\/\"]}]},{\"@type\":\"ImageObject\",\"inLanguage\":\"es\",\"@id\":\"https:\/\/puntodincontro.mx\/2021\/09\/28\/il-bicentenario-dellindipendenza-messicana-nella-piazza-che-ricorda-la-costituzione-spagnola\/#primaryimage\",\"url\":\"https:\/\/puntodincontro.mx\/wp-content\/uploads\/2021\/09\/bicentenariodellindipendenzavert.webp\",\"contentUrl\":\"https:\/\/puntodincontro.mx\/wp-content\/uploads\/2021\/09\/bicentenariodellindipendenzavert.webp\",\"width\":423,\"height\":488},{\"@type\":\"BreadcrumbList\",\"@id\":\"https:\/\/puntodincontro.mx\/2021\/09\/28\/il-bicentenario-dellindipendenza-messicana-nella-piazza-che-ricorda-la-costituzione-spagnola\/#breadcrumb\",\"itemListElement\":[{\"@type\":\"ListItem\",\"position\":1,\"name\":\"Home\",\"item\":\"https:\/\/puntodincontro.mx\/\"},{\"@type\":\"ListItem\",\"position\":2,\"name\":\"Il bicentenario dell&#8217;indipendenza messicana nella piazza che ricorda la costituzione spagnola\"}]},{\"@type\":\"WebSite\",\"@id\":\"https:\/\/puntodincontro.mx\/#website\",\"url\":\"https:\/\/puntodincontro.mx\/\",\"name\":\"Puntodincontro\",\"description\":\"Dal 2006 notizie sui rapporti Italia-Messico \/ Desde 2006 noticias sobre las relaciones entre Italia y M\u00e9xico\",\"publisher\":{\"@id\":\"https:\/\/puntodincontro.mx\/#organization\"},\"potentialAction\":[{\"@type\":\"SearchAction\",\"target\":{\"@type\":\"EntryPoint\",\"urlTemplate\":\"https:\/\/puntodincontro.mx\/?s={search_term_string}\"},\"query-input\":{\"@type\":\"PropertyValueSpecification\",\"valueRequired\":true,\"valueName\":\"search_term_string\"}}],\"inLanguage\":\"es\"},{\"@type\":\"Organization\",\"@id\":\"https:\/\/puntodincontro.mx\/#organization\",\"name\":\"Puntodincontro\",\"url\":\"https:\/\/puntodincontro.mx\/\",\"logo\":{\"@type\":\"ImageObject\",\"inLanguage\":\"es\",\"@id\":\"https:\/\/puntodincontro.mx\/#\/schema\/logo\/image\/\",\"url\":\"https:\/\/puntodincontro.mx\/wp-content\/uploads\/2021\/08\/Default-image-for-open-graph-settings.jpg\",\"contentUrl\":\"https:\/\/puntodincontro.mx\/wp-content\/uploads\/2021\/08\/Default-image-for-open-graph-settings.jpg\",\"width\":1200,\"height\":630,\"caption\":\"Puntodincontro\"},\"image\":{\"@id\":\"https:\/\/puntodincontro.mx\/#\/schema\/logo\/image\/\"},\"sameAs\":[\"https:\/\/www.facebook.com\/puntodincontro.mx\",\"https:\/\/x.com\/puntodincontro\",\"https:\/\/www.instagram.com\/puntodincontro.mx\/\",\"https:\/\/www.linkedin.com\/company\/puntodincontro\/\",\"https:\/\/www.youtube.com\/c\/puntodincontromessico\",\"https:\/\/www.patreon.com\/puntodincontro\",\"https:\/\/www.threads.net\/@puntodincontro.mx\"]},{\"@type\":\"Person\",\"@id\":\"https:\/\/puntodincontro.mx\/#\/schema\/person\/d3066d18a16259cbb0c29b0d0e93b556\",\"name\":\"Puntodincontro\",\"image\":{\"@type\":\"ImageObject\",\"inLanguage\":\"es\",\"@id\":\"https:\/\/puntodincontro.mx\/#\/schema\/person\/image\/\",\"url\":\"https:\/\/secure.gravatar.com\/avatar\/0e85b4b3b5e9d6bfcec6a4956d8cc63a?s=96&d=mm&r=g\",\"contentUrl\":\"https:\/\/secure.gravatar.com\/avatar\/0e85b4b3b5e9d6bfcec6a4956d8cc63a?s=96&d=mm&r=g\",\"caption\":\"Puntodincontro\"},\"url\":\"https:\/\/puntodincontro.mx\/es\/author\/puntodincontro\/\"}]}<\/script>\n<!-- \/ Yoast SEO Premium plugin. -->","yoast_head_json":{"title":"Il bicentenario dell'indipendenza messicana nella piazza che ricorda la costituzione spagnola Puntodincontro","description":"La Plaza de la Constituci\u00f3n, conocida popularmente como El Z\u00f3calo, es la plaza principal de la Ciudad de M\u00e9xico y una de las m\u00e1s grandes del mundo (195 x 240 m). Su nombre recuerda la Constituci\u00f3n de C\u00e1diz, promulgada en 1812 en Espa\u00f1a, que estableci\u00f3 el sufragio universal indirecto masculino, la libertad de industria, la libertad de prensa y concedi\u00f3 la ciudadan\u00eda espa\u00f1ola a todos los nacidos en los territorios de la colonia, sin l\u00edmites continentales.","robots":{"index":"index","follow":"follow","max-snippet":"max-snippet:-1","max-image-preview":"max-image-preview:large","max-video-preview":"max-video-preview:-1"},"canonical":"https:\/\/puntodincontro.mx\/es\/2021\/09\/28\/il-bicentenario-dellindipendenza-messicana-nella-piazza-che-ricorda-la-costituzione-spagnola\/","og_locale":"es_MX","og_type":"article","og_title":"Il bicentenario dell'indipendenza messicana nella piazza che ricorda la costituzione spagnola","og_description":"La Plaza de la Constituci\u00f3n, popolarmente conosciuta come El Z\u00f3calo, \u00e8 la piazza principale di Citt\u00e0 del Messico e una delle pi\u00f9 grandi del mondo (195 x 240 m). Il suo nome ricorda la Costituzione di Cadice, promulgata nel 1812 in Spagna, che stabiliva il suffragio universale maschile indiretto, la libert\u00e0 di industria, la libert\u00e0 di stampa e concedeva la cittadinanza spagnola a tutti i nati nei territori della colonia, senza limiti continentali.","og_url":"https:\/\/puntodincontro.mx\/es\/2021\/09\/28\/il-bicentenario-dellindipendenza-messicana-nella-piazza-che-ricorda-la-costituzione-spagnola\/","og_site_name":"Puntodincontro","article_publisher":"https:\/\/www.facebook.com\/puntodincontro.mx","article_published_time":"2021-09-28T11:07:47+00:00","article_modified_time":"2021-09-28T11:27:42+00:00","og_image":[{"width":423,"height":488,"url":"https:\/\/puntodincontro.mx\/wp-content\/uploads\/2021\/09\/bicentenariodellindipendenzavert.webp","type":"image\/webp"}],"author":"Puntodincontro","twitter_card":"summary_large_image","twitter_creator":"@puntodincontro","twitter_site":"@puntodincontro","twitter_misc":{"Escrito por":"Puntodincontro","Tiempo de lectura":"2 minutos"},"schema":{"@context":"https:\/\/schema.org","@graph":[{"@type":"NewsArticle","@id":"https:\/\/puntodincontro.mx\/2021\/09\/28\/il-bicentenario-dellindipendenza-messicana-nella-piazza-che-ricorda-la-costituzione-spagnola\/#article","isPartOf":{"@id":"https:\/\/puntodincontro.mx\/2021\/09\/28\/il-bicentenario-dellindipendenza-messicana-nella-piazza-che-ricorda-la-costituzione-spagnola\/"},"author":{"name":"Puntodincontro","@id":"https:\/\/puntodincontro.mx\/#\/schema\/person\/d3066d18a16259cbb0c29b0d0e93b556"},"headline":"Il bicentenario dell&#8217;indipendenza messicana nella piazza che ricorda la costituzione spagnola","datePublished":"2021-09-28T11:07:47+00:00","dateModified":"2021-09-28T11:27:42+00:00","mainEntityOfPage":{"@id":"https:\/\/puntodincontro.mx\/2021\/09\/28\/il-bicentenario-dellindipendenza-messicana-nella-piazza-che-ricorda-la-costituzione-spagnola\/"},"wordCount":304,"commentCount":0,"publisher":{"@id":"https:\/\/puntodincontro.mx\/#organization"},"image":{"@id":"https:\/\/puntodincontro.mx\/2021\/09\/28\/il-bicentenario-dellindipendenza-messicana-nella-piazza-che-ricorda-la-costituzione-spagnola\/#primaryimage"},"thumbnailUrl":"https:\/\/puntodincontro.mx\/wp-content\/uploads\/2021\/09\/bicentenariodellindipendenzavert.webp","articleSection":["Cronaca"],"inLanguage":"es","potentialAction":[{"@type":"CommentAction","name":"Comment","target":["https:\/\/puntodincontro.mx\/2021\/09\/28\/il-bicentenario-dellindipendenza-messicana-nella-piazza-che-ricorda-la-costituzione-spagnola\/#respond"]}]},{"@type":"WebPage","@id":"https:\/\/puntodincontro.mx\/2021\/09\/28\/il-bicentenario-dellindipendenza-messicana-nella-piazza-che-ricorda-la-costituzione-spagnola\/","url":"https:\/\/puntodincontro.mx\/2021\/09\/28\/il-bicentenario-dellindipendenza-messicana-nella-piazza-che-ricorda-la-costituzione-spagnola\/","name":"Il bicentenario dell'indipendenza messicana nella piazza che ricorda la costituzione spagnola Puntodincontro","isPartOf":{"@id":"https:\/\/puntodincontro.mx\/#website"},"primaryImageOfPage":{"@id":"https:\/\/puntodincontro.mx\/2021\/09\/28\/il-bicentenario-dellindipendenza-messicana-nella-piazza-che-ricorda-la-costituzione-spagnola\/#primaryimage"},"image":{"@id":"https:\/\/puntodincontro.mx\/2021\/09\/28\/il-bicentenario-dellindipendenza-messicana-nella-piazza-che-ricorda-la-costituzione-spagnola\/#primaryimage"},"thumbnailUrl":"https:\/\/puntodincontro.mx\/wp-content\/uploads\/2021\/09\/bicentenariodellindipendenzavert.webp","datePublished":"2021-09-28T11:07:47+00:00","dateModified":"2021-09-28T11:27:42+00:00","description":"La Plaza de la Constituci\u00f3n, conocida popularmente como El Z\u00f3calo, es la plaza principal de la Ciudad de M\u00e9xico y una de las m\u00e1s grandes del mundo (195 x 240 m). Su nombre recuerda la Constituci\u00f3n de C\u00e1diz, promulgada en 1812 en Espa\u00f1a, que estableci\u00f3 el sufragio universal indirecto masculino, la libertad de industria, la libertad de prensa y concedi\u00f3 la ciudadan\u00eda espa\u00f1ola a todos los nacidos en los territorios de la colonia, sin l\u00edmites continentales.","breadcrumb":{"@id":"https:\/\/puntodincontro.mx\/2021\/09\/28\/il-bicentenario-dellindipendenza-messicana-nella-piazza-che-ricorda-la-costituzione-spagnola\/#breadcrumb"},"inLanguage":"es","potentialAction":[{"@type":"ReadAction","target":["https:\/\/puntodincontro.mx\/2021\/09\/28\/il-bicentenario-dellindipendenza-messicana-nella-piazza-che-ricorda-la-costituzione-spagnola\/"]}]},{"@type":"ImageObject","inLanguage":"es","@id":"https:\/\/puntodincontro.mx\/2021\/09\/28\/il-bicentenario-dellindipendenza-messicana-nella-piazza-che-ricorda-la-costituzione-spagnola\/#primaryimage","url":"https:\/\/puntodincontro.mx\/wp-content\/uploads\/2021\/09\/bicentenariodellindipendenzavert.webp","contentUrl":"https:\/\/puntodincontro.mx\/wp-content\/uploads\/2021\/09\/bicentenariodellindipendenzavert.webp","width":423,"height":488},{"@type":"BreadcrumbList","@id":"https:\/\/puntodincontro.mx\/2021\/09\/28\/il-bicentenario-dellindipendenza-messicana-nella-piazza-che-ricorda-la-costituzione-spagnola\/#breadcrumb","itemListElement":[{"@type":"ListItem","position":1,"name":"Home","item":"https:\/\/puntodincontro.mx\/"},{"@type":"ListItem","position":2,"name":"Il bicentenario dell&#8217;indipendenza messicana nella piazza che ricorda la costituzione spagnola"}]},{"@type":"WebSite","@id":"https:\/\/puntodincontro.mx\/#website","url":"https:\/\/puntodincontro.mx\/","name":"Puntodincontro","description":"Desde el 2006 noticias sobre las relaciones entre Italia y M\u00e9xico \/ Dal 2006 notizie sui rapporti Italia-Messico","publisher":{"@id":"https:\/\/puntodincontro.mx\/#organization"},"potentialAction":[{"@type":"SearchAction","target":{"@type":"EntryPoint","urlTemplate":"https:\/\/puntodincontro.mx\/?s={search_term_string}"},"query-input":{"@type":"PropertyValueSpecification","valueRequired":true,"valueName":"search_term_string"}}],"inLanguage":"es"},{"@type":"Organization","@id":"https:\/\/puntodincontro.mx\/#organization","name":"Puntodincontro","url":"https:\/\/puntodincontro.mx\/","logo":{"@type":"ImageObject","inLanguage":"es","@id":"https:\/\/puntodincontro.mx\/#\/schema\/logo\/image\/","url":"https:\/\/puntodincontro.mx\/wp-content\/uploads\/2021\/08\/Default-image-for-open-graph-settings.jpg","contentUrl":"https:\/\/puntodincontro.mx\/wp-content\/uploads\/2021\/08\/Default-image-for-open-graph-settings.jpg","width":1200,"height":630,"caption":"Puntodincontro"},"image":{"@id":"https:\/\/puntodincontro.mx\/#\/schema\/logo\/image\/"},"sameAs":["https:\/\/www.facebook.com\/puntodincontro.mx","https:\/\/x.com\/puntodincontro","https:\/\/www.instagram.com\/puntodincontro.mx\/","https:\/\/www.linkedin.com\/company\/puntodincontro\/","https:\/\/www.youtube.com\/c\/puntodincontromessico","https:\/\/www.patreon.com\/puntodincontro","https:\/\/www.threads.net\/@puntodincontro.mx"]},{"@type":"Person","@id":"https:\/\/puntodincontro.mx\/#\/schema\/person\/d3066d18a16259cbb0c29b0d0e93b556","name":"Puntodincontro","image":{"@type":"ImageObject","inLanguage":"es","@id":"https:\/\/puntodincontro.mx\/#\/schema\/person\/image\/","url":"https:\/\/secure.gravatar.com\/avatar\/0e85b4b3b5e9d6bfcec6a4956d8cc63a?s=96&d=mm&r=g","contentUrl":"https:\/\/secure.gravatar.com\/avatar\/0e85b4b3b5e9d6bfcec6a4956d8cc63a?s=96&d=mm&r=g","caption":"Puntodincontro"},"url":"https:\/\/puntodincontro.mx\/es\/author\/puntodincontro\/"}]}},"_links":{"self":[{"href":"https:\/\/puntodincontro.mx\/es\/wp-json\/wp\/v2\/posts\/970"}],"collection":[{"href":"https:\/\/puntodincontro.mx\/es\/wp-json\/wp\/v2\/posts"}],"about":[{"href":"https:\/\/puntodincontro.mx\/es\/wp-json\/wp\/v2\/types\/post"}],"author":[{"embeddable":true,"href":"https:\/\/puntodincontro.mx\/es\/wp-json\/wp\/v2\/users\/2"}],"replies":[{"embeddable":true,"href":"https:\/\/puntodincontro.mx\/es\/wp-json\/wp\/v2\/comments?post=970"}],"version-history":[{"count":3,"href":"https:\/\/puntodincontro.mx\/es\/wp-json\/wp\/v2\/posts\/970\/revisions"}],"predecessor-version":[{"id":977,"href":"https:\/\/puntodincontro.mx\/es\/wp-json\/wp\/v2\/posts\/970\/revisions\/977"}],"wp:featuredmedia":[{"embeddable":true,"href":"https:\/\/puntodincontro.mx\/es\/wp-json\/wp\/v2\/media\/972"}],"wp:attachment":[{"href":"https:\/\/puntodincontro.mx\/es\/wp-json\/wp\/v2\/media?parent=970"}],"wp:term":[{"taxonomy":"category","embeddable":true,"href":"https:\/\/puntodincontro.mx\/es\/wp-json\/wp\/v2\/categories?post=970"},{"taxonomy":"post_tag","embeddable":true,"href":"https:\/\/puntodincontro.mx\/es\/wp-json\/wp\/v2\/tags?post=970"}],"curies":[{"name":"wp","href":"https:\/\/api.w.org\/{rel}","templated":true}]}}