{"id":989,"date":"2021-09-29T11:56:23","date_gmt":"2021-09-29T16:56:23","guid":{"rendered":"https:\/\/puntodincontro.mx\/?p=989"},"modified":"2021-09-29T11:56:24","modified_gmt":"2021-09-29T16:56:24","slug":"en-milan-alondra-de-la-parra-y-una-muestra-fotografica-celebran-a-mexico","status":"publish","type":"post","link":"https:\/\/puntodincontro.mx\/es\/2021\/09\/29\/a-milano-alondra-de-la-parra-e-una-mostra-fotografica-celebrano-il-messico\/","title":{"rendered":"En Mil\u00e1n, Alondra de la Parra y una exposici\u00f3n fotogr\u00e1fica celebran a M\u00e9xico"},"content":{"rendered":"<p class=\"translation-block\"><strong>11:32 hrs.<\/strong> \u2013 En el marco de las actividades de promoci\u00f3n cultural y conmemoraciones \"2021, A\u00f1o de la Independencia y grandeza de M\u00e9xico\", el Consulado General de M\u00e9xico, en colaboraci\u00f3n con la Fundaci\u00f3n Orquesta Sinf\u00f3nica y el Coro Sinf\u00f3nico Giuseppe Verdi de Mil\u00e1n, presentar\u00e1n del 1 al 10 de octubre la exposici\u00f3n fotogr\u00e1fica \u201cPalacios de la Ciudad de M\u00e9xico\u201d.<\/p>\n\n\n\n<p>La muestra se suma a la presencia en la capital lombarda de la directora mexicana Alondra de la Parra, protagonista de los conciertos que se celebrar\u00e1n en el Auditorio de la ciudad los d\u00edas 30 de septiembre, 1 y 3 de octubre.<\/p>\n\n\n\n<p>La exposici\u00f3n fotogr\u00e1fica presenta tres de los magn\u00edficos edificios de la Ciudad de M\u00e9xico, como testimonio de los cambios y profundas transformaciones del pa\u00eds a lo largo de su historia. Actualmente, varios inmuebles se han transformado en museos o centros culturales, atractivos tur\u00edsticos que forman parte del patrimonio arquitect\u00f3nico nacional.<\/p>\n\n\n\n<p>Esta exposici\u00f3n permite al espectador apreciar a trav\u00e9s de 10 fotograf\u00edas fachadas y vistas del Museo Nacional de Arte, el Museo Nacional de San Carlos y el Palacio de Bellas Artes. Los tres edificios se ubican en el centro hist\u00f3rico de la capital, espacio reconocido en 1987 por la Organizaci\u00f3n de las Naciones Unidas para la Educaci\u00f3n, la Ciencia y la Cultura (UNESCO) como patrimonio cultural de la humanidad.<\/p>\n\n\n\n<p>La exposici\u00f3n \u201cPalacios de la Ciudad de M\u00e9xico\u201d es el resultado de los esfuerzos conjuntos del Consulado General de M\u00e9xico en Mil\u00e1n, la Secretar\u00eda de Relaciones Exteriores de M\u00e9xico, la Agencia Mexicana de Cooperaci\u00f3n Internacional para el Desarrollo (AMEXCID), la Secretar\u00eda de Cultura, el Instituto Nacional de Bellas Artes (INBAL), la Fundaci\u00f3n Orquesta Sinf\u00f3nica y el Coro Sinf\u00f3nico Giuseppe Verdi.<\/p>\n\n\n\n<p class=\"translation-block\">Alondra de la Parra, mexicana nacida en Nueva York, llega a Mil\u00e1n despu\u00e9s de Estados Unidos, Londres, Berl\u00edn, Par\u00eds y Roma. En el programa eligi\u00f3 combinar la versi\u00f3n de c\u00e1mara de <em>Appalachian Spring<\/em> de Copland con <em>Le boeuf sur le toit<\/em> de Milhaud, elegidas para enmarcar <em>Lieder eines fahrenden Gesellen<\/em> de Mahler (en la versi\u00f3n de c\u00e1mara de Sch\u00f6nberg) y las <em>Cinq m\u00e9lodies populaires grecques<\/em> de Ravel interpretadas por el tenor alem\u00e1n Julian Pr\u00e9gardien.<\/p>\n\n\n\n<div class=\"wp-block-image\"><figure class=\"aligncenter size-full\"><img loading=\"lazy\" decoding=\"async\" width=\"932\" height=\"524\" src=\"https:\/\/puntodincontro.mx\/wp-content\/uploads\/2021\/09\/palazzidicittadelmessico.webp\" alt=\"\" class=\"wp-image-995\" srcset=\"https:\/\/puntodincontro.mx\/wp-content\/uploads\/2021\/09\/palazzidicittadelmessico.webp 932w, https:\/\/puntodincontro.mx\/wp-content\/uploads\/2021\/09\/palazzidicittadelmessico-300x169.webp 300w, https:\/\/puntodincontro.mx\/wp-content\/uploads\/2021\/09\/palazzidicittadelmessico-768x432.webp 768w, https:\/\/puntodincontro.mx\/wp-content\/uploads\/2021\/09\/palazzidicittadelmessico-16x9.webp 16w\" sizes=\"(max-width: 932px) 100vw, 932px\" \/><\/figure><\/div>\n\n\n\n<div style=\"height:12px\" aria-hidden=\"true\" class=\"wp-block-spacer\"><\/div>\n\n\n\n\n\n<div style=\"height:12px\" aria-hidden=\"true\" class=\"wp-block-spacer\"><\/div>","protected":false},"excerpt":{"rendered":"<p>Ore 11.32 &#8211; Nell\u2019ambito delle attivit\u00e0 di promozione culturale e delle commemorazioni \u201c2021, Anno dell\u2019Indipendenza e della grandezza del Messico\u201d, il Consolato generale del Messico, in collaborazione con la Fondazione Orchestra sinfonica e il Coro sinfonico Giuseppe Verdi di Milano, presenteranno dal 1\u00ba al 10 ottobre l\u2019esposizione fotografica \u201cPalazzi di Citt\u00e0 del Messico\u201d. La mostra si unisce alla presenza nel capoluogo lombardo della direttrice d\u2019orchestra messicana Alondra de la Parra, protagonista dei concerti che si terranno nell\u2019Auditorium meneghino i giorni 30 settembre, 1 e 3 ottobre. L&#8217;esposizione fotografica presenta tre dei magnifici palazzi di Citt\u00e0 del Messico, come testimonianza dei&#8230; <\/p>","protected":false},"author":2,"featured_media":992,"comment_status":"open","ping_status":"open","sticky":false,"template":"","format":"standard","meta":{"_monsterinsights_skip_tracking":false,"_monsterinsights_sitenote_active":false,"_monsterinsights_sitenote_note":"","_monsterinsights_sitenote_category":0,"footnotes":""},"categories":[6],"tags":[],"class_list":["post-989","post","type-post","status-publish","format-standard","has-post-thumbnail","hentry","category-messico-in-italia"],"yoast_head":"<!-- This site is optimized with the Yoast SEO Premium plugin v18.4 (Yoast SEO v25.6) - https:\/\/yoast.com\/wordpress\/plugins\/seo\/ -->\n<title>A Milano Alondra de la Parra e una mostra fotografica celebrano il Messico Puntodincontro<\/title>\n<meta name=\"description\" content=\"Nell\u2019ambito delle attivit\u00e0 di promozione culturale e delle commemorazioni del 2021 il Consolato generale del Messico presenta l\u2019esposizione fotografica \u201cPalazzi di Citt\u00e0 del Messico\u201d. La mostra si unisce alla presenza nel capoluogo lombardo della direttrice d\u2019orchestra Alondra de la Parra, protagonista dei concerti che si terranno nell\u2019Auditorium meneghino i giorni 30 settembre, 1 e 3 ottobre.\" \/>\n<meta name=\"robots\" content=\"index, follow, max-snippet:-1, max-image-preview:large, max-video-preview:-1\" \/>\n<link rel=\"canonical\" href=\"https:\/\/puntodincontro.mx\/es\/2021\/09\/29\/en-milan-alondra-de-la-parra-y-una-muestra-fotografica-celebran-a-mexico\/\" \/>\n<meta property=\"og:locale\" content=\"es_MX\" \/>\n<meta property=\"og:type\" content=\"article\" \/>\n<meta property=\"og:title\" content=\"A Milano Alondra de la Parra e una mostra fotografica celebrano il Messico\" \/>\n<meta property=\"og:description\" content=\"Nell\u2019ambito delle attivit\u00e0 di promozione culturale e delle commemorazioni del 2021 il Consolato generale del Messico presenta l\u2019esposizione fotografica \u201cPalazzi di Citt\u00e0 del Messico\u201d. La mostra si unisce alla presenza nel capoluogo lombardo della direttrice d\u2019orchestra Alondra de la Parra, protagonista dei concerti che si terranno nell\u2019Auditorium meneghino i giorni 30 settembre, 1 e 3 ottobre.\" \/>\n<meta property=\"og:url\" content=\"https:\/\/puntodincontro.mx\/es\/2021\/09\/29\/en-milan-alondra-de-la-parra-y-una-muestra-fotografica-celebran-a-mexico\/\" \/>\n<meta property=\"og:site_name\" content=\"Puntodincontro\" \/>\n<meta property=\"article:publisher\" content=\"https:\/\/www.facebook.com\/puntodincontro.mx\" \/>\n<meta property=\"article:published_time\" content=\"2021-09-29T16:56:23+00:00\" \/>\n<meta property=\"article:modified_time\" content=\"2021-09-29T16:56:24+00:00\" \/>\n<meta property=\"og:image\" content=\"https:\/\/puntodincontro.mx\/wp-content\/uploads\/2021\/09\/alondradelaparramilanovert.webp\" \/>\n\t<meta property=\"og:image:width\" content=\"423\" \/>\n\t<meta property=\"og:image:height\" content=\"488\" \/>\n\t<meta property=\"og:image:type\" content=\"image\/webp\" \/>\n<meta name=\"author\" content=\"Puntodincontro\" \/>\n<meta name=\"twitter:card\" content=\"summary_large_image\" \/>\n<meta name=\"twitter:creator\" content=\"@puntodincontro\" \/>\n<meta name=\"twitter:site\" content=\"@puntodincontro\" \/>\n<meta name=\"twitter:label1\" content=\"Escrito por\" \/>\n\t<meta name=\"twitter:data1\" content=\"Puntodincontro\" \/>\n\t<meta name=\"twitter:label2\" content=\"Tiempo de lectura\" \/>\n\t<meta name=\"twitter:data2\" content=\"2 minutos\" \/>\n<script type=\"application\/ld+json\" class=\"yoast-schema-graph\">{\"@context\":\"https:\/\/schema.org\",\"@graph\":[{\"@type\":\"NewsArticle\",\"@id\":\"https:\/\/puntodincontro.mx\/2021\/09\/29\/a-milano-alondra-de-la-parra-e-una-mostra-fotografica-celebrano-il-messico\/#article\",\"isPartOf\":{\"@id\":\"https:\/\/puntodincontro.mx\/2021\/09\/29\/a-milano-alondra-de-la-parra-e-una-mostra-fotografica-celebrano-il-messico\/\"},\"author\":{\"name\":\"Puntodincontro\",\"@id\":\"https:\/\/puntodincontro.mx\/#\/schema\/person\/d3066d18a16259cbb0c29b0d0e93b556\"},\"headline\":\"A Milano Alondra de la Parra e una mostra fotografica celebrano il Messico\",\"datePublished\":\"2021-09-29T16:56:23+00:00\",\"dateModified\":\"2021-09-29T16:56:24+00:00\",\"mainEntityOfPage\":{\"@id\":\"https:\/\/puntodincontro.mx\/2021\/09\/29\/a-milano-alondra-de-la-parra-e-una-mostra-fotografica-celebrano-il-messico\/\"},\"wordCount\":336,\"commentCount\":1,\"publisher\":{\"@id\":\"https:\/\/puntodincontro.mx\/#organization\"},\"image\":{\"@id\":\"https:\/\/puntodincontro.mx\/2021\/09\/29\/a-milano-alondra-de-la-parra-e-una-mostra-fotografica-celebrano-il-messico\/#primaryimage\"},\"thumbnailUrl\":\"https:\/\/puntodincontro.mx\/wp-content\/uploads\/2021\/09\/alondradelaparramilanovert.webp\",\"articleSection\":[\"Messico in Italia\"],\"inLanguage\":\"es\",\"potentialAction\":[{\"@type\":\"CommentAction\",\"name\":\"Comment\",\"target\":[\"https:\/\/puntodincontro.mx\/2021\/09\/29\/a-milano-alondra-de-la-parra-e-una-mostra-fotografica-celebrano-il-messico\/#respond\"]}]},{\"@type\":\"WebPage\",\"@id\":\"https:\/\/puntodincontro.mx\/2021\/09\/29\/a-milano-alondra-de-la-parra-e-una-mostra-fotografica-celebrano-il-messico\/\",\"url\":\"https:\/\/puntodincontro.mx\/2021\/09\/29\/a-milano-alondra-de-la-parra-e-una-mostra-fotografica-celebrano-il-messico\/\",\"name\":\"A Milano Alondra de la Parra e una mostra fotografica celebrano il Messico Puntodincontro\",\"isPartOf\":{\"@id\":\"https:\/\/puntodincontro.mx\/#website\"},\"primaryImageOfPage\":{\"@id\":\"https:\/\/puntodincontro.mx\/2021\/09\/29\/a-milano-alondra-de-la-parra-e-una-mostra-fotografica-celebrano-il-messico\/#primaryimage\"},\"image\":{\"@id\":\"https:\/\/puntodincontro.mx\/2021\/09\/29\/a-milano-alondra-de-la-parra-e-una-mostra-fotografica-celebrano-il-messico\/#primaryimage\"},\"thumbnailUrl\":\"https:\/\/puntodincontro.mx\/wp-content\/uploads\/2021\/09\/alondradelaparramilanovert.webp\",\"datePublished\":\"2021-09-29T16:56:23+00:00\",\"dateModified\":\"2021-09-29T16:56:24+00:00\",\"description\":\"Nell\u2019ambito delle attivit\u00e0 di promozione culturale e delle commemorazioni del 2021 il Consolato generale del Messico presenta l\u2019esposizione fotografica \u201cPalazzi di Citt\u00e0 del Messico\u201d. La mostra si unisce alla presenza nel capoluogo lombardo della direttrice d\u2019orchestra Alondra de la Parra, protagonista dei concerti che si terranno nell\u2019Auditorium meneghino i giorni 30 settembre, 1 e 3 ottobre.\",\"breadcrumb\":{\"@id\":\"https:\/\/puntodincontro.mx\/2021\/09\/29\/a-milano-alondra-de-la-parra-e-una-mostra-fotografica-celebrano-il-messico\/#breadcrumb\"},\"inLanguage\":\"es\",\"potentialAction\":[{\"@type\":\"ReadAction\",\"target\":[\"https:\/\/puntodincontro.mx\/2021\/09\/29\/a-milano-alondra-de-la-parra-e-una-mostra-fotografica-celebrano-il-messico\/\"]}]},{\"@type\":\"ImageObject\",\"inLanguage\":\"es\",\"@id\":\"https:\/\/puntodincontro.mx\/2021\/09\/29\/a-milano-alondra-de-la-parra-e-una-mostra-fotografica-celebrano-il-messico\/#primaryimage\",\"url\":\"https:\/\/puntodincontro.mx\/wp-content\/uploads\/2021\/09\/alondradelaparramilanovert.webp\",\"contentUrl\":\"https:\/\/puntodincontro.mx\/wp-content\/uploads\/2021\/09\/alondradelaparramilanovert.webp\",\"width\":423,\"height\":488},{\"@type\":\"BreadcrumbList\",\"@id\":\"https:\/\/puntodincontro.mx\/2021\/09\/29\/a-milano-alondra-de-la-parra-e-una-mostra-fotografica-celebrano-il-messico\/#breadcrumb\",\"itemListElement\":[{\"@type\":\"ListItem\",\"position\":1,\"name\":\"Home\",\"item\":\"https:\/\/puntodincontro.mx\/\"},{\"@type\":\"ListItem\",\"position\":2,\"name\":\"A Milano Alondra de la Parra e una mostra fotografica celebrano il Messico\"}]},{\"@type\":\"WebSite\",\"@id\":\"https:\/\/puntodincontro.mx\/#website\",\"url\":\"https:\/\/puntodincontro.mx\/\",\"name\":\"Puntodincontro\",\"description\":\"Dal 2006 notizie sui rapporti Italia-Messico \/ Desde 2006 noticias sobre las relaciones entre Italia y M\u00e9xico\",\"publisher\":{\"@id\":\"https:\/\/puntodincontro.mx\/#organization\"},\"potentialAction\":[{\"@type\":\"SearchAction\",\"target\":{\"@type\":\"EntryPoint\",\"urlTemplate\":\"https:\/\/puntodincontro.mx\/?s={search_term_string}\"},\"query-input\":{\"@type\":\"PropertyValueSpecification\",\"valueRequired\":true,\"valueName\":\"search_term_string\"}}],\"inLanguage\":\"es\"},{\"@type\":\"Organization\",\"@id\":\"https:\/\/puntodincontro.mx\/#organization\",\"name\":\"Puntodincontro\",\"url\":\"https:\/\/puntodincontro.mx\/\",\"logo\":{\"@type\":\"ImageObject\",\"inLanguage\":\"es\",\"@id\":\"https:\/\/puntodincontro.mx\/#\/schema\/logo\/image\/\",\"url\":\"https:\/\/puntodincontro.mx\/wp-content\/uploads\/2021\/08\/Default-image-for-open-graph-settings.jpg\",\"contentUrl\":\"https:\/\/puntodincontro.mx\/wp-content\/uploads\/2021\/08\/Default-image-for-open-graph-settings.jpg\",\"width\":1200,\"height\":630,\"caption\":\"Puntodincontro\"},\"image\":{\"@id\":\"https:\/\/puntodincontro.mx\/#\/schema\/logo\/image\/\"},\"sameAs\":[\"https:\/\/www.facebook.com\/puntodincontro.mx\",\"https:\/\/x.com\/puntodincontro\",\"https:\/\/www.instagram.com\/puntodincontro.mx\/\",\"https:\/\/www.linkedin.com\/company\/puntodincontro\/\",\"https:\/\/www.youtube.com\/c\/puntodincontromessico\",\"https:\/\/www.patreon.com\/puntodincontro\",\"https:\/\/www.threads.net\/@puntodincontro.mx\"]},{\"@type\":\"Person\",\"@id\":\"https:\/\/puntodincontro.mx\/#\/schema\/person\/d3066d18a16259cbb0c29b0d0e93b556\",\"name\":\"Puntodincontro\",\"image\":{\"@type\":\"ImageObject\",\"inLanguage\":\"es\",\"@id\":\"https:\/\/puntodincontro.mx\/#\/schema\/person\/image\/\",\"url\":\"https:\/\/secure.gravatar.com\/avatar\/0e85b4b3b5e9d6bfcec6a4956d8cc63a?s=96&d=mm&r=g\",\"contentUrl\":\"https:\/\/secure.gravatar.com\/avatar\/0e85b4b3b5e9d6bfcec6a4956d8cc63a?s=96&d=mm&r=g\",\"caption\":\"Puntodincontro\"},\"url\":\"https:\/\/puntodincontro.mx\/es\/author\/puntodincontro\/\"}]}<\/script>\n<!-- \/ Yoast SEO Premium plugin. -->","yoast_head_json":{"title":"A Milano Alondra de la Parra e una mostra fotografica celebrano il Messico Puntodincontro","description":"Como parte de las actividades de promoci\u00f3n cultural y conmemoraciones del 2021, el Consulado General de M\u00e9xico presenta la exposici\u00f3n fotogr\u00e1fica \u201cPalacios de la Ciudad de M\u00e9xico\u201d. La muestra se suma a la presencia en la capital lombarda de la directora Alondra de la Parra, protagonista de los conciertos que se celebrar\u00e1n en el Auditorio de Mil\u00e1n los d\u00edas 30 de septiembre, 1 y 3 de octubre.","robots":{"index":"index","follow":"follow","max-snippet":"max-snippet:-1","max-image-preview":"max-image-preview:large","max-video-preview":"max-video-preview:-1"},"canonical":"https:\/\/puntodincontro.mx\/es\/2021\/09\/29\/en-milan-alondra-de-la-parra-y-una-muestra-fotografica-celebran-a-mexico\/","og_locale":"es_MX","og_type":"article","og_title":"A Milano Alondra de la Parra e una mostra fotografica celebrano il Messico","og_description":"Nell\u2019ambito delle attivit\u00e0 di promozione culturale e delle commemorazioni del 2021 il Consolato generale del Messico presenta l\u2019esposizione fotografica \u201cPalazzi di Citt\u00e0 del Messico\u201d. La mostra si unisce alla presenza nel capoluogo lombardo della direttrice d\u2019orchestra Alondra de la Parra, protagonista dei concerti che si terranno nell\u2019Auditorium meneghino i giorni 30 settembre, 1 e 3 ottobre.","og_url":"https:\/\/puntodincontro.mx\/es\/2021\/09\/29\/en-milan-alondra-de-la-parra-y-una-muestra-fotografica-celebran-a-mexico\/","og_site_name":"Puntodincontro","article_publisher":"https:\/\/www.facebook.com\/puntodincontro.mx","article_published_time":"2021-09-29T16:56:23+00:00","article_modified_time":"2021-09-29T16:56:24+00:00","og_image":[{"width":423,"height":488,"url":"https:\/\/puntodincontro.mx\/wp-content\/uploads\/2021\/09\/alondradelaparramilanovert.webp","type":"image\/webp"}],"author":"Puntodincontro","twitter_card":"summary_large_image","twitter_creator":"@puntodincontro","twitter_site":"@puntodincontro","twitter_misc":{"Escrito por":"Puntodincontro","Tiempo de lectura":"2 minutos"},"schema":{"@context":"https:\/\/schema.org","@graph":[{"@type":"NewsArticle","@id":"https:\/\/puntodincontro.mx\/2021\/09\/29\/a-milano-alondra-de-la-parra-e-una-mostra-fotografica-celebrano-il-messico\/#article","isPartOf":{"@id":"https:\/\/puntodincontro.mx\/2021\/09\/29\/a-milano-alondra-de-la-parra-e-una-mostra-fotografica-celebrano-il-messico\/"},"author":{"name":"Puntodincontro","@id":"https:\/\/puntodincontro.mx\/#\/schema\/person\/d3066d18a16259cbb0c29b0d0e93b556"},"headline":"A Milano Alondra de la Parra e una mostra fotografica celebrano il Messico","datePublished":"2021-09-29T16:56:23+00:00","dateModified":"2021-09-29T16:56:24+00:00","mainEntityOfPage":{"@id":"https:\/\/puntodincontro.mx\/2021\/09\/29\/a-milano-alondra-de-la-parra-e-una-mostra-fotografica-celebrano-il-messico\/"},"wordCount":336,"commentCount":1,"publisher":{"@id":"https:\/\/puntodincontro.mx\/#organization"},"image":{"@id":"https:\/\/puntodincontro.mx\/2021\/09\/29\/a-milano-alondra-de-la-parra-e-una-mostra-fotografica-celebrano-il-messico\/#primaryimage"},"thumbnailUrl":"https:\/\/puntodincontro.mx\/wp-content\/uploads\/2021\/09\/alondradelaparramilanovert.webp","articleSection":["Messico in Italia"],"inLanguage":"es","potentialAction":[{"@type":"CommentAction","name":"Comment","target":["https:\/\/puntodincontro.mx\/2021\/09\/29\/a-milano-alondra-de-la-parra-e-una-mostra-fotografica-celebrano-il-messico\/#respond"]}]},{"@type":"WebPage","@id":"https:\/\/puntodincontro.mx\/2021\/09\/29\/a-milano-alondra-de-la-parra-e-una-mostra-fotografica-celebrano-il-messico\/","url":"https:\/\/puntodincontro.mx\/2021\/09\/29\/a-milano-alondra-de-la-parra-e-una-mostra-fotografica-celebrano-il-messico\/","name":"A Milano Alondra de la Parra e una mostra fotografica celebrano il Messico Puntodincontro","isPartOf":{"@id":"https:\/\/puntodincontro.mx\/#website"},"primaryImageOfPage":{"@id":"https:\/\/puntodincontro.mx\/2021\/09\/29\/a-milano-alondra-de-la-parra-e-una-mostra-fotografica-celebrano-il-messico\/#primaryimage"},"image":{"@id":"https:\/\/puntodincontro.mx\/2021\/09\/29\/a-milano-alondra-de-la-parra-e-una-mostra-fotografica-celebrano-il-messico\/#primaryimage"},"thumbnailUrl":"https:\/\/puntodincontro.mx\/wp-content\/uploads\/2021\/09\/alondradelaparramilanovert.webp","datePublished":"2021-09-29T16:56:23+00:00","dateModified":"2021-09-29T16:56:24+00:00","description":"Como parte de las actividades de promoci\u00f3n cultural y conmemoraciones del 2021, el Consulado General de M\u00e9xico presenta la exposici\u00f3n fotogr\u00e1fica \u201cPalacios de la Ciudad de M\u00e9xico\u201d. La muestra se suma a la presencia en la capital lombarda de la directora Alondra de la Parra, protagonista de los conciertos que se celebrar\u00e1n en el Auditorio de Mil\u00e1n los d\u00edas 30 de septiembre, 1 y 3 de octubre.","breadcrumb":{"@id":"https:\/\/puntodincontro.mx\/2021\/09\/29\/a-milano-alondra-de-la-parra-e-una-mostra-fotografica-celebrano-il-messico\/#breadcrumb"},"inLanguage":"es","potentialAction":[{"@type":"ReadAction","target":["https:\/\/puntodincontro.mx\/2021\/09\/29\/a-milano-alondra-de-la-parra-e-una-mostra-fotografica-celebrano-il-messico\/"]}]},{"@type":"ImageObject","inLanguage":"es","@id":"https:\/\/puntodincontro.mx\/2021\/09\/29\/a-milano-alondra-de-la-parra-e-una-mostra-fotografica-celebrano-il-messico\/#primaryimage","url":"https:\/\/puntodincontro.mx\/wp-content\/uploads\/2021\/09\/alondradelaparramilanovert.webp","contentUrl":"https:\/\/puntodincontro.mx\/wp-content\/uploads\/2021\/09\/alondradelaparramilanovert.webp","width":423,"height":488},{"@type":"BreadcrumbList","@id":"https:\/\/puntodincontro.mx\/2021\/09\/29\/a-milano-alondra-de-la-parra-e-una-mostra-fotografica-celebrano-il-messico\/#breadcrumb","itemListElement":[{"@type":"ListItem","position":1,"name":"Home","item":"https:\/\/puntodincontro.mx\/"},{"@type":"ListItem","position":2,"name":"A Milano Alondra de la Parra e una mostra fotografica celebrano il Messico"}]},{"@type":"WebSite","@id":"https:\/\/puntodincontro.mx\/#website","url":"https:\/\/puntodincontro.mx\/","name":"Puntodincontro","description":"Desde el 2006 noticias sobre las relaciones entre Italia y M\u00e9xico \/ Dal 2006 notizie sui rapporti Italia-Messico","publisher":{"@id":"https:\/\/puntodincontro.mx\/#organization"},"potentialAction":[{"@type":"SearchAction","target":{"@type":"EntryPoint","urlTemplate":"https:\/\/puntodincontro.mx\/?s={search_term_string}"},"query-input":{"@type":"PropertyValueSpecification","valueRequired":true,"valueName":"search_term_string"}}],"inLanguage":"es"},{"@type":"Organization","@id":"https:\/\/puntodincontro.mx\/#organization","name":"Puntodincontro","url":"https:\/\/puntodincontro.mx\/","logo":{"@type":"ImageObject","inLanguage":"es","@id":"https:\/\/puntodincontro.mx\/#\/schema\/logo\/image\/","url":"https:\/\/puntodincontro.mx\/wp-content\/uploads\/2021\/08\/Default-image-for-open-graph-settings.jpg","contentUrl":"https:\/\/puntodincontro.mx\/wp-content\/uploads\/2021\/08\/Default-image-for-open-graph-settings.jpg","width":1200,"height":630,"caption":"Puntodincontro"},"image":{"@id":"https:\/\/puntodincontro.mx\/#\/schema\/logo\/image\/"},"sameAs":["https:\/\/www.facebook.com\/puntodincontro.mx","https:\/\/x.com\/puntodincontro","https:\/\/www.instagram.com\/puntodincontro.mx\/","https:\/\/www.linkedin.com\/company\/puntodincontro\/","https:\/\/www.youtube.com\/c\/puntodincontromessico","https:\/\/www.patreon.com\/puntodincontro","https:\/\/www.threads.net\/@puntodincontro.mx"]},{"@type":"Person","@id":"https:\/\/puntodincontro.mx\/#\/schema\/person\/d3066d18a16259cbb0c29b0d0e93b556","name":"Puntodincontro","image":{"@type":"ImageObject","inLanguage":"es","@id":"https:\/\/puntodincontro.mx\/#\/schema\/person\/image\/","url":"https:\/\/secure.gravatar.com\/avatar\/0e85b4b3b5e9d6bfcec6a4956d8cc63a?s=96&d=mm&r=g","contentUrl":"https:\/\/secure.gravatar.com\/avatar\/0e85b4b3b5e9d6bfcec6a4956d8cc63a?s=96&d=mm&r=g","caption":"Puntodincontro"},"url":"https:\/\/puntodincontro.mx\/es\/author\/puntodincontro\/"}]}},"_links":{"self":[{"href":"https:\/\/puntodincontro.mx\/es\/wp-json\/wp\/v2\/posts\/989"}],"collection":[{"href":"https:\/\/puntodincontro.mx\/es\/wp-json\/wp\/v2\/posts"}],"about":[{"href":"https:\/\/puntodincontro.mx\/es\/wp-json\/wp\/v2\/types\/post"}],"author":[{"embeddable":true,"href":"https:\/\/puntodincontro.mx\/es\/wp-json\/wp\/v2\/users\/2"}],"replies":[{"embeddable":true,"href":"https:\/\/puntodincontro.mx\/es\/wp-json\/wp\/v2\/comments?post=989"}],"version-history":[{"count":4,"href":"https:\/\/puntodincontro.mx\/es\/wp-json\/wp\/v2\/posts\/989\/revisions"}],"predecessor-version":[{"id":996,"href":"https:\/\/puntodincontro.mx\/es\/wp-json\/wp\/v2\/posts\/989\/revisions\/996"}],"wp:featuredmedia":[{"embeddable":true,"href":"https:\/\/puntodincontro.mx\/es\/wp-json\/wp\/v2\/media\/992"}],"wp:attachment":[{"href":"https:\/\/puntodincontro.mx\/es\/wp-json\/wp\/v2\/media?parent=989"}],"wp:term":[{"taxonomy":"category","embeddable":true,"href":"https:\/\/puntodincontro.mx\/es\/wp-json\/wp\/v2\/categories?post=989"},{"taxonomy":"post_tag","embeddable":true,"href":"https:\/\/puntodincontro.mx\/es\/wp-json\/wp\/v2\/tags?post=989"}],"curies":[{"name":"wp","href":"https:\/\/api.w.org\/{rel}","templated":true}]}}