{"id":9920,"date":"2023-01-01T13:48:55","date_gmt":"2023-01-01T19:48:55","guid":{"rendered":"https:\/\/puntodincontro.mx\/?p=9920"},"modified":"2023-01-01T14:17:12","modified_gmt":"2023-01-01T20:17:12","slug":"mexico-participa-en-italia-en-el-torneo-de-panaderia-bread-in-the-city","status":"publish","type":"post","link":"https:\/\/puntodincontro.mx\/es\/2023\/01\/01\/il-messico-partecipa-in-italia-al-torneo-di-panetteria-bread-in-the-city\/","title":{"rendered":"M\u00e9xico participa en Italia en el torneo de panader\u00eda Bread in the City"},"content":{"rendered":"<p class=\"translation-block\"><strong>13:24 hrs.<\/strong> - M\u00e9xico regresa a las competiciones internacionales de panader\u00eda. Una delegaci\u00f3n del Club Richemont M\u00e9xico participar\u00e1 en la copa <a href=\"https:\/\/en.sigep.it\/link\/all-events\/e21789952\/bread-in-the-city---bakery-world-cup.html\" target=\"_blank\"><em>Bread in the City<\/em><\/a>, que se celebrar\u00e1 del 21 al 25 de enero en el marco de la feria Sigep en Rimini, <a href=\"https:\/\/puntodincontro.mx\/es\/category\/messico\/messico-in-italia\/\" target=\"_blank\">Italia<\/a>. El equipo mexicano competir\u00e1 en este prestigioso torneo contra selecciones de ocho pa\u00edses de tres continentes (Italia, Espa\u00f1a, Holanda, Portugal, Croacia, China, Israel y Per\u00fa).<\/p>\n\n\n\n<p>La selecci\u00f3n azteca estar\u00e1 integrada por Diego Su\u00e1rez y Ra\u00fal Galv\u00e1n, con Abel Sierra encabezando el grupo en el papel de director t\u00e9cnico. Los concursantes deber\u00e1n elaborar una serie de panes salados y dulces que figuran en las reglas: chapata y panes especiales, panes libres, vien\u00e9serie, pasteles para hornear y presentaciones saladas. Al t\u00e9rmino de la competici\u00f3n, el jurado decidir\u00e1 la configuraci\u00f3n del podium, as\u00ed como los premios que se otorgar\u00e1n a cada categoria de producto.<\/p>\n\n\n\n<p>Diego Su\u00e1rez es propietario de Yapa Panader\u00eda Creativa, una de los establecimientos de este tipo m\u00e1s exitosos en Guadalajara (Jalisco), mientras que Ra\u00fal Galv\u00e1n es propietario de la panaderia familiar Malta, un taller creativo y artesanal en Cuautitl\u00e1n (Estado de M\u00e9xico). Por su parte, Abel Sierra es consultor privado de empresas de panader\u00eda y actualmente es presidente de Club Richemont M\u00e9xico. El equipo ha estado prepar\u00e1ndose en los \u00faltimos meses para este campeonato internacional.<\/p>\n\n\n\n<p>Bread in the City es una competici\u00f3n organizada por Club Richemont Italia, que se celebra con motivo de la feria Sigep en Rimini y que cada a\u00f1o cuenta con la participaci\u00f3n de selecciones de varios pa\u00edses y continentes. Sigep es una exposici\u00f3n enfocada a la producci\u00f3n artesanal de alimentos. Este a\u00f1o se celebra su 44* edici\u00f3n, que re\u00fane las \u00faltimas tendencias para helader\u00edas, pasteler\u00edas, panader\u00edas y pizzer\u00edas.<\/p>\n\n\n\n<p>El Club Richemont M\u00e9xico es una asociaci\u00f3n privada de panaderos profesionales fundada en el a\u00f1o 2019 en la Ciudad de M\u00e9xico y perteneciente a la red Club Richemont Internacional, con sede en Lucerna, Suiza, y 15 delegaciones en todo el mundo.<\/p>\n\n\n\n<div style=\"height:12px\" aria-hidden=\"true\" class=\"wp-block-spacer\"><\/div>\n\n\n<div class=\"wp-block-image\">\n<figure class=\"aligncenter size-full\"><img loading=\"lazy\" decoding=\"async\" width=\"600\" height=\"808\" src=\"https:\/\/puntodincontro.mx\/wp-content\/uploads\/2023\/01\/messicobreadinthecitylocandina2.webp\" alt=\"\" class=\"wp-image-9935\" srcset=\"https:\/\/puntodincontro.mx\/wp-content\/uploads\/2023\/01\/messicobreadinthecitylocandina2.webp 600w, https:\/\/puntodincontro.mx\/wp-content\/uploads\/2023\/01\/messicobreadinthecitylocandina2-223x300.webp 223w, https:\/\/puntodincontro.mx\/wp-content\/uploads\/2023\/01\/messicobreadinthecitylocandina2-9x12.webp 9w\" sizes=\"(max-width: 600px) 100vw, 600px\" \/><\/figure><\/div>\n\n\n<div style=\"height:12px\" aria-hidden=\"true\" class=\"wp-block-spacer\"><\/div>\n\n\n<!-- Ad space powered by WP AdCenter v2.5.7 - https:\/\/wpadcenter.com\/ --><div class=\"wpadcenter-adgroup\" ><div class=\"wpadcenter-adgroup__row wpadcenter-aligncenter\"><div class=\"wpadcenter-ad-container\" ><div id=\"wpadcenter-ad-18464\" class=\"ad-placement\"><div class=\"wpadcenter-ad-inner\" ><a id=\"wpadcenter_ad\" data-value=\"18464\" data-placement=\"\" href=\"https:\/\/www.productosremo.com\/\" target=\"_blank\" class=\"wpadcenter-ad-inner__item\" ><img decoding=\"async\"   src=\"https:\/\/puntodincontro.mx\/wp-content\/uploads\/2021\/08\/remobanner.jpg\" class=\"attachment-post-thumbnail size-post-thumbnail wp-post-image\" alt=\"\" srcset=\"https:\/\/puntodincontro.mx\/wp-content\/uploads\/2021\/08\/remobanner.jpg 200w, https:\/\/puntodincontro.mx\/wp-content\/uploads\/2021\/08\/remobanner-16x5.jpg 16w\" sizes=\"(max-width: 200px) 100vw, 200px\" \/><\/a><\/div><\/div><\/div><div class=\"wpadcenter-ad-container\" ><div id=\"wpadcenter-ad-5305\" class=\"ad-placement\"><div class=\"wpadcenter-ad-inner\" ><a id=\"wpadcenter_ad\" data-value=\"5305\" data-placement=\"\" href=\"https:\/\/ambcittadelmessico.esteri.it\/ambasciata_cittadelmessico\/it\/\" target=\"_blank\" class=\"wpadcenter-ad-inner__item\" ><img decoding=\"async\"   src=\"https:\/\/puntodincontro.mx\/wp-content\/uploads\/2022\/05\/Ambasciata.jpg\" class=\"attachment-post-thumbnail size-post-thumbnail wp-post-image\" alt=\"\" srcset=\"https:\/\/puntodincontro.mx\/wp-content\/uploads\/2022\/05\/Ambasciata.jpg 200w, https:\/\/puntodincontro.mx\/wp-content\/uploads\/2022\/05\/Ambasciata-18x5.jpg 18w\" sizes=\"(max-width: 200px) 100vw, 200px\" \/><\/a><\/div><\/div><\/div><div class=\"wpadcenter-ad-container\" ><div id=\"wpadcenter-ad-3781\" class=\"ad-placement\"><div class=\"wpadcenter-ad-inner\" ><a id=\"wpadcenter_ad\" data-value=\"3781\" data-placement=\"\" href=\"https:\/\/cannizzo.com.mx\/\" target=\"_blank\" class=\"wpadcenter-ad-inner__item\" ><img decoding=\"async\"   src=\"https:\/\/puntodincontro.mx\/wp-content\/uploads\/2022\/03\/cannizzo2.jpg\" class=\"attachment-post-thumbnail size-post-thumbnail wp-post-image\" alt=\"\" srcset=\"https:\/\/puntodincontro.mx\/wp-content\/uploads\/2022\/03\/cannizzo2.jpg 200w, https:\/\/puntodincontro.mx\/wp-content\/uploads\/2022\/03\/cannizzo2-18x5.jpg 18w\" sizes=\"(max-width: 200px) 100vw, 200px\" \/><\/a><\/div><\/div><\/div><\/div><div class=\"wpadcenter-adgroup__row wpadcenter-aligncenter\"><div class=\"wpadcenter-ad-container\" ><div id=\"wpadcenter-ad-1704\" class=\"ad-placement\"><div class=\"wpadcenter-ad-inner\" ><a id=\"wpadcenter_ad\" data-value=\"1704\" data-placement=\"\" href=\"https:\/\/puntodincontro.mx\/es\/2021\/12\/24\/inps-verificacion-de-supervivencia-de-los-pensionados-en-el-extranjero\/\" target=\"_blank\" class=\"wpadcenter-ad-inner__item\" ><img decoding=\"async\"   src=\"https:\/\/puntodincontro.mx\/wp-content\/uploads\/2021\/11\/logo-ital.jpg\" class=\"attachment-post-thumbnail size-post-thumbnail wp-post-image\" alt=\"Patronato ITAL Messico\" srcset=\"https:\/\/puntodincontro.mx\/wp-content\/uploads\/2021\/11\/logo-ital.jpg 200w, https:\/\/puntodincontro.mx\/wp-content\/uploads\/2021\/11\/logo-ital-16x5.jpg 16w\" sizes=\"(max-width: 200px) 100vw, 200px\" \/><\/a><\/div><\/div><\/div><div class=\"wpadcenter-ad-container\" ><div id=\"wpadcenter-ad-1538\" class=\"ad-placement\"><div class=\"wpadcenter-ad-inner\" ><a id=\"wpadcenter_ad\" data-value=\"1538\" data-placement=\"\" href=\"https:\/\/asociacionitaliana.org\/\" target=\"_blank\" class=\"wpadcenter-ad-inner__item\" ><img decoding=\"async\"   src=\"https:\/\/puntodincontro.mx\/wp-content\/uploads\/2021\/11\/aialogo.jpg\" class=\"attachment-post-thumbnail size-post-thumbnail wp-post-image\" alt=\"Associazione Italiana di Assistenza IAP\" srcset=\"https:\/\/puntodincontro.mx\/wp-content\/uploads\/2021\/11\/aialogo.jpg 200w, https:\/\/puntodincontro.mx\/wp-content\/uploads\/2021\/11\/aialogo-18x5.jpg 18w\" sizes=\"(max-width: 200px) 100vw, 200px\" \/><\/a><\/div><\/div><\/div><div class=\"wpadcenter-ad-container\" ><div id=\"wpadcenter-ad-1513\" class=\"ad-placement\"><div class=\"wpadcenter-ad-inner\" ><a id=\"wpadcenter_ad\" data-value=\"1513\" data-placement=\"\" href=\"https:\/\/gcinmuebles.mx\" target=\"_blank\" class=\"wpadcenter-ad-inner__item\" ><img decoding=\"async\"   src=\"https:\/\/puntodincontro.mx\/wp-content\/uploads\/2021\/10\/gcinmuebleslogopunto-1.jpg\" class=\"attachment-post-thumbnail size-post-thumbnail wp-post-image\" alt=\"\" srcset=\"https:\/\/puntodincontro.mx\/wp-content\/uploads\/2021\/10\/gcinmuebleslogopunto-1.jpg 200w, https:\/\/puntodincontro.mx\/wp-content\/uploads\/2021\/10\/gcinmuebleslogopunto-1-18x5.jpg 18w\" sizes=\"(max-width: 200px) 100vw, 200px\" \/><\/a><\/div><\/div><\/div><\/div><div class=\"wpadcenter-adgroup__row wpadcenter-aligncenter\"><div class=\"wpadcenter-ad-container\" ><div id=\"wpadcenter-ad-1374\" class=\"ad-placement\"><div class=\"wpadcenter-ad-inner\" ><a id=\"wpadcenter_ad\" data-value=\"1374\" data-placement=\"\" href=\"https:\/\/www.9colonne.it\/\" target=\"_blank\" class=\"wpadcenter-ad-inner__item\" ><img decoding=\"async\"   src=\"https:\/\/puntodincontro.mx\/wp-content\/uploads\/2021\/10\/Banner9colonne.gif\" class=\"attachment-post-thumbnail size-post-thumbnail wp-post-image\" alt=\"\" \/><\/a><\/div><\/div><\/div><div class=\"wpadcenter-ad-container\" ><div id=\"wpadcenter-ad-276\" class=\"ad-placement\"><div class=\"wpadcenter-ad-inner\" ><a id=\"wpadcenter_ad\" data-value=\"276\" data-placement=\"\" href=\"http:\/\/www.camaraitaliana.mx\/\" target=\"_blank\" class=\"wpadcenter-ad-inner__item\" ><img decoding=\"async\"   src=\"https:\/\/puntodincontro.mx\/wp-content\/uploads\/2021\/08\/ccimnuovo.jpg\" class=\"attachment-post-thumbnail size-post-thumbnail wp-post-image\" alt=\"\" srcset=\"https:\/\/puntodincontro.mx\/wp-content\/uploads\/2021\/08\/ccimnuovo.jpg 200w, https:\/\/puntodincontro.mx\/wp-content\/uploads\/2021\/08\/ccimnuovo-18x5.jpg 18w\" sizes=\"(max-width: 200px) 100vw, 200px\" \/><\/a><\/div><\/div><\/div><div class=\"wpadcenter-ad-container\" ><div id=\"wpadcenter-ad-272\" class=\"ad-placement\"><div class=\"wpadcenter-ad-inner\" ><a id=\"wpadcenter_ad\" data-value=\"272\" data-placement=\"\" href=\"http:\/\/corix.us\/\" target=\"_blank\" class=\"wpadcenter-ad-inner__item\" ><img decoding=\"async\"   src=\"https:\/\/puntodincontro.mx\/wp-content\/uploads\/2021\/08\/corixbanner-1.jpg\" class=\"attachment-post-thumbnail size-post-thumbnail wp-post-image\" alt=\"\" srcset=\"https:\/\/puntodincontro.mx\/wp-content\/uploads\/2021\/08\/corixbanner-1.jpg 200w, https:\/\/puntodincontro.mx\/wp-content\/uploads\/2021\/08\/corixbanner-1-16x5.jpg 16w\" sizes=\"(max-width: 200px) 100vw, 200px\" \/><\/a><\/div><\/div><\/div><\/div><div class=\"wpadcenter-adgroup__row wpadcenter-aligncenter\"><div class=\"wpadcenter-ad-container\" ><div id=\"wpadcenter-ad-266\" class=\"ad-placement\"><div class=\"wpadcenter-ad-inner\" ><a id=\"wpadcenter_ad\" data-value=\"266\" data-placement=\"\" href=\"https:\/\/www.prinsel.com.mx\/\" target=\"_blank\" class=\"wpadcenter-ad-inner__item\" ><img decoding=\"async\"   src=\"https:\/\/puntodincontro.mx\/wp-content\/uploads\/2021\/08\/prinselbanner-1.jpg\" class=\"attachment-post-thumbnail size-post-thumbnail wp-post-image\" alt=\"\" srcset=\"https:\/\/puntodincontro.mx\/wp-content\/uploads\/2021\/08\/prinselbanner-1.jpg 200w, https:\/\/puntodincontro.mx\/wp-content\/uploads\/2021\/08\/prinselbanner-1-16x5.jpg 16w\" sizes=\"(max-width: 200px) 100vw, 200px\" \/><\/a><\/div><\/div><\/div><div class=\"wpadcenter-ad-container\" ><div id=\"wpadcenter-ad-261\" class=\"ad-placement\"><div class=\"wpadcenter-ad-inner\" ><a id=\"wpadcenter_ad\" data-value=\"261\" data-placement=\"\" href=\"https:\/\/faitalia.com.mx\/\" target=\"_blank\" class=\"wpadcenter-ad-inner__item\" ><img decoding=\"async\"   src=\"https:\/\/puntodincontro.mx\/wp-content\/uploads\/2021\/08\/gruppodino.jpg\" class=\"attachment-post-thumbnail size-post-thumbnail wp-post-image\" alt=\"\" srcset=\"https:\/\/puntodincontro.mx\/wp-content\/uploads\/2021\/08\/gruppodino.jpg 200w, https:\/\/puntodincontro.mx\/wp-content\/uploads\/2021\/08\/gruppodino-18x5.jpg 18w\" sizes=\"(max-width: 200px) 100vw, 200px\" \/><\/a><\/div><\/div><\/div><\/div><\/div>\n\n\n<div style=\"height:12px\" aria-hidden=\"true\" class=\"wp-block-spacer\"><\/div>","protected":false},"excerpt":{"rendered":"<p>Ore 13.24 &#8211; Il Messico torna alle competizioni internazionali di panetteria. Una delegazione del Club Richemont Mexico parteciper\u00e0 al campionato Bread in the City, che si terr\u00e0 dal 21 al 25 gennaio nell&#8217;ambito della fiera Sigep a Rimini, in Italia. La squadra messicana si sfider\u00e0 in questo prestigioso torneo contro compagini provenienti da otto Paesi di tre continenti (Italia, Spagna, Paesi Bassi, Portogallo, Croazia, Cina, Israele e Per\u00f9). La squadra azteca sar\u00e0 composta da Diego Su\u00e1rez e Ra\u00fal Galv\u00e1n, con Abel Sierra a capo del gruppo nel ruolo di direttore tecnico. I concorrenti dovranno preparare una serie di pani dolci&#8230; <\/p>","protected":false},"author":2,"featured_media":9930,"comment_status":"open","ping_status":"open","sticky":false,"template":"","format":"standard","meta":{"_monsterinsights_skip_tracking":false,"_monsterinsights_sitenote_active":false,"_monsterinsights_sitenote_note":"","_monsterinsights_sitenote_category":0,"footnotes":""},"categories":[6],"tags":[],"class_list":["post-9920","post","type-post","status-publish","format-standard","has-post-thumbnail","hentry","category-messico-in-italia"],"yoast_head":"<!-- This site is optimized with the Yoast SEO Premium plugin v18.4 (Yoast SEO v25.6) - https:\/\/yoast.com\/wordpress\/plugins\/seo\/ -->\n<title>Il Messico partecipa in Italia al torneo di panetteria Bread in the City<\/title>\n<meta name=\"description\" content=\"Una delegazione messicana parteciper\u00e0 al campionato Bread in the City che si terr\u00e0 dal 21 al 25 gennaio a Rimini, in Italia.\" \/>\n<meta name=\"robots\" content=\"index, follow, max-snippet:-1, max-image-preview:large, max-video-preview:-1\" \/>\n<link rel=\"canonical\" href=\"https:\/\/puntodincontro.mx\/es\/2023\/01\/01\/mexico-participa-en-italia-en-el-torneo-de-panaderia-bread-in-the-city\/\" \/>\n<meta property=\"og:locale\" content=\"es_MX\" \/>\n<meta property=\"og:type\" content=\"article\" \/>\n<meta property=\"og:title\" content=\"Il Messico partecipa in Italia al torneo di panetteria Bread in the City\" \/>\n<meta property=\"og:description\" content=\"Una delegazione messicana parteciper\u00e0 al campionato Bread in the City che si terr\u00e0 dal 21 al 25 gennaio a Rimini, in Italia.\" \/>\n<meta property=\"og:url\" content=\"https:\/\/puntodincontro.mx\/es\/2023\/01\/01\/mexico-participa-en-italia-en-el-torneo-de-panaderia-bread-in-the-city\/\" \/>\n<meta property=\"og:site_name\" content=\"Puntodincontro\" \/>\n<meta property=\"article:publisher\" content=\"https:\/\/www.facebook.com\/puntodincontro.mx\" \/>\n<meta property=\"article:published_time\" content=\"2023-01-01T19:48:55+00:00\" \/>\n<meta property=\"article:modified_time\" content=\"2023-01-01T20:17:12+00:00\" \/>\n<meta property=\"og:image\" content=\"https:\/\/puntodincontro.mx\/wp-content\/uploads\/2023\/01\/breadinthecitycomp.jpg\" \/>\n\t<meta property=\"og:image:width\" content=\"932\" \/>\n\t<meta property=\"og:image:height\" content=\"488\" \/>\n\t<meta property=\"og:image:type\" content=\"image\/jpeg\" \/>\n<meta name=\"author\" content=\"Puntodincontro\" \/>\n<meta name=\"twitter:card\" content=\"summary_large_image\" \/>\n<meta name=\"twitter:creator\" content=\"@puntodincontro\" \/>\n<meta name=\"twitter:site\" content=\"@puntodincontro\" \/>\n<meta name=\"twitter:label1\" content=\"Escrito por\" \/>\n\t<meta name=\"twitter:data1\" content=\"Puntodincontro\" \/>\n\t<meta name=\"twitter:label2\" content=\"Tiempo de lectura\" \/>\n\t<meta name=\"twitter:data2\" content=\"2 minutos\" \/>\n<script type=\"application\/ld+json\" class=\"yoast-schema-graph\">{\"@context\":\"https:\/\/schema.org\",\"@graph\":[{\"@type\":\"NewsArticle\",\"@id\":\"https:\/\/puntodincontro.mx\/2023\/01\/01\/il-messico-partecipa-in-italia-al-torneo-di-panetteria-bread-in-the-city\/#article\",\"isPartOf\":{\"@id\":\"https:\/\/puntodincontro.mx\/2023\/01\/01\/il-messico-partecipa-in-italia-al-torneo-di-panetteria-bread-in-the-city\/\"},\"author\":{\"name\":\"Puntodincontro\",\"@id\":\"https:\/\/puntodincontro.mx\/#\/schema\/person\/d3066d18a16259cbb0c29b0d0e93b556\"},\"headline\":\"Il Messico partecipa in Italia al torneo di panetteria Bread in the City\",\"datePublished\":\"2023-01-01T19:48:55+00:00\",\"dateModified\":\"2023-01-01T20:17:12+00:00\",\"mainEntityOfPage\":{\"@id\":\"https:\/\/puntodincontro.mx\/2023\/01\/01\/il-messico-partecipa-in-italia-al-torneo-di-panetteria-bread-in-the-city\/\"},\"wordCount\":324,\"commentCount\":0,\"publisher\":{\"@id\":\"https:\/\/puntodincontro.mx\/#organization\"},\"image\":{\"@id\":\"https:\/\/puntodincontro.mx\/2023\/01\/01\/il-messico-partecipa-in-italia-al-torneo-di-panetteria-bread-in-the-city\/#primaryimage\"},\"thumbnailUrl\":\"https:\/\/puntodincontro.mx\/wp-content\/uploads\/2023\/01\/breadinthecityvert.webp\",\"articleSection\":[\"Messico in Italia\"],\"inLanguage\":\"es\",\"potentialAction\":[{\"@type\":\"CommentAction\",\"name\":\"Comment\",\"target\":[\"https:\/\/puntodincontro.mx\/2023\/01\/01\/il-messico-partecipa-in-italia-al-torneo-di-panetteria-bread-in-the-city\/#respond\"]}]},{\"@type\":\"WebPage\",\"@id\":\"https:\/\/puntodincontro.mx\/2023\/01\/01\/il-messico-partecipa-in-italia-al-torneo-di-panetteria-bread-in-the-city\/\",\"url\":\"https:\/\/puntodincontro.mx\/2023\/01\/01\/il-messico-partecipa-in-italia-al-torneo-di-panetteria-bread-in-the-city\/\",\"name\":\"Il Messico partecipa in Italia al torneo di panetteria Bread in the City\",\"isPartOf\":{\"@id\":\"https:\/\/puntodincontro.mx\/#website\"},\"primaryImageOfPage\":{\"@id\":\"https:\/\/puntodincontro.mx\/2023\/01\/01\/il-messico-partecipa-in-italia-al-torneo-di-panetteria-bread-in-the-city\/#primaryimage\"},\"image\":{\"@id\":\"https:\/\/puntodincontro.mx\/2023\/01\/01\/il-messico-partecipa-in-italia-al-torneo-di-panetteria-bread-in-the-city\/#primaryimage\"},\"thumbnailUrl\":\"https:\/\/puntodincontro.mx\/wp-content\/uploads\/2023\/01\/breadinthecityvert.webp\",\"datePublished\":\"2023-01-01T19:48:55+00:00\",\"dateModified\":\"2023-01-01T20:17:12+00:00\",\"description\":\"Una delegazione messicana parteciper\u00e0 al campionato Bread in the City che si terr\u00e0 dal 21 al 25 gennaio a Rimini, in Italia.\",\"breadcrumb\":{\"@id\":\"https:\/\/puntodincontro.mx\/2023\/01\/01\/il-messico-partecipa-in-italia-al-torneo-di-panetteria-bread-in-the-city\/#breadcrumb\"},\"inLanguage\":\"es\",\"potentialAction\":[{\"@type\":\"ReadAction\",\"target\":[\"https:\/\/puntodincontro.mx\/2023\/01\/01\/il-messico-partecipa-in-italia-al-torneo-di-panetteria-bread-in-the-city\/\"]}]},{\"@type\":\"ImageObject\",\"inLanguage\":\"es\",\"@id\":\"https:\/\/puntodincontro.mx\/2023\/01\/01\/il-messico-partecipa-in-italia-al-torneo-di-panetteria-bread-in-the-city\/#primaryimage\",\"url\":\"https:\/\/puntodincontro.mx\/wp-content\/uploads\/2023\/01\/breadinthecityvert.webp\",\"contentUrl\":\"https:\/\/puntodincontro.mx\/wp-content\/uploads\/2023\/01\/breadinthecityvert.webp\",\"width\":423,\"height\":488,\"caption\":\"Il Messico partecipa in Italia al torneo di panetteria Bread in the City\"},{\"@type\":\"BreadcrumbList\",\"@id\":\"https:\/\/puntodincontro.mx\/2023\/01\/01\/il-messico-partecipa-in-italia-al-torneo-di-panetteria-bread-in-the-city\/#breadcrumb\",\"itemListElement\":[{\"@type\":\"ListItem\",\"position\":1,\"name\":\"Home\",\"item\":\"https:\/\/puntodincontro.mx\/\"},{\"@type\":\"ListItem\",\"position\":2,\"name\":\"Il Messico partecipa in Italia al torneo di panetteria Bread in the City\"}]},{\"@type\":\"WebSite\",\"@id\":\"https:\/\/puntodincontro.mx\/#website\",\"url\":\"https:\/\/puntodincontro.mx\/\",\"name\":\"Puntodincontro\",\"description\":\"Dal 2006 notizie sui rapporti Italia-Messico \/ Desde 2006 noticias sobre las relaciones entre Italia y M\u00e9xico\",\"publisher\":{\"@id\":\"https:\/\/puntodincontro.mx\/#organization\"},\"potentialAction\":[{\"@type\":\"SearchAction\",\"target\":{\"@type\":\"EntryPoint\",\"urlTemplate\":\"https:\/\/puntodincontro.mx\/?s={search_term_string}\"},\"query-input\":{\"@type\":\"PropertyValueSpecification\",\"valueRequired\":true,\"valueName\":\"search_term_string\"}}],\"inLanguage\":\"es\"},{\"@type\":\"Organization\",\"@id\":\"https:\/\/puntodincontro.mx\/#organization\",\"name\":\"Puntodincontro\",\"url\":\"https:\/\/puntodincontro.mx\/\",\"logo\":{\"@type\":\"ImageObject\",\"inLanguage\":\"es\",\"@id\":\"https:\/\/puntodincontro.mx\/#\/schema\/logo\/image\/\",\"url\":\"https:\/\/puntodincontro.mx\/wp-content\/uploads\/2021\/08\/Default-image-for-open-graph-settings.jpg\",\"contentUrl\":\"https:\/\/puntodincontro.mx\/wp-content\/uploads\/2021\/08\/Default-image-for-open-graph-settings.jpg\",\"width\":1200,\"height\":630,\"caption\":\"Puntodincontro\"},\"image\":{\"@id\":\"https:\/\/puntodincontro.mx\/#\/schema\/logo\/image\/\"},\"sameAs\":[\"https:\/\/www.facebook.com\/puntodincontro.mx\",\"https:\/\/x.com\/puntodincontro\",\"https:\/\/www.instagram.com\/puntodincontro.mx\/\",\"https:\/\/www.linkedin.com\/company\/puntodincontro\/\",\"https:\/\/www.youtube.com\/c\/puntodincontromessico\",\"https:\/\/www.patreon.com\/puntodincontro\",\"https:\/\/www.threads.net\/@puntodincontro.mx\"]},{\"@type\":\"Person\",\"@id\":\"https:\/\/puntodincontro.mx\/#\/schema\/person\/d3066d18a16259cbb0c29b0d0e93b556\",\"name\":\"Puntodincontro\",\"image\":{\"@type\":\"ImageObject\",\"inLanguage\":\"es\",\"@id\":\"https:\/\/puntodincontro.mx\/#\/schema\/person\/image\/\",\"url\":\"https:\/\/secure.gravatar.com\/avatar\/0e85b4b3b5e9d6bfcec6a4956d8cc63a?s=96&d=mm&r=g\",\"contentUrl\":\"https:\/\/secure.gravatar.com\/avatar\/0e85b4b3b5e9d6bfcec6a4956d8cc63a?s=96&d=mm&r=g\",\"caption\":\"Puntodincontro\"},\"url\":\"https:\/\/puntodincontro.mx\/es\/author\/puntodincontro\/\"}]}<\/script>\n<!-- \/ Yoast SEO Premium plugin. -->","yoast_head_json":{"title":"M\u00e9xico participa en Italia en el torneo de panader\u00eda Bread in the City","description":"Una delegaci\u00f3n mexicana participar\u00e1 en el campeonato Bread in thye City que se realizar\u00e1 del 21 al 25 de enero en R\u00edmini, Italia.","robots":{"index":"index","follow":"follow","max-snippet":"max-snippet:-1","max-image-preview":"max-image-preview:large","max-video-preview":"max-video-preview:-1"},"canonical":"https:\/\/puntodincontro.mx\/es\/2023\/01\/01\/mexico-participa-en-italia-en-el-torneo-de-panaderia-bread-in-the-city\/","og_locale":"es_MX","og_type":"article","og_title":"Il Messico partecipa in Italia al torneo di panetteria Bread in the City","og_description":"Una delegazione messicana parteciper\u00e0 al campionato Bread in the City che si terr\u00e0 dal 21 al 25 gennaio a Rimini, in Italia.","og_url":"https:\/\/puntodincontro.mx\/es\/2023\/01\/01\/mexico-participa-en-italia-en-el-torneo-de-panaderia-bread-in-the-city\/","og_site_name":"Puntodincontro","article_publisher":"https:\/\/www.facebook.com\/puntodincontro.mx","article_published_time":"2023-01-01T19:48:55+00:00","article_modified_time":"2023-01-01T20:17:12+00:00","og_image":[{"width":932,"height":488,"url":"https:\/\/puntodincontro.mx\/wp-content\/uploads\/2023\/01\/breadinthecitycomp.jpg","type":"image\/jpeg"}],"author":"Puntodincontro","twitter_card":"summary_large_image","twitter_creator":"@puntodincontro","twitter_site":"@puntodincontro","twitter_misc":{"Escrito por":"Puntodincontro","Tiempo de lectura":"2 minutos"},"schema":{"@context":"https:\/\/schema.org","@graph":[{"@type":"NewsArticle","@id":"https:\/\/puntodincontro.mx\/2023\/01\/01\/il-messico-partecipa-in-italia-al-torneo-di-panetteria-bread-in-the-city\/#article","isPartOf":{"@id":"https:\/\/puntodincontro.mx\/2023\/01\/01\/il-messico-partecipa-in-italia-al-torneo-di-panetteria-bread-in-the-city\/"},"author":{"name":"Puntodincontro","@id":"https:\/\/puntodincontro.mx\/#\/schema\/person\/d3066d18a16259cbb0c29b0d0e93b556"},"headline":"Il Messico partecipa in Italia al torneo di panetteria Bread in the City","datePublished":"2023-01-01T19:48:55+00:00","dateModified":"2023-01-01T20:17:12+00:00","mainEntityOfPage":{"@id":"https:\/\/puntodincontro.mx\/2023\/01\/01\/il-messico-partecipa-in-italia-al-torneo-di-panetteria-bread-in-the-city\/"},"wordCount":324,"commentCount":0,"publisher":{"@id":"https:\/\/puntodincontro.mx\/#organization"},"image":{"@id":"https:\/\/puntodincontro.mx\/2023\/01\/01\/il-messico-partecipa-in-italia-al-torneo-di-panetteria-bread-in-the-city\/#primaryimage"},"thumbnailUrl":"https:\/\/puntodincontro.mx\/wp-content\/uploads\/2023\/01\/breadinthecityvert.webp","articleSection":["Messico in Italia"],"inLanguage":"es","potentialAction":[{"@type":"CommentAction","name":"Comment","target":["https:\/\/puntodincontro.mx\/2023\/01\/01\/il-messico-partecipa-in-italia-al-torneo-di-panetteria-bread-in-the-city\/#respond"]}]},{"@type":"WebPage","@id":"https:\/\/puntodincontro.mx\/2023\/01\/01\/il-messico-partecipa-in-italia-al-torneo-di-panetteria-bread-in-the-city\/","url":"https:\/\/puntodincontro.mx\/2023\/01\/01\/il-messico-partecipa-in-italia-al-torneo-di-panetteria-bread-in-the-city\/","name":"M\u00e9xico participa en Italia en el torneo de panader\u00eda Bread in the City","isPartOf":{"@id":"https:\/\/puntodincontro.mx\/#website"},"primaryImageOfPage":{"@id":"https:\/\/puntodincontro.mx\/2023\/01\/01\/il-messico-partecipa-in-italia-al-torneo-di-panetteria-bread-in-the-city\/#primaryimage"},"image":{"@id":"https:\/\/puntodincontro.mx\/2023\/01\/01\/il-messico-partecipa-in-italia-al-torneo-di-panetteria-bread-in-the-city\/#primaryimage"},"thumbnailUrl":"https:\/\/puntodincontro.mx\/wp-content\/uploads\/2023\/01\/breadinthecityvert.webp","datePublished":"2023-01-01T19:48:55+00:00","dateModified":"2023-01-01T20:17:12+00:00","description":"Una delegaci\u00f3n mexicana participar\u00e1 en el campeonato Bread in thye City que se realizar\u00e1 del 21 al 25 de enero en R\u00edmini, Italia.","breadcrumb":{"@id":"https:\/\/puntodincontro.mx\/2023\/01\/01\/il-messico-partecipa-in-italia-al-torneo-di-panetteria-bread-in-the-city\/#breadcrumb"},"inLanguage":"es","potentialAction":[{"@type":"ReadAction","target":["https:\/\/puntodincontro.mx\/2023\/01\/01\/il-messico-partecipa-in-italia-al-torneo-di-panetteria-bread-in-the-city\/"]}]},{"@type":"ImageObject","inLanguage":"es","@id":"https:\/\/puntodincontro.mx\/2023\/01\/01\/il-messico-partecipa-in-italia-al-torneo-di-panetteria-bread-in-the-city\/#primaryimage","url":"https:\/\/puntodincontro.mx\/wp-content\/uploads\/2023\/01\/breadinthecityvert.webp","contentUrl":"https:\/\/puntodincontro.mx\/wp-content\/uploads\/2023\/01\/breadinthecityvert.webp","width":423,"height":488,"caption":"Il Messico partecipa in Italia al torneo di panetteria Bread in the City"},{"@type":"BreadcrumbList","@id":"https:\/\/puntodincontro.mx\/2023\/01\/01\/il-messico-partecipa-in-italia-al-torneo-di-panetteria-bread-in-the-city\/#breadcrumb","itemListElement":[{"@type":"ListItem","position":1,"name":"Home","item":"https:\/\/puntodincontro.mx\/"},{"@type":"ListItem","position":2,"name":"Il Messico partecipa in Italia al torneo di panetteria Bread in the City"}]},{"@type":"WebSite","@id":"https:\/\/puntodincontro.mx\/#website","url":"https:\/\/puntodincontro.mx\/","name":"Puntodincontro","description":"Desde el 2006 noticias sobre las relaciones entre Italia y M\u00e9xico \/ Dal 2006 notizie sui rapporti Italia-Messico","publisher":{"@id":"https:\/\/puntodincontro.mx\/#organization"},"potentialAction":[{"@type":"SearchAction","target":{"@type":"EntryPoint","urlTemplate":"https:\/\/puntodincontro.mx\/?s={search_term_string}"},"query-input":{"@type":"PropertyValueSpecification","valueRequired":true,"valueName":"search_term_string"}}],"inLanguage":"es"},{"@type":"Organization","@id":"https:\/\/puntodincontro.mx\/#organization","name":"Puntodincontro","url":"https:\/\/puntodincontro.mx\/","logo":{"@type":"ImageObject","inLanguage":"es","@id":"https:\/\/puntodincontro.mx\/#\/schema\/logo\/image\/","url":"https:\/\/puntodincontro.mx\/wp-content\/uploads\/2021\/08\/Default-image-for-open-graph-settings.jpg","contentUrl":"https:\/\/puntodincontro.mx\/wp-content\/uploads\/2021\/08\/Default-image-for-open-graph-settings.jpg","width":1200,"height":630,"caption":"Puntodincontro"},"image":{"@id":"https:\/\/puntodincontro.mx\/#\/schema\/logo\/image\/"},"sameAs":["https:\/\/www.facebook.com\/puntodincontro.mx","https:\/\/x.com\/puntodincontro","https:\/\/www.instagram.com\/puntodincontro.mx\/","https:\/\/www.linkedin.com\/company\/puntodincontro\/","https:\/\/www.youtube.com\/c\/puntodincontromessico","https:\/\/www.patreon.com\/puntodincontro","https:\/\/www.threads.net\/@puntodincontro.mx"]},{"@type":"Person","@id":"https:\/\/puntodincontro.mx\/#\/schema\/person\/d3066d18a16259cbb0c29b0d0e93b556","name":"Puntodincontro","image":{"@type":"ImageObject","inLanguage":"es","@id":"https:\/\/puntodincontro.mx\/#\/schema\/person\/image\/","url":"https:\/\/secure.gravatar.com\/avatar\/0e85b4b3b5e9d6bfcec6a4956d8cc63a?s=96&d=mm&r=g","contentUrl":"https:\/\/secure.gravatar.com\/avatar\/0e85b4b3b5e9d6bfcec6a4956d8cc63a?s=96&d=mm&r=g","caption":"Puntodincontro"},"url":"https:\/\/puntodincontro.mx\/es\/author\/puntodincontro\/"}]}},"_links":{"self":[{"href":"https:\/\/puntodincontro.mx\/es\/wp-json\/wp\/v2\/posts\/9920"}],"collection":[{"href":"https:\/\/puntodincontro.mx\/es\/wp-json\/wp\/v2\/posts"}],"about":[{"href":"https:\/\/puntodincontro.mx\/es\/wp-json\/wp\/v2\/types\/post"}],"author":[{"embeddable":true,"href":"https:\/\/puntodincontro.mx\/es\/wp-json\/wp\/v2\/users\/2"}],"replies":[{"embeddable":true,"href":"https:\/\/puntodincontro.mx\/es\/wp-json\/wp\/v2\/comments?post=9920"}],"version-history":[{"count":12,"href":"https:\/\/puntodincontro.mx\/es\/wp-json\/wp\/v2\/posts\/9920\/revisions"}],"predecessor-version":[{"id":9937,"href":"https:\/\/puntodincontro.mx\/es\/wp-json\/wp\/v2\/posts\/9920\/revisions\/9937"}],"wp:featuredmedia":[{"embeddable":true,"href":"https:\/\/puntodincontro.mx\/es\/wp-json\/wp\/v2\/media\/9930"}],"wp:attachment":[{"href":"https:\/\/puntodincontro.mx\/es\/wp-json\/wp\/v2\/media?parent=9920"}],"wp:term":[{"taxonomy":"category","embeddable":true,"href":"https:\/\/puntodincontro.mx\/es\/wp-json\/wp\/v2\/categories?post=9920"},{"taxonomy":"post_tag","embeddable":true,"href":"https:\/\/puntodincontro.mx\/es\/wp-json\/wp\/v2\/tags?post=9920"}],"curies":[{"name":"wp","href":"https:\/\/api.w.org\/{rel}","templated":true}]}}