{"id":997,"date":"2021-09-29T16:34:07","date_gmt":"2021-09-29T21:34:07","guid":{"rendered":"https:\/\/puntodincontro.mx\/?p=997"},"modified":"2021-09-29T18:12:39","modified_gmt":"2021-09-29T23:12:39","slug":"la-polemica-por-la-disculpa-del-papa-a-mexico","status":"publish","type":"post","link":"https:\/\/puntodincontro.mx\/es\/2021\/09\/29\/la-polemica-sulle-scuse-del-papa-al-messico\/","title":{"rendered":"La pol\u00e9mica por la disculpa del Papa a M\u00e9xico"},"content":{"rendered":"<p class=\"translation-block\"><strong>16:27 hrs.<\/strong> \u2013 A la presidente de la Comunidad de Madrid, Isabel D\u00edaz Ayuso, no le gustaron las palabras con las que el Papa Francisco se disculp\u00f3 por los \u00aberrores cometidos en el pasado\u00bb por la Iglesia en M\u00e9xico, escritas en una carta a los obispos con motivo del bicentenario de la independencia del pa\u00eds latinoamericano.<\/p>\n\n\n\n<p>\u00abMe sorprende que un cat\u00f3lico que habla espa\u00f1ol hable as\u00ed de nuestra herencia, que fue precisamente la de traer el espa\u00f1ol y, con las misiones, el catolicismo y por ende la civilizaci\u00f3n y la libertad al continente americano\u00bb, dijo D\u00edaz a los periodistas de Estados Unidos donde lleva a cabo una gira pol\u00edtica.<\/p>\n\n\n\n<p>Seg\u00fan Vatican News, Francisco hab\u00eda definido el bicentenario de la independencia mexicana como una \u00aboportunidad propicia para fortalecer nuestras ra\u00edces y reafirmar los valores que nos construyen como naci\u00f3n\u00bb; destacando que \u00abfortalecer nuestras ra\u00edces requiere una reinterpretaci\u00f3n del pasado, teniendo en cuenta tanto las luces como las sombras que han moldeado la historia del pa\u00eds\u00bb. Una relectura que pasa por \u00abun proceso de depuraci\u00f3n de la memoria, es decir, el reconocimiento de errores cometidos en el pasado, que fueron muy dolorosos\u00bb.<\/p>\n\n\n\n<p>\u00abDesde la misma perspectiva, no podemos tampoco ignorar las acciones que, en tiempos m\u00e1s recientes, se han cometido\u00bb \u2014explica el Papa\u2014 \u00abcontra el sentimiento religioso cristiano de gran parte del pueblo mexicano, provocando profundos sufrimientos\u00bb.<\/p>\n\n\n\n<p>En respuesta a preguntas sobre la declaraci\u00f3n de D\u00edaz, su portavoz Enrique Osorio dijo que la \u00abinfalibilidad\u00bb del pont\u00edfice est\u00e1 en \u00abcuestiones teol\u00f3gicas y \u00e9ticas\u00bb, mientras que en este caso \u00abestamos hablando de historia\u00bb.<\/p>\n\n\n\n<p>Robert Mickens, editor en jefe de la publicaci\u00f3n cat\u00f3lica La Croix International, entrevistado por The Guardian, respondi\u00f3 a D\u00edaz diciendo que Francisco no dijo nada \u00abfuera de lo normal\u00bb, porque el punto tratado en esa carta se refer\u00eda al \u00abtrato a los ind\u00edgenas\u00bb , un tema que el Papa trata desde hace mucho tiempo\u00bb.<\/p>\n\n\n\n<p>En los \u00faltimos d\u00edas, D\u00edaz ya hab\u00eda atacado a los movimientos ind\u00edgenas \u00abpopulistas\u00bb presentes en toda Am\u00e9rica Latina, culpables de promover \u00abuna revisi\u00f3n simplista de la historia espa\u00f1ola\u00bb. En particular, acus\u00f3 al presidente de M\u00e9xico, Andr\u00e9s Manuel L\u00f3pez Obrador, y a otros l\u00edderes regionales, de divulgar pol\u00edticas encaminadas a \u00abpromover un indigenismo que es el nuevo comunismo\u00bb. En marzo de 2019, L\u00f3pez Obrador escribi\u00f3 al rey Felipe VI de Espa\u00f1a y al papa Francisco, inst\u00e1ndolos a disculparse por los \u00ababusos\u00bb del colonialismo.<\/p>\n\n\n\n<p>Tambi\u00e9n el partido de extrema derecha Vox, que apoya al gobierno de D\u00edaz, se opone a esta revisi\u00f3n hist\u00f3rica. En una publicaci\u00f3n en las redes sociales el mes pasado con motivo del 500 aniversario de la conquista de M\u00e9xico, afirm\u00f3 que Espa\u00f1a logr\u00f3 liberar a millones de personas del r\u00e9gimen sangriento y terrorista de los aztecas. [Estamos] orgullosos de nuestra historia\u00bb.<\/p>\n\n\n\n<div style=\"height:12px\" aria-hidden=\"true\" class=\"wp-block-spacer\"><\/div>\n\n\n\n\n\n<div style=\"height:12px\" aria-hidden=\"true\" class=\"wp-block-spacer\"><\/div>","protected":false},"excerpt":{"rendered":"<p>Ore 16.27 &#8211; Non sono piaciute alla presidente della regione di Madrid, Isabel D\u00edaz Ayuso, le parole con cui papa Francesco ha chiesto scusa per gli \u00aberrori commessi in passato\u00bb dalla Chiesa in Messico, scritte in una lettera ai vescovi in occasione del bicentenario dell&#8217;indipendenza del Paese latinoamericano. \u00abMi sorprende che un cattolico che parla spagnolo parli a sua volta cos\u00ec della nostra eredit\u00e0, che fu proprio quello di portare lo spagnolo e, con le missioni, il cattolicesimo e quindi la civilt\u00e0 e la libert\u00e0 al continente americano\u00bb, ha detto D\u00edaz ai giornalisti dagli Stati Uniti, dove si \u00e8 recata&#8230; <\/p>","protected":false},"author":2,"featured_media":998,"comment_status":"open","ping_status":"open","sticky":false,"template":"","format":"standard","meta":{"_monsterinsights_skip_tracking":false,"_monsterinsights_sitenote_active":false,"_monsterinsights_sitenote_note":"","_monsterinsights_sitenote_category":0,"footnotes":""},"categories":[18],"tags":[],"class_list":["post-997","post","type-post","status-publish","format-standard","has-post-thumbnail","hentry","category-cronaca"],"yoast_head":"<!-- This site is optimized with the Yoast SEO Premium plugin v18.4 (Yoast SEO v25.6) - https:\/\/yoast.com\/wordpress\/plugins\/seo\/ -->\n<title>La polemica sulle scuse del Papa al Messico Puntodincontro<\/title>\n<meta name=\"description\" content=\"Non sono piaciute alla presidente della regione di Madrid, Isabel D\u00edaz Ayuso, le parole con cui papa Francesco ha chiesto scusa per gli \u00aberrori commessi in passato\u00bb dalla Chiesa in Messico, scritte in una lettera ai vescovi in occasione del bicentenario dell&#039;indipendenza del Paese latinoamericano.\" \/>\n<meta name=\"robots\" content=\"index, follow, max-snippet:-1, max-image-preview:large, max-video-preview:-1\" \/>\n<link rel=\"canonical\" href=\"https:\/\/puntodincontro.mx\/es\/2021\/09\/29\/la-polemica-por-la-disculpa-del-papa-a-mexico\/\" \/>\n<meta property=\"og:locale\" content=\"es_MX\" \/>\n<meta property=\"og:type\" content=\"article\" \/>\n<meta property=\"og:title\" content=\"La polemica sulle scuse del Papa al Messico\" \/>\n<meta property=\"og:description\" content=\"Non sono piaciute alla presidente della regione di Madrid, Isabel D\u00edaz Ayuso, le parole con cui papa Francesco ha chiesto scusa per gli \u00aberrori commessi in passato\u00bb dalla Chiesa in Messico, scritte in una lettera ai vescovi in occasione del bicentenario dell&#039;indipendenza del Paese latinoamericano.\" \/>\n<meta property=\"og:url\" content=\"https:\/\/puntodincontro.mx\/es\/2021\/09\/29\/la-polemica-por-la-disculpa-del-papa-a-mexico\/\" \/>\n<meta property=\"og:site_name\" content=\"Puntodincontro\" \/>\n<meta property=\"article:publisher\" content=\"https:\/\/www.facebook.com\/puntodincontro.mx\" \/>\n<meta property=\"article:published_time\" content=\"2021-09-29T21:34:07+00:00\" \/>\n<meta property=\"article:modified_time\" content=\"2021-09-29T23:12:39+00:00\" \/>\n<meta property=\"og:image\" content=\"https:\/\/puntodincontro.mx\/wp-content\/uploads\/2021\/09\/polemicasullescusedelpapaalmessicovert.webp\" \/>\n\t<meta property=\"og:image:width\" content=\"423\" \/>\n\t<meta property=\"og:image:height\" content=\"488\" \/>\n\t<meta property=\"og:image:type\" content=\"image\/webp\" \/>\n<meta name=\"author\" content=\"Puntodincontro\" \/>\n<meta name=\"twitter:card\" content=\"summary_large_image\" \/>\n<meta name=\"twitter:creator\" content=\"@puntodincontro\" \/>\n<meta name=\"twitter:site\" content=\"@puntodincontro\" \/>\n<meta name=\"twitter:label1\" content=\"Escrito por\" \/>\n\t<meta name=\"twitter:data1\" content=\"Puntodincontro\" \/>\n\t<meta name=\"twitter:label2\" content=\"Tiempo de lectura\" \/>\n\t<meta name=\"twitter:data2\" content=\"2 minutos\" \/>\n<script type=\"application\/ld+json\" class=\"yoast-schema-graph\">{\"@context\":\"https:\/\/schema.org\",\"@graph\":[{\"@type\":\"NewsArticle\",\"@id\":\"https:\/\/puntodincontro.mx\/2021\/09\/29\/la-polemica-sulle-scuse-del-papa-al-messico\/#article\",\"isPartOf\":{\"@id\":\"https:\/\/puntodincontro.mx\/2021\/09\/29\/la-polemica-sulle-scuse-del-papa-al-messico\/\"},\"author\":{\"name\":\"Puntodincontro\",\"@id\":\"https:\/\/puntodincontro.mx\/#\/schema\/person\/d3066d18a16259cbb0c29b0d0e93b556\"},\"headline\":\"La polemica sulle scuse del Papa al Messico\",\"datePublished\":\"2021-09-29T21:34:07+00:00\",\"dateModified\":\"2021-09-29T23:12:39+00:00\",\"mainEntityOfPage\":{\"@id\":\"https:\/\/puntodincontro.mx\/2021\/09\/29\/la-polemica-sulle-scuse-del-papa-al-messico\/\"},\"wordCount\":450,\"commentCount\":0,\"publisher\":{\"@id\":\"https:\/\/puntodincontro.mx\/#organization\"},\"image\":{\"@id\":\"https:\/\/puntodincontro.mx\/2021\/09\/29\/la-polemica-sulle-scuse-del-papa-al-messico\/#primaryimage\"},\"thumbnailUrl\":\"https:\/\/puntodincontro.mx\/wp-content\/uploads\/2021\/09\/polemicasullescusedelpapaalmessicovert.webp\",\"articleSection\":[\"Cronaca\"],\"inLanguage\":\"es\",\"potentialAction\":[{\"@type\":\"CommentAction\",\"name\":\"Comment\",\"target\":[\"https:\/\/puntodincontro.mx\/2021\/09\/29\/la-polemica-sulle-scuse-del-papa-al-messico\/#respond\"]}]},{\"@type\":\"WebPage\",\"@id\":\"https:\/\/puntodincontro.mx\/2021\/09\/29\/la-polemica-sulle-scuse-del-papa-al-messico\/\",\"url\":\"https:\/\/puntodincontro.mx\/2021\/09\/29\/la-polemica-sulle-scuse-del-papa-al-messico\/\",\"name\":\"La polemica sulle scuse del Papa al Messico Puntodincontro\",\"isPartOf\":{\"@id\":\"https:\/\/puntodincontro.mx\/#website\"},\"primaryImageOfPage\":{\"@id\":\"https:\/\/puntodincontro.mx\/2021\/09\/29\/la-polemica-sulle-scuse-del-papa-al-messico\/#primaryimage\"},\"image\":{\"@id\":\"https:\/\/puntodincontro.mx\/2021\/09\/29\/la-polemica-sulle-scuse-del-papa-al-messico\/#primaryimage\"},\"thumbnailUrl\":\"https:\/\/puntodincontro.mx\/wp-content\/uploads\/2021\/09\/polemicasullescusedelpapaalmessicovert.webp\",\"datePublished\":\"2021-09-29T21:34:07+00:00\",\"dateModified\":\"2021-09-29T23:12:39+00:00\",\"description\":\"Non sono piaciute alla presidente della regione di Madrid, Isabel D\u00edaz Ayuso, le parole con cui papa Francesco ha chiesto scusa per gli \u00aberrori commessi in passato\u00bb dalla Chiesa in Messico, scritte in una lettera ai vescovi in occasione del bicentenario dell'indipendenza del Paese latinoamericano.\",\"breadcrumb\":{\"@id\":\"https:\/\/puntodincontro.mx\/2021\/09\/29\/la-polemica-sulle-scuse-del-papa-al-messico\/#breadcrumb\"},\"inLanguage\":\"es\",\"potentialAction\":[{\"@type\":\"ReadAction\",\"target\":[\"https:\/\/puntodincontro.mx\/2021\/09\/29\/la-polemica-sulle-scuse-del-papa-al-messico\/\"]}]},{\"@type\":\"ImageObject\",\"inLanguage\":\"es\",\"@id\":\"https:\/\/puntodincontro.mx\/2021\/09\/29\/la-polemica-sulle-scuse-del-papa-al-messico\/#primaryimage\",\"url\":\"https:\/\/puntodincontro.mx\/wp-content\/uploads\/2021\/09\/polemicasullescusedelpapaalmessicovert.webp\",\"contentUrl\":\"https:\/\/puntodincontro.mx\/wp-content\/uploads\/2021\/09\/polemicasullescusedelpapaalmessicovert.webp\",\"width\":423,\"height\":488},{\"@type\":\"BreadcrumbList\",\"@id\":\"https:\/\/puntodincontro.mx\/2021\/09\/29\/la-polemica-sulle-scuse-del-papa-al-messico\/#breadcrumb\",\"itemListElement\":[{\"@type\":\"ListItem\",\"position\":1,\"name\":\"Home\",\"item\":\"https:\/\/puntodincontro.mx\/\"},{\"@type\":\"ListItem\",\"position\":2,\"name\":\"La polemica sulle scuse del Papa al Messico\"}]},{\"@type\":\"WebSite\",\"@id\":\"https:\/\/puntodincontro.mx\/#website\",\"url\":\"https:\/\/puntodincontro.mx\/\",\"name\":\"Puntodincontro\",\"description\":\"Dal 2006 notizie sui rapporti Italia-Messico \/ Desde 2006 noticias sobre las relaciones entre Italia y M\u00e9xico\",\"publisher\":{\"@id\":\"https:\/\/puntodincontro.mx\/#organization\"},\"potentialAction\":[{\"@type\":\"SearchAction\",\"target\":{\"@type\":\"EntryPoint\",\"urlTemplate\":\"https:\/\/puntodincontro.mx\/?s={search_term_string}\"},\"query-input\":{\"@type\":\"PropertyValueSpecification\",\"valueRequired\":true,\"valueName\":\"search_term_string\"}}],\"inLanguage\":\"es\"},{\"@type\":\"Organization\",\"@id\":\"https:\/\/puntodincontro.mx\/#organization\",\"name\":\"Puntodincontro\",\"url\":\"https:\/\/puntodincontro.mx\/\",\"logo\":{\"@type\":\"ImageObject\",\"inLanguage\":\"es\",\"@id\":\"https:\/\/puntodincontro.mx\/#\/schema\/logo\/image\/\",\"url\":\"https:\/\/puntodincontro.mx\/wp-content\/uploads\/2021\/08\/Default-image-for-open-graph-settings.jpg\",\"contentUrl\":\"https:\/\/puntodincontro.mx\/wp-content\/uploads\/2021\/08\/Default-image-for-open-graph-settings.jpg\",\"width\":1200,\"height\":630,\"caption\":\"Puntodincontro\"},\"image\":{\"@id\":\"https:\/\/puntodincontro.mx\/#\/schema\/logo\/image\/\"},\"sameAs\":[\"https:\/\/www.facebook.com\/puntodincontro.mx\",\"https:\/\/x.com\/puntodincontro\",\"https:\/\/www.instagram.com\/puntodincontro.mx\/\",\"https:\/\/www.linkedin.com\/company\/puntodincontro\/\",\"https:\/\/www.youtube.com\/c\/puntodincontromessico\",\"https:\/\/www.patreon.com\/puntodincontro\",\"https:\/\/www.threads.net\/@puntodincontro.mx\"]},{\"@type\":\"Person\",\"@id\":\"https:\/\/puntodincontro.mx\/#\/schema\/person\/d3066d18a16259cbb0c29b0d0e93b556\",\"name\":\"Puntodincontro\",\"image\":{\"@type\":\"ImageObject\",\"inLanguage\":\"es\",\"@id\":\"https:\/\/puntodincontro.mx\/#\/schema\/person\/image\/\",\"url\":\"https:\/\/secure.gravatar.com\/avatar\/0e85b4b3b5e9d6bfcec6a4956d8cc63a?s=96&d=mm&r=g\",\"contentUrl\":\"https:\/\/secure.gravatar.com\/avatar\/0e85b4b3b5e9d6bfcec6a4956d8cc63a?s=96&d=mm&r=g\",\"caption\":\"Puntodincontro\"},\"url\":\"https:\/\/puntodincontro.mx\/es\/author\/puntodincontro\/\"}]}<\/script>\n<!-- \/ Yoast SEO Premium plugin. -->","yoast_head_json":{"title":"La polemica sulle scuse del Papa al Messico Puntodincontro","description":"Non sono piaciute alla presidente della regione di Madrid, Isabel D\u00edaz Ayuso, le parole con cui papa Francesco ha chiesto scusa per gli \u00aberrori commessi in passato\u00bb dalla Chiesa in Messico, scritte in una lettera ai vescovi in occasione del bicentenario dell'indipendenza del Paese latinoamericano.","robots":{"index":"index","follow":"follow","max-snippet":"max-snippet:-1","max-image-preview":"max-image-preview:large","max-video-preview":"max-video-preview:-1"},"canonical":"https:\/\/puntodincontro.mx\/es\/2021\/09\/29\/la-polemica-por-la-disculpa-del-papa-a-mexico\/","og_locale":"es_MX","og_type":"article","og_title":"La polemica sulle scuse del Papa al Messico","og_description":"Non sono piaciute alla presidente della regione di Madrid, Isabel D\u00edaz Ayuso, le parole con cui papa Francesco ha chiesto scusa per gli \u00aberrori commessi in passato\u00bb dalla Chiesa in Messico, scritte in una lettera ai vescovi in occasione del bicentenario dell'indipendenza del Paese latinoamericano.","og_url":"https:\/\/puntodincontro.mx\/es\/2021\/09\/29\/la-polemica-por-la-disculpa-del-papa-a-mexico\/","og_site_name":"Puntodincontro","article_publisher":"https:\/\/www.facebook.com\/puntodincontro.mx","article_published_time":"2021-09-29T21:34:07+00:00","article_modified_time":"2021-09-29T23:12:39+00:00","og_image":[{"width":423,"height":488,"url":"https:\/\/puntodincontro.mx\/wp-content\/uploads\/2021\/09\/polemicasullescusedelpapaalmessicovert.webp","type":"image\/webp"}],"author":"Puntodincontro","twitter_card":"summary_large_image","twitter_creator":"@puntodincontro","twitter_site":"@puntodincontro","twitter_misc":{"Escrito por":"Puntodincontro","Tiempo de lectura":"2 minutos"},"schema":{"@context":"https:\/\/schema.org","@graph":[{"@type":"NewsArticle","@id":"https:\/\/puntodincontro.mx\/2021\/09\/29\/la-polemica-sulle-scuse-del-papa-al-messico\/#article","isPartOf":{"@id":"https:\/\/puntodincontro.mx\/2021\/09\/29\/la-polemica-sulle-scuse-del-papa-al-messico\/"},"author":{"name":"Puntodincontro","@id":"https:\/\/puntodincontro.mx\/#\/schema\/person\/d3066d18a16259cbb0c29b0d0e93b556"},"headline":"La polemica sulle scuse del Papa al Messico","datePublished":"2021-09-29T21:34:07+00:00","dateModified":"2021-09-29T23:12:39+00:00","mainEntityOfPage":{"@id":"https:\/\/puntodincontro.mx\/2021\/09\/29\/la-polemica-sulle-scuse-del-papa-al-messico\/"},"wordCount":450,"commentCount":0,"publisher":{"@id":"https:\/\/puntodincontro.mx\/#organization"},"image":{"@id":"https:\/\/puntodincontro.mx\/2021\/09\/29\/la-polemica-sulle-scuse-del-papa-al-messico\/#primaryimage"},"thumbnailUrl":"https:\/\/puntodincontro.mx\/wp-content\/uploads\/2021\/09\/polemicasullescusedelpapaalmessicovert.webp","articleSection":["Cronaca"],"inLanguage":"es","potentialAction":[{"@type":"CommentAction","name":"Comment","target":["https:\/\/puntodincontro.mx\/2021\/09\/29\/la-polemica-sulle-scuse-del-papa-al-messico\/#respond"]}]},{"@type":"WebPage","@id":"https:\/\/puntodincontro.mx\/2021\/09\/29\/la-polemica-sulle-scuse-del-papa-al-messico\/","url":"https:\/\/puntodincontro.mx\/2021\/09\/29\/la-polemica-sulle-scuse-del-papa-al-messico\/","name":"La polemica sulle scuse del Papa al Messico Puntodincontro","isPartOf":{"@id":"https:\/\/puntodincontro.mx\/#website"},"primaryImageOfPage":{"@id":"https:\/\/puntodincontro.mx\/2021\/09\/29\/la-polemica-sulle-scuse-del-papa-al-messico\/#primaryimage"},"image":{"@id":"https:\/\/puntodincontro.mx\/2021\/09\/29\/la-polemica-sulle-scuse-del-papa-al-messico\/#primaryimage"},"thumbnailUrl":"https:\/\/puntodincontro.mx\/wp-content\/uploads\/2021\/09\/polemicasullescusedelpapaalmessicovert.webp","datePublished":"2021-09-29T21:34:07+00:00","dateModified":"2021-09-29T23:12:39+00:00","description":"Non sono piaciute alla presidente della regione di Madrid, Isabel D\u00edaz Ayuso, le parole con cui papa Francesco ha chiesto scusa per gli \u00aberrori commessi in passato\u00bb dalla Chiesa in Messico, scritte in una lettera ai vescovi in occasione del bicentenario dell'indipendenza del Paese latinoamericano.","breadcrumb":{"@id":"https:\/\/puntodincontro.mx\/2021\/09\/29\/la-polemica-sulle-scuse-del-papa-al-messico\/#breadcrumb"},"inLanguage":"es","potentialAction":[{"@type":"ReadAction","target":["https:\/\/puntodincontro.mx\/2021\/09\/29\/la-polemica-sulle-scuse-del-papa-al-messico\/"]}]},{"@type":"ImageObject","inLanguage":"es","@id":"https:\/\/puntodincontro.mx\/2021\/09\/29\/la-polemica-sulle-scuse-del-papa-al-messico\/#primaryimage","url":"https:\/\/puntodincontro.mx\/wp-content\/uploads\/2021\/09\/polemicasullescusedelpapaalmessicovert.webp","contentUrl":"https:\/\/puntodincontro.mx\/wp-content\/uploads\/2021\/09\/polemicasullescusedelpapaalmessicovert.webp","width":423,"height":488},{"@type":"BreadcrumbList","@id":"https:\/\/puntodincontro.mx\/2021\/09\/29\/la-polemica-sulle-scuse-del-papa-al-messico\/#breadcrumb","itemListElement":[{"@type":"ListItem","position":1,"name":"Home","item":"https:\/\/puntodincontro.mx\/"},{"@type":"ListItem","position":2,"name":"La polemica sulle scuse del Papa al Messico"}]},{"@type":"WebSite","@id":"https:\/\/puntodincontro.mx\/#website","url":"https:\/\/puntodincontro.mx\/","name":"Puntodincontro","description":"Desde el 2006 noticias sobre las relaciones entre Italia y M\u00e9xico \/ Dal 2006 notizie sui rapporti Italia-Messico","publisher":{"@id":"https:\/\/puntodincontro.mx\/#organization"},"potentialAction":[{"@type":"SearchAction","target":{"@type":"EntryPoint","urlTemplate":"https:\/\/puntodincontro.mx\/?s={search_term_string}"},"query-input":{"@type":"PropertyValueSpecification","valueRequired":true,"valueName":"search_term_string"}}],"inLanguage":"es"},{"@type":"Organization","@id":"https:\/\/puntodincontro.mx\/#organization","name":"Puntodincontro","url":"https:\/\/puntodincontro.mx\/","logo":{"@type":"ImageObject","inLanguage":"es","@id":"https:\/\/puntodincontro.mx\/#\/schema\/logo\/image\/","url":"https:\/\/puntodincontro.mx\/wp-content\/uploads\/2021\/08\/Default-image-for-open-graph-settings.jpg","contentUrl":"https:\/\/puntodincontro.mx\/wp-content\/uploads\/2021\/08\/Default-image-for-open-graph-settings.jpg","width":1200,"height":630,"caption":"Puntodincontro"},"image":{"@id":"https:\/\/puntodincontro.mx\/#\/schema\/logo\/image\/"},"sameAs":["https:\/\/www.facebook.com\/puntodincontro.mx","https:\/\/x.com\/puntodincontro","https:\/\/www.instagram.com\/puntodincontro.mx\/","https:\/\/www.linkedin.com\/company\/puntodincontro\/","https:\/\/www.youtube.com\/c\/puntodincontromessico","https:\/\/www.patreon.com\/puntodincontro","https:\/\/www.threads.net\/@puntodincontro.mx"]},{"@type":"Person","@id":"https:\/\/puntodincontro.mx\/#\/schema\/person\/d3066d18a16259cbb0c29b0d0e93b556","name":"Puntodincontro","image":{"@type":"ImageObject","inLanguage":"es","@id":"https:\/\/puntodincontro.mx\/#\/schema\/person\/image\/","url":"https:\/\/secure.gravatar.com\/avatar\/0e85b4b3b5e9d6bfcec6a4956d8cc63a?s=96&d=mm&r=g","contentUrl":"https:\/\/secure.gravatar.com\/avatar\/0e85b4b3b5e9d6bfcec6a4956d8cc63a?s=96&d=mm&r=g","caption":"Puntodincontro"},"url":"https:\/\/puntodincontro.mx\/es\/author\/puntodincontro\/"}]}},"_links":{"self":[{"href":"https:\/\/puntodincontro.mx\/es\/wp-json\/wp\/v2\/posts\/997"}],"collection":[{"href":"https:\/\/puntodincontro.mx\/es\/wp-json\/wp\/v2\/posts"}],"about":[{"href":"https:\/\/puntodincontro.mx\/es\/wp-json\/wp\/v2\/types\/post"}],"author":[{"embeddable":true,"href":"https:\/\/puntodincontro.mx\/es\/wp-json\/wp\/v2\/users\/2"}],"replies":[{"embeddable":true,"href":"https:\/\/puntodincontro.mx\/es\/wp-json\/wp\/v2\/comments?post=997"}],"version-history":[{"count":2,"href":"https:\/\/puntodincontro.mx\/es\/wp-json\/wp\/v2\/posts\/997\/revisions"}],"predecessor-version":[{"id":1004,"href":"https:\/\/puntodincontro.mx\/es\/wp-json\/wp\/v2\/posts\/997\/revisions\/1004"}],"wp:featuredmedia":[{"embeddable":true,"href":"https:\/\/puntodincontro.mx\/es\/wp-json\/wp\/v2\/media\/998"}],"wp:attachment":[{"href":"https:\/\/puntodincontro.mx\/es\/wp-json\/wp\/v2\/media?parent=997"}],"wp:term":[{"taxonomy":"category","embeddable":true,"href":"https:\/\/puntodincontro.mx\/es\/wp-json\/wp\/v2\/categories?post=997"},{"taxonomy":"post_tag","embeddable":true,"href":"https:\/\/puntodincontro.mx\/es\/wp-json\/wp\/v2\/tags?post=997"}],"curies":[{"name":"wp","href":"https:\/\/api.w.org\/{rel}","templated":true}]}}